{"id":95666,"date":"2023-11-23T20:00:57","date_gmt":"2023-11-23T20:00:57","guid":{"rendered":"https:\/\/www.noticiasradioreflejos.com.ar\/2021\/?p=95666"},"modified":"2023-11-23T20:00:57","modified_gmt":"2023-11-23T20:00:57","slug":"como-saber-si-sos-alergico-a-los-lacteos","status":"publish","type":"post","link":"https:\/\/www.noticiasradioreflejos.com.ar\/2021\/como-saber-si-sos-alergico-a-los-lacteos\/","title":{"rendered":"C\u00f3mo saber si sos al\u00e9rgico a los l\u00e1cteos"},"content":{"rendered":"<p>La especialista en medicina natural, Anabella Botto, dio testimonio acerca de las reacciones que se est\u00e1n produciendo por los procesos y agregados que se vuelcan en los l\u00e1cteos.<\/p>\n<p>En una nueva entrega del espacio de medicina natural a cargo de Anabella Botto, los l\u00e1cteos, sus derivados y c\u00f3mo nos afectan en la salud siguieron siendo tema, continuando el hilo dejado la semana pasada.<\/p>\n<p>Al respecto la terapista ayurveda afirm\u00f3 que \u201cno siempre los s\u00edntomas son tan visibles como un intolerante a la lactosa, que presenta problemas gastrointestinales inmediatos. Dentro de las prote\u00ednas de la leche est\u00e1 la betalactoglobulina, que no existe en la leche materna, y tambi\u00e9n est\u00e1 en la cafe\u00edna\u201d.<\/p>\n<p>De la mano con esto sostuvo que \u201cla lactosa es el az\u00facar natural que est\u00e1 en la leche. Es distinto a la cafe\u00edna. En este caso el aparato digestivo presenta un d\u00e9ficit de lactasa, que es una encima que se encarga de digerirla. Eso es la intolerancia a la lactosa\u201d.<\/p>\n<p>Seg\u00fan mencion\u00f3 \u201cno todas las reacciones adversas a los l\u00e1cteos, sobre todo de la vaca, son reacciones al\u00e9rgicas. Seg\u00fan la WAO, est\u00e1 la hipersensibilidad a los l\u00e1cteos, y se incluyen las intolerancias como simple alergia. En esta \u00faltima se da de forma subyacente, por eso se puede dar a partir de unas horas despu\u00e9s de consumir l\u00e1cteos, y puede estar asociada a otras afecciones respiratorios o dermatol\u00f3gicos\u201d.<\/p>\n<p>Sumando adem\u00e1s que \u201cla Uni\u00f3n Europea desde 1999 obliga a que en el etiquetado de los alimentos aparezcan bien escritas las sustancias que son consideradas alerg\u00e9nicos, como los l\u00e1cteos y sus derivados. Ac\u00e1 en Argentina tambi\u00e9n est\u00e1\u201d.<\/p>\n<p>De igual forma remarc\u00f3 que \u201ccualquiera de las prote\u00ednas de la leche puede actuar como ant\u00edgenos en humanos y se podr\u00edan formar nuevos al\u00e9rgenos en la digesti\u00f3n encim\u00e1tica de estas prote\u00ednas\u201d.<\/p>\n<p>Poni\u00e9ndose como ejemplo, cont\u00f3 que \u201creci\u00e9n a los 25 a\u00f1os se me despert\u00f3 una fuerte alergia a los l\u00e1cteos que no supe a qu\u00e9 ven\u00eda hasta bastante despu\u00e9s. La mayor\u00eda de los profesionales de la salud dicen que es m\u00e1s com\u00fan en ni\u00f1os, sin embargo ahora se est\u00e1 despertando en adultos\u201d.<\/p>\n<p>Sobre c\u00f3mo repercute en nuestro organismo, acot\u00f3 que \u201cpuede que el intestino no sea la primera parte del cuerpo que pensemos al hablar de inmunolog\u00eda, pero ah\u00ed se encuentra entre el 70 y el 80% de nuestras c\u00e9lulas inmunitarias. Ah\u00ed tambi\u00e9n hay bacterias, unos 100 billones, que ayudan al organismo a funcionar de manera normal. Cuando estas se alteran o se reducen, se desarrollan todo tipo de patolog\u00edas\u201d.<\/p>\n<p>Al tiempo que refiri\u00f3 que \u201cse puede pensar en que se tiene una alergia estacional, un resfri\u00f3, porque los s\u00edntomas son similares, pero al dejar de consumir l\u00e1cteos, a los dos d\u00edas la mejora es inmediata sin tomar ninguna medicaci\u00f3n. Tambi\u00e9n se puede manifestar fuera de \u00e9poca o m\u00e1s seguida en la medida que consumimos m\u00e1s l\u00e1cteos\u201d.<\/p>\n<p>Por \u00faltimo, y dando tips, clarific\u00f3 al decir que \u201ca m\u00ed me pas\u00f3, y al dejarlos, mejoraron mis v\u00edas respiratorias, mi claridad mental, una mejor digesti\u00f3n\u2026 gan\u00e9 bienestar a medida que mi organismo se acomod\u00f3. Cuando me quiero dar un gustito, consumo los de mejor calidad, los m\u00e1s caseritos, y siempre leyendo las etiquetas. Siempre en poca cantidad\u201d.<\/p>\n<p>&nbsp;<\/p>\n<p><iframe loading=\"lazy\" src=\"https:\/\/w.soundcloud.com\/player\/?url=https%3A\/\/api.soundcloud.com\/tracks\/1672737639&amp;color=%23ff5500&amp;auto_play=false&amp;hide_related=false&amp;show_comments=true&amp;show_user=true&amp;show_reposts=false&amp;show_teaser=true\" width=\"100%\" height=\"166\" frameborder=\"no\" scrolling=\"no\"><\/iframe><\/p>\n<div style=\"font-size: 10px; color: #cccccc; line-break: anywhere; word-break: normal; overflow: hidden; white-space: nowrap; text-overflow: ellipsis; font-family: Interstate,Lucida Grande,Lucida Sans Unicode,Lucida Sans,Garuda,Verdana,Tahoma,sans-serif; font-weight: 100;\"><a style=\"color: #cccccc; text-decoration: none;\" title=\"fmreflejos 103.7\" href=\"https:\/\/soundcloud.com\/fmreflejos-103-7\" target=\"_blank\" rel=\"noopener\">fmreflejos 103.7<\/a> \u00b7 <a style=\"color: #cccccc; text-decoration: none;\" title=\"Lacteos si o no? 2\" href=\"https:\/\/soundcloud.com\/fmreflejos-103-7\/lacteos-si-o-no-2\" target=\"_blank\" rel=\"noopener\">Lacteos si o no? 2<\/a><\/div>\n","protected":false},"excerpt":{"rendered":"<p>La especialista en medicina natural, Anabella Botto, dio testimonio acerca de las reacciones que se est\u00e1n produciendo por los procesos y agregados que se vuelcan en los l\u00e1cteos. En una nueva entrega del espacio de medicina natural a cargo de Anabella Botto, los l\u00e1cteos, sus derivados y c\u00f3mo nos afectan en la salud siguieron siendo [&hellip;]<\/p>\n","protected":false},"author":3,"featured_media":0,"comment_status":"closed","ping_status":"closed","sticky":false,"template":"","format":"standard","meta":{"footnotes":""},"categories":[30,26],"tags":[48],"class_list":["post-95666","post","type-post","status-publish","format-standard","hentry","category-salud","category-sociedad","tag-destacada"],"yoast_head":"<!-- This site is optimized with the Yoast SEO plugin v25.9 - https:\/\/yoast.com\/wordpress\/plugins\/seo\/ -->\n<title>C\u00f3mo saber si sos al\u00e9rgico a los l\u00e1cteos - Noticias Radio Reflejos<\/title>\n<meta name=\"robots\" content=\"index, follow, max-snippet:-1, max-image-preview:large, max-video-preview:-1\" \/>\n<link rel=\"canonical\" href=\"https:\/\/www.noticiasradioreflejos.com.ar\/2021\/como-saber-si-sos-alergico-a-los-lacteos\/\" \/>\n<meta property=\"og:locale\" content=\"es_ES\" \/>\n<meta property=\"og:type\" content=\"article\" \/>\n<meta property=\"og:title\" content=\"C\u00f3mo saber si sos al\u00e9rgico a los l\u00e1cteos - Noticias Radio Reflejos\" \/>\n<meta property=\"og:description\" content=\"La especialista en medicina natural, Anabella Botto, dio testimonio acerca de las reacciones que se est\u00e1n produciendo por los procesos y agregados que se vuelcan en los l\u00e1cteos. En una nueva entrega del espacio de medicina natural a cargo de Anabella Botto, los l\u00e1cteos, sus derivados y c\u00f3mo nos afectan en la salud siguieron siendo [&hellip;]\" \/>\n<meta property=\"og:url\" content=\"https:\/\/www.noticiasradioreflejos.com.ar\/2021\/como-saber-si-sos-alergico-a-los-lacteos\/\" \/>\n<meta property=\"og:site_name\" content=\"Noticias Radio Reflejos\" \/>\n<meta property=\"article:published_time\" content=\"2023-11-23T20:00:57+00:00\" \/>\n<meta property=\"og:image\" content=\"https:\/\/www.noticiasradioreflejos.com.ar\/2021\/wp-content\/uploads\/2021\/07\/logosol300x200.png\" \/>\n\t<meta property=\"og:image:width\" content=\"300\" \/>\n\t<meta property=\"og:image:height\" content=\"200\" \/>\n\t<meta property=\"og:image:type\" content=\"image\/png\" \/>\n<meta name=\"author\" content=\"Arnaldo Botto\" \/>\n<meta name=\"twitter:card\" content=\"summary_large_image\" \/>\n<script type=\"application\/ld+json\" class=\"yoast-schema-graph\">{\"@context\":\"https:\/\/schema.org\",\"@graph\":[{\"@type\":\"WebPage\",\"@id\":\"https:\/\/www.noticiasradioreflejos.com.ar\/2021\/como-saber-si-sos-alergico-a-los-lacteos\/\",\"url\":\"https:\/\/www.noticiasradioreflejos.com.ar\/2021\/como-saber-si-sos-alergico-a-los-lacteos\/\",\"name\":\"C\u00f3mo saber si sos al\u00e9rgico a los l\u00e1cteos - Noticias Radio Reflejos\",\"isPartOf\":{\"@id\":\"https:\/\/www.noticiasradioreflejos.com.ar\/2021\/#website\"},\"datePublished\":\"2023-11-23T20:00:57+00:00\",\"author\":{\"@id\":\"https:\/\/www.noticiasradioreflejos.com.ar\/2021\/#\/schema\/person\/ad82545263dcc5ec0996818884fd5fb1\"},\"breadcrumb\":{\"@id\":\"https:\/\/www.noticiasradioreflejos.com.ar\/2021\/como-saber-si-sos-alergico-a-los-lacteos\/#breadcrumb\"},\"inLanguage\":\"es\",\"potentialAction\":[{\"@type\":\"ReadAction\",\"target\":[\"https:\/\/www.noticiasradioreflejos.com.ar\/2021\/como-saber-si-sos-alergico-a-los-lacteos\/\"]}]},{\"@type\":\"BreadcrumbList\",\"@id\":\"https:\/\/www.noticiasradioreflejos.com.ar\/2021\/como-saber-si-sos-alergico-a-los-lacteos\/#breadcrumb\",\"itemListElement\":[{\"@type\":\"ListItem\",\"position\":1,\"name\":\"Portada\",\"item\":\"https:\/\/www.noticiasradioreflejos.com.ar\/2021\/\"},{\"@type\":\"ListItem\",\"position\":2,\"name\":\"C\u00f3mo saber si sos al\u00e9rgico a los l\u00e1cteos\"}]},{\"@type\":\"WebSite\",\"@id\":\"https:\/\/www.noticiasradioreflejos.com.ar\/2021\/#website\",\"url\":\"https:\/\/www.noticiasradioreflejos.com.ar\/2021\/\",\"name\":\"Noticias Radio Reflejos\",\"description\":\"Las noticias de mi comarca\",\"potentialAction\":[{\"@type\":\"SearchAction\",\"target\":{\"@type\":\"EntryPoint\",\"urlTemplate\":\"https:\/\/www.noticiasradioreflejos.com.ar\/2021\/?s={search_term_string}\"},\"query-input\":{\"@type\":\"PropertyValueSpecification\",\"valueRequired\":true,\"valueName\":\"search_term_string\"}}],\"inLanguage\":\"es\"},{\"@type\":\"Person\",\"@id\":\"https:\/\/www.noticiasradioreflejos.com.ar\/2021\/#\/schema\/person\/ad82545263dcc5ec0996818884fd5fb1\",\"name\":\"Arnaldo Botto\",\"image\":{\"@type\":\"ImageObject\",\"inLanguage\":\"es\",\"@id\":\"https:\/\/www.noticiasradioreflejos.com.ar\/2021\/#\/schema\/person\/image\/\",\"url\":\"https:\/\/secure.gravatar.com\/avatar\/55cb5e37c1efa326397366e6974cb338056df65cb50e7d64d1cf314e87504837?s=96&d=mm&r=g\",\"contentUrl\":\"https:\/\/secure.gravatar.com\/avatar\/55cb5e37c1efa326397366e6974cb338056df65cb50e7d64d1cf314e87504837?s=96&d=mm&r=g\",\"caption\":\"Arnaldo Botto\"},\"url\":\"https:\/\/www.noticiasradioreflejos.com.ar\/2021\/author\/arnaldo\/\"}]}<\/script>\n<!-- \/ Yoast SEO plugin. -->","yoast_head_json":{"title":"C\u00f3mo saber si sos al\u00e9rgico a los l\u00e1cteos - Noticias Radio Reflejos","robots":{"index":"index","follow":"follow","max-snippet":"max-snippet:-1","max-image-preview":"max-image-preview:large","max-video-preview":"max-video-preview:-1"},"canonical":"https:\/\/www.noticiasradioreflejos.com.ar\/2021\/como-saber-si-sos-alergico-a-los-lacteos\/","og_locale":"es_ES","og_type":"article","og_title":"C\u00f3mo saber si sos al\u00e9rgico a los l\u00e1cteos - Noticias Radio Reflejos","og_description":"La especialista en medicina natural, Anabella Botto, dio testimonio acerca de las reacciones que se est\u00e1n produciendo por los procesos y agregados que se vuelcan en los l\u00e1cteos. En una nueva entrega del espacio de medicina natural a cargo de Anabella Botto, los l\u00e1cteos, sus derivados y c\u00f3mo nos afectan en la salud siguieron siendo [&hellip;]","og_url":"https:\/\/www.noticiasradioreflejos.com.ar\/2021\/como-saber-si-sos-alergico-a-los-lacteos\/","og_site_name":"Noticias Radio Reflejos","article_published_time":"2023-11-23T20:00:57+00:00","og_image":[{"width":300,"height":200,"url":"https:\/\/www.noticiasradioreflejos.com.ar\/2021\/wp-content\/uploads\/2021\/07\/logosol300x200.png","type":"image\/png"}],"author":"Arnaldo Botto","twitter_card":"summary_large_image","schema":{"@context":"https:\/\/schema.org","@graph":[{"@type":"WebPage","@id":"https:\/\/www.noticiasradioreflejos.com.ar\/2021\/como-saber-si-sos-alergico-a-los-lacteos\/","url":"https:\/\/www.noticiasradioreflejos.com.ar\/2021\/como-saber-si-sos-alergico-a-los-lacteos\/","name":"C\u00f3mo saber si sos al\u00e9rgico a los l\u00e1cteos - Noticias Radio Reflejos","isPartOf":{"@id":"https:\/\/www.noticiasradioreflejos.com.ar\/2021\/#website"},"datePublished":"2023-11-23T20:00:57+00:00","author":{"@id":"https:\/\/www.noticiasradioreflejos.com.ar\/2021\/#\/schema\/person\/ad82545263dcc5ec0996818884fd5fb1"},"breadcrumb":{"@id":"https:\/\/www.noticiasradioreflejos.com.ar\/2021\/como-saber-si-sos-alergico-a-los-lacteos\/#breadcrumb"},"inLanguage":"es","potentialAction":[{"@type":"ReadAction","target":["https:\/\/www.noticiasradioreflejos.com.ar\/2021\/como-saber-si-sos-alergico-a-los-lacteos\/"]}]},{"@type":"BreadcrumbList","@id":"https:\/\/www.noticiasradioreflejos.com.ar\/2021\/como-saber-si-sos-alergico-a-los-lacteos\/#breadcrumb","itemListElement":[{"@type":"ListItem","position":1,"name":"Portada","item":"https:\/\/www.noticiasradioreflejos.com.ar\/2021\/"},{"@type":"ListItem","position":2,"name":"C\u00f3mo saber si sos al\u00e9rgico a los l\u00e1cteos"}]},{"@type":"WebSite","@id":"https:\/\/www.noticiasradioreflejos.com.ar\/2021\/#website","url":"https:\/\/www.noticiasradioreflejos.com.ar\/2021\/","name":"Noticias Radio Reflejos","description":"Las noticias de mi comarca","potentialAction":[{"@type":"SearchAction","target":{"@type":"EntryPoint","urlTemplate":"https:\/\/www.noticiasradioreflejos.com.ar\/2021\/?s={search_term_string}"},"query-input":{"@type":"PropertyValueSpecification","valueRequired":true,"valueName":"search_term_string"}}],"inLanguage":"es"},{"@type":"Person","@id":"https:\/\/www.noticiasradioreflejos.com.ar\/2021\/#\/schema\/person\/ad82545263dcc5ec0996818884fd5fb1","name":"Arnaldo Botto","image":{"@type":"ImageObject","inLanguage":"es","@id":"https:\/\/www.noticiasradioreflejos.com.ar\/2021\/#\/schema\/person\/image\/","url":"https:\/\/secure.gravatar.com\/avatar\/55cb5e37c1efa326397366e6974cb338056df65cb50e7d64d1cf314e87504837?s=96&d=mm&r=g","contentUrl":"https:\/\/secure.gravatar.com\/avatar\/55cb5e37c1efa326397366e6974cb338056df65cb50e7d64d1cf314e87504837?s=96&d=mm&r=g","caption":"Arnaldo Botto"},"url":"https:\/\/www.noticiasradioreflejos.com.ar\/2021\/author\/arnaldo\/"}]}},"_links":{"self":[{"href":"https:\/\/www.noticiasradioreflejos.com.ar\/2021\/wp-json\/wp\/v2\/posts\/95666","targetHints":{"allow":["GET"]}}],"collection":[{"href":"https:\/\/www.noticiasradioreflejos.com.ar\/2021\/wp-json\/wp\/v2\/posts"}],"about":[{"href":"https:\/\/www.noticiasradioreflejos.com.ar\/2021\/wp-json\/wp\/v2\/types\/post"}],"author":[{"embeddable":true,"href":"https:\/\/www.noticiasradioreflejos.com.ar\/2021\/wp-json\/wp\/v2\/users\/3"}],"replies":[{"embeddable":true,"href":"https:\/\/www.noticiasradioreflejos.com.ar\/2021\/wp-json\/wp\/v2\/comments?post=95666"}],"version-history":[{"count":2,"href":"https:\/\/www.noticiasradioreflejos.com.ar\/2021\/wp-json\/wp\/v2\/posts\/95666\/revisions"}],"predecessor-version":[{"id":95678,"href":"https:\/\/www.noticiasradioreflejos.com.ar\/2021\/wp-json\/wp\/v2\/posts\/95666\/revisions\/95678"}],"wp:attachment":[{"href":"https:\/\/www.noticiasradioreflejos.com.ar\/2021\/wp-json\/wp\/v2\/media?parent=95666"}],"wp:term":[{"taxonomy":"category","embeddable":true,"href":"https:\/\/www.noticiasradioreflejos.com.ar\/2021\/wp-json\/wp\/v2\/categories?post=95666"},{"taxonomy":"post_tag","embeddable":true,"href":"https:\/\/www.noticiasradioreflejos.com.ar\/2021\/wp-json\/wp\/v2\/tags?post=95666"}],"curies":[{"name":"wp","href":"https:\/\/api.w.org\/{rel}","templated":true}]}}