{"id":95648,"date":"2023-11-23T16:59:46","date_gmt":"2023-11-23T16:59:46","guid":{"rendered":"https:\/\/www.noticiasradioreflejos.com.ar\/2021\/?p=95648"},"modified":"2023-11-23T16:59:46","modified_gmt":"2023-11-23T16:59:46","slug":"viernes-24-vacunacion-para-ingreso-escolar-2024-y-consejeria-en-salud-sexual-integral-en-la-plaza-e-tornquist","status":"publish","type":"post","link":"https:\/\/www.noticiasradioreflejos.com.ar\/2021\/viernes-24-vacunacion-para-ingreso-escolar-2024-y-consejeria-en-salud-sexual-integral-en-la-plaza-e-tornquist\/","title":{"rendered":"Viernes 24: Vacunaci\u00f3n para ingreso escolar 2024 y Consejer\u00eda en Salud Sexual Integral en la plaza \u2018E. Tornquist\u2019"},"content":{"rendered":"<p>Este viernes 24, a partir de las 17 hs en el sector de juegos de la Plaza \u2018Ernesto Tornquist\u2019 sobre Av. Ameghino, la Secretar\u00eda de Salud de Tornquist Municipio dispondr\u00e1 una carpa de vacunaci\u00f3n para ingreso escolar 2024.<!--more--><\/p>\n<p><a data-flickr-embed=\"true\" href=\"https:\/\/www.flickr.com\/photos\/182279889@N02\/53350284977\/in\/dateposted-public\/\" title=\"Carpasalud\"><img loading=\"lazy\" decoding=\"async\" src=\"https:\/\/live.staticflickr.com\/65535\/53350284977_359923a562.jpg\" width=\"400\" height=\"500\" alt=\"Carpasalud\"\/><\/a><script async src=\"\/\/embedr.flickr.com\/assets\/client-code.js\" charset=\"utf-8\"><\/script><\/p>\n<p>All\u00ed, se aplicar\u00e1n las vacunas necesarias y obligatorias del Calendario Nacional para los ni\u00f1os y ni\u00f1as que ingresen al ciclo escolar el a\u00f1o pr\u00f3ximo.<\/p>\n<p>Asimismo, en el lugar tambi\u00e9n habr\u00e1 un espacio de Consejer\u00eda en Salud Sexual Integral, donde se desarrollar\u00e1n juegos y un microtaller de m\u00e9todos anticonceptivos, y se brindar\u00e1 informaci\u00f3n importante para ejercer el derecho a decidir de manera aut\u00f3noma.<\/p>\n","protected":false},"excerpt":{"rendered":"<p>Este viernes 24, a partir de las 17 hs en el sector de juegos de la Plaza \u2018Ernesto Tornquist\u2019 sobre Av. Ameghino, la Secretar\u00eda de Salud de Tornquist Municipio dispondr\u00e1 una carpa de vacunaci\u00f3n para ingreso escolar 2024.<\/p>\n","protected":false},"author":3,"featured_media":0,"comment_status":"closed","ping_status":"closed","sticky":false,"template":"","format":"standard","meta":{"footnotes":""},"categories":[30],"tags":[],"class_list":["post-95648","post","type-post","status-publish","format-standard","hentry","category-salud"],"yoast_head":"<!-- This site is optimized with the Yoast SEO plugin v25.9 - https:\/\/yoast.com\/wordpress\/plugins\/seo\/ -->\n<title>Viernes 24: Vacunaci\u00f3n para ingreso escolar 2024 y Consejer\u00eda en Salud Sexual Integral en la plaza \u2018E. Tornquist\u2019 - Noticias Radio Reflejos<\/title>\n<meta name=\"robots\" content=\"index, follow, max-snippet:-1, max-image-preview:large, max-video-preview:-1\" \/>\n<link rel=\"canonical\" href=\"https:\/\/www.noticiasradioreflejos.com.ar\/2021\/viernes-24-vacunacion-para-ingreso-escolar-2024-y-consejeria-en-salud-sexual-integral-en-la-plaza-e-tornquist\/\" \/>\n<meta property=\"og:locale\" content=\"es_ES\" \/>\n<meta property=\"og:type\" content=\"article\" \/>\n<meta property=\"og:title\" content=\"Viernes 24: Vacunaci\u00f3n para ingreso escolar 2024 y Consejer\u00eda en Salud Sexual Integral en la plaza \u2018E. Tornquist\u2019 - Noticias Radio Reflejos\" \/>\n<meta property=\"og:description\" content=\"Este viernes 24, a partir de las 17 hs en el sector de juegos de la Plaza \u2018Ernesto Tornquist\u2019 sobre Av. Ameghino, la Secretar\u00eda de Salud de Tornquist Municipio dispondr\u00e1 una carpa de vacunaci\u00f3n para ingreso escolar 2024.\" \/>\n<meta property=\"og:url\" content=\"https:\/\/www.noticiasradioreflejos.com.ar\/2021\/viernes-24-vacunacion-para-ingreso-escolar-2024-y-consejeria-en-salud-sexual-integral-en-la-plaza-e-tornquist\/\" \/>\n<meta property=\"og:site_name\" content=\"Noticias Radio Reflejos\" \/>\n<meta property=\"article:published_time\" content=\"2023-11-23T16:59:46+00:00\" \/>\n<meta property=\"og:image\" content=\"https:\/\/live.staticflickr.com\/65535\/53350284977_359923a562.jpg\" \/>\n<meta name=\"author\" content=\"Arnaldo Botto\" \/>\n<meta name=\"twitter:card\" content=\"summary_large_image\" \/>\n<script type=\"application\/ld+json\" class=\"yoast-schema-graph\">{\"@context\":\"https:\/\/schema.org\",\"@graph\":[{\"@type\":\"WebPage\",\"@id\":\"https:\/\/www.noticiasradioreflejos.com.ar\/2021\/viernes-24-vacunacion-para-ingreso-escolar-2024-y-consejeria-en-salud-sexual-integral-en-la-plaza-e-tornquist\/\",\"url\":\"https:\/\/www.noticiasradioreflejos.com.ar\/2021\/viernes-24-vacunacion-para-ingreso-escolar-2024-y-consejeria-en-salud-sexual-integral-en-la-plaza-e-tornquist\/\",\"name\":\"Viernes 24: Vacunaci\u00f3n para ingreso escolar 2024 y Consejer\u00eda en Salud Sexual Integral en la plaza \u2018E. Tornquist\u2019 - Noticias Radio Reflejos\",\"isPartOf\":{\"@id\":\"https:\/\/www.noticiasradioreflejos.com.ar\/2021\/#website\"},\"primaryImageOfPage\":{\"@id\":\"https:\/\/www.noticiasradioreflejos.com.ar\/2021\/viernes-24-vacunacion-para-ingreso-escolar-2024-y-consejeria-en-salud-sexual-integral-en-la-plaza-e-tornquist\/#primaryimage\"},\"image\":{\"@id\":\"https:\/\/www.noticiasradioreflejos.com.ar\/2021\/viernes-24-vacunacion-para-ingreso-escolar-2024-y-consejeria-en-salud-sexual-integral-en-la-plaza-e-tornquist\/#primaryimage\"},\"thumbnailUrl\":\"https:\/\/live.staticflickr.com\/65535\/53350284977_359923a562.jpg\",\"datePublished\":\"2023-11-23T16:59:46+00:00\",\"author\":{\"@id\":\"https:\/\/www.noticiasradioreflejos.com.ar\/2021\/#\/schema\/person\/ad82545263dcc5ec0996818884fd5fb1\"},\"breadcrumb\":{\"@id\":\"https:\/\/www.noticiasradioreflejos.com.ar\/2021\/viernes-24-vacunacion-para-ingreso-escolar-2024-y-consejeria-en-salud-sexual-integral-en-la-plaza-e-tornquist\/#breadcrumb\"},\"inLanguage\":\"es\",\"potentialAction\":[{\"@type\":\"ReadAction\",\"target\":[\"https:\/\/www.noticiasradioreflejos.com.ar\/2021\/viernes-24-vacunacion-para-ingreso-escolar-2024-y-consejeria-en-salud-sexual-integral-en-la-plaza-e-tornquist\/\"]}]},{\"@type\":\"ImageObject\",\"inLanguage\":\"es\",\"@id\":\"https:\/\/www.noticiasradioreflejos.com.ar\/2021\/viernes-24-vacunacion-para-ingreso-escolar-2024-y-consejeria-en-salud-sexual-integral-en-la-plaza-e-tornquist\/#primaryimage\",\"url\":\"https:\/\/live.staticflickr.com\/65535\/53350284977_359923a562.jpg\",\"contentUrl\":\"https:\/\/live.staticflickr.com\/65535\/53350284977_359923a562.jpg\"},{\"@type\":\"BreadcrumbList\",\"@id\":\"https:\/\/www.noticiasradioreflejos.com.ar\/2021\/viernes-24-vacunacion-para-ingreso-escolar-2024-y-consejeria-en-salud-sexual-integral-en-la-plaza-e-tornquist\/#breadcrumb\",\"itemListElement\":[{\"@type\":\"ListItem\",\"position\":1,\"name\":\"Portada\",\"item\":\"https:\/\/www.noticiasradioreflejos.com.ar\/2021\/\"},{\"@type\":\"ListItem\",\"position\":2,\"name\":\"Viernes 24: Vacunaci\u00f3n para ingreso escolar 2024 y Consejer\u00eda en Salud Sexual Integral en la plaza \u2018E. Tornquist\u2019\"}]},{\"@type\":\"WebSite\",\"@id\":\"https:\/\/www.noticiasradioreflejos.com.ar\/2021\/#website\",\"url\":\"https:\/\/www.noticiasradioreflejos.com.ar\/2021\/\",\"name\":\"Noticias Radio Reflejos\",\"description\":\"Las noticias de mi comarca\",\"potentialAction\":[{\"@type\":\"SearchAction\",\"target\":{\"@type\":\"EntryPoint\",\"urlTemplate\":\"https:\/\/www.noticiasradioreflejos.com.ar\/2021\/?s={search_term_string}\"},\"query-input\":{\"@type\":\"PropertyValueSpecification\",\"valueRequired\":true,\"valueName\":\"search_term_string\"}}],\"inLanguage\":\"es\"},{\"@type\":\"Person\",\"@id\":\"https:\/\/www.noticiasradioreflejos.com.ar\/2021\/#\/schema\/person\/ad82545263dcc5ec0996818884fd5fb1\",\"name\":\"Arnaldo Botto\",\"image\":{\"@type\":\"ImageObject\",\"inLanguage\":\"es\",\"@id\":\"https:\/\/www.noticiasradioreflejos.com.ar\/2021\/#\/schema\/person\/image\/\",\"url\":\"https:\/\/secure.gravatar.com\/avatar\/55cb5e37c1efa326397366e6974cb338056df65cb50e7d64d1cf314e87504837?s=96&d=mm&r=g\",\"contentUrl\":\"https:\/\/secure.gravatar.com\/avatar\/55cb5e37c1efa326397366e6974cb338056df65cb50e7d64d1cf314e87504837?s=96&d=mm&r=g\",\"caption\":\"Arnaldo Botto\"},\"url\":\"https:\/\/www.noticiasradioreflejos.com.ar\/2021\/author\/arnaldo\/\"}]}<\/script>\n<!-- \/ Yoast SEO plugin. -->","yoast_head_json":{"title":"Viernes 24: Vacunaci\u00f3n para ingreso escolar 2024 y Consejer\u00eda en Salud Sexual Integral en la plaza \u2018E. Tornquist\u2019 - Noticias Radio Reflejos","robots":{"index":"index","follow":"follow","max-snippet":"max-snippet:-1","max-image-preview":"max-image-preview:large","max-video-preview":"max-video-preview:-1"},"canonical":"https:\/\/www.noticiasradioreflejos.com.ar\/2021\/viernes-24-vacunacion-para-ingreso-escolar-2024-y-consejeria-en-salud-sexual-integral-en-la-plaza-e-tornquist\/","og_locale":"es_ES","og_type":"article","og_title":"Viernes 24: Vacunaci\u00f3n para ingreso escolar 2024 y Consejer\u00eda en Salud Sexual Integral en la plaza \u2018E. Tornquist\u2019 - Noticias Radio Reflejos","og_description":"Este viernes 24, a partir de las 17 hs en el sector de juegos de la Plaza \u2018Ernesto Tornquist\u2019 sobre Av. Ameghino, la Secretar\u00eda de Salud de Tornquist Municipio dispondr\u00e1 una carpa de vacunaci\u00f3n para ingreso escolar 2024.","og_url":"https:\/\/www.noticiasradioreflejos.com.ar\/2021\/viernes-24-vacunacion-para-ingreso-escolar-2024-y-consejeria-en-salud-sexual-integral-en-la-plaza-e-tornquist\/","og_site_name":"Noticias Radio Reflejos","article_published_time":"2023-11-23T16:59:46+00:00","og_image":[{"url":"https:\/\/live.staticflickr.com\/65535\/53350284977_359923a562.jpg","type":"","width":"","height":""}],"author":"Arnaldo Botto","twitter_card":"summary_large_image","schema":{"@context":"https:\/\/schema.org","@graph":[{"@type":"WebPage","@id":"https:\/\/www.noticiasradioreflejos.com.ar\/2021\/viernes-24-vacunacion-para-ingreso-escolar-2024-y-consejeria-en-salud-sexual-integral-en-la-plaza-e-tornquist\/","url":"https:\/\/www.noticiasradioreflejos.com.ar\/2021\/viernes-24-vacunacion-para-ingreso-escolar-2024-y-consejeria-en-salud-sexual-integral-en-la-plaza-e-tornquist\/","name":"Viernes 24: Vacunaci\u00f3n para ingreso escolar 2024 y Consejer\u00eda en Salud Sexual Integral en la plaza \u2018E. Tornquist\u2019 - Noticias Radio Reflejos","isPartOf":{"@id":"https:\/\/www.noticiasradioreflejos.com.ar\/2021\/#website"},"primaryImageOfPage":{"@id":"https:\/\/www.noticiasradioreflejos.com.ar\/2021\/viernes-24-vacunacion-para-ingreso-escolar-2024-y-consejeria-en-salud-sexual-integral-en-la-plaza-e-tornquist\/#primaryimage"},"image":{"@id":"https:\/\/www.noticiasradioreflejos.com.ar\/2021\/viernes-24-vacunacion-para-ingreso-escolar-2024-y-consejeria-en-salud-sexual-integral-en-la-plaza-e-tornquist\/#primaryimage"},"thumbnailUrl":"https:\/\/live.staticflickr.com\/65535\/53350284977_359923a562.jpg","datePublished":"2023-11-23T16:59:46+00:00","author":{"@id":"https:\/\/www.noticiasradioreflejos.com.ar\/2021\/#\/schema\/person\/ad82545263dcc5ec0996818884fd5fb1"},"breadcrumb":{"@id":"https:\/\/www.noticiasradioreflejos.com.ar\/2021\/viernes-24-vacunacion-para-ingreso-escolar-2024-y-consejeria-en-salud-sexual-integral-en-la-plaza-e-tornquist\/#breadcrumb"},"inLanguage":"es","potentialAction":[{"@type":"ReadAction","target":["https:\/\/www.noticiasradioreflejos.com.ar\/2021\/viernes-24-vacunacion-para-ingreso-escolar-2024-y-consejeria-en-salud-sexual-integral-en-la-plaza-e-tornquist\/"]}]},{"@type":"ImageObject","inLanguage":"es","@id":"https:\/\/www.noticiasradioreflejos.com.ar\/2021\/viernes-24-vacunacion-para-ingreso-escolar-2024-y-consejeria-en-salud-sexual-integral-en-la-plaza-e-tornquist\/#primaryimage","url":"https:\/\/live.staticflickr.com\/65535\/53350284977_359923a562.jpg","contentUrl":"https:\/\/live.staticflickr.com\/65535\/53350284977_359923a562.jpg"},{"@type":"BreadcrumbList","@id":"https:\/\/www.noticiasradioreflejos.com.ar\/2021\/viernes-24-vacunacion-para-ingreso-escolar-2024-y-consejeria-en-salud-sexual-integral-en-la-plaza-e-tornquist\/#breadcrumb","itemListElement":[{"@type":"ListItem","position":1,"name":"Portada","item":"https:\/\/www.noticiasradioreflejos.com.ar\/2021\/"},{"@type":"ListItem","position":2,"name":"Viernes 24: Vacunaci\u00f3n para ingreso escolar 2024 y Consejer\u00eda en Salud Sexual Integral en la plaza \u2018E. Tornquist\u2019"}]},{"@type":"WebSite","@id":"https:\/\/www.noticiasradioreflejos.com.ar\/2021\/#website","url":"https:\/\/www.noticiasradioreflejos.com.ar\/2021\/","name":"Noticias Radio Reflejos","description":"Las noticias de mi comarca","potentialAction":[{"@type":"SearchAction","target":{"@type":"EntryPoint","urlTemplate":"https:\/\/www.noticiasradioreflejos.com.ar\/2021\/?s={search_term_string}"},"query-input":{"@type":"PropertyValueSpecification","valueRequired":true,"valueName":"search_term_string"}}],"inLanguage":"es"},{"@type":"Person","@id":"https:\/\/www.noticiasradioreflejos.com.ar\/2021\/#\/schema\/person\/ad82545263dcc5ec0996818884fd5fb1","name":"Arnaldo Botto","image":{"@type":"ImageObject","inLanguage":"es","@id":"https:\/\/www.noticiasradioreflejos.com.ar\/2021\/#\/schema\/person\/image\/","url":"https:\/\/secure.gravatar.com\/avatar\/55cb5e37c1efa326397366e6974cb338056df65cb50e7d64d1cf314e87504837?s=96&d=mm&r=g","contentUrl":"https:\/\/secure.gravatar.com\/avatar\/55cb5e37c1efa326397366e6974cb338056df65cb50e7d64d1cf314e87504837?s=96&d=mm&r=g","caption":"Arnaldo Botto"},"url":"https:\/\/www.noticiasradioreflejos.com.ar\/2021\/author\/arnaldo\/"}]}},"_links":{"self":[{"href":"https:\/\/www.noticiasradioreflejos.com.ar\/2021\/wp-json\/wp\/v2\/posts\/95648","targetHints":{"allow":["GET"]}}],"collection":[{"href":"https:\/\/www.noticiasradioreflejos.com.ar\/2021\/wp-json\/wp\/v2\/posts"}],"about":[{"href":"https:\/\/www.noticiasradioreflejos.com.ar\/2021\/wp-json\/wp\/v2\/types\/post"}],"author":[{"embeddable":true,"href":"https:\/\/www.noticiasradioreflejos.com.ar\/2021\/wp-json\/wp\/v2\/users\/3"}],"replies":[{"embeddable":true,"href":"https:\/\/www.noticiasradioreflejos.com.ar\/2021\/wp-json\/wp\/v2\/comments?post=95648"}],"version-history":[{"count":1,"href":"https:\/\/www.noticiasradioreflejos.com.ar\/2021\/wp-json\/wp\/v2\/posts\/95648\/revisions"}],"predecessor-version":[{"id":95650,"href":"https:\/\/www.noticiasradioreflejos.com.ar\/2021\/wp-json\/wp\/v2\/posts\/95648\/revisions\/95650"}],"wp:attachment":[{"href":"https:\/\/www.noticiasradioreflejos.com.ar\/2021\/wp-json\/wp\/v2\/media?parent=95648"}],"wp:term":[{"taxonomy":"category","embeddable":true,"href":"https:\/\/www.noticiasradioreflejos.com.ar\/2021\/wp-json\/wp\/v2\/categories?post=95648"},{"taxonomy":"post_tag","embeddable":true,"href":"https:\/\/www.noticiasradioreflejos.com.ar\/2021\/wp-json\/wp\/v2\/tags?post=95648"}],"curies":[{"name":"wp","href":"https:\/\/api.w.org\/{rel}","templated":true}]}}