{"id":95646,"date":"2023-11-23T19:33:14","date_gmt":"2023-11-23T19:33:14","guid":{"rendered":"https:\/\/www.noticiasradioreflejos.com.ar\/2021\/?p=95646"},"modified":"2023-11-23T19:33:14","modified_gmt":"2023-11-23T19:33:14","slug":"jose-alberto-auzmendi-hay-que-ver-como-milei-termina-de-armar-su-gabinete","status":"publish","type":"post","link":"https:\/\/www.noticiasradioreflejos.com.ar\/2021\/jose-alberto-auzmendi-hay-que-ver-como-milei-termina-de-armar-su-gabinete\/","title":{"rendered":"Jos\u00e9 Alberto Auzmendi: \u201cHay que ver c\u00f3mo Milei termina de armar su gabinete\u201d"},"content":{"rendered":"<p>El ex miembro de la mesa de entrada del Senado y analista pol\u00edtico repas\u00f3 lo ocurrido el domingo y trat\u00f3 de vislumbrar qu\u00e9 ocurrir\u00e1 en el corto plazo tras el triunfo de La Libertad Avanza.<!--more--><\/p>\n<p>Con much\u00edsimos a\u00f1os de trabajo en el Senado y al mismo tiempo abocado al an\u00e1lisis pol\u00edtico, Jos\u00e9 Alberto Auzmendi es una voz a escuchar cada vez que hace una referencia a los tiempos que se viven.<\/p>\n<p>Sobre lo suscitado el domingo, explic\u00f3 que \u201cel sistema de partidos ven\u00eda deteriorado. Tanto como el oficialismo como la oposici\u00f3n actual eran coaliciones, alianzas. Esa visi\u00f3n de bipartidismo post recuperaci\u00f3n de la democracia fue cediendo a estos acuerdos. Eso se fue agotando despu\u00e9s del Pacto de Olivos entre Menem y Alfons\u00edn que deriv\u00f3 en la constituci\u00f3n del 94\u201d.<\/p>\n<p>Seg\u00fan su visi\u00f3n \u201cac\u00e1 ha surgido un gran actor que no se ve\u00eda venir que es la sociedad civil con sus demandas en determinados contextos que reclam\u00f3 determinadas situaciones que los partidos tradicionales no supieron, no quisieron o no pudieron resolver en las \u00faltimas cuatro d\u00e9cadas, no solo en Argentina sino a nivel global\u201d.<\/p>\n<p>Pensando en lo que se viene subray\u00f3 que \u201cse requiere mucho manejo institucional, ya que veremos un congreso donde ser\u00e1 un actor determinante en esta nueva experiencia pol\u00edtica, sumado a otros actores no instituciones\u201d.<\/p>\n<p>Y de la mano con esto resalt\u00f3 que \u201cel sistema de divisi\u00f3n de poderes prev\u00e9 estos contra pesos. Se necesitan consensos, normas y despu\u00e9s un mont\u00f3n de mecanismos institucionales que resguardan ciertas pol\u00edticas que van en contra de determinados intereses o afectan determinados sectores\u201d.<\/p>\n<p>Llevando tranquilidad ante tanta efervescencia, sostuvo que \u201cestamos viendo una foto. Hay que ver c\u00f3mo sigue la pol\u00edtica. Tanto uno como otro iban a tener seis meses de ajuste. Contraponiendo ejemplos, en 2014 Kicillof hizo una devaluaci\u00f3n, d\u00f3lar futuro, arregl\u00f3 algunas cuestiones con el Club de Par\u00eds. Ah\u00ed hubo cirug\u00eda. Macri lo hizo en 2017 y en 2018 vino el compromiso con el Fondo. El gobierno de Alberto tambi\u00e9n lo hizo\u201d.<\/p>\n<p>Por \u00faltimo dijo que \u201chay un fen\u00f3meno de que gran parte que est\u00e1 en la informalidad laboral lo ha votado, al igual que la franja de j\u00f3venes que comenzaron a votar, que antes se inclinaban por otras l\u00edneas y hoy encontraron refugio en Milei. Veremos c\u00f3mo se desarrolla todo. Es el d\u00eda a d\u00eda\u201d.<\/p>\n<p>Cerrando con una conclusi\u00f3n pr\u00e1ctica: \u201cHay que ver c\u00f3mo termina de armar el gabinete y c\u00f3mo se conforman las c\u00e1maras en cuanto a autoridades\u201d.<\/p>\n<p>&nbsp;<\/p>\n<p><iframe loading=\"lazy\" src=\"https:\/\/w.soundcloud.com\/player\/?url=https%3A\/\/api.soundcloud.com\/tracks\/1672658793&amp;color=%23ff5500&amp;auto_play=false&amp;hide_related=false&amp;show_comments=true&amp;show_user=true&amp;show_reposts=false&amp;show_teaser=true\" width=\"100%\" height=\"166\" frameborder=\"no\" scrolling=\"no\"><\/iframe><\/p>\n<div style=\"font-size: 10px; color: #cccccc; line-break: anywhere; word-break: normal; overflow: hidden; white-space: nowrap; text-overflow: ellipsis; font-family: Interstate,Lucida Grande,Lucida Sans Unicode,Lucida Sans,Garuda,Verdana,Tahoma,sans-serif; font-weight: 100;\"><a style=\"color: #cccccc; text-decoration: none;\" title=\"fmreflejos 103.7\" href=\"https:\/\/soundcloud.com\/fmreflejos-103-7\" target=\"_blank\" rel=\"noopener\">fmreflejos 103.7<\/a> \u00b7 <a style=\"color: #cccccc; text-decoration: none;\" title=\"Jose Alberto Auzmendi 23 - 11\" href=\"https:\/\/soundcloud.com\/fmreflejos-103-7\/jose-alberto-auzmendi-23-11\" target=\"_blank\" rel=\"noopener\">Jose Alberto Auzmendi 23 &#8211; 11<\/a><\/div>\n","protected":false},"excerpt":{"rendered":"<p>El ex miembro de la mesa de entrada del Senado y analista pol\u00edtico repas\u00f3 lo ocurrido el domingo y trat\u00f3 de vislumbrar qu\u00e9 ocurrir\u00e1 en el corto plazo tras el triunfo de La Libertad Avanza.<\/p>\n","protected":false},"author":3,"featured_media":0,"comment_status":"closed","ping_status":"closed","sticky":false,"template":"","format":"standard","meta":{"footnotes":""},"categories":[24],"tags":[48],"class_list":["post-95646","post","type-post","status-publish","format-standard","hentry","category-politica","tag-destacada"],"yoast_head":"<!-- This site is optimized with the Yoast SEO plugin v25.9 - https:\/\/yoast.com\/wordpress\/plugins\/seo\/ -->\n<title>Jos\u00e9 Alberto Auzmendi: \u201cHay que ver c\u00f3mo Milei termina de armar su gabinete\u201d - Noticias Radio Reflejos<\/title>\n<meta name=\"robots\" content=\"index, follow, max-snippet:-1, max-image-preview:large, max-video-preview:-1\" \/>\n<link rel=\"canonical\" href=\"https:\/\/www.noticiasradioreflejos.com.ar\/2021\/jose-alberto-auzmendi-hay-que-ver-como-milei-termina-de-armar-su-gabinete\/\" \/>\n<meta property=\"og:locale\" content=\"es_ES\" \/>\n<meta property=\"og:type\" content=\"article\" \/>\n<meta property=\"og:title\" content=\"Jos\u00e9 Alberto Auzmendi: \u201cHay que ver c\u00f3mo Milei termina de armar su gabinete\u201d - Noticias Radio Reflejos\" \/>\n<meta property=\"og:description\" content=\"El ex miembro de la mesa de entrada del Senado y analista pol\u00edtico repas\u00f3 lo ocurrido el domingo y trat\u00f3 de vislumbrar qu\u00e9 ocurrir\u00e1 en el corto plazo tras el triunfo de La Libertad Avanza.\" \/>\n<meta property=\"og:url\" content=\"https:\/\/www.noticiasradioreflejos.com.ar\/2021\/jose-alberto-auzmendi-hay-que-ver-como-milei-termina-de-armar-su-gabinete\/\" \/>\n<meta property=\"og:site_name\" content=\"Noticias Radio Reflejos\" \/>\n<meta property=\"article:published_time\" content=\"2023-11-23T19:33:14+00:00\" \/>\n<meta property=\"og:image\" content=\"https:\/\/www.noticiasradioreflejos.com.ar\/2021\/wp-content\/uploads\/2021\/07\/logosol300x200.png\" \/>\n\t<meta property=\"og:image:width\" content=\"300\" \/>\n\t<meta property=\"og:image:height\" content=\"200\" \/>\n\t<meta property=\"og:image:type\" content=\"image\/png\" \/>\n<meta name=\"author\" content=\"Arnaldo Botto\" \/>\n<meta name=\"twitter:card\" content=\"summary_large_image\" \/>\n<script type=\"application\/ld+json\" class=\"yoast-schema-graph\">{\"@context\":\"https:\/\/schema.org\",\"@graph\":[{\"@type\":\"WebPage\",\"@id\":\"https:\/\/www.noticiasradioreflejos.com.ar\/2021\/jose-alberto-auzmendi-hay-que-ver-como-milei-termina-de-armar-su-gabinete\/\",\"url\":\"https:\/\/www.noticiasradioreflejos.com.ar\/2021\/jose-alberto-auzmendi-hay-que-ver-como-milei-termina-de-armar-su-gabinete\/\",\"name\":\"Jos\u00e9 Alberto Auzmendi: \u201cHay que ver c\u00f3mo Milei termina de armar su gabinete\u201d - Noticias Radio Reflejos\",\"isPartOf\":{\"@id\":\"https:\/\/www.noticiasradioreflejos.com.ar\/2021\/#website\"},\"datePublished\":\"2023-11-23T19:33:14+00:00\",\"author\":{\"@id\":\"https:\/\/www.noticiasradioreflejos.com.ar\/2021\/#\/schema\/person\/ad82545263dcc5ec0996818884fd5fb1\"},\"breadcrumb\":{\"@id\":\"https:\/\/www.noticiasradioreflejos.com.ar\/2021\/jose-alberto-auzmendi-hay-que-ver-como-milei-termina-de-armar-su-gabinete\/#breadcrumb\"},\"inLanguage\":\"es\",\"potentialAction\":[{\"@type\":\"ReadAction\",\"target\":[\"https:\/\/www.noticiasradioreflejos.com.ar\/2021\/jose-alberto-auzmendi-hay-que-ver-como-milei-termina-de-armar-su-gabinete\/\"]}]},{\"@type\":\"BreadcrumbList\",\"@id\":\"https:\/\/www.noticiasradioreflejos.com.ar\/2021\/jose-alberto-auzmendi-hay-que-ver-como-milei-termina-de-armar-su-gabinete\/#breadcrumb\",\"itemListElement\":[{\"@type\":\"ListItem\",\"position\":1,\"name\":\"Portada\",\"item\":\"https:\/\/www.noticiasradioreflejos.com.ar\/2021\/\"},{\"@type\":\"ListItem\",\"position\":2,\"name\":\"Jos\u00e9 Alberto Auzmendi: \u201cHay que ver c\u00f3mo Milei termina de armar su gabinete\u201d\"}]},{\"@type\":\"WebSite\",\"@id\":\"https:\/\/www.noticiasradioreflejos.com.ar\/2021\/#website\",\"url\":\"https:\/\/www.noticiasradioreflejos.com.ar\/2021\/\",\"name\":\"Noticias Radio Reflejos\",\"description\":\"Las noticias de mi comarca\",\"potentialAction\":[{\"@type\":\"SearchAction\",\"target\":{\"@type\":\"EntryPoint\",\"urlTemplate\":\"https:\/\/www.noticiasradioreflejos.com.ar\/2021\/?s={search_term_string}\"},\"query-input\":{\"@type\":\"PropertyValueSpecification\",\"valueRequired\":true,\"valueName\":\"search_term_string\"}}],\"inLanguage\":\"es\"},{\"@type\":\"Person\",\"@id\":\"https:\/\/www.noticiasradioreflejos.com.ar\/2021\/#\/schema\/person\/ad82545263dcc5ec0996818884fd5fb1\",\"name\":\"Arnaldo Botto\",\"image\":{\"@type\":\"ImageObject\",\"inLanguage\":\"es\",\"@id\":\"https:\/\/www.noticiasradioreflejos.com.ar\/2021\/#\/schema\/person\/image\/\",\"url\":\"https:\/\/secure.gravatar.com\/avatar\/55cb5e37c1efa326397366e6974cb338056df65cb50e7d64d1cf314e87504837?s=96&d=mm&r=g\",\"contentUrl\":\"https:\/\/secure.gravatar.com\/avatar\/55cb5e37c1efa326397366e6974cb338056df65cb50e7d64d1cf314e87504837?s=96&d=mm&r=g\",\"caption\":\"Arnaldo Botto\"},\"url\":\"https:\/\/www.noticiasradioreflejos.com.ar\/2021\/author\/arnaldo\/\"}]}<\/script>\n<!-- \/ Yoast SEO plugin. -->","yoast_head_json":{"title":"Jos\u00e9 Alberto Auzmendi: \u201cHay que ver c\u00f3mo Milei termina de armar su gabinete\u201d - Noticias Radio Reflejos","robots":{"index":"index","follow":"follow","max-snippet":"max-snippet:-1","max-image-preview":"max-image-preview:large","max-video-preview":"max-video-preview:-1"},"canonical":"https:\/\/www.noticiasradioreflejos.com.ar\/2021\/jose-alberto-auzmendi-hay-que-ver-como-milei-termina-de-armar-su-gabinete\/","og_locale":"es_ES","og_type":"article","og_title":"Jos\u00e9 Alberto Auzmendi: \u201cHay que ver c\u00f3mo Milei termina de armar su gabinete\u201d - Noticias Radio Reflejos","og_description":"El ex miembro de la mesa de entrada del Senado y analista pol\u00edtico repas\u00f3 lo ocurrido el domingo y trat\u00f3 de vislumbrar qu\u00e9 ocurrir\u00e1 en el corto plazo tras el triunfo de La Libertad Avanza.","og_url":"https:\/\/www.noticiasradioreflejos.com.ar\/2021\/jose-alberto-auzmendi-hay-que-ver-como-milei-termina-de-armar-su-gabinete\/","og_site_name":"Noticias Radio Reflejos","article_published_time":"2023-11-23T19:33:14+00:00","og_image":[{"width":300,"height":200,"url":"https:\/\/www.noticiasradioreflejos.com.ar\/2021\/wp-content\/uploads\/2021\/07\/logosol300x200.png","type":"image\/png"}],"author":"Arnaldo Botto","twitter_card":"summary_large_image","schema":{"@context":"https:\/\/schema.org","@graph":[{"@type":"WebPage","@id":"https:\/\/www.noticiasradioreflejos.com.ar\/2021\/jose-alberto-auzmendi-hay-que-ver-como-milei-termina-de-armar-su-gabinete\/","url":"https:\/\/www.noticiasradioreflejos.com.ar\/2021\/jose-alberto-auzmendi-hay-que-ver-como-milei-termina-de-armar-su-gabinete\/","name":"Jos\u00e9 Alberto Auzmendi: \u201cHay que ver c\u00f3mo Milei termina de armar su gabinete\u201d - Noticias Radio Reflejos","isPartOf":{"@id":"https:\/\/www.noticiasradioreflejos.com.ar\/2021\/#website"},"datePublished":"2023-11-23T19:33:14+00:00","author":{"@id":"https:\/\/www.noticiasradioreflejos.com.ar\/2021\/#\/schema\/person\/ad82545263dcc5ec0996818884fd5fb1"},"breadcrumb":{"@id":"https:\/\/www.noticiasradioreflejos.com.ar\/2021\/jose-alberto-auzmendi-hay-que-ver-como-milei-termina-de-armar-su-gabinete\/#breadcrumb"},"inLanguage":"es","potentialAction":[{"@type":"ReadAction","target":["https:\/\/www.noticiasradioreflejos.com.ar\/2021\/jose-alberto-auzmendi-hay-que-ver-como-milei-termina-de-armar-su-gabinete\/"]}]},{"@type":"BreadcrumbList","@id":"https:\/\/www.noticiasradioreflejos.com.ar\/2021\/jose-alberto-auzmendi-hay-que-ver-como-milei-termina-de-armar-su-gabinete\/#breadcrumb","itemListElement":[{"@type":"ListItem","position":1,"name":"Portada","item":"https:\/\/www.noticiasradioreflejos.com.ar\/2021\/"},{"@type":"ListItem","position":2,"name":"Jos\u00e9 Alberto Auzmendi: \u201cHay que ver c\u00f3mo Milei termina de armar su gabinete\u201d"}]},{"@type":"WebSite","@id":"https:\/\/www.noticiasradioreflejos.com.ar\/2021\/#website","url":"https:\/\/www.noticiasradioreflejos.com.ar\/2021\/","name":"Noticias Radio Reflejos","description":"Las noticias de mi comarca","potentialAction":[{"@type":"SearchAction","target":{"@type":"EntryPoint","urlTemplate":"https:\/\/www.noticiasradioreflejos.com.ar\/2021\/?s={search_term_string}"},"query-input":{"@type":"PropertyValueSpecification","valueRequired":true,"valueName":"search_term_string"}}],"inLanguage":"es"},{"@type":"Person","@id":"https:\/\/www.noticiasradioreflejos.com.ar\/2021\/#\/schema\/person\/ad82545263dcc5ec0996818884fd5fb1","name":"Arnaldo Botto","image":{"@type":"ImageObject","inLanguage":"es","@id":"https:\/\/www.noticiasradioreflejos.com.ar\/2021\/#\/schema\/person\/image\/","url":"https:\/\/secure.gravatar.com\/avatar\/55cb5e37c1efa326397366e6974cb338056df65cb50e7d64d1cf314e87504837?s=96&d=mm&r=g","contentUrl":"https:\/\/secure.gravatar.com\/avatar\/55cb5e37c1efa326397366e6974cb338056df65cb50e7d64d1cf314e87504837?s=96&d=mm&r=g","caption":"Arnaldo Botto"},"url":"https:\/\/www.noticiasradioreflejos.com.ar\/2021\/author\/arnaldo\/"}]}},"_links":{"self":[{"href":"https:\/\/www.noticiasradioreflejos.com.ar\/2021\/wp-json\/wp\/v2\/posts\/95646","targetHints":{"allow":["GET"]}}],"collection":[{"href":"https:\/\/www.noticiasradioreflejos.com.ar\/2021\/wp-json\/wp\/v2\/posts"}],"about":[{"href":"https:\/\/www.noticiasradioreflejos.com.ar\/2021\/wp-json\/wp\/v2\/types\/post"}],"author":[{"embeddable":true,"href":"https:\/\/www.noticiasradioreflejos.com.ar\/2021\/wp-json\/wp\/v2\/users\/3"}],"replies":[{"embeddable":true,"href":"https:\/\/www.noticiasradioreflejos.com.ar\/2021\/wp-json\/wp\/v2\/comments?post=95646"}],"version-history":[{"count":2,"href":"https:\/\/www.noticiasradioreflejos.com.ar\/2021\/wp-json\/wp\/v2\/posts\/95646\/revisions"}],"predecessor-version":[{"id":95669,"href":"https:\/\/www.noticiasradioreflejos.com.ar\/2021\/wp-json\/wp\/v2\/posts\/95646\/revisions\/95669"}],"wp:attachment":[{"href":"https:\/\/www.noticiasradioreflejos.com.ar\/2021\/wp-json\/wp\/v2\/media?parent=95646"}],"wp:term":[{"taxonomy":"category","embeddable":true,"href":"https:\/\/www.noticiasradioreflejos.com.ar\/2021\/wp-json\/wp\/v2\/categories?post=95646"},{"taxonomy":"post_tag","embeddable":true,"href":"https:\/\/www.noticiasradioreflejos.com.ar\/2021\/wp-json\/wp\/v2\/tags?post=95646"}],"curies":[{"name":"wp","href":"https:\/\/api.w.org\/{rel}","templated":true}]}}