{"id":95620,"date":"2023-11-22T21:04:04","date_gmt":"2023-11-22T21:04:04","guid":{"rendered":"https:\/\/www.noticiasradioreflejos.com.ar\/2021\/?p=95620"},"modified":"2023-11-22T21:04:04","modified_gmt":"2023-11-22T21:04:04","slug":"soledad-davis-brindo-mas-detalles-sobre-la-tercera-edicion-de-la-fiesta-de-la-tradicion-en-saldungaray","status":"publish","type":"post","link":"https:\/\/www.noticiasradioreflejos.com.ar\/2021\/soledad-davis-brindo-mas-detalles-sobre-la-tercera-edicion-de-la-fiesta-de-la-tradicion-en-saldungaray\/","title":{"rendered":"Soledad Davis brind\u00f3 m\u00e1s detalles sobre la Tercera edici\u00f3n de la Fiesta de la Tradici\u00f3n en Saldungaray"},"content":{"rendered":"<p>Una de las organizadoras del evento sum\u00f3 informaci\u00f3n a un encuentro que este a\u00f1o se dar\u00e1 el 10 de diciembre en el predio del ferrocarril. \u201cEst\u00e1n todos m\u00e1s que invitados\u201d asegur\u00f3.<!--more--><\/p>\n<p>Tras algunas postergaciones la Tercera edici\u00f3n de la Fiesta de la Tradici\u00f3n en Saldungaray tiene fecha y espect\u00e1culos confirmados. As\u00ed lo hizo saber una de las organizadoras, Soledad Davis, quien no pudo esconder la emoci\u00f3n a tan pocos d\u00edas del evento.<\/p>\n<p><a title=\"fiesta tradici\u00f3n saldungaray (1)\" href=\"https:\/\/www.flickr.com\/photos\/182279889@N02\/53349970410\/in\/dateposted-public\/\" data-flickr-embed=\"true\"><img loading=\"lazy\" decoding=\"async\" class=\"alignleft\" src=\"https:\/\/live.staticflickr.com\/65535\/53349970410_efcf72bc09_c.jpg\" alt=\"fiesta tradici\u00f3n saldungaray (1)\" width=\"286\" height=\"428\" \/><\/a>Comenzando la charla explic\u00f3 que \u201cestaba programado para el 19 de noviembre, pero justo se dio el balotaje as\u00ed que lo tuvimos que correr para el 10 de diciembre. Buscamos otro fin de semana largo, pero ser\u00e1 el domingo por una cuesti\u00f3n de disponibilidad de artistas\u201d.<\/p>\n<p>En esa l\u00ednea y recordando la creaci\u00f3n del evento mencion\u00f3 que \u201cen Saldungaray no ten\u00edamos esta fiesta, y gracias a Dios y por el impulso del intendente y su equipo pudo comenzar a hacerse. El a\u00f1o pasado tambi\u00e9n se dio bien, l\u00e1stima que nos corri\u00f3 la tormenta a la noche. Este a\u00f1o esperamos tener otra buena respuesta\u201d.<\/p>\n<p>Seg\u00fan anticip\u00f3 \u201cser\u00e1 un domingo cargado, porque adem\u00e1s habr\u00e1 gente de la localidad presentando otras cosas que no tienen que ver con la fiesta. Nos pareci\u00f3 una buena oportunidad para que se sumen y los feriantes cuenten lo que hacen\u201d.<\/p>\n<p>Al mismo tiempo detall\u00f3 que \u201cla gente de ATuCoS tambi\u00e9n tendr\u00e1 su espacio para contar c\u00f3mo se viene trabajando sobre el patrimonio de Salamone. Luego seguramente sigamos con Equinoterapia de Saldungaray, que tendr\u00e1n paseos a caballo para los chicos. Y alrededor de las 16 tendremos el primer espect\u00e1culo musical\u201d.<\/p>\n<p><a title=\"2da fiesta de la tradici\u00f3n en Saldungaray (2)\" href=\"https:\/\/www.flickr.com\/photos\/182279889@N02\/52511751641\/in\/photolist-2phkTfh-2phkTek-2phmxvX-2o1f2nZ-2o1iQDJ-2o1f2ku-2o1hsgX-2o1jUg7-2o1kgsi-2o1hshi-2o1kgt5-2o1iQKv-2o1hs7o-2o1hs7t\" data-flickr-embed=\"true\"><img loading=\"lazy\" decoding=\"async\" src=\"https:\/\/live.staticflickr.com\/65535\/52511751641_f6666f3ef8_c.jpg\" alt=\"2da fiesta de la tradici\u00f3n en Saldungaray (2)\" width=\"800\" height=\"360\" \/><\/a><\/p>\n<p>Sobre otro aspecto importante de ese d\u00eda, repas\u00f3 que \u201cen el patio de comidas estar\u00e1n los chicos de Equinoterapia, Bomberos voluntarios de Saldungaray, ATuCoS, Santa In\u00e9s y los chicos del CEF de Villa Ventana. Todos vender\u00e1n cosas distintas\u201d.<\/p>\n<p>Cerrando con la confirmaci\u00f3n de que \u201cel espect\u00e1culo principal ser\u00e1 Juanjo Abreg\u00fa que ya lo tuvimos el a\u00f1o pasado para la Huinca Malal. Hace un show hermoso. Hace un folklore muy de pe\u00f1a. Invita a la gente a bailar y es muy lindo\u201d.<\/p>\n<p><iframe loading=\"lazy\" src=\"https:\/\/w.soundcloud.com\/player\/?url=https%3A\/\/api.soundcloud.com\/tracks\/1671763266&amp;color=%23ff5500&amp;auto_play=false&amp;hide_related=false&amp;show_comments=true&amp;show_user=true&amp;show_reposts=false&amp;show_teaser=true\" width=\"100%\" height=\"166\" frameborder=\"no\" scrolling=\"no\"><\/iframe><\/p>\n<div style=\"font-size: 10px; color: #cccccc; line-break: anywhere; word-break: normal; overflow: hidden; white-space: nowrap; text-overflow: ellipsis; font-family: Interstate,Lucida Grande,Lucida Sans Unicode,Lucida Sans,Garuda,Verdana,Tahoma,sans-serif; font-weight: 100;\"><a style=\"color: #cccccc; text-decoration: none;\" title=\"fmreflejos 103.7\" href=\"https:\/\/soundcloud.com\/fmreflejos-103-7\" target=\"_blank\" rel=\"noopener\">fmreflejos 103.7<\/a> \u00b7 <a style=\"color: #cccccc; text-decoration: none;\" title=\"Sole Davis 22 - 11\" href=\"https:\/\/soundcloud.com\/fmreflejos-103-7\/sole-davis-22-11\" target=\"_blank\" rel=\"noopener\">Sole Davis 22 &#8211; 11<\/a><\/div>\n<p>&nbsp;<\/p>\n<p><a data-flickr-embed=\"true\" href=\"https:\/\/www.flickr.com\/photos\/182279889@N02\/52511751621\/in\/photolist-2phkTfh-2phkTek-2phmxvX-2o1f2nZ-2o1iQDJ-2o1f2ku-2o1hsgX-2o1jUg7-2o1kgsi-2o1hshi-2o1kgt5-2o1iQKv-2o1hs7o-2o1hs7t\/\" title=\"2da fiesta de la tradici\u00f3n en Saldungaray (4)\"><img loading=\"lazy\" decoding=\"async\" src=\"https:\/\/live.staticflickr.com\/65535\/52511751621_607fc177ec_c.jpg\" width=\"800\" height=\"480\" alt=\"2da fiesta de la tradici\u00f3n en Saldungaray (4)\"\/><\/a><script async src=\"\/\/embedr.flickr.com\/assets\/client-code.js\" charset=\"utf-8\"><\/script><\/p>\n","protected":false},"excerpt":{"rendered":"<p>Una de las organizadoras del evento sum\u00f3 informaci\u00f3n a un encuentro que este a\u00f1o se dar\u00e1 el 10 de diciembre en el predio del ferrocarril. \u201cEst\u00e1n todos m\u00e1s que invitados\u201d asegur\u00f3.<\/p>\n","protected":false},"author":3,"featured_media":0,"comment_status":"closed","ping_status":"closed","sticky":false,"template":"","format":"standard","meta":{"footnotes":""},"categories":[35,26,33],"tags":[48],"class_list":["post-95620","post","type-post","status-publish","format-standard","hentry","category-cultura","category-sociedad","category-turismo","tag-destacada"],"yoast_head":"<!-- This site is optimized with the Yoast SEO plugin v25.9 - https:\/\/yoast.com\/wordpress\/plugins\/seo\/ -->\n<title>Soledad Davis brind\u00f3 m\u00e1s detalles sobre la Tercera edici\u00f3n de la Fiesta de la Tradici\u00f3n en Saldungaray - Noticias Radio Reflejos<\/title>\n<meta name=\"robots\" content=\"index, follow, max-snippet:-1, max-image-preview:large, max-video-preview:-1\" \/>\n<link rel=\"canonical\" href=\"https:\/\/www.noticiasradioreflejos.com.ar\/2021\/soledad-davis-brindo-mas-detalles-sobre-la-tercera-edicion-de-la-fiesta-de-la-tradicion-en-saldungaray\/\" \/>\n<meta property=\"og:locale\" content=\"es_ES\" \/>\n<meta property=\"og:type\" content=\"article\" \/>\n<meta property=\"og:title\" content=\"Soledad Davis brind\u00f3 m\u00e1s detalles sobre la Tercera edici\u00f3n de la Fiesta de la Tradici\u00f3n en Saldungaray - Noticias Radio Reflejos\" \/>\n<meta property=\"og:description\" content=\"Una de las organizadoras del evento sum\u00f3 informaci\u00f3n a un encuentro que este a\u00f1o se dar\u00e1 el 10 de diciembre en el predio del ferrocarril. \u201cEst\u00e1n todos m\u00e1s que invitados\u201d asegur\u00f3.\" \/>\n<meta property=\"og:url\" content=\"https:\/\/www.noticiasradioreflejos.com.ar\/2021\/soledad-davis-brindo-mas-detalles-sobre-la-tercera-edicion-de-la-fiesta-de-la-tradicion-en-saldungaray\/\" \/>\n<meta property=\"og:site_name\" content=\"Noticias Radio Reflejos\" \/>\n<meta property=\"article:published_time\" content=\"2023-11-22T21:04:04+00:00\" \/>\n<meta property=\"og:image\" content=\"https:\/\/live.staticflickr.com\/65535\/53349970410_efcf72bc09_c.jpg\" \/>\n<meta name=\"author\" content=\"Arnaldo Botto\" \/>\n<meta name=\"twitter:card\" content=\"summary_large_image\" \/>\n<script type=\"application\/ld+json\" class=\"yoast-schema-graph\">{\"@context\":\"https:\/\/schema.org\",\"@graph\":[{\"@type\":\"WebPage\",\"@id\":\"https:\/\/www.noticiasradioreflejos.com.ar\/2021\/soledad-davis-brindo-mas-detalles-sobre-la-tercera-edicion-de-la-fiesta-de-la-tradicion-en-saldungaray\/\",\"url\":\"https:\/\/www.noticiasradioreflejos.com.ar\/2021\/soledad-davis-brindo-mas-detalles-sobre-la-tercera-edicion-de-la-fiesta-de-la-tradicion-en-saldungaray\/\",\"name\":\"Soledad Davis brind\u00f3 m\u00e1s detalles sobre la Tercera edici\u00f3n de la Fiesta de la Tradici\u00f3n en Saldungaray - Noticias Radio Reflejos\",\"isPartOf\":{\"@id\":\"https:\/\/www.noticiasradioreflejos.com.ar\/2021\/#website\"},\"primaryImageOfPage\":{\"@id\":\"https:\/\/www.noticiasradioreflejos.com.ar\/2021\/soledad-davis-brindo-mas-detalles-sobre-la-tercera-edicion-de-la-fiesta-de-la-tradicion-en-saldungaray\/#primaryimage\"},\"image\":{\"@id\":\"https:\/\/www.noticiasradioreflejos.com.ar\/2021\/soledad-davis-brindo-mas-detalles-sobre-la-tercera-edicion-de-la-fiesta-de-la-tradicion-en-saldungaray\/#primaryimage\"},\"thumbnailUrl\":\"https:\/\/live.staticflickr.com\/65535\/53349970410_efcf72bc09_c.jpg\",\"datePublished\":\"2023-11-22T21:04:04+00:00\",\"author\":{\"@id\":\"https:\/\/www.noticiasradioreflejos.com.ar\/2021\/#\/schema\/person\/ad82545263dcc5ec0996818884fd5fb1\"},\"breadcrumb\":{\"@id\":\"https:\/\/www.noticiasradioreflejos.com.ar\/2021\/soledad-davis-brindo-mas-detalles-sobre-la-tercera-edicion-de-la-fiesta-de-la-tradicion-en-saldungaray\/#breadcrumb\"},\"inLanguage\":\"es\",\"potentialAction\":[{\"@type\":\"ReadAction\",\"target\":[\"https:\/\/www.noticiasradioreflejos.com.ar\/2021\/soledad-davis-brindo-mas-detalles-sobre-la-tercera-edicion-de-la-fiesta-de-la-tradicion-en-saldungaray\/\"]}]},{\"@type\":\"ImageObject\",\"inLanguage\":\"es\",\"@id\":\"https:\/\/www.noticiasradioreflejos.com.ar\/2021\/soledad-davis-brindo-mas-detalles-sobre-la-tercera-edicion-de-la-fiesta-de-la-tradicion-en-saldungaray\/#primaryimage\",\"url\":\"https:\/\/live.staticflickr.com\/65535\/53349970410_efcf72bc09_c.jpg\",\"contentUrl\":\"https:\/\/live.staticflickr.com\/65535\/53349970410_efcf72bc09_c.jpg\"},{\"@type\":\"BreadcrumbList\",\"@id\":\"https:\/\/www.noticiasradioreflejos.com.ar\/2021\/soledad-davis-brindo-mas-detalles-sobre-la-tercera-edicion-de-la-fiesta-de-la-tradicion-en-saldungaray\/#breadcrumb\",\"itemListElement\":[{\"@type\":\"ListItem\",\"position\":1,\"name\":\"Portada\",\"item\":\"https:\/\/www.noticiasradioreflejos.com.ar\/2021\/\"},{\"@type\":\"ListItem\",\"position\":2,\"name\":\"Soledad Davis brind\u00f3 m\u00e1s detalles sobre la Tercera edici\u00f3n de la Fiesta de la Tradici\u00f3n en Saldungaray\"}]},{\"@type\":\"WebSite\",\"@id\":\"https:\/\/www.noticiasradioreflejos.com.ar\/2021\/#website\",\"url\":\"https:\/\/www.noticiasradioreflejos.com.ar\/2021\/\",\"name\":\"Noticias Radio Reflejos\",\"description\":\"Las noticias de mi comarca\",\"potentialAction\":[{\"@type\":\"SearchAction\",\"target\":{\"@type\":\"EntryPoint\",\"urlTemplate\":\"https:\/\/www.noticiasradioreflejos.com.ar\/2021\/?s={search_term_string}\"},\"query-input\":{\"@type\":\"PropertyValueSpecification\",\"valueRequired\":true,\"valueName\":\"search_term_string\"}}],\"inLanguage\":\"es\"},{\"@type\":\"Person\",\"@id\":\"https:\/\/www.noticiasradioreflejos.com.ar\/2021\/#\/schema\/person\/ad82545263dcc5ec0996818884fd5fb1\",\"name\":\"Arnaldo Botto\",\"image\":{\"@type\":\"ImageObject\",\"inLanguage\":\"es\",\"@id\":\"https:\/\/www.noticiasradioreflejos.com.ar\/2021\/#\/schema\/person\/image\/\",\"url\":\"https:\/\/secure.gravatar.com\/avatar\/55cb5e37c1efa326397366e6974cb338056df65cb50e7d64d1cf314e87504837?s=96&d=mm&r=g\",\"contentUrl\":\"https:\/\/secure.gravatar.com\/avatar\/55cb5e37c1efa326397366e6974cb338056df65cb50e7d64d1cf314e87504837?s=96&d=mm&r=g\",\"caption\":\"Arnaldo Botto\"},\"url\":\"https:\/\/www.noticiasradioreflejos.com.ar\/2021\/author\/arnaldo\/\"}]}<\/script>\n<!-- \/ Yoast SEO plugin. -->","yoast_head_json":{"title":"Soledad Davis brind\u00f3 m\u00e1s detalles sobre la Tercera edici\u00f3n de la Fiesta de la Tradici\u00f3n en Saldungaray - Noticias Radio Reflejos","robots":{"index":"index","follow":"follow","max-snippet":"max-snippet:-1","max-image-preview":"max-image-preview:large","max-video-preview":"max-video-preview:-1"},"canonical":"https:\/\/www.noticiasradioreflejos.com.ar\/2021\/soledad-davis-brindo-mas-detalles-sobre-la-tercera-edicion-de-la-fiesta-de-la-tradicion-en-saldungaray\/","og_locale":"es_ES","og_type":"article","og_title":"Soledad Davis brind\u00f3 m\u00e1s detalles sobre la Tercera edici\u00f3n de la Fiesta de la Tradici\u00f3n en Saldungaray - Noticias Radio Reflejos","og_description":"Una de las organizadoras del evento sum\u00f3 informaci\u00f3n a un encuentro que este a\u00f1o se dar\u00e1 el 10 de diciembre en el predio del ferrocarril. \u201cEst\u00e1n todos m\u00e1s que invitados\u201d asegur\u00f3.","og_url":"https:\/\/www.noticiasradioreflejos.com.ar\/2021\/soledad-davis-brindo-mas-detalles-sobre-la-tercera-edicion-de-la-fiesta-de-la-tradicion-en-saldungaray\/","og_site_name":"Noticias Radio Reflejos","article_published_time":"2023-11-22T21:04:04+00:00","og_image":[{"url":"https:\/\/live.staticflickr.com\/65535\/53349970410_efcf72bc09_c.jpg","type":"","width":"","height":""}],"author":"Arnaldo Botto","twitter_card":"summary_large_image","schema":{"@context":"https:\/\/schema.org","@graph":[{"@type":"WebPage","@id":"https:\/\/www.noticiasradioreflejos.com.ar\/2021\/soledad-davis-brindo-mas-detalles-sobre-la-tercera-edicion-de-la-fiesta-de-la-tradicion-en-saldungaray\/","url":"https:\/\/www.noticiasradioreflejos.com.ar\/2021\/soledad-davis-brindo-mas-detalles-sobre-la-tercera-edicion-de-la-fiesta-de-la-tradicion-en-saldungaray\/","name":"Soledad Davis brind\u00f3 m\u00e1s detalles sobre la Tercera edici\u00f3n de la Fiesta de la Tradici\u00f3n en Saldungaray - Noticias Radio Reflejos","isPartOf":{"@id":"https:\/\/www.noticiasradioreflejos.com.ar\/2021\/#website"},"primaryImageOfPage":{"@id":"https:\/\/www.noticiasradioreflejos.com.ar\/2021\/soledad-davis-brindo-mas-detalles-sobre-la-tercera-edicion-de-la-fiesta-de-la-tradicion-en-saldungaray\/#primaryimage"},"image":{"@id":"https:\/\/www.noticiasradioreflejos.com.ar\/2021\/soledad-davis-brindo-mas-detalles-sobre-la-tercera-edicion-de-la-fiesta-de-la-tradicion-en-saldungaray\/#primaryimage"},"thumbnailUrl":"https:\/\/live.staticflickr.com\/65535\/53349970410_efcf72bc09_c.jpg","datePublished":"2023-11-22T21:04:04+00:00","author":{"@id":"https:\/\/www.noticiasradioreflejos.com.ar\/2021\/#\/schema\/person\/ad82545263dcc5ec0996818884fd5fb1"},"breadcrumb":{"@id":"https:\/\/www.noticiasradioreflejos.com.ar\/2021\/soledad-davis-brindo-mas-detalles-sobre-la-tercera-edicion-de-la-fiesta-de-la-tradicion-en-saldungaray\/#breadcrumb"},"inLanguage":"es","potentialAction":[{"@type":"ReadAction","target":["https:\/\/www.noticiasradioreflejos.com.ar\/2021\/soledad-davis-brindo-mas-detalles-sobre-la-tercera-edicion-de-la-fiesta-de-la-tradicion-en-saldungaray\/"]}]},{"@type":"ImageObject","inLanguage":"es","@id":"https:\/\/www.noticiasradioreflejos.com.ar\/2021\/soledad-davis-brindo-mas-detalles-sobre-la-tercera-edicion-de-la-fiesta-de-la-tradicion-en-saldungaray\/#primaryimage","url":"https:\/\/live.staticflickr.com\/65535\/53349970410_efcf72bc09_c.jpg","contentUrl":"https:\/\/live.staticflickr.com\/65535\/53349970410_efcf72bc09_c.jpg"},{"@type":"BreadcrumbList","@id":"https:\/\/www.noticiasradioreflejos.com.ar\/2021\/soledad-davis-brindo-mas-detalles-sobre-la-tercera-edicion-de-la-fiesta-de-la-tradicion-en-saldungaray\/#breadcrumb","itemListElement":[{"@type":"ListItem","position":1,"name":"Portada","item":"https:\/\/www.noticiasradioreflejos.com.ar\/2021\/"},{"@type":"ListItem","position":2,"name":"Soledad Davis brind\u00f3 m\u00e1s detalles sobre la Tercera edici\u00f3n de la Fiesta de la Tradici\u00f3n en Saldungaray"}]},{"@type":"WebSite","@id":"https:\/\/www.noticiasradioreflejos.com.ar\/2021\/#website","url":"https:\/\/www.noticiasradioreflejos.com.ar\/2021\/","name":"Noticias Radio Reflejos","description":"Las noticias de mi comarca","potentialAction":[{"@type":"SearchAction","target":{"@type":"EntryPoint","urlTemplate":"https:\/\/www.noticiasradioreflejos.com.ar\/2021\/?s={search_term_string}"},"query-input":{"@type":"PropertyValueSpecification","valueRequired":true,"valueName":"search_term_string"}}],"inLanguage":"es"},{"@type":"Person","@id":"https:\/\/www.noticiasradioreflejos.com.ar\/2021\/#\/schema\/person\/ad82545263dcc5ec0996818884fd5fb1","name":"Arnaldo Botto","image":{"@type":"ImageObject","inLanguage":"es","@id":"https:\/\/www.noticiasradioreflejos.com.ar\/2021\/#\/schema\/person\/image\/","url":"https:\/\/secure.gravatar.com\/avatar\/55cb5e37c1efa326397366e6974cb338056df65cb50e7d64d1cf314e87504837?s=96&d=mm&r=g","contentUrl":"https:\/\/secure.gravatar.com\/avatar\/55cb5e37c1efa326397366e6974cb338056df65cb50e7d64d1cf314e87504837?s=96&d=mm&r=g","caption":"Arnaldo Botto"},"url":"https:\/\/www.noticiasradioreflejos.com.ar\/2021\/author\/arnaldo\/"}]}},"_links":{"self":[{"href":"https:\/\/www.noticiasradioreflejos.com.ar\/2021\/wp-json\/wp\/v2\/posts\/95620","targetHints":{"allow":["GET"]}}],"collection":[{"href":"https:\/\/www.noticiasradioreflejos.com.ar\/2021\/wp-json\/wp\/v2\/posts"}],"about":[{"href":"https:\/\/www.noticiasradioreflejos.com.ar\/2021\/wp-json\/wp\/v2\/types\/post"}],"author":[{"embeddable":true,"href":"https:\/\/www.noticiasradioreflejos.com.ar\/2021\/wp-json\/wp\/v2\/users\/3"}],"replies":[{"embeddable":true,"href":"https:\/\/www.noticiasradioreflejos.com.ar\/2021\/wp-json\/wp\/v2\/comments?post=95620"}],"version-history":[{"count":2,"href":"https:\/\/www.noticiasradioreflejos.com.ar\/2021\/wp-json\/wp\/v2\/posts\/95620\/revisions"}],"predecessor-version":[{"id":95640,"href":"https:\/\/www.noticiasradioreflejos.com.ar\/2021\/wp-json\/wp\/v2\/posts\/95620\/revisions\/95640"}],"wp:attachment":[{"href":"https:\/\/www.noticiasradioreflejos.com.ar\/2021\/wp-json\/wp\/v2\/media?parent=95620"}],"wp:term":[{"taxonomy":"category","embeddable":true,"href":"https:\/\/www.noticiasradioreflejos.com.ar\/2021\/wp-json\/wp\/v2\/categories?post=95620"},{"taxonomy":"post_tag","embeddable":true,"href":"https:\/\/www.noticiasradioreflejos.com.ar\/2021\/wp-json\/wp\/v2\/tags?post=95620"}],"curies":[{"name":"wp","href":"https:\/\/api.w.org\/{rel}","templated":true}]}}