{"id":95602,"date":"2023-11-22T11:30:12","date_gmt":"2023-11-22T11:30:12","guid":{"rendered":"https:\/\/www.noticiasradioreflejos.com.ar\/2021\/?p=95602"},"modified":"2023-11-22T11:33:21","modified_gmt":"2023-11-22T11:33:21","slug":"el-concejo-deliberante-aprobo-nuevas-tarifas-del-transporte-interurbano-de-via-51","status":"publish","type":"post","link":"https:\/\/www.noticiasradioreflejos.com.ar\/2021\/el-concejo-deliberante-aprobo-nuevas-tarifas-del-transporte-interurbano-de-via-51\/","title":{"rendered":"El concejo deliberante aprob\u00f3 nuevas tarifas del transporte interurbano de V\u00eda 51"},"content":{"rendered":"<p>Por unanimidad, el Honorable Concejo Deliberante aprob\u00f3 las nuevas tarifas que fueron enviadas en su oportunidad por Dante Lange, presidente de la empresa V\u00eda 51 que realiza el recorrido entre Tornquist y Saldungaray y Viceversa del transporte interurbano de pasajeros.<!--more--><\/p>\n<p><img decoding=\"async\" src=\"https:\/\/www.noticiastornquist.com.ar\/imagen.php?imagen=2023-11\/tarifas.jpg\" \/><\/p>\n<div><\/div>\n<hr \/>\n<div class=\"anuncioh\"><\/div>\n<div class=\"table-cell aside\">\n<div class=\"anuncio anuncio-float\"><\/div>\n<\/div>\n<p>&nbsp;<\/p>\n<footer>\n<div class=\"wfix\">\n<div class=\"table\">\n<div class=\"table-cell\">\n<div class=\"table-cell redes\"><\/div>\n<\/div>\n<\/div>\n<\/div>\n<\/footer>\n","protected":false},"excerpt":{"rendered":"<p>Por unanimidad, el Honorable Concejo Deliberante aprob\u00f3 las nuevas tarifas que fueron enviadas en su oportunidad por Dante Lange, presidente de la empresa V\u00eda 51 que realiza el recorrido entre Tornquist y Saldungaray y Viceversa del transporte interurbano de pasajeros.<\/p>\n","protected":false},"author":3,"featured_media":90448,"comment_status":"closed","ping_status":"closed","sticky":false,"template":"","format":"standard","meta":{"footnotes":""},"categories":[59],"tags":[],"class_list":["post-95602","post","type-post","status-publish","format-standard","has-post-thumbnail","hentry","category-concejo-deliberante"],"yoast_head":"<!-- This site is optimized with the Yoast SEO plugin v25.9 - https:\/\/yoast.com\/wordpress\/plugins\/seo\/ -->\n<title>El concejo deliberante aprob\u00f3 nuevas tarifas del transporte interurbano de V\u00eda 51 - Noticias Radio Reflejos<\/title>\n<meta name=\"robots\" content=\"index, follow, max-snippet:-1, max-image-preview:large, max-video-preview:-1\" \/>\n<link rel=\"canonical\" href=\"https:\/\/www.noticiasradioreflejos.com.ar\/2021\/el-concejo-deliberante-aprobo-nuevas-tarifas-del-transporte-interurbano-de-via-51\/\" \/>\n<meta property=\"og:locale\" content=\"es_ES\" \/>\n<meta property=\"og:type\" content=\"article\" \/>\n<meta property=\"og:title\" content=\"El concejo deliberante aprob\u00f3 nuevas tarifas del transporte interurbano de V\u00eda 51 - Noticias Radio Reflejos\" \/>\n<meta property=\"og:description\" content=\"Por unanimidad, el Honorable Concejo Deliberante aprob\u00f3 las nuevas tarifas que fueron enviadas en su oportunidad por Dante Lange, presidente de la empresa V\u00eda 51 que realiza el recorrido entre Tornquist y Saldungaray y Viceversa del transporte interurbano de pasajeros.\" \/>\n<meta property=\"og:url\" content=\"https:\/\/www.noticiasradioreflejos.com.ar\/2021\/el-concejo-deliberante-aprobo-nuevas-tarifas-del-transporte-interurbano-de-via-51\/\" \/>\n<meta property=\"og:site_name\" content=\"Noticias Radio Reflejos\" \/>\n<meta property=\"article:published_time\" content=\"2023-11-22T11:30:12+00:00\" \/>\n<meta property=\"article:modified_time\" content=\"2023-11-22T11:33:21+00:00\" \/>\n<meta property=\"og:image\" content=\"https:\/\/www.noticiasradioreflejos.com.ar\/2021\/wp-content\/uploads\/2023\/07\/Via-51.jpeg\" \/>\n\t<meta property=\"og:image:width\" content=\"949\" \/>\n\t<meta property=\"og:image:height\" content=\"498\" \/>\n\t<meta property=\"og:image:type\" content=\"image\/jpeg\" \/>\n<meta name=\"author\" content=\"Arnaldo Botto\" \/>\n<meta name=\"twitter:card\" content=\"summary_large_image\" \/>\n<script type=\"application\/ld+json\" class=\"yoast-schema-graph\">{\"@context\":\"https:\/\/schema.org\",\"@graph\":[{\"@type\":\"WebPage\",\"@id\":\"https:\/\/www.noticiasradioreflejos.com.ar\/2021\/el-concejo-deliberante-aprobo-nuevas-tarifas-del-transporte-interurbano-de-via-51\/\",\"url\":\"https:\/\/www.noticiasradioreflejos.com.ar\/2021\/el-concejo-deliberante-aprobo-nuevas-tarifas-del-transporte-interurbano-de-via-51\/\",\"name\":\"El concejo deliberante aprob\u00f3 nuevas tarifas del transporte interurbano de V\u00eda 51 - Noticias Radio Reflejos\",\"isPartOf\":{\"@id\":\"https:\/\/www.noticiasradioreflejos.com.ar\/2021\/#website\"},\"primaryImageOfPage\":{\"@id\":\"https:\/\/www.noticiasradioreflejos.com.ar\/2021\/el-concejo-deliberante-aprobo-nuevas-tarifas-del-transporte-interurbano-de-via-51\/#primaryimage\"},\"image\":{\"@id\":\"https:\/\/www.noticiasradioreflejos.com.ar\/2021\/el-concejo-deliberante-aprobo-nuevas-tarifas-del-transporte-interurbano-de-via-51\/#primaryimage\"},\"thumbnailUrl\":\"https:\/\/www.noticiasradioreflejos.com.ar\/2021\/wp-content\/uploads\/2023\/07\/Via-51.jpeg\",\"datePublished\":\"2023-11-22T11:30:12+00:00\",\"dateModified\":\"2023-11-22T11:33:21+00:00\",\"author\":{\"@id\":\"https:\/\/www.noticiasradioreflejos.com.ar\/2021\/#\/schema\/person\/ad82545263dcc5ec0996818884fd5fb1\"},\"breadcrumb\":{\"@id\":\"https:\/\/www.noticiasradioreflejos.com.ar\/2021\/el-concejo-deliberante-aprobo-nuevas-tarifas-del-transporte-interurbano-de-via-51\/#breadcrumb\"},\"inLanguage\":\"es\",\"potentialAction\":[{\"@type\":\"ReadAction\",\"target\":[\"https:\/\/www.noticiasradioreflejos.com.ar\/2021\/el-concejo-deliberante-aprobo-nuevas-tarifas-del-transporte-interurbano-de-via-51\/\"]}]},{\"@type\":\"ImageObject\",\"inLanguage\":\"es\",\"@id\":\"https:\/\/www.noticiasradioreflejos.com.ar\/2021\/el-concejo-deliberante-aprobo-nuevas-tarifas-del-transporte-interurbano-de-via-51\/#primaryimage\",\"url\":\"https:\/\/www.noticiasradioreflejos.com.ar\/2021\/wp-content\/uploads\/2023\/07\/Via-51.jpeg\",\"contentUrl\":\"https:\/\/www.noticiasradioreflejos.com.ar\/2021\/wp-content\/uploads\/2023\/07\/Via-51.jpeg\",\"width\":949,\"height\":498},{\"@type\":\"BreadcrumbList\",\"@id\":\"https:\/\/www.noticiasradioreflejos.com.ar\/2021\/el-concejo-deliberante-aprobo-nuevas-tarifas-del-transporte-interurbano-de-via-51\/#breadcrumb\",\"itemListElement\":[{\"@type\":\"ListItem\",\"position\":1,\"name\":\"Portada\",\"item\":\"https:\/\/www.noticiasradioreflejos.com.ar\/2021\/\"},{\"@type\":\"ListItem\",\"position\":2,\"name\":\"El concejo deliberante aprob\u00f3 nuevas tarifas del transporte interurbano de V\u00eda 51\"}]},{\"@type\":\"WebSite\",\"@id\":\"https:\/\/www.noticiasradioreflejos.com.ar\/2021\/#website\",\"url\":\"https:\/\/www.noticiasradioreflejos.com.ar\/2021\/\",\"name\":\"Noticias Radio Reflejos\",\"description\":\"Las noticias de mi comarca\",\"potentialAction\":[{\"@type\":\"SearchAction\",\"target\":{\"@type\":\"EntryPoint\",\"urlTemplate\":\"https:\/\/www.noticiasradioreflejos.com.ar\/2021\/?s={search_term_string}\"},\"query-input\":{\"@type\":\"PropertyValueSpecification\",\"valueRequired\":true,\"valueName\":\"search_term_string\"}}],\"inLanguage\":\"es\"},{\"@type\":\"Person\",\"@id\":\"https:\/\/www.noticiasradioreflejos.com.ar\/2021\/#\/schema\/person\/ad82545263dcc5ec0996818884fd5fb1\",\"name\":\"Arnaldo Botto\",\"image\":{\"@type\":\"ImageObject\",\"inLanguage\":\"es\",\"@id\":\"https:\/\/www.noticiasradioreflejos.com.ar\/2021\/#\/schema\/person\/image\/\",\"url\":\"https:\/\/secure.gravatar.com\/avatar\/55cb5e37c1efa326397366e6974cb338056df65cb50e7d64d1cf314e87504837?s=96&d=mm&r=g\",\"contentUrl\":\"https:\/\/secure.gravatar.com\/avatar\/55cb5e37c1efa326397366e6974cb338056df65cb50e7d64d1cf314e87504837?s=96&d=mm&r=g\",\"caption\":\"Arnaldo Botto\"},\"url\":\"https:\/\/www.noticiasradioreflejos.com.ar\/2021\/author\/arnaldo\/\"}]}<\/script>\n<!-- \/ Yoast SEO plugin. -->","yoast_head_json":{"title":"El concejo deliberante aprob\u00f3 nuevas tarifas del transporte interurbano de V\u00eda 51 - Noticias Radio Reflejos","robots":{"index":"index","follow":"follow","max-snippet":"max-snippet:-1","max-image-preview":"max-image-preview:large","max-video-preview":"max-video-preview:-1"},"canonical":"https:\/\/www.noticiasradioreflejos.com.ar\/2021\/el-concejo-deliberante-aprobo-nuevas-tarifas-del-transporte-interurbano-de-via-51\/","og_locale":"es_ES","og_type":"article","og_title":"El concejo deliberante aprob\u00f3 nuevas tarifas del transporte interurbano de V\u00eda 51 - Noticias Radio Reflejos","og_description":"Por unanimidad, el Honorable Concejo Deliberante aprob\u00f3 las nuevas tarifas que fueron enviadas en su oportunidad por Dante Lange, presidente de la empresa V\u00eda 51 que realiza el recorrido entre Tornquist y Saldungaray y Viceversa del transporte interurbano de pasajeros.","og_url":"https:\/\/www.noticiasradioreflejos.com.ar\/2021\/el-concejo-deliberante-aprobo-nuevas-tarifas-del-transporte-interurbano-de-via-51\/","og_site_name":"Noticias Radio Reflejos","article_published_time":"2023-11-22T11:30:12+00:00","article_modified_time":"2023-11-22T11:33:21+00:00","og_image":[{"width":949,"height":498,"url":"https:\/\/www.noticiasradioreflejos.com.ar\/2021\/wp-content\/uploads\/2023\/07\/Via-51.jpeg","type":"image\/jpeg"}],"author":"Arnaldo Botto","twitter_card":"summary_large_image","schema":{"@context":"https:\/\/schema.org","@graph":[{"@type":"WebPage","@id":"https:\/\/www.noticiasradioreflejos.com.ar\/2021\/el-concejo-deliberante-aprobo-nuevas-tarifas-del-transporte-interurbano-de-via-51\/","url":"https:\/\/www.noticiasradioreflejos.com.ar\/2021\/el-concejo-deliberante-aprobo-nuevas-tarifas-del-transporte-interurbano-de-via-51\/","name":"El concejo deliberante aprob\u00f3 nuevas tarifas del transporte interurbano de V\u00eda 51 - Noticias Radio Reflejos","isPartOf":{"@id":"https:\/\/www.noticiasradioreflejos.com.ar\/2021\/#website"},"primaryImageOfPage":{"@id":"https:\/\/www.noticiasradioreflejos.com.ar\/2021\/el-concejo-deliberante-aprobo-nuevas-tarifas-del-transporte-interurbano-de-via-51\/#primaryimage"},"image":{"@id":"https:\/\/www.noticiasradioreflejos.com.ar\/2021\/el-concejo-deliberante-aprobo-nuevas-tarifas-del-transporte-interurbano-de-via-51\/#primaryimage"},"thumbnailUrl":"https:\/\/www.noticiasradioreflejos.com.ar\/2021\/wp-content\/uploads\/2023\/07\/Via-51.jpeg","datePublished":"2023-11-22T11:30:12+00:00","dateModified":"2023-11-22T11:33:21+00:00","author":{"@id":"https:\/\/www.noticiasradioreflejos.com.ar\/2021\/#\/schema\/person\/ad82545263dcc5ec0996818884fd5fb1"},"breadcrumb":{"@id":"https:\/\/www.noticiasradioreflejos.com.ar\/2021\/el-concejo-deliberante-aprobo-nuevas-tarifas-del-transporte-interurbano-de-via-51\/#breadcrumb"},"inLanguage":"es","potentialAction":[{"@type":"ReadAction","target":["https:\/\/www.noticiasradioreflejos.com.ar\/2021\/el-concejo-deliberante-aprobo-nuevas-tarifas-del-transporte-interurbano-de-via-51\/"]}]},{"@type":"ImageObject","inLanguage":"es","@id":"https:\/\/www.noticiasradioreflejos.com.ar\/2021\/el-concejo-deliberante-aprobo-nuevas-tarifas-del-transporte-interurbano-de-via-51\/#primaryimage","url":"https:\/\/www.noticiasradioreflejos.com.ar\/2021\/wp-content\/uploads\/2023\/07\/Via-51.jpeg","contentUrl":"https:\/\/www.noticiasradioreflejos.com.ar\/2021\/wp-content\/uploads\/2023\/07\/Via-51.jpeg","width":949,"height":498},{"@type":"BreadcrumbList","@id":"https:\/\/www.noticiasradioreflejos.com.ar\/2021\/el-concejo-deliberante-aprobo-nuevas-tarifas-del-transporte-interurbano-de-via-51\/#breadcrumb","itemListElement":[{"@type":"ListItem","position":1,"name":"Portada","item":"https:\/\/www.noticiasradioreflejos.com.ar\/2021\/"},{"@type":"ListItem","position":2,"name":"El concejo deliberante aprob\u00f3 nuevas tarifas del transporte interurbano de V\u00eda 51"}]},{"@type":"WebSite","@id":"https:\/\/www.noticiasradioreflejos.com.ar\/2021\/#website","url":"https:\/\/www.noticiasradioreflejos.com.ar\/2021\/","name":"Noticias Radio Reflejos","description":"Las noticias de mi comarca","potentialAction":[{"@type":"SearchAction","target":{"@type":"EntryPoint","urlTemplate":"https:\/\/www.noticiasradioreflejos.com.ar\/2021\/?s={search_term_string}"},"query-input":{"@type":"PropertyValueSpecification","valueRequired":true,"valueName":"search_term_string"}}],"inLanguage":"es"},{"@type":"Person","@id":"https:\/\/www.noticiasradioreflejos.com.ar\/2021\/#\/schema\/person\/ad82545263dcc5ec0996818884fd5fb1","name":"Arnaldo Botto","image":{"@type":"ImageObject","inLanguage":"es","@id":"https:\/\/www.noticiasradioreflejos.com.ar\/2021\/#\/schema\/person\/image\/","url":"https:\/\/secure.gravatar.com\/avatar\/55cb5e37c1efa326397366e6974cb338056df65cb50e7d64d1cf314e87504837?s=96&d=mm&r=g","contentUrl":"https:\/\/secure.gravatar.com\/avatar\/55cb5e37c1efa326397366e6974cb338056df65cb50e7d64d1cf314e87504837?s=96&d=mm&r=g","caption":"Arnaldo Botto"},"url":"https:\/\/www.noticiasradioreflejos.com.ar\/2021\/author\/arnaldo\/"}]}},"_links":{"self":[{"href":"https:\/\/www.noticiasradioreflejos.com.ar\/2021\/wp-json\/wp\/v2\/posts\/95602","targetHints":{"allow":["GET"]}}],"collection":[{"href":"https:\/\/www.noticiasradioreflejos.com.ar\/2021\/wp-json\/wp\/v2\/posts"}],"about":[{"href":"https:\/\/www.noticiasradioreflejos.com.ar\/2021\/wp-json\/wp\/v2\/types\/post"}],"author":[{"embeddable":true,"href":"https:\/\/www.noticiasradioreflejos.com.ar\/2021\/wp-json\/wp\/v2\/users\/3"}],"replies":[{"embeddable":true,"href":"https:\/\/www.noticiasradioreflejos.com.ar\/2021\/wp-json\/wp\/v2\/comments?post=95602"}],"version-history":[{"count":3,"href":"https:\/\/www.noticiasradioreflejos.com.ar\/2021\/wp-json\/wp\/v2\/posts\/95602\/revisions"}],"predecessor-version":[{"id":95605,"href":"https:\/\/www.noticiasradioreflejos.com.ar\/2021\/wp-json\/wp\/v2\/posts\/95602\/revisions\/95605"}],"wp:featuredmedia":[{"embeddable":true,"href":"https:\/\/www.noticiasradioreflejos.com.ar\/2021\/wp-json\/wp\/v2\/media\/90448"}],"wp:attachment":[{"href":"https:\/\/www.noticiasradioreflejos.com.ar\/2021\/wp-json\/wp\/v2\/media?parent=95602"}],"wp:term":[{"taxonomy":"category","embeddable":true,"href":"https:\/\/www.noticiasradioreflejos.com.ar\/2021\/wp-json\/wp\/v2\/categories?post=95602"},{"taxonomy":"post_tag","embeddable":true,"href":"https:\/\/www.noticiasradioreflejos.com.ar\/2021\/wp-json\/wp\/v2\/tags?post=95602"}],"curies":[{"name":"wp","href":"https:\/\/api.w.org\/{rel}","templated":true}]}}