{"id":95565,"date":"2023-11-21T19:34:04","date_gmt":"2023-11-21T19:34:04","guid":{"rendered":"https:\/\/www.noticiasradioreflejos.com.ar\/2021\/?p=95565"},"modified":"2023-11-21T19:34:04","modified_gmt":"2023-11-21T19:34:04","slug":"comenzo-la-obra-de-restauracion-y-conservacion-del-portal-del-cementerio-de-saldungaray","status":"publish","type":"post","link":"https:\/\/www.noticiasradioreflejos.com.ar\/2021\/comenzo-la-obra-de-restauracion-y-conservacion-del-portal-del-cementerio-de-saldungaray\/","title":{"rendered":"Comenz\u00f3 la obra de restauraci\u00f3n y conservaci\u00f3n del portal del Cementerio de Saldungaray"},"content":{"rendered":"<p>En los \u00faltimos d\u00edas se puso en marcha la obra de restauraci\u00f3n y conservaci\u00f3n del portal del Cementerio Municipal de Saldungaray, dise\u00f1ado por el arquitecto Francisco Salamone.<!--more--><\/p>\n<p>En ese marco, comenzaron tareas de hidrolavado y limpieza de las superficies a intervenir, que presentan deterioro y mal estado.<br \/>\n<a title=\"Obra Cementerio (1)\" href=\"https:\/\/www.flickr.com\/photos\/182279889@N02\/53346369537\/in\/dateposted-public\/\" data-flickr-embed=\"true\"><img loading=\"lazy\" decoding=\"async\" src=\"https:\/\/live.staticflickr.com\/65535\/53346369537_bd958d045d_c.jpg\" alt=\"Obra Cementerio (1)\" width=\"800\" height=\"450\" \/><\/a><\/p>\n<p>Durante la obra, en la que se mantendr\u00e1n los patrones arquitect\u00f3nicos del portal, se prev\u00e9n el reemplazo de materiales no originales, colocados en reconstrucciones anteriores, por los adecuados; refuerzos en estructuras por fisuras y grietas; reparaciones de losas, revoques y revestimientos; y reconstrucciones de distintas partes de la figura de Cristo.<br \/>\nAsimismo, se contempla el recambio de pisos del frente del cementerio y remodelaci\u00f3n de las escalinatas del ingreso y de los sanitarios, y la generaci\u00f3n de un dep\u00f3sito.<\/p>\n<p>&nbsp;<br \/>\n<a data-flickr-embed=\"true\" href=\"https:\/\/www.flickr.com\/photos\/182279889@N02\/53347693075\/in\/dateposted-public\/\" title=\"Obra Cementerio (3)\"><img loading=\"lazy\" decoding=\"async\" src=\"https:\/\/live.staticflickr.com\/65535\/53347693075_3e0eed4e80_c.jpg\" width=\"600\" height=\"800\" alt=\"Obra Cementerio (3)\"\/><\/a><script async src=\"\/\/embedr.flickr.com\/assets\/client-code.js\" charset=\"utf-8\"><\/script><br \/>\n&nbsp;<\/p>\n","protected":false},"excerpt":{"rendered":"<p>En los \u00faltimos d\u00edas se puso en marcha la obra de restauraci\u00f3n y conservaci\u00f3n del portal del Cementerio Municipal de Saldungaray, dise\u00f1ado por el arquitecto Francisco Salamone.<\/p>\n","protected":false},"author":3,"featured_media":95566,"comment_status":"closed","ping_status":"closed","sticky":false,"template":"","format":"standard","meta":{"footnotes":""},"categories":[28],"tags":[48],"class_list":["post-95565","post","type-post","status-publish","format-standard","has-post-thumbnail","hentry","category-municipales","tag-destacada"],"yoast_head":"<!-- This site is optimized with the Yoast SEO plugin v25.9 - https:\/\/yoast.com\/wordpress\/plugins\/seo\/ -->\n<title>Comenz\u00f3 la obra de restauraci\u00f3n y conservaci\u00f3n del portal del Cementerio de Saldungaray - Noticias Radio Reflejos<\/title>\n<meta name=\"robots\" content=\"index, follow, max-snippet:-1, max-image-preview:large, max-video-preview:-1\" \/>\n<link rel=\"canonical\" href=\"https:\/\/www.noticiasradioreflejos.com.ar\/2021\/comenzo-la-obra-de-restauracion-y-conservacion-del-portal-del-cementerio-de-saldungaray\/\" \/>\n<meta property=\"og:locale\" content=\"es_ES\" \/>\n<meta property=\"og:type\" content=\"article\" \/>\n<meta property=\"og:title\" content=\"Comenz\u00f3 la obra de restauraci\u00f3n y conservaci\u00f3n del portal del Cementerio de Saldungaray - Noticias Radio Reflejos\" \/>\n<meta property=\"og:description\" content=\"En los \u00faltimos d\u00edas se puso en marcha la obra de restauraci\u00f3n y conservaci\u00f3n del portal del Cementerio Municipal de Saldungaray, dise\u00f1ado por el arquitecto Francisco Salamone.\" \/>\n<meta property=\"og:url\" content=\"https:\/\/www.noticiasradioreflejos.com.ar\/2021\/comenzo-la-obra-de-restauracion-y-conservacion-del-portal-del-cementerio-de-saldungaray\/\" \/>\n<meta property=\"og:site_name\" content=\"Noticias Radio Reflejos\" \/>\n<meta property=\"article:published_time\" content=\"2023-11-21T19:34:04+00:00\" \/>\n<meta property=\"og:image\" content=\"https:\/\/www.noticiasradioreflejos.com.ar\/2021\/wp-content\/uploads\/2023\/11\/Obra-Cementerio-2.jpeg\" \/>\n\t<meta property=\"og:image:width\" content=\"1200\" \/>\n\t<meta property=\"og:image:height\" content=\"1600\" \/>\n\t<meta property=\"og:image:type\" content=\"image\/jpeg\" \/>\n<meta name=\"author\" content=\"Arnaldo Botto\" \/>\n<meta name=\"twitter:card\" content=\"summary_large_image\" \/>\n<script type=\"application\/ld+json\" class=\"yoast-schema-graph\">{\"@context\":\"https:\/\/schema.org\",\"@graph\":[{\"@type\":\"WebPage\",\"@id\":\"https:\/\/www.noticiasradioreflejos.com.ar\/2021\/comenzo-la-obra-de-restauracion-y-conservacion-del-portal-del-cementerio-de-saldungaray\/\",\"url\":\"https:\/\/www.noticiasradioreflejos.com.ar\/2021\/comenzo-la-obra-de-restauracion-y-conservacion-del-portal-del-cementerio-de-saldungaray\/\",\"name\":\"Comenz\u00f3 la obra de restauraci\u00f3n y conservaci\u00f3n del portal del Cementerio de Saldungaray - Noticias Radio Reflejos\",\"isPartOf\":{\"@id\":\"https:\/\/www.noticiasradioreflejos.com.ar\/2021\/#website\"},\"primaryImageOfPage\":{\"@id\":\"https:\/\/www.noticiasradioreflejos.com.ar\/2021\/comenzo-la-obra-de-restauracion-y-conservacion-del-portal-del-cementerio-de-saldungaray\/#primaryimage\"},\"image\":{\"@id\":\"https:\/\/www.noticiasradioreflejos.com.ar\/2021\/comenzo-la-obra-de-restauracion-y-conservacion-del-portal-del-cementerio-de-saldungaray\/#primaryimage\"},\"thumbnailUrl\":\"https:\/\/www.noticiasradioreflejos.com.ar\/2021\/wp-content\/uploads\/2023\/11\/Obra-Cementerio-2.jpeg\",\"datePublished\":\"2023-11-21T19:34:04+00:00\",\"author\":{\"@id\":\"https:\/\/www.noticiasradioreflejos.com.ar\/2021\/#\/schema\/person\/ad82545263dcc5ec0996818884fd5fb1\"},\"breadcrumb\":{\"@id\":\"https:\/\/www.noticiasradioreflejos.com.ar\/2021\/comenzo-la-obra-de-restauracion-y-conservacion-del-portal-del-cementerio-de-saldungaray\/#breadcrumb\"},\"inLanguage\":\"es\",\"potentialAction\":[{\"@type\":\"ReadAction\",\"target\":[\"https:\/\/www.noticiasradioreflejos.com.ar\/2021\/comenzo-la-obra-de-restauracion-y-conservacion-del-portal-del-cementerio-de-saldungaray\/\"]}]},{\"@type\":\"ImageObject\",\"inLanguage\":\"es\",\"@id\":\"https:\/\/www.noticiasradioreflejos.com.ar\/2021\/comenzo-la-obra-de-restauracion-y-conservacion-del-portal-del-cementerio-de-saldungaray\/#primaryimage\",\"url\":\"https:\/\/www.noticiasradioreflejos.com.ar\/2021\/wp-content\/uploads\/2023\/11\/Obra-Cementerio-2.jpeg\",\"contentUrl\":\"https:\/\/www.noticiasradioreflejos.com.ar\/2021\/wp-content\/uploads\/2023\/11\/Obra-Cementerio-2.jpeg\",\"width\":1200,\"height\":1600},{\"@type\":\"BreadcrumbList\",\"@id\":\"https:\/\/www.noticiasradioreflejos.com.ar\/2021\/comenzo-la-obra-de-restauracion-y-conservacion-del-portal-del-cementerio-de-saldungaray\/#breadcrumb\",\"itemListElement\":[{\"@type\":\"ListItem\",\"position\":1,\"name\":\"Portada\",\"item\":\"https:\/\/www.noticiasradioreflejos.com.ar\/2021\/\"},{\"@type\":\"ListItem\",\"position\":2,\"name\":\"Comenz\u00f3 la obra de restauraci\u00f3n y conservaci\u00f3n del portal del Cementerio de Saldungaray\"}]},{\"@type\":\"WebSite\",\"@id\":\"https:\/\/www.noticiasradioreflejos.com.ar\/2021\/#website\",\"url\":\"https:\/\/www.noticiasradioreflejos.com.ar\/2021\/\",\"name\":\"Noticias Radio Reflejos\",\"description\":\"Las noticias de mi comarca\",\"potentialAction\":[{\"@type\":\"SearchAction\",\"target\":{\"@type\":\"EntryPoint\",\"urlTemplate\":\"https:\/\/www.noticiasradioreflejos.com.ar\/2021\/?s={search_term_string}\"},\"query-input\":{\"@type\":\"PropertyValueSpecification\",\"valueRequired\":true,\"valueName\":\"search_term_string\"}}],\"inLanguage\":\"es\"},{\"@type\":\"Person\",\"@id\":\"https:\/\/www.noticiasradioreflejos.com.ar\/2021\/#\/schema\/person\/ad82545263dcc5ec0996818884fd5fb1\",\"name\":\"Arnaldo Botto\",\"image\":{\"@type\":\"ImageObject\",\"inLanguage\":\"es\",\"@id\":\"https:\/\/www.noticiasradioreflejos.com.ar\/2021\/#\/schema\/person\/image\/\",\"url\":\"https:\/\/secure.gravatar.com\/avatar\/55cb5e37c1efa326397366e6974cb338056df65cb50e7d64d1cf314e87504837?s=96&d=mm&r=g\",\"contentUrl\":\"https:\/\/secure.gravatar.com\/avatar\/55cb5e37c1efa326397366e6974cb338056df65cb50e7d64d1cf314e87504837?s=96&d=mm&r=g\",\"caption\":\"Arnaldo Botto\"},\"url\":\"https:\/\/www.noticiasradioreflejos.com.ar\/2021\/author\/arnaldo\/\"}]}<\/script>\n<!-- \/ Yoast SEO plugin. -->","yoast_head_json":{"title":"Comenz\u00f3 la obra de restauraci\u00f3n y conservaci\u00f3n del portal del Cementerio de Saldungaray - Noticias Radio Reflejos","robots":{"index":"index","follow":"follow","max-snippet":"max-snippet:-1","max-image-preview":"max-image-preview:large","max-video-preview":"max-video-preview:-1"},"canonical":"https:\/\/www.noticiasradioreflejos.com.ar\/2021\/comenzo-la-obra-de-restauracion-y-conservacion-del-portal-del-cementerio-de-saldungaray\/","og_locale":"es_ES","og_type":"article","og_title":"Comenz\u00f3 la obra de restauraci\u00f3n y conservaci\u00f3n del portal del Cementerio de Saldungaray - Noticias Radio Reflejos","og_description":"En los \u00faltimos d\u00edas se puso en marcha la obra de restauraci\u00f3n y conservaci\u00f3n del portal del Cementerio Municipal de Saldungaray, dise\u00f1ado por el arquitecto Francisco Salamone.","og_url":"https:\/\/www.noticiasradioreflejos.com.ar\/2021\/comenzo-la-obra-de-restauracion-y-conservacion-del-portal-del-cementerio-de-saldungaray\/","og_site_name":"Noticias Radio Reflejos","article_published_time":"2023-11-21T19:34:04+00:00","og_image":[{"width":1200,"height":1600,"url":"https:\/\/www.noticiasradioreflejos.com.ar\/2021\/wp-content\/uploads\/2023\/11\/Obra-Cementerio-2.jpeg","type":"image\/jpeg"}],"author":"Arnaldo Botto","twitter_card":"summary_large_image","schema":{"@context":"https:\/\/schema.org","@graph":[{"@type":"WebPage","@id":"https:\/\/www.noticiasradioreflejos.com.ar\/2021\/comenzo-la-obra-de-restauracion-y-conservacion-del-portal-del-cementerio-de-saldungaray\/","url":"https:\/\/www.noticiasradioreflejos.com.ar\/2021\/comenzo-la-obra-de-restauracion-y-conservacion-del-portal-del-cementerio-de-saldungaray\/","name":"Comenz\u00f3 la obra de restauraci\u00f3n y conservaci\u00f3n del portal del Cementerio de Saldungaray - Noticias Radio Reflejos","isPartOf":{"@id":"https:\/\/www.noticiasradioreflejos.com.ar\/2021\/#website"},"primaryImageOfPage":{"@id":"https:\/\/www.noticiasradioreflejos.com.ar\/2021\/comenzo-la-obra-de-restauracion-y-conservacion-del-portal-del-cementerio-de-saldungaray\/#primaryimage"},"image":{"@id":"https:\/\/www.noticiasradioreflejos.com.ar\/2021\/comenzo-la-obra-de-restauracion-y-conservacion-del-portal-del-cementerio-de-saldungaray\/#primaryimage"},"thumbnailUrl":"https:\/\/www.noticiasradioreflejos.com.ar\/2021\/wp-content\/uploads\/2023\/11\/Obra-Cementerio-2.jpeg","datePublished":"2023-11-21T19:34:04+00:00","author":{"@id":"https:\/\/www.noticiasradioreflejos.com.ar\/2021\/#\/schema\/person\/ad82545263dcc5ec0996818884fd5fb1"},"breadcrumb":{"@id":"https:\/\/www.noticiasradioreflejos.com.ar\/2021\/comenzo-la-obra-de-restauracion-y-conservacion-del-portal-del-cementerio-de-saldungaray\/#breadcrumb"},"inLanguage":"es","potentialAction":[{"@type":"ReadAction","target":["https:\/\/www.noticiasradioreflejos.com.ar\/2021\/comenzo-la-obra-de-restauracion-y-conservacion-del-portal-del-cementerio-de-saldungaray\/"]}]},{"@type":"ImageObject","inLanguage":"es","@id":"https:\/\/www.noticiasradioreflejos.com.ar\/2021\/comenzo-la-obra-de-restauracion-y-conservacion-del-portal-del-cementerio-de-saldungaray\/#primaryimage","url":"https:\/\/www.noticiasradioreflejos.com.ar\/2021\/wp-content\/uploads\/2023\/11\/Obra-Cementerio-2.jpeg","contentUrl":"https:\/\/www.noticiasradioreflejos.com.ar\/2021\/wp-content\/uploads\/2023\/11\/Obra-Cementerio-2.jpeg","width":1200,"height":1600},{"@type":"BreadcrumbList","@id":"https:\/\/www.noticiasradioreflejos.com.ar\/2021\/comenzo-la-obra-de-restauracion-y-conservacion-del-portal-del-cementerio-de-saldungaray\/#breadcrumb","itemListElement":[{"@type":"ListItem","position":1,"name":"Portada","item":"https:\/\/www.noticiasradioreflejos.com.ar\/2021\/"},{"@type":"ListItem","position":2,"name":"Comenz\u00f3 la obra de restauraci\u00f3n y conservaci\u00f3n del portal del Cementerio de Saldungaray"}]},{"@type":"WebSite","@id":"https:\/\/www.noticiasradioreflejos.com.ar\/2021\/#website","url":"https:\/\/www.noticiasradioreflejos.com.ar\/2021\/","name":"Noticias Radio Reflejos","description":"Las noticias de mi comarca","potentialAction":[{"@type":"SearchAction","target":{"@type":"EntryPoint","urlTemplate":"https:\/\/www.noticiasradioreflejos.com.ar\/2021\/?s={search_term_string}"},"query-input":{"@type":"PropertyValueSpecification","valueRequired":true,"valueName":"search_term_string"}}],"inLanguage":"es"},{"@type":"Person","@id":"https:\/\/www.noticiasradioreflejos.com.ar\/2021\/#\/schema\/person\/ad82545263dcc5ec0996818884fd5fb1","name":"Arnaldo Botto","image":{"@type":"ImageObject","inLanguage":"es","@id":"https:\/\/www.noticiasradioreflejos.com.ar\/2021\/#\/schema\/person\/image\/","url":"https:\/\/secure.gravatar.com\/avatar\/55cb5e37c1efa326397366e6974cb338056df65cb50e7d64d1cf314e87504837?s=96&d=mm&r=g","contentUrl":"https:\/\/secure.gravatar.com\/avatar\/55cb5e37c1efa326397366e6974cb338056df65cb50e7d64d1cf314e87504837?s=96&d=mm&r=g","caption":"Arnaldo Botto"},"url":"https:\/\/www.noticiasradioreflejos.com.ar\/2021\/author\/arnaldo\/"}]}},"_links":{"self":[{"href":"https:\/\/www.noticiasradioreflejos.com.ar\/2021\/wp-json\/wp\/v2\/posts\/95565","targetHints":{"allow":["GET"]}}],"collection":[{"href":"https:\/\/www.noticiasradioreflejos.com.ar\/2021\/wp-json\/wp\/v2\/posts"}],"about":[{"href":"https:\/\/www.noticiasradioreflejos.com.ar\/2021\/wp-json\/wp\/v2\/types\/post"}],"author":[{"embeddable":true,"href":"https:\/\/www.noticiasradioreflejos.com.ar\/2021\/wp-json\/wp\/v2\/users\/3"}],"replies":[{"embeddable":true,"href":"https:\/\/www.noticiasradioreflejos.com.ar\/2021\/wp-json\/wp\/v2\/comments?post=95565"}],"version-history":[{"count":1,"href":"https:\/\/www.noticiasradioreflejos.com.ar\/2021\/wp-json\/wp\/v2\/posts\/95565\/revisions"}],"predecessor-version":[{"id":95567,"href":"https:\/\/www.noticiasradioreflejos.com.ar\/2021\/wp-json\/wp\/v2\/posts\/95565\/revisions\/95567"}],"wp:featuredmedia":[{"embeddable":true,"href":"https:\/\/www.noticiasradioreflejos.com.ar\/2021\/wp-json\/wp\/v2\/media\/95566"}],"wp:attachment":[{"href":"https:\/\/www.noticiasradioreflejos.com.ar\/2021\/wp-json\/wp\/v2\/media?parent=95565"}],"wp:term":[{"taxonomy":"category","embeddable":true,"href":"https:\/\/www.noticiasradioreflejos.com.ar\/2021\/wp-json\/wp\/v2\/categories?post=95565"},{"taxonomy":"post_tag","embeddable":true,"href":"https:\/\/www.noticiasradioreflejos.com.ar\/2021\/wp-json\/wp\/v2\/tags?post=95565"}],"curies":[{"name":"wp","href":"https:\/\/api.w.org\/{rel}","templated":true}]}}