{"id":95544,"date":"2023-11-21T14:19:38","date_gmt":"2023-11-21T14:19:38","guid":{"rendered":"https:\/\/www.noticiasradioreflejos.com.ar\/2021\/?p=95544"},"modified":"2023-11-21T14:19:38","modified_gmt":"2023-11-21T14:19:38","slug":"alberto-fernandez-recibio-a-javier-milei-en-la-residencia-de-olivos","status":"publish","type":"post","link":"https:\/\/www.noticiasradioreflejos.com.ar\/2021\/alberto-fernandez-recibio-a-javier-milei-en-la-residencia-de-olivos\/","title":{"rendered":"Alberto Fern\u00e1ndez recibi\u00f3 a Javier Milei en la residencia de Olivos"},"content":{"rendered":"<p>El encuentro entre el presidente en funciones y el presidente electo se llev\u00f3 adelante \u00abcon el objeto de dar inicio al proceso de transici\u00f3n institucional entre los equipos designados por ambos en las distintas \u00e1reas de gobierno\u00bb.<!--more--><\/p>\n<div>\n<div class=\"wrapper-editable-content\">\n<div>\n<div class=\"container-md\">\n<div class=\"row\">\n<div class=\"col-md-12 speak\">\n<div class=\"paragraph\">\n<figure class=\"mb-3\"><img decoding=\"async\" class=\" lazy \" src=\"https:\/\/www.telam.com.ar\/thumbs\/bluesteel\/advf\/imagenes\/2023\/11\/655ca2e1871ab_1200.jpg\" alt=\"Foto Presidencia\" width=\"100%\" height=\"100%\" \/><figcaption>Foto: Presidencia<\/figcaption><\/figure>\n<p>El presidente\u00a0<strong>Alberto Fern\u00e1ndez<\/strong>\u00a0se reuni\u00f3 en la ma\u00f1ana de este martes con el jefe de Estado electo,<strong>\u00a0Javier Milei<\/strong>, en el marco de la transici\u00f3n hacia el inicio de la pr\u00f3xima gesti\u00f3n, el 10 de diciembre.<\/p>\n<p>\u00abEl Presidente Alberto Fern\u00e1ndez recibi\u00f3 esta ma\u00f1ana al Presidente electo, Javier Milei, El encuentro se llev\u00f3 adelante en la residencia presidencial de Olivos,<strong>\u00a0para dar inicio al proceso de transici\u00f3n institucional entre los equipos designados por ambos en las distintas \u00e1reas de gobierno<\/strong>\u00ab, se\u00f1al\u00f3 un comunicado difundido por la portavoz de la Presidencia, Gabriela Cerruti, que fue difundido en las redes sociales.<\/p>\n<p>Junto con la comunicaci\u00f3n se public\u00f3 una foto del encuentro, en la cual puede verse a ambos sentados en un sector de la Residencia de Olivos en torno a una peque\u00f1a mesa.<\/p>\n<div class=\"twitter-tweet twitter-tweet-rendered\"><iframe id=\"twitter-widget-0\" class=\"\" title=\"Twitter Tweet\" src=\"https:\/\/platform.twitter.com\/embed\/Tweet.html?creatorScreenName=agenciatelam&amp;dnt=false&amp;embedId=twitter-widget-0&amp;features=eyJ0ZndfdGltZWxpbmVfbGlzdCI6eyJidWNrZXQiOltdLCJ2ZXJzaW9uIjpudWxsfSwidGZ3X2ZvbGxvd2VyX2NvdW50X3N1bnNldCI6eyJidWNrZXQiOnRydWUsInZlcnNpb24iOm51bGx9LCJ0ZndfdHdlZXRfZWRpdF9iYWNrZW5kIjp7ImJ1Y2tldCI6Im9uIiwidmVyc2lvbiI6bnVsbH0sInRmd19yZWZzcmNfc2Vzc2lvbiI6eyJidWNrZXQiOiJvbiIsInZlcnNpb24iOm51bGx9LCJ0ZndfZm9zbnJfc29mdF9pbnRlcnZlbnRpb25zX2VuYWJsZWQiOnsiYnVja2V0Ijoib24iLCJ2ZXJzaW9uIjpudWxsfSwidGZ3X21peGVkX21lZGlhXzE1ODk3Ijp7ImJ1Y2tldCI6InRyZWF0bWVudCIsInZlcnNpb24iOm51bGx9LCJ0ZndfZXhwZXJpbWVudHNfY29va2llX2V4cGlyYXRpb24iOnsiYnVja2V0IjoxMjA5NjAwLCJ2ZXJzaW9uIjpudWxsfSwidGZ3X3Nob3dfYmlyZHdhdGNoX3Bpdm90c19lbmFibGVkIjp7ImJ1Y2tldCI6Im9uIiwidmVyc2lvbiI6bnVsbH0sInRmd19kdXBsaWNhdGVfc2NyaWJlc190b19zZXR0aW5ncyI6eyJidWNrZXQiOiJvbiIsInZlcnNpb24iOm51bGx9LCJ0ZndfdXNlX3Byb2ZpbGVfaW1hZ2Vfc2hhcGVfZW5hYmxlZCI6eyJidWNrZXQiOiJvbiIsInZlcnNpb24iOm51bGx9LCJ0ZndfdmlkZW9faGxzX2R5bmFtaWNfbWFuaWZlc3RzXzE1MDgyIjp7ImJ1Y2tldCI6InRydWVfYml0cmF0ZSIsInZlcnNpb24iOm51bGx9LCJ0ZndfbGVnYWN5X3RpbWVsaW5lX3N1bnNldCI6eyJidWNrZXQiOnRydWUsInZlcnNpb24iOm51bGx9LCJ0ZndfdHdlZXRfZWRpdF9mcm9udGVuZCI6eyJidWNrZXQiOiJvbiIsInZlcnNpb24iOm51bGx9fQ%3D%3D&amp;frame=false&amp;hideCard=false&amp;hideThread=false&amp;id=1726939582087000307&amp;lang=es&amp;origin=https%3A%2F%2Fwww.telam.com.ar%2Fnotas%2F202311%2F647207-alberto-fernandez-milei.html&amp;sessionId=dc1b9613822066f29318f8aa726aad4552449361&amp;siteScreenName=agenciatelam&amp;theme=light&amp;widgetsVersion=01917f4d1d4cb%3A1696883169554&amp;width=550px\" frameborder=\"0\" scrolling=\"no\" allowfullscreen=\"allowfullscreen\" data-tweet-id=\"1726939582087000307\"><\/iframe><\/div>\n<blockquote class=\"twitter-tweet\" data-twitter-extracted-i1700576114599570276=\"true\">\n<p dir=\"ltr\" lang=\"es\">El Presidente\u00a0<a href=\"https:\/\/twitter.com\/alferdez?ref_src=twsrc%5Etfw\">@alferdez<\/a>\u00a0recibi\u00f3 esta ma\u00f1ana al Presidente electo\u00a0<a href=\"https:\/\/twitter.com\/JMilei?ref_src=twsrc%5Etfw\">@JMilei<\/a>. El encuentro se llev\u00f3 adelante en la residencia presidencial de Olivos, para dar inicio al proceso de transici\u00f3n institucional entre los equipos designados por ambos en las distintas \u00e1reas de gobierno.\u00a0<a href=\"https:\/\/t.co\/SltQJsFiOe\">pic.twitter.com\/SltQJsFiOe<\/a><\/p>\n<p>\u2014 Gabriela Cerruti (@gabicerru)\u00a0<a href=\"https:\/\/twitter.com\/gabicerru\/status\/1726939582087000307?ref_src=twsrc%5Etfw\">November 21, 2023<\/a><\/p><\/blockquote>\n<p>Fuentes oficiales consignaron que el encuentro entre Fern\u00e1ndez y Milei fue confirmado en las \u00faltimas horas.<\/p>\n<p><strong>Milei parti\u00f3 desde el Hotel Libertador, ubicado en el avenida C\u00f3rdoba 690 del centro porte\u00f1o, rumbo a la residencia de Olivos sin formular declaraciones a la prensa<\/strong>, y durante el camino se detuvo en un sem\u00e1foro y salud\u00f3 a un grupo de chicos que viajaban en una combi.<\/p>\n<p>El futuro mandatario asisti\u00f3 al encuentro<strong>\u00a0junto con Nicol\u00e1s Posse<\/strong>, quien fue anunciado el lunes como el<strong>\u00a0pr\u00f3ximo jefe de Gabinete del gobierno de la LLA<\/strong>.<\/p>\n<p>En un comunicado difundido el lunes en la red social X a trav\u00e9s de la cuenta creada con el nombre de Oficina del Presidente, se inform\u00f3 que \u00abno habr\u00e1 ning\u00fan anuncio de nombramientos respecto a cargos del futuro gobierno hasta el d\u00eda de la asunci\u00f3n\u00bb.<\/p>\n<p>\u00abHasta el 10 de diciembre, el presidente Alberto Fern\u00e1ndez y el ministro de Econom\u00eda, Sergio Massa, son los responsables constitucionales de la situaci\u00f3n de los argentinos\u00bb, manifestaron desde el espacio de Milei.<\/p>\n<p>El economista libertario result\u00f3 ganador en el balotaje del domingo con el 55,69% de los votos, lo que lo dej\u00f3 con una ventaja de 11,4 puntos sobre el candidato del oficialismo, Sergio Massa.<\/p>\n<\/div>\n<\/div>\n<\/div>\n<\/div>\n<\/div>\n<\/div>\n<\/div>\n","protected":false},"excerpt":{"rendered":"<p>El encuentro entre el presidente en funciones y el presidente electo se llev\u00f3 adelante \u00abcon el objeto de dar inicio al proceso de transici\u00f3n institucional entre los equipos designados por ambos en las distintas \u00e1reas de gobierno\u00bb.<\/p>\n","protected":false},"author":3,"featured_media":0,"comment_status":"closed","ping_status":"closed","sticky":false,"template":"","format":"standard","meta":{"footnotes":""},"categories":[58],"tags":[],"class_list":["post-95544","post","type-post","status-publish","format-standard","hentry","category-gobierno"],"yoast_head":"<!-- This site is optimized with the Yoast SEO plugin v25.9 - https:\/\/yoast.com\/wordpress\/plugins\/seo\/ -->\n<title>Alberto Fern\u00e1ndez recibi\u00f3 a Javier Milei en la residencia de Olivos - Noticias Radio Reflejos<\/title>\n<meta name=\"robots\" content=\"index, follow, max-snippet:-1, max-image-preview:large, max-video-preview:-1\" \/>\n<link rel=\"canonical\" href=\"https:\/\/www.noticiasradioreflejos.com.ar\/2021\/alberto-fernandez-recibio-a-javier-milei-en-la-residencia-de-olivos\/\" \/>\n<meta property=\"og:locale\" content=\"es_ES\" \/>\n<meta property=\"og:type\" content=\"article\" \/>\n<meta property=\"og:title\" content=\"Alberto Fern\u00e1ndez recibi\u00f3 a Javier Milei en la residencia de Olivos - Noticias Radio Reflejos\" \/>\n<meta property=\"og:description\" content=\"El encuentro entre el presidente en funciones y el presidente electo se llev\u00f3 adelante \u00abcon el objeto de dar inicio al proceso de transici\u00f3n institucional entre los equipos designados por ambos en las distintas \u00e1reas de gobierno\u00bb.\" \/>\n<meta property=\"og:url\" content=\"https:\/\/www.noticiasradioreflejos.com.ar\/2021\/alberto-fernandez-recibio-a-javier-milei-en-la-residencia-de-olivos\/\" \/>\n<meta property=\"og:site_name\" content=\"Noticias Radio Reflejos\" \/>\n<meta property=\"article:published_time\" content=\"2023-11-21T14:19:38+00:00\" \/>\n<meta property=\"og:image\" content=\"https:\/\/www.telam.com.ar\/thumbs\/bluesteel\/advf\/imagenes\/2023\/11\/655ca2e1871ab_1200.jpg\" \/>\n<meta name=\"author\" content=\"Arnaldo Botto\" \/>\n<meta name=\"twitter:card\" content=\"summary_large_image\" \/>\n<script type=\"application\/ld+json\" class=\"yoast-schema-graph\">{\"@context\":\"https:\/\/schema.org\",\"@graph\":[{\"@type\":\"WebPage\",\"@id\":\"https:\/\/www.noticiasradioreflejos.com.ar\/2021\/alberto-fernandez-recibio-a-javier-milei-en-la-residencia-de-olivos\/\",\"url\":\"https:\/\/www.noticiasradioreflejos.com.ar\/2021\/alberto-fernandez-recibio-a-javier-milei-en-la-residencia-de-olivos\/\",\"name\":\"Alberto Fern\u00e1ndez recibi\u00f3 a Javier Milei en la residencia de Olivos - Noticias Radio Reflejos\",\"isPartOf\":{\"@id\":\"https:\/\/www.noticiasradioreflejos.com.ar\/2021\/#website\"},\"primaryImageOfPage\":{\"@id\":\"https:\/\/www.noticiasradioreflejos.com.ar\/2021\/alberto-fernandez-recibio-a-javier-milei-en-la-residencia-de-olivos\/#primaryimage\"},\"image\":{\"@id\":\"https:\/\/www.noticiasradioreflejos.com.ar\/2021\/alberto-fernandez-recibio-a-javier-milei-en-la-residencia-de-olivos\/#primaryimage\"},\"thumbnailUrl\":\"https:\/\/www.telam.com.ar\/thumbs\/bluesteel\/advf\/imagenes\/2023\/11\/655ca2e1871ab_1200.jpg\",\"datePublished\":\"2023-11-21T14:19:38+00:00\",\"author\":{\"@id\":\"https:\/\/www.noticiasradioreflejos.com.ar\/2021\/#\/schema\/person\/ad82545263dcc5ec0996818884fd5fb1\"},\"breadcrumb\":{\"@id\":\"https:\/\/www.noticiasradioreflejos.com.ar\/2021\/alberto-fernandez-recibio-a-javier-milei-en-la-residencia-de-olivos\/#breadcrumb\"},\"inLanguage\":\"es\",\"potentialAction\":[{\"@type\":\"ReadAction\",\"target\":[\"https:\/\/www.noticiasradioreflejos.com.ar\/2021\/alberto-fernandez-recibio-a-javier-milei-en-la-residencia-de-olivos\/\"]}]},{\"@type\":\"ImageObject\",\"inLanguage\":\"es\",\"@id\":\"https:\/\/www.noticiasradioreflejos.com.ar\/2021\/alberto-fernandez-recibio-a-javier-milei-en-la-residencia-de-olivos\/#primaryimage\",\"url\":\"https:\/\/www.telam.com.ar\/thumbs\/bluesteel\/advf\/imagenes\/2023\/11\/655ca2e1871ab_1200.jpg\",\"contentUrl\":\"https:\/\/www.telam.com.ar\/thumbs\/bluesteel\/advf\/imagenes\/2023\/11\/655ca2e1871ab_1200.jpg\"},{\"@type\":\"BreadcrumbList\",\"@id\":\"https:\/\/www.noticiasradioreflejos.com.ar\/2021\/alberto-fernandez-recibio-a-javier-milei-en-la-residencia-de-olivos\/#breadcrumb\",\"itemListElement\":[{\"@type\":\"ListItem\",\"position\":1,\"name\":\"Portada\",\"item\":\"https:\/\/www.noticiasradioreflejos.com.ar\/2021\/\"},{\"@type\":\"ListItem\",\"position\":2,\"name\":\"Alberto Fern\u00e1ndez recibi\u00f3 a Javier Milei en la residencia de Olivos\"}]},{\"@type\":\"WebSite\",\"@id\":\"https:\/\/www.noticiasradioreflejos.com.ar\/2021\/#website\",\"url\":\"https:\/\/www.noticiasradioreflejos.com.ar\/2021\/\",\"name\":\"Noticias Radio Reflejos\",\"description\":\"Las noticias de mi comarca\",\"potentialAction\":[{\"@type\":\"SearchAction\",\"target\":{\"@type\":\"EntryPoint\",\"urlTemplate\":\"https:\/\/www.noticiasradioreflejos.com.ar\/2021\/?s={search_term_string}\"},\"query-input\":{\"@type\":\"PropertyValueSpecification\",\"valueRequired\":true,\"valueName\":\"search_term_string\"}}],\"inLanguage\":\"es\"},{\"@type\":\"Person\",\"@id\":\"https:\/\/www.noticiasradioreflejos.com.ar\/2021\/#\/schema\/person\/ad82545263dcc5ec0996818884fd5fb1\",\"name\":\"Arnaldo Botto\",\"image\":{\"@type\":\"ImageObject\",\"inLanguage\":\"es\",\"@id\":\"https:\/\/www.noticiasradioreflejos.com.ar\/2021\/#\/schema\/person\/image\/\",\"url\":\"https:\/\/secure.gravatar.com\/avatar\/55cb5e37c1efa326397366e6974cb338056df65cb50e7d64d1cf314e87504837?s=96&d=mm&r=g\",\"contentUrl\":\"https:\/\/secure.gravatar.com\/avatar\/55cb5e37c1efa326397366e6974cb338056df65cb50e7d64d1cf314e87504837?s=96&d=mm&r=g\",\"caption\":\"Arnaldo Botto\"},\"url\":\"https:\/\/www.noticiasradioreflejos.com.ar\/2021\/author\/arnaldo\/\"}]}<\/script>\n<!-- \/ Yoast SEO plugin. -->","yoast_head_json":{"title":"Alberto Fern\u00e1ndez recibi\u00f3 a Javier Milei en la residencia de Olivos - Noticias Radio Reflejos","robots":{"index":"index","follow":"follow","max-snippet":"max-snippet:-1","max-image-preview":"max-image-preview:large","max-video-preview":"max-video-preview:-1"},"canonical":"https:\/\/www.noticiasradioreflejos.com.ar\/2021\/alberto-fernandez-recibio-a-javier-milei-en-la-residencia-de-olivos\/","og_locale":"es_ES","og_type":"article","og_title":"Alberto Fern\u00e1ndez recibi\u00f3 a Javier Milei en la residencia de Olivos - Noticias Radio Reflejos","og_description":"El encuentro entre el presidente en funciones y el presidente electo se llev\u00f3 adelante \u00abcon el objeto de dar inicio al proceso de transici\u00f3n institucional entre los equipos designados por ambos en las distintas \u00e1reas de gobierno\u00bb.","og_url":"https:\/\/www.noticiasradioreflejos.com.ar\/2021\/alberto-fernandez-recibio-a-javier-milei-en-la-residencia-de-olivos\/","og_site_name":"Noticias Radio Reflejos","article_published_time":"2023-11-21T14:19:38+00:00","og_image":[{"url":"https:\/\/www.telam.com.ar\/thumbs\/bluesteel\/advf\/imagenes\/2023\/11\/655ca2e1871ab_1200.jpg","type":"","width":"","height":""}],"author":"Arnaldo Botto","twitter_card":"summary_large_image","schema":{"@context":"https:\/\/schema.org","@graph":[{"@type":"WebPage","@id":"https:\/\/www.noticiasradioreflejos.com.ar\/2021\/alberto-fernandez-recibio-a-javier-milei-en-la-residencia-de-olivos\/","url":"https:\/\/www.noticiasradioreflejos.com.ar\/2021\/alberto-fernandez-recibio-a-javier-milei-en-la-residencia-de-olivos\/","name":"Alberto Fern\u00e1ndez recibi\u00f3 a Javier Milei en la residencia de Olivos - Noticias Radio Reflejos","isPartOf":{"@id":"https:\/\/www.noticiasradioreflejos.com.ar\/2021\/#website"},"primaryImageOfPage":{"@id":"https:\/\/www.noticiasradioreflejos.com.ar\/2021\/alberto-fernandez-recibio-a-javier-milei-en-la-residencia-de-olivos\/#primaryimage"},"image":{"@id":"https:\/\/www.noticiasradioreflejos.com.ar\/2021\/alberto-fernandez-recibio-a-javier-milei-en-la-residencia-de-olivos\/#primaryimage"},"thumbnailUrl":"https:\/\/www.telam.com.ar\/thumbs\/bluesteel\/advf\/imagenes\/2023\/11\/655ca2e1871ab_1200.jpg","datePublished":"2023-11-21T14:19:38+00:00","author":{"@id":"https:\/\/www.noticiasradioreflejos.com.ar\/2021\/#\/schema\/person\/ad82545263dcc5ec0996818884fd5fb1"},"breadcrumb":{"@id":"https:\/\/www.noticiasradioreflejos.com.ar\/2021\/alberto-fernandez-recibio-a-javier-milei-en-la-residencia-de-olivos\/#breadcrumb"},"inLanguage":"es","potentialAction":[{"@type":"ReadAction","target":["https:\/\/www.noticiasradioreflejos.com.ar\/2021\/alberto-fernandez-recibio-a-javier-milei-en-la-residencia-de-olivos\/"]}]},{"@type":"ImageObject","inLanguage":"es","@id":"https:\/\/www.noticiasradioreflejos.com.ar\/2021\/alberto-fernandez-recibio-a-javier-milei-en-la-residencia-de-olivos\/#primaryimage","url":"https:\/\/www.telam.com.ar\/thumbs\/bluesteel\/advf\/imagenes\/2023\/11\/655ca2e1871ab_1200.jpg","contentUrl":"https:\/\/www.telam.com.ar\/thumbs\/bluesteel\/advf\/imagenes\/2023\/11\/655ca2e1871ab_1200.jpg"},{"@type":"BreadcrumbList","@id":"https:\/\/www.noticiasradioreflejos.com.ar\/2021\/alberto-fernandez-recibio-a-javier-milei-en-la-residencia-de-olivos\/#breadcrumb","itemListElement":[{"@type":"ListItem","position":1,"name":"Portada","item":"https:\/\/www.noticiasradioreflejos.com.ar\/2021\/"},{"@type":"ListItem","position":2,"name":"Alberto Fern\u00e1ndez recibi\u00f3 a Javier Milei en la residencia de Olivos"}]},{"@type":"WebSite","@id":"https:\/\/www.noticiasradioreflejos.com.ar\/2021\/#website","url":"https:\/\/www.noticiasradioreflejos.com.ar\/2021\/","name":"Noticias Radio Reflejos","description":"Las noticias de mi comarca","potentialAction":[{"@type":"SearchAction","target":{"@type":"EntryPoint","urlTemplate":"https:\/\/www.noticiasradioreflejos.com.ar\/2021\/?s={search_term_string}"},"query-input":{"@type":"PropertyValueSpecification","valueRequired":true,"valueName":"search_term_string"}}],"inLanguage":"es"},{"@type":"Person","@id":"https:\/\/www.noticiasradioreflejos.com.ar\/2021\/#\/schema\/person\/ad82545263dcc5ec0996818884fd5fb1","name":"Arnaldo Botto","image":{"@type":"ImageObject","inLanguage":"es","@id":"https:\/\/www.noticiasradioreflejos.com.ar\/2021\/#\/schema\/person\/image\/","url":"https:\/\/secure.gravatar.com\/avatar\/55cb5e37c1efa326397366e6974cb338056df65cb50e7d64d1cf314e87504837?s=96&d=mm&r=g","contentUrl":"https:\/\/secure.gravatar.com\/avatar\/55cb5e37c1efa326397366e6974cb338056df65cb50e7d64d1cf314e87504837?s=96&d=mm&r=g","caption":"Arnaldo Botto"},"url":"https:\/\/www.noticiasradioreflejos.com.ar\/2021\/author\/arnaldo\/"}]}},"_links":{"self":[{"href":"https:\/\/www.noticiasradioreflejos.com.ar\/2021\/wp-json\/wp\/v2\/posts\/95544","targetHints":{"allow":["GET"]}}],"collection":[{"href":"https:\/\/www.noticiasradioreflejos.com.ar\/2021\/wp-json\/wp\/v2\/posts"}],"about":[{"href":"https:\/\/www.noticiasradioreflejos.com.ar\/2021\/wp-json\/wp\/v2\/types\/post"}],"author":[{"embeddable":true,"href":"https:\/\/www.noticiasradioreflejos.com.ar\/2021\/wp-json\/wp\/v2\/users\/3"}],"replies":[{"embeddable":true,"href":"https:\/\/www.noticiasradioreflejos.com.ar\/2021\/wp-json\/wp\/v2\/comments?post=95544"}],"version-history":[{"count":1,"href":"https:\/\/www.noticiasradioreflejos.com.ar\/2021\/wp-json\/wp\/v2\/posts\/95544\/revisions"}],"predecessor-version":[{"id":95546,"href":"https:\/\/www.noticiasradioreflejos.com.ar\/2021\/wp-json\/wp\/v2\/posts\/95544\/revisions\/95546"}],"wp:attachment":[{"href":"https:\/\/www.noticiasradioreflejos.com.ar\/2021\/wp-json\/wp\/v2\/media?parent=95544"}],"wp:term":[{"taxonomy":"category","embeddable":true,"href":"https:\/\/www.noticiasradioreflejos.com.ar\/2021\/wp-json\/wp\/v2\/categories?post=95544"},{"taxonomy":"post_tag","embeddable":true,"href":"https:\/\/www.noticiasradioreflejos.com.ar\/2021\/wp-json\/wp\/v2\/tags?post=95544"}],"curies":[{"name":"wp","href":"https:\/\/api.w.org\/{rel}","templated":true}]}}