{"id":95539,"date":"2023-11-21T12:36:07","date_gmt":"2023-11-21T12:36:07","guid":{"rendered":"https:\/\/www.noticiasradioreflejos.com.ar\/2021\/?p=95539"},"modified":"2023-11-21T12:36:07","modified_gmt":"2023-11-21T12:36:07","slug":"argentina-va-por-la-recuperacion-frente-a-un-brasil-con-urgencias","status":"publish","type":"post","link":"https:\/\/www.noticiasradioreflejos.com.ar\/2021\/argentina-va-por-la-recuperacion-frente-a-un-brasil-con-urgencias\/","title":{"rendered":"Argentina va por la recuperaci\u00f3n frente a un Brasil con urgencias"},"content":{"rendered":"<div class=\"wrapper-header\">\n<div class=\"container-xl\">\n<div class=\"row\">\n<div class=\"col-12\">\n<div class=\"head-content mb-4\">\n<div class=\"my-3\">\n<div class=\"social mt-3\">La Scaloneta y los \u00abVerdeamarelho\u00bb animan el encuentro m\u00e1s destacado de la sexta fecha de las eliminatorias. Este martes desde las 21.30,ser\u00e1 arbitrado por el chileno Piero Maza y televisado por TyC Sports y la TV P\u00fablica.<\/div>\n<\/div>\n<\/div>\n<\/div>\n<\/div>\n<\/div>\n<\/div>\n<p><!--more--><\/p>\n<div class=\"wrapper-editable-content\">\n<div>\n<div class=\"wrapper-editable-content\">\n<div>\n<div class=\"container-md\">\n<div class=\"row\">\n<div class=\"col-md-12 speak\">\n<div class=\"paragraph\">\n<figure class=\"mb-3\"><img decoding=\"async\" class=\" lazy \" src=\"https:\/\/www.telam.com.ar\/thumbs\/bluesteel\/advf\/imagenes\/2023\/11\/655c837d2cefb_1200.jpg\" alt=\"Foto Archivo Tlam\" width=\"100%\" height=\"100%\" \/><\/p>\n<div class=\"media-icons\"><\/div><figcaption>Foto: Archivo T\u00e9lam.<\/figcaption><\/figure>\n<p>Argentina volver\u00e1 a jugar este martes en el escenario en el que empez\u00f3 su saga ganadora de los \u00faltimos dos a\u00f1os con la obtenci\u00f3n de la Copa Am\u00e9rica en 2021, cuando visite en el estadio Maracan\u00e1 a Brasil, que no atraviesa un buen momento, en un cl\u00e1sico v\u00e1lido por la sexta fecha de Eliminatorias Sudamericanas.<\/p>\n<p>El gran cl\u00e1sico sudamericano, que los dirigidos por Lionel Scaloni asumir\u00e1n como l\u00edderes y los de Fernando Diniz en el quinto puesto, se jugar\u00e1 a partir de las 21.30, ser\u00e1 arbitrado por el chileno Piero Maza y televisado por TyC Sports y la TV P\u00fablica.<\/p>\n<p>El seleccionado argentino intentar\u00e1 repetir en el Maracan\u00e1 una victoria sobre Brasil como la alcanzada el 10 de julio de 2021 (1 a 0, con gol de \u00c1ngel Di Mar\u00eda, en la final de la Copa Am\u00e9rica) y tambi\u00e9n est\u00e1 ante la gran oportunidad de despojar a los due\u00f1os de casa de una de las pocas marcas importantes que les quedan en Eliminatorias: su invicto como locales.<\/p>\n<figure class=\"mb-3\"><img decoding=\"async\" class=\" lazy \" src=\"https:\/\/www.telam.com.ar\/thumbs\/bluesteel\/advf\/imagenes\/2023\/11\/655952c3a4d8f_1200.jpg\" alt=\"Foto AFP\" width=\"100%\" height=\"100%\" \/><\/p>\n<div class=\"media-icons\"><\/div><figcaption>Foto: AFP.<\/figcaption><\/figure>\n<p>Por eso, no solamente el segundo triunfo consecutivo en el estadio \u00abmais grande do mundo\u00bb ser\u00e1 hist\u00f3rico, sino justamente lo que vendr\u00e1 aparejado con ello, y m\u00e1xime con Argentina luciendo su condici\u00f3n de vigente campe\u00f3n del mundo.<\/p>\n<p>Para los capitaneados por Lionel Messi esta ocasi\u00f3n luce inmejorable, es un \u00abaqu\u00ed y ahora\u00bb, ya que su \u00faltimo rival de este 2023 llega muy golpeado a este compromiso, con tres partidos sin ganar y las \u00faltimas dos derrotas en fila frente a Uruguay y Colombia. Previamente hab\u00eda empatado con Venezuela como local.<\/p>\n<p>En cuanto al historial, Argentina gan\u00f3 solamente cuatro veces en el Maracan\u00e1 en 13 partidos ante los brasile\u00f1os, acumulando siete derrotas y dos empates.<\/p>\n<p>Y pensando en todo esto, Scaloni planea un par de retoques, que dependiendo de los nombres tambi\u00e9n variar\u00eda el natural esquema de juego 4-3-3 a un 4-4-2.<\/p>\n<figure class=\"mb-3\"><img decoding=\"async\" class=\" lazy \" src=\"https:\/\/www.telam.com.ar\/thumbs\/bluesteel\/advf\/imagenes\/2023\/11\/655b7cf541048_1200.jpg\" alt=\"Foto Fernando Gens\" width=\"100%\" height=\"100%\" \/><\/p>\n<div class=\"media-icons\"><\/div><figcaption>Foto: Fernando Gens.<\/figcaption><\/figure>\n<p>Es que m\u00e1s all\u00e1 de la sempiterna duda de Lautaro Mart\u00ednez o Juli\u00e1n \u00c1lvarez para el centro del ataque, no ser\u00e1 obviamente lo mismo que Di Mar\u00eda reemplace a Nicol\u00e1s Gonz\u00e1lez, lo que ser\u00eda un cambio puesto por puesto, a que lo haga Leandro Paredes por el atacante de la Fiorentina, de Italia.<\/p>\n<p>Argentina intentar\u00e1 quedarse con los tres puntos y as\u00ed dejar atr\u00e1s la ca\u00edda ante Uruguay, que fue la primera en 14 partidos despu\u00e9s de la obtenci\u00f3n del Mundial de Qatar, esa conquista que todo lo pudo, y todo lo puede..<\/p>\n<p><iframe loading=\"lazy\" class=\"\" src=\"https:\/\/estdeportes.telam.com.ar\/html\/v3\/minapp\/modules\/futbol\/gamecast\/gamecast.html?channel=deportes.futbol.eliminatorias.691465&amp;lang=es_LA&amp;page=gamecast&amp;hidePagesMenu=true\" width=\"100%\" height=\"1150\" scrolling=\"auto\" data-mce-fragment=\"1\"><\/iframe><\/p>\n<\/div>\n<\/div>\n<\/div>\n<\/div>\n<\/div>\n<\/div>\n<\/div>\n<\/div>\n<p><strong>POR H\u00c9CTOR ROBERTO LAURADA para T\u00e9lam<\/strong><\/p>\n","protected":false},"excerpt":{"rendered":"<p>La Scaloneta y los \u00abVerdeamarelho\u00bb animan el encuentro m\u00e1s destacado de la sexta fecha de las eliminatorias. Este martes desde las 21.30,ser\u00e1 arbitrado por el chileno Piero Maza y televisado por TyC Sports y la TV P\u00fablica.<\/p>\n","protected":false},"author":3,"featured_media":0,"comment_status":"closed","ping_status":"closed","sticky":false,"template":"","format":"standard","meta":{"footnotes":""},"categories":[27],"tags":[],"class_list":["post-95539","post","type-post","status-publish","format-standard","hentry","category-deportes"],"yoast_head":"<!-- This site is optimized with the Yoast SEO plugin v25.9 - https:\/\/yoast.com\/wordpress\/plugins\/seo\/ -->\n<title>Argentina va por la recuperaci\u00f3n frente a un Brasil con urgencias - Noticias Radio Reflejos<\/title>\n<meta name=\"robots\" content=\"index, follow, max-snippet:-1, max-image-preview:large, max-video-preview:-1\" \/>\n<link rel=\"canonical\" href=\"https:\/\/www.noticiasradioreflejos.com.ar\/2021\/argentina-va-por-la-recuperacion-frente-a-un-brasil-con-urgencias\/\" \/>\n<meta property=\"og:locale\" content=\"es_ES\" \/>\n<meta property=\"og:type\" content=\"article\" \/>\n<meta property=\"og:title\" content=\"Argentina va por la recuperaci\u00f3n frente a un Brasil con urgencias - Noticias Radio Reflejos\" \/>\n<meta property=\"og:description\" content=\"La Scaloneta y los \u00abVerdeamarelho\u00bb animan el encuentro m\u00e1s destacado de la sexta fecha de las eliminatorias. Este martes desde las 21.30,ser\u00e1 arbitrado por el chileno Piero Maza y televisado por TyC Sports y la TV P\u00fablica.\" \/>\n<meta property=\"og:url\" content=\"https:\/\/www.noticiasradioreflejos.com.ar\/2021\/argentina-va-por-la-recuperacion-frente-a-un-brasil-con-urgencias\/\" \/>\n<meta property=\"og:site_name\" content=\"Noticias Radio Reflejos\" \/>\n<meta property=\"article:published_time\" content=\"2023-11-21T12:36:07+00:00\" \/>\n<meta property=\"og:image\" content=\"https:\/\/www.telam.com.ar\/thumbs\/bluesteel\/advf\/imagenes\/2023\/11\/655c837d2cefb_1200.jpg\" \/>\n<meta name=\"author\" content=\"Arnaldo Botto\" \/>\n<meta name=\"twitter:card\" content=\"summary_large_image\" \/>\n<script type=\"application\/ld+json\" class=\"yoast-schema-graph\">{\"@context\":\"https:\/\/schema.org\",\"@graph\":[{\"@type\":\"WebPage\",\"@id\":\"https:\/\/www.noticiasradioreflejos.com.ar\/2021\/argentina-va-por-la-recuperacion-frente-a-un-brasil-con-urgencias\/\",\"url\":\"https:\/\/www.noticiasradioreflejos.com.ar\/2021\/argentina-va-por-la-recuperacion-frente-a-un-brasil-con-urgencias\/\",\"name\":\"Argentina va por la recuperaci\u00f3n frente a un Brasil con urgencias - Noticias Radio Reflejos\",\"isPartOf\":{\"@id\":\"https:\/\/www.noticiasradioreflejos.com.ar\/2021\/#website\"},\"primaryImageOfPage\":{\"@id\":\"https:\/\/www.noticiasradioreflejos.com.ar\/2021\/argentina-va-por-la-recuperacion-frente-a-un-brasil-con-urgencias\/#primaryimage\"},\"image\":{\"@id\":\"https:\/\/www.noticiasradioreflejos.com.ar\/2021\/argentina-va-por-la-recuperacion-frente-a-un-brasil-con-urgencias\/#primaryimage\"},\"thumbnailUrl\":\"https:\/\/www.telam.com.ar\/thumbs\/bluesteel\/advf\/imagenes\/2023\/11\/655c837d2cefb_1200.jpg\",\"datePublished\":\"2023-11-21T12:36:07+00:00\",\"author\":{\"@id\":\"https:\/\/www.noticiasradioreflejos.com.ar\/2021\/#\/schema\/person\/ad82545263dcc5ec0996818884fd5fb1\"},\"breadcrumb\":{\"@id\":\"https:\/\/www.noticiasradioreflejos.com.ar\/2021\/argentina-va-por-la-recuperacion-frente-a-un-brasil-con-urgencias\/#breadcrumb\"},\"inLanguage\":\"es\",\"potentialAction\":[{\"@type\":\"ReadAction\",\"target\":[\"https:\/\/www.noticiasradioreflejos.com.ar\/2021\/argentina-va-por-la-recuperacion-frente-a-un-brasil-con-urgencias\/\"]}]},{\"@type\":\"ImageObject\",\"inLanguage\":\"es\",\"@id\":\"https:\/\/www.noticiasradioreflejos.com.ar\/2021\/argentina-va-por-la-recuperacion-frente-a-un-brasil-con-urgencias\/#primaryimage\",\"url\":\"https:\/\/www.telam.com.ar\/thumbs\/bluesteel\/advf\/imagenes\/2023\/11\/655c837d2cefb_1200.jpg\",\"contentUrl\":\"https:\/\/www.telam.com.ar\/thumbs\/bluesteel\/advf\/imagenes\/2023\/11\/655c837d2cefb_1200.jpg\"},{\"@type\":\"BreadcrumbList\",\"@id\":\"https:\/\/www.noticiasradioreflejos.com.ar\/2021\/argentina-va-por-la-recuperacion-frente-a-un-brasil-con-urgencias\/#breadcrumb\",\"itemListElement\":[{\"@type\":\"ListItem\",\"position\":1,\"name\":\"Portada\",\"item\":\"https:\/\/www.noticiasradioreflejos.com.ar\/2021\/\"},{\"@type\":\"ListItem\",\"position\":2,\"name\":\"Argentina va por la recuperaci\u00f3n frente a un Brasil con urgencias\"}]},{\"@type\":\"WebSite\",\"@id\":\"https:\/\/www.noticiasradioreflejos.com.ar\/2021\/#website\",\"url\":\"https:\/\/www.noticiasradioreflejos.com.ar\/2021\/\",\"name\":\"Noticias Radio Reflejos\",\"description\":\"Las noticias de mi comarca\",\"potentialAction\":[{\"@type\":\"SearchAction\",\"target\":{\"@type\":\"EntryPoint\",\"urlTemplate\":\"https:\/\/www.noticiasradioreflejos.com.ar\/2021\/?s={search_term_string}\"},\"query-input\":{\"@type\":\"PropertyValueSpecification\",\"valueRequired\":true,\"valueName\":\"search_term_string\"}}],\"inLanguage\":\"es\"},{\"@type\":\"Person\",\"@id\":\"https:\/\/www.noticiasradioreflejos.com.ar\/2021\/#\/schema\/person\/ad82545263dcc5ec0996818884fd5fb1\",\"name\":\"Arnaldo Botto\",\"image\":{\"@type\":\"ImageObject\",\"inLanguage\":\"es\",\"@id\":\"https:\/\/www.noticiasradioreflejos.com.ar\/2021\/#\/schema\/person\/image\/\",\"url\":\"https:\/\/secure.gravatar.com\/avatar\/55cb5e37c1efa326397366e6974cb338056df65cb50e7d64d1cf314e87504837?s=96&d=mm&r=g\",\"contentUrl\":\"https:\/\/secure.gravatar.com\/avatar\/55cb5e37c1efa326397366e6974cb338056df65cb50e7d64d1cf314e87504837?s=96&d=mm&r=g\",\"caption\":\"Arnaldo Botto\"},\"url\":\"https:\/\/www.noticiasradioreflejos.com.ar\/2021\/author\/arnaldo\/\"}]}<\/script>\n<!-- \/ Yoast SEO plugin. -->","yoast_head_json":{"title":"Argentina va por la recuperaci\u00f3n frente a un Brasil con urgencias - Noticias Radio Reflejos","robots":{"index":"index","follow":"follow","max-snippet":"max-snippet:-1","max-image-preview":"max-image-preview:large","max-video-preview":"max-video-preview:-1"},"canonical":"https:\/\/www.noticiasradioreflejos.com.ar\/2021\/argentina-va-por-la-recuperacion-frente-a-un-brasil-con-urgencias\/","og_locale":"es_ES","og_type":"article","og_title":"Argentina va por la recuperaci\u00f3n frente a un Brasil con urgencias - Noticias Radio Reflejos","og_description":"La Scaloneta y los \u00abVerdeamarelho\u00bb animan el encuentro m\u00e1s destacado de la sexta fecha de las eliminatorias. Este martes desde las 21.30,ser\u00e1 arbitrado por el chileno Piero Maza y televisado por TyC Sports y la TV P\u00fablica.","og_url":"https:\/\/www.noticiasradioreflejos.com.ar\/2021\/argentina-va-por-la-recuperacion-frente-a-un-brasil-con-urgencias\/","og_site_name":"Noticias Radio Reflejos","article_published_time":"2023-11-21T12:36:07+00:00","og_image":[{"url":"https:\/\/www.telam.com.ar\/thumbs\/bluesteel\/advf\/imagenes\/2023\/11\/655c837d2cefb_1200.jpg","type":"","width":"","height":""}],"author":"Arnaldo Botto","twitter_card":"summary_large_image","schema":{"@context":"https:\/\/schema.org","@graph":[{"@type":"WebPage","@id":"https:\/\/www.noticiasradioreflejos.com.ar\/2021\/argentina-va-por-la-recuperacion-frente-a-un-brasil-con-urgencias\/","url":"https:\/\/www.noticiasradioreflejos.com.ar\/2021\/argentina-va-por-la-recuperacion-frente-a-un-brasil-con-urgencias\/","name":"Argentina va por la recuperaci\u00f3n frente a un Brasil con urgencias - Noticias Radio Reflejos","isPartOf":{"@id":"https:\/\/www.noticiasradioreflejos.com.ar\/2021\/#website"},"primaryImageOfPage":{"@id":"https:\/\/www.noticiasradioreflejos.com.ar\/2021\/argentina-va-por-la-recuperacion-frente-a-un-brasil-con-urgencias\/#primaryimage"},"image":{"@id":"https:\/\/www.noticiasradioreflejos.com.ar\/2021\/argentina-va-por-la-recuperacion-frente-a-un-brasil-con-urgencias\/#primaryimage"},"thumbnailUrl":"https:\/\/www.telam.com.ar\/thumbs\/bluesteel\/advf\/imagenes\/2023\/11\/655c837d2cefb_1200.jpg","datePublished":"2023-11-21T12:36:07+00:00","author":{"@id":"https:\/\/www.noticiasradioreflejos.com.ar\/2021\/#\/schema\/person\/ad82545263dcc5ec0996818884fd5fb1"},"breadcrumb":{"@id":"https:\/\/www.noticiasradioreflejos.com.ar\/2021\/argentina-va-por-la-recuperacion-frente-a-un-brasil-con-urgencias\/#breadcrumb"},"inLanguage":"es","potentialAction":[{"@type":"ReadAction","target":["https:\/\/www.noticiasradioreflejos.com.ar\/2021\/argentina-va-por-la-recuperacion-frente-a-un-brasil-con-urgencias\/"]}]},{"@type":"ImageObject","inLanguage":"es","@id":"https:\/\/www.noticiasradioreflejos.com.ar\/2021\/argentina-va-por-la-recuperacion-frente-a-un-brasil-con-urgencias\/#primaryimage","url":"https:\/\/www.telam.com.ar\/thumbs\/bluesteel\/advf\/imagenes\/2023\/11\/655c837d2cefb_1200.jpg","contentUrl":"https:\/\/www.telam.com.ar\/thumbs\/bluesteel\/advf\/imagenes\/2023\/11\/655c837d2cefb_1200.jpg"},{"@type":"BreadcrumbList","@id":"https:\/\/www.noticiasradioreflejos.com.ar\/2021\/argentina-va-por-la-recuperacion-frente-a-un-brasil-con-urgencias\/#breadcrumb","itemListElement":[{"@type":"ListItem","position":1,"name":"Portada","item":"https:\/\/www.noticiasradioreflejos.com.ar\/2021\/"},{"@type":"ListItem","position":2,"name":"Argentina va por la recuperaci\u00f3n frente a un Brasil con urgencias"}]},{"@type":"WebSite","@id":"https:\/\/www.noticiasradioreflejos.com.ar\/2021\/#website","url":"https:\/\/www.noticiasradioreflejos.com.ar\/2021\/","name":"Noticias Radio Reflejos","description":"Las noticias de mi comarca","potentialAction":[{"@type":"SearchAction","target":{"@type":"EntryPoint","urlTemplate":"https:\/\/www.noticiasradioreflejos.com.ar\/2021\/?s={search_term_string}"},"query-input":{"@type":"PropertyValueSpecification","valueRequired":true,"valueName":"search_term_string"}}],"inLanguage":"es"},{"@type":"Person","@id":"https:\/\/www.noticiasradioreflejos.com.ar\/2021\/#\/schema\/person\/ad82545263dcc5ec0996818884fd5fb1","name":"Arnaldo Botto","image":{"@type":"ImageObject","inLanguage":"es","@id":"https:\/\/www.noticiasradioreflejos.com.ar\/2021\/#\/schema\/person\/image\/","url":"https:\/\/secure.gravatar.com\/avatar\/55cb5e37c1efa326397366e6974cb338056df65cb50e7d64d1cf314e87504837?s=96&d=mm&r=g","contentUrl":"https:\/\/secure.gravatar.com\/avatar\/55cb5e37c1efa326397366e6974cb338056df65cb50e7d64d1cf314e87504837?s=96&d=mm&r=g","caption":"Arnaldo Botto"},"url":"https:\/\/www.noticiasradioreflejos.com.ar\/2021\/author\/arnaldo\/"}]}},"_links":{"self":[{"href":"https:\/\/www.noticiasradioreflejos.com.ar\/2021\/wp-json\/wp\/v2\/posts\/95539","targetHints":{"allow":["GET"]}}],"collection":[{"href":"https:\/\/www.noticiasradioreflejos.com.ar\/2021\/wp-json\/wp\/v2\/posts"}],"about":[{"href":"https:\/\/www.noticiasradioreflejos.com.ar\/2021\/wp-json\/wp\/v2\/types\/post"}],"author":[{"embeddable":true,"href":"https:\/\/www.noticiasradioreflejos.com.ar\/2021\/wp-json\/wp\/v2\/users\/3"}],"replies":[{"embeddable":true,"href":"https:\/\/www.noticiasradioreflejos.com.ar\/2021\/wp-json\/wp\/v2\/comments?post=95539"}],"version-history":[{"count":1,"href":"https:\/\/www.noticiasradioreflejos.com.ar\/2021\/wp-json\/wp\/v2\/posts\/95539\/revisions"}],"predecessor-version":[{"id":95541,"href":"https:\/\/www.noticiasradioreflejos.com.ar\/2021\/wp-json\/wp\/v2\/posts\/95539\/revisions\/95541"}],"wp:attachment":[{"href":"https:\/\/www.noticiasradioreflejos.com.ar\/2021\/wp-json\/wp\/v2\/media?parent=95539"}],"wp:term":[{"taxonomy":"category","embeddable":true,"href":"https:\/\/www.noticiasradioreflejos.com.ar\/2021\/wp-json\/wp\/v2\/categories?post=95539"},{"taxonomy":"post_tag","embeddable":true,"href":"https:\/\/www.noticiasradioreflejos.com.ar\/2021\/wp-json\/wp\/v2\/tags?post=95539"}],"curies":[{"name":"wp","href":"https:\/\/api.w.org\/{rel}","templated":true}]}}