{"id":95485,"date":"2023-11-19T20:51:08","date_gmt":"2023-11-19T20:51:08","guid":{"rendered":"https:\/\/www.noticiasradioreflejos.com.ar\/2021\/?p=95485"},"modified":"2023-11-19T20:51:08","modified_gmt":"2023-11-19T20:51:08","slug":"la-cantidad-de-votantes-en-el-balotaje-supera-a-los-de-la-primera-vuelta","status":"publish","type":"post","link":"https:\/\/www.noticiasradioreflejos.com.ar\/2021\/la-cantidad-de-votantes-en-el-balotaje-supera-a-los-de-la-primera-vuelta\/","title":{"rendered":"La cantidad de votantes en el balotaje supera a los de la primera vuelta"},"content":{"rendered":"<div class=\"wrapper-header\">\n<div class=\"container-xl\">\n<div class=\"row\">\n<div class=\"col-12\">\n<div class=\"head-content mb-4\">\n<div class=\"my-3\">\n<div class=\"social mt-3\">Unos 35 millones de argentinos definen qui\u00e9n ser\u00e1 el pr\u00f3ximo presidente, entre el candidato de Uni\u00f3n por la Patria (UxP), Sergio Massa, y el postulante de La Libertad Avanza (LLA), Javier Milei.<\/div>\n<\/div>\n<\/div>\n<\/div>\n<\/div>\n<\/div>\n<\/div>\n<p><!--more--><\/p>\n<div class=\"wrapper-editable-content\">\n<div>\n<div class=\"wrapper-editable-content\">\n<div>\n<div class=\"container-md\">\n<div class=\"row\">\n<div class=\"col-md-12 speak\">\n<div class=\"paragraph\">\n<figure class=\"mb-3\"><img decoding=\"async\" class=\" lazy \" src=\"https:\/\/www.telam.com.ar\/thumbs\/bluesteel\/advf\/imagenes\/2023\/11\/655a22182168d_1200.jpg\" alt=\"Foto Hernn Saravia\" width=\"100%\" height=\"100%\" \/><figcaption>Foto: Hern\u00e1n Saravia<\/figcaption><\/figure>\n<p>La jornada de balotaje, en la que unos 35 millones de argentinos se encuentran habilitados para elegir este domingo al pr\u00f3ximo presidente entre los candidatos Sergio Massa, de Uni\u00f3n por la Patria (UxP), y Javier Milei, de La Libertad Avanza (LLA),\u00a0<strong>se desarrollaba esta tarde con normalidad\u00a0<\/strong>y, a las 16, ya hab\u00eda votado el 62 por ciento del padr\u00f3n, superando el porcentaje de participaci\u00f3n para esa misma hora de las elecciones generales del pasado 22 de octubre, seg\u00fan inform\u00f3 la C\u00e1mara Nacional Electoral (CNE).<\/p>\n<p>Hasta las 14 ya hab\u00eda participado del sufragio el 45 por ciento del padr\u00f3n. En tanto que, en las generales del pasado 22 de octubre para las 16, hab\u00eda votado el 59 por ciento del padr\u00f3n, y a las 17, ya hab\u00eda participado el 66 por ciento de los empadronados.<\/p>\n<p>Para las 15, ya hab\u00edan emitido su voto\u00a0<a href=\"https:\/\/www.telam.com.ar\/notas\/202311\/647018-voto-sergio-massa.html\" target=\"_blank\" rel=\"noopener\">Sergio Massa<\/a>,\u00a0<a href=\"https:\/\/www.telam.com.ar\/notas\/202311\/647023-voto-balotaje-milei.html\" target=\"_blank\" rel=\"noopener\">Javier Milei<\/a>,\u00a0<a href=\"https:\/\/www.telam.com.ar\/notas\/202311\/647003-alberto-fernandez-voto-balotaje.html\" target=\"_blank\" rel=\"noopener\">el presidente Alberto Fern\u00e1ndez<\/a>, la vicepresidenta\u00a0<a href=\"https:\/\/www.telam.com.ar\/notas\/202311\/647033-voto-cristina-kirchner-balotaje.html\" target=\"_blank\" rel=\"noopener\">Cristina Fern\u00e1ndez de Kirchner<\/a>, el\u00a0<a href=\"https:\/\/www.telam.com.ar\/notas\/202311\/647013-kicillof-votacion-balotaje.html\" target=\"_blank\" rel=\"noopener\">gobernador de la provincia de Buenos Aires, Axel Kicillof<\/a>, y varios mandatarios provinciales, as\u00ed como el jefe de Gabinete y\u00a0<a href=\"https:\/\/www.telam.com.ar\/notas\/202311\/647009-rossi-votacion-balotaje-rosario.html\" target=\"_blank\" rel=\"noopener\">candidato a vicepresidente de Uni\u00f3n por la Patria (UxP), Agust\u00edn Rossi<\/a>\u00a0y la\u00a0<a href=\"https:\/\/www.telam.com.ar\/notas\/202311\/647022-balotaje-elecciones-villarruel.html\" target=\"_blank\" rel=\"noopener\">candidata a vicepresidenta de LLA, Victoria Villarruel<\/a>.<\/p>\n<p>Esta segunda vuelta electoral pondr\u00e1 fin al proceso con el que los ciudadanos decidir\u00e1n\u00a0<strong>qui\u00e9nes reemplazar\u00e1n en el Gobierno a Alberto Fern\u00e1ndez y a Cristina Fern\u00e1ndez de Kirchner para el per\u00edodo 2023-2027<\/strong>, es decir la renovaci\u00f3n de los cargos del Poder Ejecutivo: presidente y vicepresidente.<\/p>\n<p>El camino hacia esta definici\u00f3n se inici\u00f3 en agosto \u00faltimo, con las primarias abiertas, simult\u00e1neas y obligatorias (PASO), y continu\u00f3 el 22 de octubre, con las elecciones generales.<\/p>\n<figure class=\"mb-3\"><img decoding=\"async\" class=\" lazy \" src=\"https:\/\/www.telam.com.ar\/thumbs\/bluesteel\/advf\/imagenes\/2023\/11\/655a285ff2c33_1200.jpg\" alt=\"Foto Edgardo Valera\" width=\"100%\" height=\"100%\" \/><figcaption>Foto: Edgardo Valera<\/figcaption><\/figure>\n<p>Con esas dos votaciones, el electorado fue perfilando el orden de sus preferencias pol\u00edtico-partidarias hasta este \u00faltimo tramo, en el que s\u00f3lo hay dos boletas en el cuarto oscuro: la de UxP, con la f\u00f3rmula presidencial Massa-Agust\u00edn Rossi, y la de LLA, con el binomio Milei-Victoria Villarruel.<\/p>\n<p>El tamiz electoral iniciado tres meses atr\u00e1s\u00a0<strong>dej\u00f3 fuera de carrera a 19 f\u00f3rmulas presidenciales que no superaron el piso del 1,5%<\/strong>\u00a0de votos necesario para participar de las generales.<\/p>\n<p><strong>Los resultados de las PASO de agosto mostraron una paridad de tres tercios<\/strong>, m\u00e1s all\u00e1 de que LLA logr\u00f3 la mayor cantidad de votos, seguido por Juntos por el Cambio (JxC) y, en un tercer lugar, UxP.<\/p>\n<p>Algo m\u00e1s de dos meses despu\u00e9s, en las generales de octubre,<strong>\u00a0el oficialista UxP revirti\u00f3 esos n\u00fameros y Massa se posicion\u00f3 como el candidato presidencial m\u00e1s elegido con casi 37 puntos<\/strong>. Milei sali\u00f3 segundo, con algo menos del 30%, y la postulante presidencial de JxC, Patricia Bullrich, apenas borde\u00f3 el 24% y qued\u00f3 fuera del balotaje.<\/p>\n<p>Esos n\u00fameros confirmaron la realizaci\u00f3n del balotaje porque ninguno de los aspirantes m\u00e1s votados logr\u00f3 el puntaje legal necesario para consagrarse presidente en primera vuelta.<\/p>\n<figure class=\"mb-3\"><img decoding=\"async\" class=\" lazy \" src=\"https:\/\/www.telam.com.ar\/thumbs\/bluesteel\/advf\/imagenes\/2023\/11\/655a210ed9fc7_1200.jpg\" alt=\"El balotaje en Baha Blanca\" width=\"100%\" height=\"100%\" \/><figcaption>El balotaje en Bah\u00eda Blanca.<\/figcaption><\/figure>\n<p>Pero adem\u00e1s los resultados astillaron los acuerdos partidarios puertas adentro de JxC, con el apoyo unilateral de un sector del PRO -alineado con Bullrich y con el expresidente Mauricio Macri- al postulante partidario y el enojo del resto de los miembros de la coalici\u00f3n: la UCR y la Coalici\u00f3n C\u00edvica (CC).<\/p>\n<p><strong>Los comicios de octubre mostraron tambi\u00e9n no s\u00f3lo un viraje en las preferencias, sino un mayor caudal de votantes<\/strong>: hubo un 8% m\u00e1s de personas que acudi\u00f3 a las urnas en octubre (77,04%), en comparaci\u00f3n con el 69% que lo hizo en las PASO de agosto.<\/p>\n<p>Este domingo el electorado de los 24 distritos del pa\u00eds\u00a0<strong>deber\u00e1 optar s\u00f3lo entre dos boletas<\/strong>: la de Massa o la de Milei, y quien obtenga la mayor cantidad de votos afirmativos ser\u00e1 el nuevo presidente de la Argentina.<\/p>\n<p>Pero esa decisi\u00f3n, adem\u00e1s, dejar\u00e1 en evidencia c\u00f3mo se redireccionaron los apoyos luego de que en octubre quedaran fuera de competencia los otros tres postulantes presidenciales: Bullrich, de JxC; Myriam Bregman, del Frente de Izquierda y de Trabajadores-Unidad (FIT-U), y Juan Schiaretti, de Hacemos por Nuestro Pa\u00eds (HpNP).<\/p>\n<figure class=\"mb-3\"><img decoding=\"async\" class=\" lazy \" src=\"https:\/\/www.telam.com.ar\/thumbs\/bluesteel\/advf\/imagenes\/2023\/11\/6558d2e7cd00b_1200.jpg\" alt=\"Este domingo el electorado de los 24 distritos del pas deber optar slo entre dos boletas la de Massa o la de Milei\" width=\"100%\" height=\"100%\" \/><figcaption><em>Este domingo el electorado de los 24 distritos del pa\u00eds deber\u00e1 optar s\u00f3lo entre dos boletas: la de Massa o la de Milei.<\/em><\/figcaption><\/figure>\n<p>El desaf\u00edo y los esfuerzos estuvieron puestos, tanto para UxP como para LLA, en captar el favoritismo en las urnas y convencer a los votantes que en octubre eligieron otras fuerzas.<\/p>\n<p><strong>El balotaje de este domingo clausurar\u00e1 un largo proceso electoral que se inici\u00f3 en febrero pasado<\/strong>\u00a0con las primarias en La Pampa y continu\u00f3 en todos los distritos del pa\u00eds -en la mayor\u00eda de ellos en forma desdoblada-, donde se renovaron autoridades ejecutivas y parlamentarias locales, adem\u00e1s de los cargos nacionales.<\/p>\n<p>Este domingo ser\u00e1 la segunda vez en la historia del pa\u00eds en que un mandatario resulte electo en segunda vuelta: s\u00f3lo ocurri\u00f3 en el 2015, cuando Mauricio Macri termin\u00f3 imponi\u00e9ndose sobre Daniel Scioli.<\/p>\n<p>Los votos que emitan las y los ciudadanos en el balotaje pueden calificarse como v\u00e1lidos y nulos, dos categor\u00edas que contemplan, entre otras, las opciones \u00abafirmativos\u00bb, \u00aben blanco\u00bb, \u00abrecurridos\u00bb y \u00abde identidad impugnada\u00bb, explic\u00f3 la C\u00e1mara Nacional Electoral (CNE).<\/p>\n<blockquote class=\"\"><p>Este domingo ser\u00e1 la segunda vez en la historia del pa\u00eds en que un mandatario resulte electo en segunda vuelta: s\u00f3lo ocurri\u00f3 en el 2015, cuando Mauricio Macri termin\u00f3 imponi\u00e9ndose sobre Daniel Scioli.<\/p><\/blockquote>\n<p><a href=\"https:\/\/www.telam.com.ar\/notas\/202311\/646834-elecciones-balotaje-votos-blanco-impugnados.html\" target=\"_blank\" rel=\"noopener\">El C\u00f3digo Nacional Electoral establece que los tipos de votos v\u00e1lidos son<\/a>\u00a0los \u00abafirmativos\u00bb, que se emiten con boleta oficializada de una misma agrupaci\u00f3n para todas las categor\u00edas o cuando para cada una de ellas se eligen boletas de fuerzas pol\u00edticas diferentes.<\/p>\n<p>Adem\u00e1s, la CNE aclar\u00f3 que son v\u00e1lidas para votar en el balotaje de este domingo las boletas oficializadas para la primera vuelta que se realiz\u00f3 el 22 de octubre, en la categor\u00eda de candidatos a presidente y vicepresidente.<\/p>\n<p>En tanto, los ciudadanos habilitados para votar deber\u00e1n presentarse con el ejemplar del documento de identidad que figura en el padr\u00f3n o bien uno m\u00e1s nuevo.<\/p>\n<p><strong>Los documentos habilitados son Libreta de Enrolamiento\/libreta c\u00edvica; DNI Libreta verde; DNI libreta celeste; Tarjeta del DNI libreta celeste y el DNI tarjeta.<\/strong><\/div>\n<\/div>\n<\/div>\n<\/div>\n<\/div>\n<\/div>\n<\/div>\n<\/div>\n","protected":false},"excerpt":{"rendered":"<p>Unos 35 millones de argentinos definen qui\u00e9n ser\u00e1 el pr\u00f3ximo presidente, entre el candidato de Uni\u00f3n por la Patria (UxP), Sergio Massa, y el postulante de La Libertad Avanza (LLA), Javier Milei.<\/p>\n","protected":false},"author":3,"featured_media":0,"comment_status":"closed","ping_status":"closed","sticky":false,"template":"","format":"standard","meta":{"footnotes":""},"categories":[24],"tags":[],"class_list":["post-95485","post","type-post","status-publish","format-standard","hentry","category-politica"],"yoast_head":"<!-- This site is optimized with the Yoast SEO plugin v25.9 - https:\/\/yoast.com\/wordpress\/plugins\/seo\/ -->\n<title>La cantidad de votantes en el balotaje supera a los de la primera vuelta - Noticias Radio Reflejos<\/title>\n<meta name=\"robots\" content=\"index, follow, max-snippet:-1, max-image-preview:large, max-video-preview:-1\" \/>\n<link rel=\"canonical\" href=\"https:\/\/www.noticiasradioreflejos.com.ar\/2021\/la-cantidad-de-votantes-en-el-balotaje-supera-a-los-de-la-primera-vuelta\/\" \/>\n<meta property=\"og:locale\" content=\"es_ES\" \/>\n<meta property=\"og:type\" content=\"article\" \/>\n<meta property=\"og:title\" content=\"La cantidad de votantes en el balotaje supera a los de la primera vuelta - Noticias Radio Reflejos\" \/>\n<meta property=\"og:description\" content=\"Unos 35 millones de argentinos definen qui\u00e9n ser\u00e1 el pr\u00f3ximo presidente, entre el candidato de Uni\u00f3n por la Patria (UxP), Sergio Massa, y el postulante de La Libertad Avanza (LLA), Javier Milei.\" \/>\n<meta property=\"og:url\" content=\"https:\/\/www.noticiasradioreflejos.com.ar\/2021\/la-cantidad-de-votantes-en-el-balotaje-supera-a-los-de-la-primera-vuelta\/\" \/>\n<meta property=\"og:site_name\" content=\"Noticias Radio Reflejos\" \/>\n<meta property=\"article:published_time\" content=\"2023-11-19T20:51:08+00:00\" \/>\n<meta property=\"og:image\" content=\"https:\/\/www.telam.com.ar\/thumbs\/bluesteel\/advf\/imagenes\/2023\/11\/655a22182168d_1200.jpg\" \/>\n<meta name=\"author\" content=\"Arnaldo Botto\" \/>\n<meta name=\"twitter:card\" content=\"summary_large_image\" \/>\n<script type=\"application\/ld+json\" class=\"yoast-schema-graph\">{\"@context\":\"https:\/\/schema.org\",\"@graph\":[{\"@type\":\"WebPage\",\"@id\":\"https:\/\/www.noticiasradioreflejos.com.ar\/2021\/la-cantidad-de-votantes-en-el-balotaje-supera-a-los-de-la-primera-vuelta\/\",\"url\":\"https:\/\/www.noticiasradioreflejos.com.ar\/2021\/la-cantidad-de-votantes-en-el-balotaje-supera-a-los-de-la-primera-vuelta\/\",\"name\":\"La cantidad de votantes en el balotaje supera a los de la primera vuelta - Noticias Radio Reflejos\",\"isPartOf\":{\"@id\":\"https:\/\/www.noticiasradioreflejos.com.ar\/2021\/#website\"},\"primaryImageOfPage\":{\"@id\":\"https:\/\/www.noticiasradioreflejos.com.ar\/2021\/la-cantidad-de-votantes-en-el-balotaje-supera-a-los-de-la-primera-vuelta\/#primaryimage\"},\"image\":{\"@id\":\"https:\/\/www.noticiasradioreflejos.com.ar\/2021\/la-cantidad-de-votantes-en-el-balotaje-supera-a-los-de-la-primera-vuelta\/#primaryimage\"},\"thumbnailUrl\":\"https:\/\/www.telam.com.ar\/thumbs\/bluesteel\/advf\/imagenes\/2023\/11\/655a22182168d_1200.jpg\",\"datePublished\":\"2023-11-19T20:51:08+00:00\",\"author\":{\"@id\":\"https:\/\/www.noticiasradioreflejos.com.ar\/2021\/#\/schema\/person\/ad82545263dcc5ec0996818884fd5fb1\"},\"breadcrumb\":{\"@id\":\"https:\/\/www.noticiasradioreflejos.com.ar\/2021\/la-cantidad-de-votantes-en-el-balotaje-supera-a-los-de-la-primera-vuelta\/#breadcrumb\"},\"inLanguage\":\"es\",\"potentialAction\":[{\"@type\":\"ReadAction\",\"target\":[\"https:\/\/www.noticiasradioreflejos.com.ar\/2021\/la-cantidad-de-votantes-en-el-balotaje-supera-a-los-de-la-primera-vuelta\/\"]}]},{\"@type\":\"ImageObject\",\"inLanguage\":\"es\",\"@id\":\"https:\/\/www.noticiasradioreflejos.com.ar\/2021\/la-cantidad-de-votantes-en-el-balotaje-supera-a-los-de-la-primera-vuelta\/#primaryimage\",\"url\":\"https:\/\/www.telam.com.ar\/thumbs\/bluesteel\/advf\/imagenes\/2023\/11\/655a22182168d_1200.jpg\",\"contentUrl\":\"https:\/\/www.telam.com.ar\/thumbs\/bluesteel\/advf\/imagenes\/2023\/11\/655a22182168d_1200.jpg\"},{\"@type\":\"BreadcrumbList\",\"@id\":\"https:\/\/www.noticiasradioreflejos.com.ar\/2021\/la-cantidad-de-votantes-en-el-balotaje-supera-a-los-de-la-primera-vuelta\/#breadcrumb\",\"itemListElement\":[{\"@type\":\"ListItem\",\"position\":1,\"name\":\"Portada\",\"item\":\"https:\/\/www.noticiasradioreflejos.com.ar\/2021\/\"},{\"@type\":\"ListItem\",\"position\":2,\"name\":\"La cantidad de votantes en el balotaje supera a los de la primera vuelta\"}]},{\"@type\":\"WebSite\",\"@id\":\"https:\/\/www.noticiasradioreflejos.com.ar\/2021\/#website\",\"url\":\"https:\/\/www.noticiasradioreflejos.com.ar\/2021\/\",\"name\":\"Noticias Radio Reflejos\",\"description\":\"Las noticias de mi comarca\",\"potentialAction\":[{\"@type\":\"SearchAction\",\"target\":{\"@type\":\"EntryPoint\",\"urlTemplate\":\"https:\/\/www.noticiasradioreflejos.com.ar\/2021\/?s={search_term_string}\"},\"query-input\":{\"@type\":\"PropertyValueSpecification\",\"valueRequired\":true,\"valueName\":\"search_term_string\"}}],\"inLanguage\":\"es\"},{\"@type\":\"Person\",\"@id\":\"https:\/\/www.noticiasradioreflejos.com.ar\/2021\/#\/schema\/person\/ad82545263dcc5ec0996818884fd5fb1\",\"name\":\"Arnaldo Botto\",\"image\":{\"@type\":\"ImageObject\",\"inLanguage\":\"es\",\"@id\":\"https:\/\/www.noticiasradioreflejos.com.ar\/2021\/#\/schema\/person\/image\/\",\"url\":\"https:\/\/secure.gravatar.com\/avatar\/55cb5e37c1efa326397366e6974cb338056df65cb50e7d64d1cf314e87504837?s=96&d=mm&r=g\",\"contentUrl\":\"https:\/\/secure.gravatar.com\/avatar\/55cb5e37c1efa326397366e6974cb338056df65cb50e7d64d1cf314e87504837?s=96&d=mm&r=g\",\"caption\":\"Arnaldo Botto\"},\"url\":\"https:\/\/www.noticiasradioreflejos.com.ar\/2021\/author\/arnaldo\/\"}]}<\/script>\n<!-- \/ Yoast SEO plugin. -->","yoast_head_json":{"title":"La cantidad de votantes en el balotaje supera a los de la primera vuelta - Noticias Radio Reflejos","robots":{"index":"index","follow":"follow","max-snippet":"max-snippet:-1","max-image-preview":"max-image-preview:large","max-video-preview":"max-video-preview:-1"},"canonical":"https:\/\/www.noticiasradioreflejos.com.ar\/2021\/la-cantidad-de-votantes-en-el-balotaje-supera-a-los-de-la-primera-vuelta\/","og_locale":"es_ES","og_type":"article","og_title":"La cantidad de votantes en el balotaje supera a los de la primera vuelta - Noticias Radio Reflejos","og_description":"Unos 35 millones de argentinos definen qui\u00e9n ser\u00e1 el pr\u00f3ximo presidente, entre el candidato de Uni\u00f3n por la Patria (UxP), Sergio Massa, y el postulante de La Libertad Avanza (LLA), Javier Milei.","og_url":"https:\/\/www.noticiasradioreflejos.com.ar\/2021\/la-cantidad-de-votantes-en-el-balotaje-supera-a-los-de-la-primera-vuelta\/","og_site_name":"Noticias Radio Reflejos","article_published_time":"2023-11-19T20:51:08+00:00","og_image":[{"url":"https:\/\/www.telam.com.ar\/thumbs\/bluesteel\/advf\/imagenes\/2023\/11\/655a22182168d_1200.jpg","type":"","width":"","height":""}],"author":"Arnaldo Botto","twitter_card":"summary_large_image","schema":{"@context":"https:\/\/schema.org","@graph":[{"@type":"WebPage","@id":"https:\/\/www.noticiasradioreflejos.com.ar\/2021\/la-cantidad-de-votantes-en-el-balotaje-supera-a-los-de-la-primera-vuelta\/","url":"https:\/\/www.noticiasradioreflejos.com.ar\/2021\/la-cantidad-de-votantes-en-el-balotaje-supera-a-los-de-la-primera-vuelta\/","name":"La cantidad de votantes en el balotaje supera a los de la primera vuelta - Noticias Radio Reflejos","isPartOf":{"@id":"https:\/\/www.noticiasradioreflejos.com.ar\/2021\/#website"},"primaryImageOfPage":{"@id":"https:\/\/www.noticiasradioreflejos.com.ar\/2021\/la-cantidad-de-votantes-en-el-balotaje-supera-a-los-de-la-primera-vuelta\/#primaryimage"},"image":{"@id":"https:\/\/www.noticiasradioreflejos.com.ar\/2021\/la-cantidad-de-votantes-en-el-balotaje-supera-a-los-de-la-primera-vuelta\/#primaryimage"},"thumbnailUrl":"https:\/\/www.telam.com.ar\/thumbs\/bluesteel\/advf\/imagenes\/2023\/11\/655a22182168d_1200.jpg","datePublished":"2023-11-19T20:51:08+00:00","author":{"@id":"https:\/\/www.noticiasradioreflejos.com.ar\/2021\/#\/schema\/person\/ad82545263dcc5ec0996818884fd5fb1"},"breadcrumb":{"@id":"https:\/\/www.noticiasradioreflejos.com.ar\/2021\/la-cantidad-de-votantes-en-el-balotaje-supera-a-los-de-la-primera-vuelta\/#breadcrumb"},"inLanguage":"es","potentialAction":[{"@type":"ReadAction","target":["https:\/\/www.noticiasradioreflejos.com.ar\/2021\/la-cantidad-de-votantes-en-el-balotaje-supera-a-los-de-la-primera-vuelta\/"]}]},{"@type":"ImageObject","inLanguage":"es","@id":"https:\/\/www.noticiasradioreflejos.com.ar\/2021\/la-cantidad-de-votantes-en-el-balotaje-supera-a-los-de-la-primera-vuelta\/#primaryimage","url":"https:\/\/www.telam.com.ar\/thumbs\/bluesteel\/advf\/imagenes\/2023\/11\/655a22182168d_1200.jpg","contentUrl":"https:\/\/www.telam.com.ar\/thumbs\/bluesteel\/advf\/imagenes\/2023\/11\/655a22182168d_1200.jpg"},{"@type":"BreadcrumbList","@id":"https:\/\/www.noticiasradioreflejos.com.ar\/2021\/la-cantidad-de-votantes-en-el-balotaje-supera-a-los-de-la-primera-vuelta\/#breadcrumb","itemListElement":[{"@type":"ListItem","position":1,"name":"Portada","item":"https:\/\/www.noticiasradioreflejos.com.ar\/2021\/"},{"@type":"ListItem","position":2,"name":"La cantidad de votantes en el balotaje supera a los de la primera vuelta"}]},{"@type":"WebSite","@id":"https:\/\/www.noticiasradioreflejos.com.ar\/2021\/#website","url":"https:\/\/www.noticiasradioreflejos.com.ar\/2021\/","name":"Noticias Radio Reflejos","description":"Las noticias de mi comarca","potentialAction":[{"@type":"SearchAction","target":{"@type":"EntryPoint","urlTemplate":"https:\/\/www.noticiasradioreflejos.com.ar\/2021\/?s={search_term_string}"},"query-input":{"@type":"PropertyValueSpecification","valueRequired":true,"valueName":"search_term_string"}}],"inLanguage":"es"},{"@type":"Person","@id":"https:\/\/www.noticiasradioreflejos.com.ar\/2021\/#\/schema\/person\/ad82545263dcc5ec0996818884fd5fb1","name":"Arnaldo Botto","image":{"@type":"ImageObject","inLanguage":"es","@id":"https:\/\/www.noticiasradioreflejos.com.ar\/2021\/#\/schema\/person\/image\/","url":"https:\/\/secure.gravatar.com\/avatar\/55cb5e37c1efa326397366e6974cb338056df65cb50e7d64d1cf314e87504837?s=96&d=mm&r=g","contentUrl":"https:\/\/secure.gravatar.com\/avatar\/55cb5e37c1efa326397366e6974cb338056df65cb50e7d64d1cf314e87504837?s=96&d=mm&r=g","caption":"Arnaldo Botto"},"url":"https:\/\/www.noticiasradioreflejos.com.ar\/2021\/author\/arnaldo\/"}]}},"_links":{"self":[{"href":"https:\/\/www.noticiasradioreflejos.com.ar\/2021\/wp-json\/wp\/v2\/posts\/95485","targetHints":{"allow":["GET"]}}],"collection":[{"href":"https:\/\/www.noticiasradioreflejos.com.ar\/2021\/wp-json\/wp\/v2\/posts"}],"about":[{"href":"https:\/\/www.noticiasradioreflejos.com.ar\/2021\/wp-json\/wp\/v2\/types\/post"}],"author":[{"embeddable":true,"href":"https:\/\/www.noticiasradioreflejos.com.ar\/2021\/wp-json\/wp\/v2\/users\/3"}],"replies":[{"embeddable":true,"href":"https:\/\/www.noticiasradioreflejos.com.ar\/2021\/wp-json\/wp\/v2\/comments?post=95485"}],"version-history":[{"count":1,"href":"https:\/\/www.noticiasradioreflejos.com.ar\/2021\/wp-json\/wp\/v2\/posts\/95485\/revisions"}],"predecessor-version":[{"id":95487,"href":"https:\/\/www.noticiasradioreflejos.com.ar\/2021\/wp-json\/wp\/v2\/posts\/95485\/revisions\/95487"}],"wp:attachment":[{"href":"https:\/\/www.noticiasradioreflejos.com.ar\/2021\/wp-json\/wp\/v2\/media?parent=95485"}],"wp:term":[{"taxonomy":"category","embeddable":true,"href":"https:\/\/www.noticiasradioreflejos.com.ar\/2021\/wp-json\/wp\/v2\/categories?post=95485"},{"taxonomy":"post_tag","embeddable":true,"href":"https:\/\/www.noticiasradioreflejos.com.ar\/2021\/wp-json\/wp\/v2\/tags?post=95485"}],"curies":[{"name":"wp","href":"https:\/\/api.w.org\/{rel}","templated":true}]}}