{"id":95462,"date":"2023-11-18T12:29:08","date_gmt":"2023-11-18T12:29:08","guid":{"rendered":"https:\/\/www.noticiasradioreflejos.com.ar\/2021\/?p=95462"},"modified":"2023-11-18T12:33:33","modified_gmt":"2023-11-18T12:33:33","slug":"con-leves-lluvias-por-la-tarde-y-noche-del-viernes-se-espera-un-finde-ventoso","status":"publish","type":"post","link":"https:\/\/www.noticiasradioreflejos.com.ar\/2021\/con-leves-lluvias-por-la-tarde-y-noche-del-viernes-se-espera-un-finde-ventoso\/","title":{"rendered":"Con leves lluvias por la tarde y noche del viernes, se espera un finde ventoso."},"content":{"rendered":"<p id=\"titulo_cable\" class=\"title\">S\u00e1bado ventoso, soleado y con una m\u00e1xima de 20 grados para la Comarca serrana y\u00a0 alrededores.<!--more--><\/p>\n<div id=\"div_cuerpo\" class=\"content cable-content\">\n<p>Este s\u00e1bado se presenta en Sierra de la Ventana, Villa y Saldungaray\u00a0 muy ventoso a la ma\u00f1ana, con r\u00e1fagas de hasta 70 km\/h del sector sudoeste, que disminuye durante el d\u00eda y rota al oeste, y la temperatura m\u00ednima de 9 grados y m\u00e1xima de 22, inform\u00f3 el Servicio Meteorol\u00f3gico Nacional (SMN).<\/p>\n<p>Para ma\u00f1ana, domingo, d\u00eda en que se celebra el balotaje presidencial, el organismo prev\u00e9 una jornada con cielo algo nublado a parcialmente nublado, vientos del sector oeste rotando al sudoeste, y luego al noroeste, con r\u00e1fagas de hasta 50 kil\u00f3metros hasta la tarde, y una temperatura que se ubicar\u00e1 entre los 13 grados de m\u00ednima y 26 de m\u00e1xima.<\/p>\n<p>En tanto, el lunes, que es feriado por el D\u00eda de la Soberan\u00eda Nacional, est\u00e1 pronosticado cielo parcialmente nublado a mayormente nublado, inestable con probabilidad de chaparrones aislados en la ma\u00f1ana, vientos fuertes del sector norte rotando al oeste, y una temperatura m\u00ednima de 17 grados y una m\u00e1xima de 30.<\/p>\n<\/div>\n<div><\/div>\n<div><strong>Datos de lluvias en la zona<\/strong><\/div>\n<div><\/div>\n<div>3 mm en Sierra de la Ventana<\/div>\n<div>4 mm en Villa Ventana<\/div>\n<div>4 mm en Saldungaray<\/div>\n<div>3,2 mm en Frapal<\/div>\n<div>3,5 mm en El Pantanoso<\/div>\n<div>5 mm en Cura Malal<\/div>\n<div>2 mm en Dufaur<\/div>\n<div>2 mm en Pasman<\/div>\n<div>3 mm en Cabildo<\/div>\n<div><\/div>\n<div><\/div>\n<div><\/div>\n","protected":false},"excerpt":{"rendered":"<p>S\u00e1bado ventoso, soleado y con una m\u00e1xima de 20 grados para la Comarca serrana y\u00a0 alrededores.<\/p>\n","protected":false},"author":3,"featured_media":0,"comment_status":"closed","ping_status":"closed","sticky":false,"template":"","format":"standard","meta":{"footnotes":""},"categories":[46],"tags":[],"class_list":["post-95462","post","type-post","status-publish","format-standard","hentry","category-ciencia-y-tecnologia"],"yoast_head":"<!-- This site is optimized with the Yoast SEO plugin v25.9 - https:\/\/yoast.com\/wordpress\/plugins\/seo\/ -->\n<title>Con leves lluvias por la tarde y noche del viernes, se espera un finde ventoso. - Noticias Radio Reflejos<\/title>\n<meta name=\"robots\" content=\"index, follow, max-snippet:-1, max-image-preview:large, max-video-preview:-1\" \/>\n<link rel=\"canonical\" href=\"https:\/\/www.noticiasradioreflejos.com.ar\/2021\/con-leves-lluvias-por-la-tarde-y-noche-del-viernes-se-espera-un-finde-ventoso\/\" \/>\n<meta property=\"og:locale\" content=\"es_ES\" \/>\n<meta property=\"og:type\" content=\"article\" \/>\n<meta property=\"og:title\" content=\"Con leves lluvias por la tarde y noche del viernes, se espera un finde ventoso. - Noticias Radio Reflejos\" \/>\n<meta property=\"og:description\" content=\"S\u00e1bado ventoso, soleado y con una m\u00e1xima de 20 grados para la Comarca serrana y\u00a0 alrededores.\" \/>\n<meta property=\"og:url\" content=\"https:\/\/www.noticiasradioreflejos.com.ar\/2021\/con-leves-lluvias-por-la-tarde-y-noche-del-viernes-se-espera-un-finde-ventoso\/\" \/>\n<meta property=\"og:site_name\" content=\"Noticias Radio Reflejos\" \/>\n<meta property=\"article:published_time\" content=\"2023-11-18T12:29:08+00:00\" \/>\n<meta property=\"article:modified_time\" content=\"2023-11-18T12:33:33+00:00\" \/>\n<meta property=\"og:image\" content=\"https:\/\/www.noticiasradioreflejos.com.ar\/2021\/wp-content\/uploads\/2021\/07\/logosol300x200.png\" \/>\n\t<meta property=\"og:image:width\" content=\"300\" \/>\n\t<meta property=\"og:image:height\" content=\"200\" \/>\n\t<meta property=\"og:image:type\" content=\"image\/png\" \/>\n<meta name=\"author\" content=\"Arnaldo Botto\" \/>\n<meta name=\"twitter:card\" content=\"summary_large_image\" \/>\n<script type=\"application\/ld+json\" class=\"yoast-schema-graph\">{\"@context\":\"https:\/\/schema.org\",\"@graph\":[{\"@type\":\"WebPage\",\"@id\":\"https:\/\/www.noticiasradioreflejos.com.ar\/2021\/con-leves-lluvias-por-la-tarde-y-noche-del-viernes-se-espera-un-finde-ventoso\/\",\"url\":\"https:\/\/www.noticiasradioreflejos.com.ar\/2021\/con-leves-lluvias-por-la-tarde-y-noche-del-viernes-se-espera-un-finde-ventoso\/\",\"name\":\"Con leves lluvias por la tarde y noche del viernes, se espera un finde ventoso. - Noticias Radio Reflejos\",\"isPartOf\":{\"@id\":\"https:\/\/www.noticiasradioreflejos.com.ar\/2021\/#website\"},\"datePublished\":\"2023-11-18T12:29:08+00:00\",\"dateModified\":\"2023-11-18T12:33:33+00:00\",\"author\":{\"@id\":\"https:\/\/www.noticiasradioreflejos.com.ar\/2021\/#\/schema\/person\/ad82545263dcc5ec0996818884fd5fb1\"},\"breadcrumb\":{\"@id\":\"https:\/\/www.noticiasradioreflejos.com.ar\/2021\/con-leves-lluvias-por-la-tarde-y-noche-del-viernes-se-espera-un-finde-ventoso\/#breadcrumb\"},\"inLanguage\":\"es\",\"potentialAction\":[{\"@type\":\"ReadAction\",\"target\":[\"https:\/\/www.noticiasradioreflejos.com.ar\/2021\/con-leves-lluvias-por-la-tarde-y-noche-del-viernes-se-espera-un-finde-ventoso\/\"]}]},{\"@type\":\"BreadcrumbList\",\"@id\":\"https:\/\/www.noticiasradioreflejos.com.ar\/2021\/con-leves-lluvias-por-la-tarde-y-noche-del-viernes-se-espera-un-finde-ventoso\/#breadcrumb\",\"itemListElement\":[{\"@type\":\"ListItem\",\"position\":1,\"name\":\"Portada\",\"item\":\"https:\/\/www.noticiasradioreflejos.com.ar\/2021\/\"},{\"@type\":\"ListItem\",\"position\":2,\"name\":\"Con leves lluvias por la tarde y noche del viernes, se espera un finde ventoso.\"}]},{\"@type\":\"WebSite\",\"@id\":\"https:\/\/www.noticiasradioreflejos.com.ar\/2021\/#website\",\"url\":\"https:\/\/www.noticiasradioreflejos.com.ar\/2021\/\",\"name\":\"Noticias Radio Reflejos\",\"description\":\"Las noticias de mi comarca\",\"potentialAction\":[{\"@type\":\"SearchAction\",\"target\":{\"@type\":\"EntryPoint\",\"urlTemplate\":\"https:\/\/www.noticiasradioreflejos.com.ar\/2021\/?s={search_term_string}\"},\"query-input\":{\"@type\":\"PropertyValueSpecification\",\"valueRequired\":true,\"valueName\":\"search_term_string\"}}],\"inLanguage\":\"es\"},{\"@type\":\"Person\",\"@id\":\"https:\/\/www.noticiasradioreflejos.com.ar\/2021\/#\/schema\/person\/ad82545263dcc5ec0996818884fd5fb1\",\"name\":\"Arnaldo Botto\",\"image\":{\"@type\":\"ImageObject\",\"inLanguage\":\"es\",\"@id\":\"https:\/\/www.noticiasradioreflejos.com.ar\/2021\/#\/schema\/person\/image\/\",\"url\":\"https:\/\/secure.gravatar.com\/avatar\/55cb5e37c1efa326397366e6974cb338056df65cb50e7d64d1cf314e87504837?s=96&d=mm&r=g\",\"contentUrl\":\"https:\/\/secure.gravatar.com\/avatar\/55cb5e37c1efa326397366e6974cb338056df65cb50e7d64d1cf314e87504837?s=96&d=mm&r=g\",\"caption\":\"Arnaldo Botto\"},\"url\":\"https:\/\/www.noticiasradioreflejos.com.ar\/2021\/author\/arnaldo\/\"}]}<\/script>\n<!-- \/ Yoast SEO plugin. -->","yoast_head_json":{"title":"Con leves lluvias por la tarde y noche del viernes, se espera un finde ventoso. - Noticias Radio Reflejos","robots":{"index":"index","follow":"follow","max-snippet":"max-snippet:-1","max-image-preview":"max-image-preview:large","max-video-preview":"max-video-preview:-1"},"canonical":"https:\/\/www.noticiasradioreflejos.com.ar\/2021\/con-leves-lluvias-por-la-tarde-y-noche-del-viernes-se-espera-un-finde-ventoso\/","og_locale":"es_ES","og_type":"article","og_title":"Con leves lluvias por la tarde y noche del viernes, se espera un finde ventoso. - Noticias Radio Reflejos","og_description":"S\u00e1bado ventoso, soleado y con una m\u00e1xima de 20 grados para la Comarca serrana y\u00a0 alrededores.","og_url":"https:\/\/www.noticiasradioreflejos.com.ar\/2021\/con-leves-lluvias-por-la-tarde-y-noche-del-viernes-se-espera-un-finde-ventoso\/","og_site_name":"Noticias Radio Reflejos","article_published_time":"2023-11-18T12:29:08+00:00","article_modified_time":"2023-11-18T12:33:33+00:00","og_image":[{"width":300,"height":200,"url":"https:\/\/www.noticiasradioreflejos.com.ar\/2021\/wp-content\/uploads\/2021\/07\/logosol300x200.png","type":"image\/png"}],"author":"Arnaldo Botto","twitter_card":"summary_large_image","schema":{"@context":"https:\/\/schema.org","@graph":[{"@type":"WebPage","@id":"https:\/\/www.noticiasradioreflejos.com.ar\/2021\/con-leves-lluvias-por-la-tarde-y-noche-del-viernes-se-espera-un-finde-ventoso\/","url":"https:\/\/www.noticiasradioreflejos.com.ar\/2021\/con-leves-lluvias-por-la-tarde-y-noche-del-viernes-se-espera-un-finde-ventoso\/","name":"Con leves lluvias por la tarde y noche del viernes, se espera un finde ventoso. - Noticias Radio Reflejos","isPartOf":{"@id":"https:\/\/www.noticiasradioreflejos.com.ar\/2021\/#website"},"datePublished":"2023-11-18T12:29:08+00:00","dateModified":"2023-11-18T12:33:33+00:00","author":{"@id":"https:\/\/www.noticiasradioreflejos.com.ar\/2021\/#\/schema\/person\/ad82545263dcc5ec0996818884fd5fb1"},"breadcrumb":{"@id":"https:\/\/www.noticiasradioreflejos.com.ar\/2021\/con-leves-lluvias-por-la-tarde-y-noche-del-viernes-se-espera-un-finde-ventoso\/#breadcrumb"},"inLanguage":"es","potentialAction":[{"@type":"ReadAction","target":["https:\/\/www.noticiasradioreflejos.com.ar\/2021\/con-leves-lluvias-por-la-tarde-y-noche-del-viernes-se-espera-un-finde-ventoso\/"]}]},{"@type":"BreadcrumbList","@id":"https:\/\/www.noticiasradioreflejos.com.ar\/2021\/con-leves-lluvias-por-la-tarde-y-noche-del-viernes-se-espera-un-finde-ventoso\/#breadcrumb","itemListElement":[{"@type":"ListItem","position":1,"name":"Portada","item":"https:\/\/www.noticiasradioreflejos.com.ar\/2021\/"},{"@type":"ListItem","position":2,"name":"Con leves lluvias por la tarde y noche del viernes, se espera un finde ventoso."}]},{"@type":"WebSite","@id":"https:\/\/www.noticiasradioreflejos.com.ar\/2021\/#website","url":"https:\/\/www.noticiasradioreflejos.com.ar\/2021\/","name":"Noticias Radio Reflejos","description":"Las noticias de mi comarca","potentialAction":[{"@type":"SearchAction","target":{"@type":"EntryPoint","urlTemplate":"https:\/\/www.noticiasradioreflejos.com.ar\/2021\/?s={search_term_string}"},"query-input":{"@type":"PropertyValueSpecification","valueRequired":true,"valueName":"search_term_string"}}],"inLanguage":"es"},{"@type":"Person","@id":"https:\/\/www.noticiasradioreflejos.com.ar\/2021\/#\/schema\/person\/ad82545263dcc5ec0996818884fd5fb1","name":"Arnaldo Botto","image":{"@type":"ImageObject","inLanguage":"es","@id":"https:\/\/www.noticiasradioreflejos.com.ar\/2021\/#\/schema\/person\/image\/","url":"https:\/\/secure.gravatar.com\/avatar\/55cb5e37c1efa326397366e6974cb338056df65cb50e7d64d1cf314e87504837?s=96&d=mm&r=g","contentUrl":"https:\/\/secure.gravatar.com\/avatar\/55cb5e37c1efa326397366e6974cb338056df65cb50e7d64d1cf314e87504837?s=96&d=mm&r=g","caption":"Arnaldo Botto"},"url":"https:\/\/www.noticiasradioreflejos.com.ar\/2021\/author\/arnaldo\/"}]}},"_links":{"self":[{"href":"https:\/\/www.noticiasradioreflejos.com.ar\/2021\/wp-json\/wp\/v2\/posts\/95462","targetHints":{"allow":["GET"]}}],"collection":[{"href":"https:\/\/www.noticiasradioreflejos.com.ar\/2021\/wp-json\/wp\/v2\/posts"}],"about":[{"href":"https:\/\/www.noticiasradioreflejos.com.ar\/2021\/wp-json\/wp\/v2\/types\/post"}],"author":[{"embeddable":true,"href":"https:\/\/www.noticiasradioreflejos.com.ar\/2021\/wp-json\/wp\/v2\/users\/3"}],"replies":[{"embeddable":true,"href":"https:\/\/www.noticiasradioreflejos.com.ar\/2021\/wp-json\/wp\/v2\/comments?post=95462"}],"version-history":[{"count":2,"href":"https:\/\/www.noticiasradioreflejos.com.ar\/2021\/wp-json\/wp\/v2\/posts\/95462\/revisions"}],"predecessor-version":[{"id":95465,"href":"https:\/\/www.noticiasradioreflejos.com.ar\/2021\/wp-json\/wp\/v2\/posts\/95462\/revisions\/95465"}],"wp:attachment":[{"href":"https:\/\/www.noticiasradioreflejos.com.ar\/2021\/wp-json\/wp\/v2\/media?parent=95462"}],"wp:term":[{"taxonomy":"category","embeddable":true,"href":"https:\/\/www.noticiasradioreflejos.com.ar\/2021\/wp-json\/wp\/v2\/categories?post=95462"},{"taxonomy":"post_tag","embeddable":true,"href":"https:\/\/www.noticiasradioreflejos.com.ar\/2021\/wp-json\/wp\/v2\/tags?post=95462"}],"curies":[{"name":"wp","href":"https:\/\/api.w.org\/{rel}","templated":true}]}}