{"id":95370,"date":"2023-11-16T20:06:45","date_gmt":"2023-11-16T20:06:45","guid":{"rendered":"https:\/\/www.noticiasradioreflejos.com.ar\/2021\/?p=95370"},"modified":"2023-11-16T23:22:41","modified_gmt":"2023-11-16T23:22:41","slug":"conrado-de-lucia-aunque-muchos-no-lo-quieran-ver-la-filosofia-es-sumamente-importante-en-la-docencia","status":"publish","type":"post","link":"https:\/\/www.noticiasradioreflejos.com.ar\/2021\/conrado-de-lucia-aunque-muchos-no-lo-quieran-ver-la-filosofia-es-sumamente-importante-en-la-docencia\/","title":{"rendered":"Conrado de Luc\u00eda: \u201cAunque muchos no lo quieran ver, la Filosof\u00eda es sumamente importante en la docencia.\u201d"},"content":{"rendered":"<p>El docente jubilado repas\u00f3 su trayectoria y muchas de las aristas que a\u00fan hoy, en su retiro, frecuenta e incursiona. \u201cEl papa sostiene que se ha perdido la capacidad de asombro\u201d.<!--more--><\/p>\n<p>En una nueva entrega del micro Tiempo Educativo, tuvo la palabra Conrado de Luc\u00eda, un renombrado docente que por m\u00e1s de cuarenta a\u00f1os llev\u00f3 su pasi\u00f3n por la filosof\u00eda a las aulas.<\/p>\n<p>Iniciando la charla, el propio maestro se present\u00f3 como un \u201cprofesor de filosof\u00eda durante cuatro d\u00e9cadas. Ahora soy jubilado y me dedico a escribir peque\u00f1os art\u00edculos en Facebook. Al mismo tiempo estoy estudiando teolog\u00eda\u201d.<\/p>\n<p>Poniendo una mirada cr\u00edtica sobre la realidad, y las voces en contra de que los docentes estudien filosof\u00eda, asegur\u00f3 que \u201ces un poco dif\u00edcil explicarlo porque para mucha gente es completamente innecesario estudiar filosof\u00eda. En otros pa\u00edses se lucha para que mantengan esas horas de estudio en el secundario\u201d.<\/p>\n<p>Sobre el avance de la era de la computaci\u00f3n, afirm\u00f3 que \u201cme jubil\u00e9 antes de tanto desarrollo tecnol\u00f3gico que hay ahora. Veo que es muy importante para la docencia, sobre todo se aument\u00f3 con la pandemia. A m\u00ed me sigue gustando el contacto directo con las personas\u201d.<\/p>\n<p>Repasando sus a\u00f1os de ense\u00f1anza reconoci\u00f3 que \u201ces muy lindo que a\u00fan hoy, a pesar de las d\u00e9cadas que han pasado, los alumnos lo recuerden y le marquen las cosas positivas que vivieron en ese proceso. Es nuestra tarea de la filosof\u00eda, ayudarlos a pensar\u201d.<\/p>\n<p>En otro pasaje de la charla, y hablando sobre su amor por el tango, lleg\u00f3 a conectar con la rama que ense\u00f1o, afirmando que \u201cen el tango hay fuentes de filosof\u00eda. Lo digo seriamente, Enrique Santos Disc\u00e9polo es un fil\u00f3sofo existencialista. No se expresaba con novelas, pero en tres minutos de letras de tangos, hac\u00eda planteos existencialistas muy interesantes\u201d.<\/p>\n<p>Por \u00faltimo, y sobre las cuestiones a tener en cuenta al momento de filosofar, se refiri\u00f3 de modo simple a que \u201clo cl\u00e1sico que sigue estando vigente, la admiraci\u00f3n, la perplejidad, la sorpresa ante lo que acontece. El inmenso avance tecnol\u00f3gico hace que no sorprendan cosas que son asombrosas sobre posibilidades humanas o t\u00e9cnicas. El papa mismo sostiene que se ha perdido la capacidad de asombro\u201d.<\/p>\n<p><iframe loading=\"lazy\" src=\"https:\/\/w.soundcloud.com\/player\/?url=https%3A\/\/api.soundcloud.com\/tracks\/1666853298&amp;color=%23ff5500&amp;auto_play=false&amp;hide_related=false&amp;show_comments=true&amp;show_user=true&amp;show_reposts=false&amp;show_teaser=true\" width=\"100%\" height=\"166\" frameborder=\"no\" scrolling=\"no\"><\/iframe><\/p>\n<div style=\"font-size: 10px; color: #cccccc; line-break: anywhere; word-break: normal; overflow: hidden; white-space: nowrap; text-overflow: ellipsis; font-family: Interstate,Lucida Grande,Lucida Sans Unicode,Lucida Sans,Garuda,Verdana,Tahoma,sans-serif; font-weight: 100;\"><a style=\"color: #cccccc; text-decoration: none;\" title=\"fmreflejos 103.7\" href=\"https:\/\/soundcloud.com\/fmreflejos-103-7\" target=\"_blank\" rel=\"noopener\">fmreflejos 103.7<\/a> \u00b7 <a style=\"color: #cccccc; text-decoration: none;\" title=\"Conrado De Luc\u00eda\" href=\"https:\/\/soundcloud.com\/fmreflejos-103-7\/conrado-de-lucia\" target=\"_blank\" rel=\"noopener\">Conrado De Luc\u00eda<\/a><\/div>\n","protected":false},"excerpt":{"rendered":"<p>El docente jubilado repas\u00f3 su trayectoria y muchas de las aristas que a\u00fan hoy, en su retiro, frecuenta e incursiona. \u201cEl papa sostiene que se ha perdido la capacidad de asombro\u201d.<\/p>\n","protected":false},"author":3,"featured_media":0,"comment_status":"closed","ping_status":"closed","sticky":false,"template":"","format":"standard","meta":{"footnotes":""},"categories":[34],"tags":[48],"class_list":["post-95370","post","type-post","status-publish","format-standard","hentry","category-educacion","tag-destacada"],"yoast_head":"<!-- This site is optimized with the Yoast SEO plugin v25.9 - https:\/\/yoast.com\/wordpress\/plugins\/seo\/ -->\n<title>Conrado de Luc\u00eda: \u201cAunque muchos no lo quieran ver, la Filosof\u00eda es sumamente importante en la docencia.\u201d - Noticias Radio Reflejos<\/title>\n<meta name=\"robots\" content=\"index, follow, max-snippet:-1, max-image-preview:large, max-video-preview:-1\" \/>\n<link rel=\"canonical\" href=\"https:\/\/www.noticiasradioreflejos.com.ar\/2021\/conrado-de-lucia-aunque-muchos-no-lo-quieran-ver-la-filosofia-es-sumamente-importante-en-la-docencia\/\" \/>\n<meta property=\"og:locale\" content=\"es_ES\" \/>\n<meta property=\"og:type\" content=\"article\" \/>\n<meta property=\"og:title\" content=\"Conrado de Luc\u00eda: \u201cAunque muchos no lo quieran ver, la Filosof\u00eda es sumamente importante en la docencia.\u201d - Noticias Radio Reflejos\" \/>\n<meta property=\"og:description\" content=\"El docente jubilado repas\u00f3 su trayectoria y muchas de las aristas que a\u00fan hoy, en su retiro, frecuenta e incursiona. \u201cEl papa sostiene que se ha perdido la capacidad de asombro\u201d.\" \/>\n<meta property=\"og:url\" content=\"https:\/\/www.noticiasradioreflejos.com.ar\/2021\/conrado-de-lucia-aunque-muchos-no-lo-quieran-ver-la-filosofia-es-sumamente-importante-en-la-docencia\/\" \/>\n<meta property=\"og:site_name\" content=\"Noticias Radio Reflejos\" \/>\n<meta property=\"article:published_time\" content=\"2023-11-16T20:06:45+00:00\" \/>\n<meta property=\"article:modified_time\" content=\"2023-11-16T23:22:41+00:00\" \/>\n<meta property=\"og:image\" content=\"https:\/\/www.noticiasradioreflejos.com.ar\/2021\/wp-content\/uploads\/2021\/07\/logosol300x200.png\" \/>\n\t<meta property=\"og:image:width\" content=\"300\" \/>\n\t<meta property=\"og:image:height\" content=\"200\" \/>\n\t<meta property=\"og:image:type\" content=\"image\/png\" \/>\n<meta name=\"author\" content=\"Arnaldo Botto\" \/>\n<meta name=\"twitter:card\" content=\"summary_large_image\" \/>\n<script type=\"application\/ld+json\" class=\"yoast-schema-graph\">{\"@context\":\"https:\/\/schema.org\",\"@graph\":[{\"@type\":\"WebPage\",\"@id\":\"https:\/\/www.noticiasradioreflejos.com.ar\/2021\/conrado-de-lucia-aunque-muchos-no-lo-quieran-ver-la-filosofia-es-sumamente-importante-en-la-docencia\/\",\"url\":\"https:\/\/www.noticiasradioreflejos.com.ar\/2021\/conrado-de-lucia-aunque-muchos-no-lo-quieran-ver-la-filosofia-es-sumamente-importante-en-la-docencia\/\",\"name\":\"Conrado de Luc\u00eda: \u201cAunque muchos no lo quieran ver, la Filosof\u00eda es sumamente importante en la docencia.\u201d - Noticias Radio Reflejos\",\"isPartOf\":{\"@id\":\"https:\/\/www.noticiasradioreflejos.com.ar\/2021\/#website\"},\"datePublished\":\"2023-11-16T20:06:45+00:00\",\"dateModified\":\"2023-11-16T23:22:41+00:00\",\"author\":{\"@id\":\"https:\/\/www.noticiasradioreflejos.com.ar\/2021\/#\/schema\/person\/ad82545263dcc5ec0996818884fd5fb1\"},\"breadcrumb\":{\"@id\":\"https:\/\/www.noticiasradioreflejos.com.ar\/2021\/conrado-de-lucia-aunque-muchos-no-lo-quieran-ver-la-filosofia-es-sumamente-importante-en-la-docencia\/#breadcrumb\"},\"inLanguage\":\"es\",\"potentialAction\":[{\"@type\":\"ReadAction\",\"target\":[\"https:\/\/www.noticiasradioreflejos.com.ar\/2021\/conrado-de-lucia-aunque-muchos-no-lo-quieran-ver-la-filosofia-es-sumamente-importante-en-la-docencia\/\"]}]},{\"@type\":\"BreadcrumbList\",\"@id\":\"https:\/\/www.noticiasradioreflejos.com.ar\/2021\/conrado-de-lucia-aunque-muchos-no-lo-quieran-ver-la-filosofia-es-sumamente-importante-en-la-docencia\/#breadcrumb\",\"itemListElement\":[{\"@type\":\"ListItem\",\"position\":1,\"name\":\"Portada\",\"item\":\"https:\/\/www.noticiasradioreflejos.com.ar\/2021\/\"},{\"@type\":\"ListItem\",\"position\":2,\"name\":\"Conrado de Luc\u00eda: \u201cAunque muchos no lo quieran ver, la Filosof\u00eda es sumamente importante en la docencia.\u201d\"}]},{\"@type\":\"WebSite\",\"@id\":\"https:\/\/www.noticiasradioreflejos.com.ar\/2021\/#website\",\"url\":\"https:\/\/www.noticiasradioreflejos.com.ar\/2021\/\",\"name\":\"Noticias Radio Reflejos\",\"description\":\"Las noticias de mi comarca\",\"potentialAction\":[{\"@type\":\"SearchAction\",\"target\":{\"@type\":\"EntryPoint\",\"urlTemplate\":\"https:\/\/www.noticiasradioreflejos.com.ar\/2021\/?s={search_term_string}\"},\"query-input\":{\"@type\":\"PropertyValueSpecification\",\"valueRequired\":true,\"valueName\":\"search_term_string\"}}],\"inLanguage\":\"es\"},{\"@type\":\"Person\",\"@id\":\"https:\/\/www.noticiasradioreflejos.com.ar\/2021\/#\/schema\/person\/ad82545263dcc5ec0996818884fd5fb1\",\"name\":\"Arnaldo Botto\",\"image\":{\"@type\":\"ImageObject\",\"inLanguage\":\"es\",\"@id\":\"https:\/\/www.noticiasradioreflejos.com.ar\/2021\/#\/schema\/person\/image\/\",\"url\":\"https:\/\/secure.gravatar.com\/avatar\/55cb5e37c1efa326397366e6974cb338056df65cb50e7d64d1cf314e87504837?s=96&d=mm&r=g\",\"contentUrl\":\"https:\/\/secure.gravatar.com\/avatar\/55cb5e37c1efa326397366e6974cb338056df65cb50e7d64d1cf314e87504837?s=96&d=mm&r=g\",\"caption\":\"Arnaldo Botto\"},\"url\":\"https:\/\/www.noticiasradioreflejos.com.ar\/2021\/author\/arnaldo\/\"}]}<\/script>\n<!-- \/ Yoast SEO plugin. -->","yoast_head_json":{"title":"Conrado de Luc\u00eda: \u201cAunque muchos no lo quieran ver, la Filosof\u00eda es sumamente importante en la docencia.\u201d - Noticias Radio Reflejos","robots":{"index":"index","follow":"follow","max-snippet":"max-snippet:-1","max-image-preview":"max-image-preview:large","max-video-preview":"max-video-preview:-1"},"canonical":"https:\/\/www.noticiasradioreflejos.com.ar\/2021\/conrado-de-lucia-aunque-muchos-no-lo-quieran-ver-la-filosofia-es-sumamente-importante-en-la-docencia\/","og_locale":"es_ES","og_type":"article","og_title":"Conrado de Luc\u00eda: \u201cAunque muchos no lo quieran ver, la Filosof\u00eda es sumamente importante en la docencia.\u201d - Noticias Radio Reflejos","og_description":"El docente jubilado repas\u00f3 su trayectoria y muchas de las aristas que a\u00fan hoy, en su retiro, frecuenta e incursiona. \u201cEl papa sostiene que se ha perdido la capacidad de asombro\u201d.","og_url":"https:\/\/www.noticiasradioreflejos.com.ar\/2021\/conrado-de-lucia-aunque-muchos-no-lo-quieran-ver-la-filosofia-es-sumamente-importante-en-la-docencia\/","og_site_name":"Noticias Radio Reflejos","article_published_time":"2023-11-16T20:06:45+00:00","article_modified_time":"2023-11-16T23:22:41+00:00","og_image":[{"width":300,"height":200,"url":"https:\/\/www.noticiasradioreflejos.com.ar\/2021\/wp-content\/uploads\/2021\/07\/logosol300x200.png","type":"image\/png"}],"author":"Arnaldo Botto","twitter_card":"summary_large_image","schema":{"@context":"https:\/\/schema.org","@graph":[{"@type":"WebPage","@id":"https:\/\/www.noticiasradioreflejos.com.ar\/2021\/conrado-de-lucia-aunque-muchos-no-lo-quieran-ver-la-filosofia-es-sumamente-importante-en-la-docencia\/","url":"https:\/\/www.noticiasradioreflejos.com.ar\/2021\/conrado-de-lucia-aunque-muchos-no-lo-quieran-ver-la-filosofia-es-sumamente-importante-en-la-docencia\/","name":"Conrado de Luc\u00eda: \u201cAunque muchos no lo quieran ver, la Filosof\u00eda es sumamente importante en la docencia.\u201d - Noticias Radio Reflejos","isPartOf":{"@id":"https:\/\/www.noticiasradioreflejos.com.ar\/2021\/#website"},"datePublished":"2023-11-16T20:06:45+00:00","dateModified":"2023-11-16T23:22:41+00:00","author":{"@id":"https:\/\/www.noticiasradioreflejos.com.ar\/2021\/#\/schema\/person\/ad82545263dcc5ec0996818884fd5fb1"},"breadcrumb":{"@id":"https:\/\/www.noticiasradioreflejos.com.ar\/2021\/conrado-de-lucia-aunque-muchos-no-lo-quieran-ver-la-filosofia-es-sumamente-importante-en-la-docencia\/#breadcrumb"},"inLanguage":"es","potentialAction":[{"@type":"ReadAction","target":["https:\/\/www.noticiasradioreflejos.com.ar\/2021\/conrado-de-lucia-aunque-muchos-no-lo-quieran-ver-la-filosofia-es-sumamente-importante-en-la-docencia\/"]}]},{"@type":"BreadcrumbList","@id":"https:\/\/www.noticiasradioreflejos.com.ar\/2021\/conrado-de-lucia-aunque-muchos-no-lo-quieran-ver-la-filosofia-es-sumamente-importante-en-la-docencia\/#breadcrumb","itemListElement":[{"@type":"ListItem","position":1,"name":"Portada","item":"https:\/\/www.noticiasradioreflejos.com.ar\/2021\/"},{"@type":"ListItem","position":2,"name":"Conrado de Luc\u00eda: \u201cAunque muchos no lo quieran ver, la Filosof\u00eda es sumamente importante en la docencia.\u201d"}]},{"@type":"WebSite","@id":"https:\/\/www.noticiasradioreflejos.com.ar\/2021\/#website","url":"https:\/\/www.noticiasradioreflejos.com.ar\/2021\/","name":"Noticias Radio Reflejos","description":"Las noticias de mi comarca","potentialAction":[{"@type":"SearchAction","target":{"@type":"EntryPoint","urlTemplate":"https:\/\/www.noticiasradioreflejos.com.ar\/2021\/?s={search_term_string}"},"query-input":{"@type":"PropertyValueSpecification","valueRequired":true,"valueName":"search_term_string"}}],"inLanguage":"es"},{"@type":"Person","@id":"https:\/\/www.noticiasradioreflejos.com.ar\/2021\/#\/schema\/person\/ad82545263dcc5ec0996818884fd5fb1","name":"Arnaldo Botto","image":{"@type":"ImageObject","inLanguage":"es","@id":"https:\/\/www.noticiasradioreflejos.com.ar\/2021\/#\/schema\/person\/image\/","url":"https:\/\/secure.gravatar.com\/avatar\/55cb5e37c1efa326397366e6974cb338056df65cb50e7d64d1cf314e87504837?s=96&d=mm&r=g","contentUrl":"https:\/\/secure.gravatar.com\/avatar\/55cb5e37c1efa326397366e6974cb338056df65cb50e7d64d1cf314e87504837?s=96&d=mm&r=g","caption":"Arnaldo Botto"},"url":"https:\/\/www.noticiasradioreflejos.com.ar\/2021\/author\/arnaldo\/"}]}},"_links":{"self":[{"href":"https:\/\/www.noticiasradioreflejos.com.ar\/2021\/wp-json\/wp\/v2\/posts\/95370","targetHints":{"allow":["GET"]}}],"collection":[{"href":"https:\/\/www.noticiasradioreflejos.com.ar\/2021\/wp-json\/wp\/v2\/posts"}],"about":[{"href":"https:\/\/www.noticiasradioreflejos.com.ar\/2021\/wp-json\/wp\/v2\/types\/post"}],"author":[{"embeddable":true,"href":"https:\/\/www.noticiasradioreflejos.com.ar\/2021\/wp-json\/wp\/v2\/users\/3"}],"replies":[{"embeddable":true,"href":"https:\/\/www.noticiasradioreflejos.com.ar\/2021\/wp-json\/wp\/v2\/comments?post=95370"}],"version-history":[{"count":4,"href":"https:\/\/www.noticiasradioreflejos.com.ar\/2021\/wp-json\/wp\/v2\/posts\/95370\/revisions"}],"predecessor-version":[{"id":95402,"href":"https:\/\/www.noticiasradioreflejos.com.ar\/2021\/wp-json\/wp\/v2\/posts\/95370\/revisions\/95402"}],"wp:attachment":[{"href":"https:\/\/www.noticiasradioreflejos.com.ar\/2021\/wp-json\/wp\/v2\/media?parent=95370"}],"wp:term":[{"taxonomy":"category","embeddable":true,"href":"https:\/\/www.noticiasradioreflejos.com.ar\/2021\/wp-json\/wp\/v2\/categories?post=95370"},{"taxonomy":"post_tag","embeddable":true,"href":"https:\/\/www.noticiasradioreflejos.com.ar\/2021\/wp-json\/wp\/v2\/tags?post=95370"}],"curies":[{"name":"wp","href":"https:\/\/api.w.org\/{rel}","templated":true}]}}