{"id":95303,"date":"2023-11-15T13:06:38","date_gmt":"2023-11-15T13:06:38","guid":{"rendered":"https:\/\/www.noticiasradioreflejos.com.ar\/2021\/?p=95303"},"modified":"2023-11-15T13:21:05","modified_gmt":"2023-11-15T13:21:05","slug":"finalmente-baamonde-dio-el-portazo-y-le-buscan-reemplazante","status":"publish","type":"post","link":"https:\/\/www.noticiasradioreflejos.com.ar\/2021\/finalmente-baamonde-dio-el-portazo-y-le-buscan-reemplazante\/","title":{"rendered":"Finalmente Baamonde dio el portazo y le buscan reemplazante"},"content":{"rendered":"<p>El ahora ex delegado de Sierra de la Ventana termin\u00f3 renunciando a su cargo, en el cual hab\u00eda sido ratificado d\u00edas atr\u00e1s por el intendente. Se barajan nombres, como as\u00ed tambi\u00e9n, la creaci\u00f3n de un nuevo cargo.<!--more--><\/p>\n<p>Cuando parec\u00eda que una de las novelas de la comarca hab\u00eda tenido su punto final con la ratificaci\u00f3n en el cargo de Julio Baamonde, el propio delegado se encarg\u00f3 de sumarle un anexo, renunciando de forma indeclinable y permitiendo que la saga sume nuevas p\u00e1ginas.<\/p>\n<p>Seg\u00fan pudo saber esta redacci\u00f3n la salida no habr\u00eda sido en buenos t\u00e9rminos, incluso con alguna discusi\u00f3n acalorada de por medio, pese a que d\u00edas atr\u00e1s el intendente hab\u00eda accedido a los pedidos que el funcionario hab\u00eda acercado, con tal de que se mantuviese en el cargo.<\/p>\n<p>Ahora, con Baamonde ya fuera, se barajan varios nombres para su sucesi\u00f3n como as\u00ed tambi\u00e9n una innovaci\u00f3n administrativa, ya que habr\u00eda serias chances de la figura del Director Pol\u00edtico.<\/p>\n<p>Con esto se buscar\u00eda que mientras el Delegado se encuentre en las calles o bien en Tornquist gestionando, el Director Pol\u00edtico quede a cargo de la delegaci\u00f3n, atendiendo a los vecinos y pudiendo dar soluciones.<\/p>\n<p>De igual manera esto no ser\u00eda una modificaci\u00f3n aislada, debido a que estar\u00eda previsto un recambio organizativo en varias \u00e1reas del gabinete, en parte por reestructuraciones, y en parte tambi\u00e9n debido a los nuevos cargos que ocupar\u00e1n algunas de esas personas.<\/p>\n","protected":false},"excerpt":{"rendered":"<p>El ahora ex delegado de Sierra de la Ventana termin\u00f3 renunciando a su cargo, en el cual hab\u00eda sido ratificado d\u00edas atr\u00e1s por el intendente. Se barajan nombres, como as\u00ed tambi\u00e9n, la creaci\u00f3n de un nuevo cargo.<\/p>\n","protected":false},"author":3,"featured_media":0,"comment_status":"closed","ping_status":"closed","sticky":false,"template":"","format":"standard","meta":{"footnotes":""},"categories":[24],"tags":[48],"class_list":["post-95303","post","type-post","status-publish","format-standard","hentry","category-politica","tag-destacada"],"yoast_head":"<!-- This site is optimized with the Yoast SEO plugin v25.9 - https:\/\/yoast.com\/wordpress\/plugins\/seo\/ -->\n<title>Finalmente Baamonde dio el portazo y le buscan reemplazante - Noticias Radio Reflejos<\/title>\n<meta name=\"robots\" content=\"index, follow, max-snippet:-1, max-image-preview:large, max-video-preview:-1\" \/>\n<link rel=\"canonical\" href=\"https:\/\/www.noticiasradioreflejos.com.ar\/2021\/finalmente-baamonde-dio-el-portazo-y-le-buscan-reemplazante\/\" \/>\n<meta property=\"og:locale\" content=\"es_ES\" \/>\n<meta property=\"og:type\" content=\"article\" \/>\n<meta property=\"og:title\" content=\"Finalmente Baamonde dio el portazo y le buscan reemplazante - Noticias Radio Reflejos\" \/>\n<meta property=\"og:description\" content=\"El ahora ex delegado de Sierra de la Ventana termin\u00f3 renunciando a su cargo, en el cual hab\u00eda sido ratificado d\u00edas atr\u00e1s por el intendente. Se barajan nombres, como as\u00ed tambi\u00e9n, la creaci\u00f3n de un nuevo cargo.\" \/>\n<meta property=\"og:url\" content=\"https:\/\/www.noticiasradioreflejos.com.ar\/2021\/finalmente-baamonde-dio-el-portazo-y-le-buscan-reemplazante\/\" \/>\n<meta property=\"og:site_name\" content=\"Noticias Radio Reflejos\" \/>\n<meta property=\"article:published_time\" content=\"2023-11-15T13:06:38+00:00\" \/>\n<meta property=\"article:modified_time\" content=\"2023-11-15T13:21:05+00:00\" \/>\n<meta property=\"og:image\" content=\"https:\/\/www.noticiasradioreflejos.com.ar\/2021\/wp-content\/uploads\/2021\/07\/logosol300x200.png\" \/>\n\t<meta property=\"og:image:width\" content=\"300\" \/>\n\t<meta property=\"og:image:height\" content=\"200\" \/>\n\t<meta property=\"og:image:type\" content=\"image\/png\" \/>\n<meta name=\"author\" content=\"Arnaldo Botto\" \/>\n<meta name=\"twitter:card\" content=\"summary_large_image\" \/>\n<script type=\"application\/ld+json\" class=\"yoast-schema-graph\">{\"@context\":\"https:\/\/schema.org\",\"@graph\":[{\"@type\":\"WebPage\",\"@id\":\"https:\/\/www.noticiasradioreflejos.com.ar\/2021\/finalmente-baamonde-dio-el-portazo-y-le-buscan-reemplazante\/\",\"url\":\"https:\/\/www.noticiasradioreflejos.com.ar\/2021\/finalmente-baamonde-dio-el-portazo-y-le-buscan-reemplazante\/\",\"name\":\"Finalmente Baamonde dio el portazo y le buscan reemplazante - Noticias Radio Reflejos\",\"isPartOf\":{\"@id\":\"https:\/\/www.noticiasradioreflejos.com.ar\/2021\/#website\"},\"datePublished\":\"2023-11-15T13:06:38+00:00\",\"dateModified\":\"2023-11-15T13:21:05+00:00\",\"author\":{\"@id\":\"https:\/\/www.noticiasradioreflejos.com.ar\/2021\/#\/schema\/person\/ad82545263dcc5ec0996818884fd5fb1\"},\"breadcrumb\":{\"@id\":\"https:\/\/www.noticiasradioreflejos.com.ar\/2021\/finalmente-baamonde-dio-el-portazo-y-le-buscan-reemplazante\/#breadcrumb\"},\"inLanguage\":\"es\",\"potentialAction\":[{\"@type\":\"ReadAction\",\"target\":[\"https:\/\/www.noticiasradioreflejos.com.ar\/2021\/finalmente-baamonde-dio-el-portazo-y-le-buscan-reemplazante\/\"]}]},{\"@type\":\"BreadcrumbList\",\"@id\":\"https:\/\/www.noticiasradioreflejos.com.ar\/2021\/finalmente-baamonde-dio-el-portazo-y-le-buscan-reemplazante\/#breadcrumb\",\"itemListElement\":[{\"@type\":\"ListItem\",\"position\":1,\"name\":\"Portada\",\"item\":\"https:\/\/www.noticiasradioreflejos.com.ar\/2021\/\"},{\"@type\":\"ListItem\",\"position\":2,\"name\":\"Finalmente Baamonde dio el portazo y le buscan reemplazante\"}]},{\"@type\":\"WebSite\",\"@id\":\"https:\/\/www.noticiasradioreflejos.com.ar\/2021\/#website\",\"url\":\"https:\/\/www.noticiasradioreflejos.com.ar\/2021\/\",\"name\":\"Noticias Radio Reflejos\",\"description\":\"Las noticias de mi comarca\",\"potentialAction\":[{\"@type\":\"SearchAction\",\"target\":{\"@type\":\"EntryPoint\",\"urlTemplate\":\"https:\/\/www.noticiasradioreflejos.com.ar\/2021\/?s={search_term_string}\"},\"query-input\":{\"@type\":\"PropertyValueSpecification\",\"valueRequired\":true,\"valueName\":\"search_term_string\"}}],\"inLanguage\":\"es\"},{\"@type\":\"Person\",\"@id\":\"https:\/\/www.noticiasradioreflejos.com.ar\/2021\/#\/schema\/person\/ad82545263dcc5ec0996818884fd5fb1\",\"name\":\"Arnaldo Botto\",\"image\":{\"@type\":\"ImageObject\",\"inLanguage\":\"es\",\"@id\":\"https:\/\/www.noticiasradioreflejos.com.ar\/2021\/#\/schema\/person\/image\/\",\"url\":\"https:\/\/secure.gravatar.com\/avatar\/55cb5e37c1efa326397366e6974cb338056df65cb50e7d64d1cf314e87504837?s=96&d=mm&r=g\",\"contentUrl\":\"https:\/\/secure.gravatar.com\/avatar\/55cb5e37c1efa326397366e6974cb338056df65cb50e7d64d1cf314e87504837?s=96&d=mm&r=g\",\"caption\":\"Arnaldo Botto\"},\"url\":\"https:\/\/www.noticiasradioreflejos.com.ar\/2021\/author\/arnaldo\/\"}]}<\/script>\n<!-- \/ Yoast SEO plugin. -->","yoast_head_json":{"title":"Finalmente Baamonde dio el portazo y le buscan reemplazante - Noticias Radio Reflejos","robots":{"index":"index","follow":"follow","max-snippet":"max-snippet:-1","max-image-preview":"max-image-preview:large","max-video-preview":"max-video-preview:-1"},"canonical":"https:\/\/www.noticiasradioreflejos.com.ar\/2021\/finalmente-baamonde-dio-el-portazo-y-le-buscan-reemplazante\/","og_locale":"es_ES","og_type":"article","og_title":"Finalmente Baamonde dio el portazo y le buscan reemplazante - Noticias Radio Reflejos","og_description":"El ahora ex delegado de Sierra de la Ventana termin\u00f3 renunciando a su cargo, en el cual hab\u00eda sido ratificado d\u00edas atr\u00e1s por el intendente. Se barajan nombres, como as\u00ed tambi\u00e9n, la creaci\u00f3n de un nuevo cargo.","og_url":"https:\/\/www.noticiasradioreflejos.com.ar\/2021\/finalmente-baamonde-dio-el-portazo-y-le-buscan-reemplazante\/","og_site_name":"Noticias Radio Reflejos","article_published_time":"2023-11-15T13:06:38+00:00","article_modified_time":"2023-11-15T13:21:05+00:00","og_image":[{"width":300,"height":200,"url":"https:\/\/www.noticiasradioreflejos.com.ar\/2021\/wp-content\/uploads\/2021\/07\/logosol300x200.png","type":"image\/png"}],"author":"Arnaldo Botto","twitter_card":"summary_large_image","schema":{"@context":"https:\/\/schema.org","@graph":[{"@type":"WebPage","@id":"https:\/\/www.noticiasradioreflejos.com.ar\/2021\/finalmente-baamonde-dio-el-portazo-y-le-buscan-reemplazante\/","url":"https:\/\/www.noticiasradioreflejos.com.ar\/2021\/finalmente-baamonde-dio-el-portazo-y-le-buscan-reemplazante\/","name":"Finalmente Baamonde dio el portazo y le buscan reemplazante - Noticias Radio Reflejos","isPartOf":{"@id":"https:\/\/www.noticiasradioreflejos.com.ar\/2021\/#website"},"datePublished":"2023-11-15T13:06:38+00:00","dateModified":"2023-11-15T13:21:05+00:00","author":{"@id":"https:\/\/www.noticiasradioreflejos.com.ar\/2021\/#\/schema\/person\/ad82545263dcc5ec0996818884fd5fb1"},"breadcrumb":{"@id":"https:\/\/www.noticiasradioreflejos.com.ar\/2021\/finalmente-baamonde-dio-el-portazo-y-le-buscan-reemplazante\/#breadcrumb"},"inLanguage":"es","potentialAction":[{"@type":"ReadAction","target":["https:\/\/www.noticiasradioreflejos.com.ar\/2021\/finalmente-baamonde-dio-el-portazo-y-le-buscan-reemplazante\/"]}]},{"@type":"BreadcrumbList","@id":"https:\/\/www.noticiasradioreflejos.com.ar\/2021\/finalmente-baamonde-dio-el-portazo-y-le-buscan-reemplazante\/#breadcrumb","itemListElement":[{"@type":"ListItem","position":1,"name":"Portada","item":"https:\/\/www.noticiasradioreflejos.com.ar\/2021\/"},{"@type":"ListItem","position":2,"name":"Finalmente Baamonde dio el portazo y le buscan reemplazante"}]},{"@type":"WebSite","@id":"https:\/\/www.noticiasradioreflejos.com.ar\/2021\/#website","url":"https:\/\/www.noticiasradioreflejos.com.ar\/2021\/","name":"Noticias Radio Reflejos","description":"Las noticias de mi comarca","potentialAction":[{"@type":"SearchAction","target":{"@type":"EntryPoint","urlTemplate":"https:\/\/www.noticiasradioreflejos.com.ar\/2021\/?s={search_term_string}"},"query-input":{"@type":"PropertyValueSpecification","valueRequired":true,"valueName":"search_term_string"}}],"inLanguage":"es"},{"@type":"Person","@id":"https:\/\/www.noticiasradioreflejos.com.ar\/2021\/#\/schema\/person\/ad82545263dcc5ec0996818884fd5fb1","name":"Arnaldo Botto","image":{"@type":"ImageObject","inLanguage":"es","@id":"https:\/\/www.noticiasradioreflejos.com.ar\/2021\/#\/schema\/person\/image\/","url":"https:\/\/secure.gravatar.com\/avatar\/55cb5e37c1efa326397366e6974cb338056df65cb50e7d64d1cf314e87504837?s=96&d=mm&r=g","contentUrl":"https:\/\/secure.gravatar.com\/avatar\/55cb5e37c1efa326397366e6974cb338056df65cb50e7d64d1cf314e87504837?s=96&d=mm&r=g","caption":"Arnaldo Botto"},"url":"https:\/\/www.noticiasradioreflejos.com.ar\/2021\/author\/arnaldo\/"}]}},"_links":{"self":[{"href":"https:\/\/www.noticiasradioreflejos.com.ar\/2021\/wp-json\/wp\/v2\/posts\/95303","targetHints":{"allow":["GET"]}}],"collection":[{"href":"https:\/\/www.noticiasradioreflejos.com.ar\/2021\/wp-json\/wp\/v2\/posts"}],"about":[{"href":"https:\/\/www.noticiasradioreflejos.com.ar\/2021\/wp-json\/wp\/v2\/types\/post"}],"author":[{"embeddable":true,"href":"https:\/\/www.noticiasradioreflejos.com.ar\/2021\/wp-json\/wp\/v2\/users\/3"}],"replies":[{"embeddable":true,"href":"https:\/\/www.noticiasradioreflejos.com.ar\/2021\/wp-json\/wp\/v2\/comments?post=95303"}],"version-history":[{"count":2,"href":"https:\/\/www.noticiasradioreflejos.com.ar\/2021\/wp-json\/wp\/v2\/posts\/95303\/revisions"}],"predecessor-version":[{"id":95306,"href":"https:\/\/www.noticiasradioreflejos.com.ar\/2021\/wp-json\/wp\/v2\/posts\/95303\/revisions\/95306"}],"wp:attachment":[{"href":"https:\/\/www.noticiasradioreflejos.com.ar\/2021\/wp-json\/wp\/v2\/media?parent=95303"}],"wp:term":[{"taxonomy":"category","embeddable":true,"href":"https:\/\/www.noticiasradioreflejos.com.ar\/2021\/wp-json\/wp\/v2\/categories?post=95303"},{"taxonomy":"post_tag","embeddable":true,"href":"https:\/\/www.noticiasradioreflejos.com.ar\/2021\/wp-json\/wp\/v2\/tags?post=95303"}],"curies":[{"name":"wp","href":"https:\/\/api.w.org\/{rel}","templated":true}]}}