{"id":95299,"date":"2023-11-15T11:11:48","date_gmt":"2023-11-15T11:11:48","guid":{"rendered":"https:\/\/www.noticiasradioreflejos.com.ar\/2021\/?p=95299"},"modified":"2023-11-15T11:13:32","modified_gmt":"2023-11-15T11:13:32","slug":"se-cumplen-seis-anos-del-hundimiento-del-ara-san-juan-en-el-que-murieron-sus-44-tripulantes","status":"publish","type":"post","link":"https:\/\/www.noticiasradioreflejos.com.ar\/2021\/se-cumplen-seis-anos-del-hundimiento-del-ara-san-juan-en-el-que-murieron-sus-44-tripulantes\/","title":{"rendered":"Se cumplen seis a\u00f1os del hundimiento del ARA San Juan en el que murieron sus 44 tripulantes"},"content":{"rendered":"<p>El submarino ARA San Juan (S-42) se hund\u00eda hace seis a\u00f1os, un 15 de noviembre de 2017, en las profundidades del Atl\u00e1ntico sur como consecuencia de una serie de desperfectos t\u00e9cnicos que desencadenaron una tragedia en la que murieron sus 44 tripulantes.<!--more--><\/p>\n<p>En la actualidad se siguen varias causas judiciales por este hecho ocurrido durante el Gobierno de Mauricio Macri, y adem\u00e1s un Consejo de Guerra estableci\u00f3 sanciones disciplinarias para los mandos superiores de la Armada con responsabilidades en ese siniestro.<\/p>\n<p>El sumergible fue construido a principios de la d\u00e9cada de 1980 en el astillero alem\u00e1n Thyssen Nordseewerke y contaba con 65 metros de eslora (el largo del buque), un di\u00e1metro de casco resistente de siete metros y era propulsado por cuatro motores di\u00e9sel MTU 16 V de 6720 HP.<\/p>\n<p>El San Juan tuvo una reparaci\u00f3n de media vida que se extendi\u00f3 entre 2007 y 2014 en el complejo Tandanor, tarea que incluy\u00f3 m\u00e1s de 600 trabajos, entre ellos el replacado de las 960 bater\u00edas y el reemplazo de sus cuatro motores.<\/p>\n<p>En 2016, el entonces jefe de Gabinete Marcos Pe\u00f1a inform\u00f3 al Congreso que el submarino \u00abestaba operativo\u00bb en la base de Mar del Plata.<\/p>\n<p>El funcionario fue advertido por legisladores sobre la necesidad de llevar el submarino hacia \u00abdique seco\u00bb para efectuarle reparaciones, pero no contest\u00f3 sobre ese requerimiento.<\/p>\n<p>Informaciones period\u00edsticas consignaron semanas despu\u00e9s de la tragedia que se hab\u00eda reportado en el submarino un problema con el snorkel (la v\u00e1lvula de acceso de aire), que origin\u00f3 el ingreso de agua a la nave.<\/p>\n<p>El 8 de noviembre de 2017, la nave hab\u00eda partido desde la base naval de Ushuaia en una misi\u00f3n de patrullaje por el litoral mar\u00edtimo argentino, y se sabe que un d\u00eda antes de su desaparici\u00f3n report\u00f3 un desperfecto el\u00e9ctrico y un principio de incendio en su sala de m\u00e1quinas, que result\u00f3 subsanado por la tripulaci\u00f3n.<\/p>\n<p>\u00abIngreso de agua de mar por sistema de ventilaci\u00f3n al tanque de bater\u00edas N\u00b0 3 ocasion\u00f3 cortocircuito y principio de incendio en el balc\u00f3n de barra de bater\u00edas. Bater\u00edas de proa fuera de servicio al momento en inmersi\u00f3n propulsando con circuito dividido. Sin novedades de personal. Mantendr\u00e9 informado\u00bb, comunic\u00f3 el comandante del ARA San Juan, el capit\u00e1n de fragata Pedro Mart\u00ednez Fern\u00e1ndez, a la 7.30 del 15 de noviembre de 2017.<\/p>\n<p>Por la noche del d\u00eda 16, los medios de comunicaci\u00f3n informaron que las autoridades hab\u00edan perdido contacto con el submarino, cuando la nave se encontraba a 432 kil\u00f3metros de la costa patag\u00f3nica, a la altura del Golfo San Jorge.<\/p>\n<p>Horas m\u00e1s tarde, el Ministerio de Defensa a cargo de Oscar Aguad reconoci\u00f3 el extrav\u00edo de la nave, y activ\u00f3 el protocolo SAR para la b\u00fasqueda y rescate de embarcaciones.<\/p>\n<p>El Gobierno de Macri solicit\u00f3 ayuda internacional y nav\u00edos de Argentina, Alemania, Brasil, Chile, Colombia, Estados Unidos, Francia, Gran Breta\u00f1a, Noruega, Per\u00fa, Uruguay y Rusia participaron de un operativo que se despleg\u00f3 en un \u00e1rea de m\u00e1s de casi 500.000 kil\u00f3metros cuadrados.<\/p>\n<p>Con las operaciones en marcha, el 23 de noviembre, el vocero de la Marina, capit\u00e1n de fragata Enrique Balbi, inform\u00f3 a la prensa que la Marina de los Estados Unidos y la Organizaci\u00f3n del Tratado para la Prohibici\u00f3n Completa de los Ensayos Nucleares (CTBTO), con sede en Viena, Austria, hab\u00edan detectado \u00abun evento an\u00f3malo, corto y consecuente con una explosi\u00f3n\/implosi\u00f3n\u00bb en la zona por la cual navegaba el sumergible.<\/p>\n<p>Dos d\u00edas despu\u00e9s, la entonces diputada nacional de la Coalici\u00f3n C\u00edvica Elisa Carri\u00f3 afirmaba en un programa de televisi\u00f3n que los tripulantes del ARA San Juan estaban \u00abmuertos\u00bb, y el 30 de noviembre Defensa admiti\u00f3 que no hab\u00eda posibilidades de encontrar con vida a los marinos.<\/p>\n<p>Familiares de las v\u00edctimas reclamaban que se informara cu\u00e1l era la misi\u00f3n del submarino y rechazaron por esos d\u00edas que se declarara un duelo nacional hasta que no se hallaran los restos de la embarcaci\u00f3n.<\/p>\n<p>En tanto, la b\u00fasqueda de sobrevivientes era abandonada por parte de las autoridades argentinas y la zona de rastrillaje quedaba despejada.<\/p>\n<p>Tras 50 d\u00edas de acampe en Plaza de Mayo, los familiares lograron que el Gobierno acelerara el proceso de contrataci\u00f3n de una empresa para iniciar la b\u00fasqueda.<\/p>\n<p>En Caleta Olivia, Santa Cruz, se inici\u00f3 dos d\u00edas despu\u00e9s de la desaparici\u00f3n del submarino una causa judicial a cargo de la magistrada Marta Y\u00e1\u00f1ez.<\/p>\n<p>En 2018, los familiares iniciaron una campa\u00f1a en reclamo de \u00abb\u00fasqueda, verdad y justicia\u00bb, y ped\u00edan que el Gobierno licitara la contrataci\u00f3n de un buque que realizara un rastrillaje en la zona en la cual el submarino se hab\u00eda perdido.<\/p>\n<p>Tras 50 d\u00edas de acampe en Plaza de Mayo, los familiares lograron que el Gobierno acelerara el proceso de contrataci\u00f3n de una empresa para iniciar la b\u00fasqueda.<\/p>\n<p>Finalmente, el Estado contrat\u00f3 a la empresa con sede en Estados Unidos Ocean Infinity que moviliz\u00f3 hasta la zona al buque Seabed Constructor, que inici\u00f3 la b\u00fasqueda con familiares de la tripulaci\u00f3n del ARA San Juan a bordo.<\/p>\n<p>El 17 de noviembre de 2018, la Armada confirm\u00f3 que el Seabed hab\u00eda detectado al submarino a m\u00e1s de 900 metros de profundidad y a 500 kil\u00f3metros de la costa patag\u00f3nica, a la altura de la ciudad de Comodoro Rivadavia.<\/p>\n<p>Los restos del ARA San Juan estaban muy cerca de la posici\u00f3n donde el buque oceanogr\u00e1fico chileno \u00abCabo de Hornos\u00bb hab\u00eda indicado que pod\u00eda encontrarse, una informaci\u00f3n aportada en diciembre de 2017.<\/p>\n<p>En julio de 2019, la Comisi\u00f3n Bicameral estableci\u00f3 en un dictamen que hubo \u00abuna clara responsabilidad pol\u00edtica y administrativa\u00bb de Aguad y sus funcionarios en el hundimiento del submarino.<\/p>\n<p>De los 12 legisladores de la comisi\u00f3n, cuatro integrantes del oficialismo de Cambiemos firmaron en disidencia este informe, que tambi\u00e9n estableci\u00f3 que el submarino no result\u00f3 hundido como consecuencia de un ataque o debido a falencias en el proceso de refacci\u00f3n que concluy\u00f3 en 2014.<\/p>\n<p>En febrero del 2020, Y\u00e1\u00f1ez proces\u00f3 a seis altos oficiales navales: el contraalmirante Luis L\u00f3pez Mazzeo, al capit\u00e1n de Nav\u00edo Claudio Villamide, al contraalmirante Luis Malchiodi, al capit\u00e1n de nav\u00edo Hector Alonso, al capit\u00e1n de fragata Hugo Miguel Correa y al capit\u00e1n de corbeta Jorge Andr\u00e9s Sulia por estrago doloso al haber deso\u00eddo las advertencias sobre el funcionamiento defectuoso del instrumental del submarino.<\/p>\n<p>En noviembre del a\u00f1o pasado, la C\u00e1mara Federal de Comodoro Rivadavia le orden\u00f3 a la magistrada que ampliara su investigaci\u00f3n sobre las responsabilidades que pudieron haber tenido en el hecho Macri, Aguad y el entonces jefe de la Armada, Marcelo Srur.<\/p>\n<p>La p\u00e9rdida m\u00e1s importante sufrida por la Armada desde la Guerra de Malvinas motiv\u00f3 la realizaci\u00f3n de un Consejo de Guerra por parte del Estado Mayor Conjunto de las Fuerzas Armadas y el Ministerio de Defensa.<\/p>\n<p>Integrado por el jefe del Estado Mayor Conjunto (EMCO) de las Fuerzas Armadas, el general Juan Mart\u00edn Paleo (Ej\u00e9rcito), el brigadier Pedro Girardi (Fuerza A\u00e9rea) y el secretario de Estrategia y Asuntos Militares Sergio Rossi -en calidad de presidente-, el Consejo dispuso, tras varios meses de an\u00e1lisis, el arresto riguroso por 45 d\u00edas de Srur y la destituci\u00f3n del capit\u00e1n de nav\u00edo Claudio Villamide, exjefe del comando de submarinos.<\/p>\n<p><strong>fuente: T\u00e9lam<\/strong><em><\/p>\n","protected":false},"excerpt":{"rendered":"<p>El submarino ARA San Juan (S-42) se hund\u00eda hace seis a\u00f1os, un 15 de noviembre de 2017, en las profundidades del Atl\u00e1ntico sur como consecuencia de una serie de desperfectos t\u00e9cnicos que desencadenaron una tragedia en la que murieron sus 44 tripulantes.<\/p>\n","protected":false},"author":3,"featured_media":0,"comment_status":"closed","ping_status":"closed","sticky":false,"template":"","format":"standard","meta":{"footnotes":""},"categories":[24],"tags":[],"class_list":["post-95299","post","type-post","status-publish","format-standard","hentry","category-politica"],"yoast_head":"<!-- This site is optimized with the Yoast SEO plugin v25.9 - https:\/\/yoast.com\/wordpress\/plugins\/seo\/ -->\n<title>Se cumplen seis a\u00f1os del hundimiento del ARA San Juan en el que murieron sus 44 tripulantes - Noticias Radio Reflejos<\/title>\n<meta name=\"robots\" content=\"index, follow, max-snippet:-1, max-image-preview:large, max-video-preview:-1\" \/>\n<link rel=\"canonical\" href=\"https:\/\/www.noticiasradioreflejos.com.ar\/2021\/se-cumplen-seis-anos-del-hundimiento-del-ara-san-juan-en-el-que-murieron-sus-44-tripulantes\/\" \/>\n<meta property=\"og:locale\" content=\"es_ES\" \/>\n<meta property=\"og:type\" content=\"article\" \/>\n<meta property=\"og:title\" content=\"Se cumplen seis a\u00f1os del hundimiento del ARA San Juan en el que murieron sus 44 tripulantes - Noticias Radio Reflejos\" \/>\n<meta property=\"og:description\" content=\"El submarino ARA San Juan (S-42) se hund\u00eda hace seis a\u00f1os, un 15 de noviembre de 2017, en las profundidades del Atl\u00e1ntico sur como consecuencia de una serie de desperfectos t\u00e9cnicos que desencadenaron una tragedia en la que murieron sus 44 tripulantes.\" \/>\n<meta property=\"og:url\" content=\"https:\/\/www.noticiasradioreflejos.com.ar\/2021\/se-cumplen-seis-anos-del-hundimiento-del-ara-san-juan-en-el-que-murieron-sus-44-tripulantes\/\" \/>\n<meta property=\"og:site_name\" content=\"Noticias Radio Reflejos\" \/>\n<meta property=\"article:published_time\" content=\"2023-11-15T11:11:48+00:00\" \/>\n<meta property=\"article:modified_time\" content=\"2023-11-15T11:13:32+00:00\" \/>\n<meta property=\"og:image\" content=\"https:\/\/www.noticiasradioreflejos.com.ar\/2021\/wp-content\/uploads\/2021\/07\/logosol300x200.png\" \/>\n\t<meta property=\"og:image:width\" content=\"300\" \/>\n\t<meta property=\"og:image:height\" content=\"200\" \/>\n\t<meta property=\"og:image:type\" content=\"image\/png\" \/>\n<meta name=\"author\" content=\"Arnaldo Botto\" \/>\n<meta name=\"twitter:card\" content=\"summary_large_image\" \/>\n<script type=\"application\/ld+json\" class=\"yoast-schema-graph\">{\"@context\":\"https:\/\/schema.org\",\"@graph\":[{\"@type\":\"WebPage\",\"@id\":\"https:\/\/www.noticiasradioreflejos.com.ar\/2021\/se-cumplen-seis-anos-del-hundimiento-del-ara-san-juan-en-el-que-murieron-sus-44-tripulantes\/\",\"url\":\"https:\/\/www.noticiasradioreflejos.com.ar\/2021\/se-cumplen-seis-anos-del-hundimiento-del-ara-san-juan-en-el-que-murieron-sus-44-tripulantes\/\",\"name\":\"Se cumplen seis a\u00f1os del hundimiento del ARA San Juan en el que murieron sus 44 tripulantes - Noticias Radio Reflejos\",\"isPartOf\":{\"@id\":\"https:\/\/www.noticiasradioreflejos.com.ar\/2021\/#website\"},\"datePublished\":\"2023-11-15T11:11:48+00:00\",\"dateModified\":\"2023-11-15T11:13:32+00:00\",\"author\":{\"@id\":\"https:\/\/www.noticiasradioreflejos.com.ar\/2021\/#\/schema\/person\/ad82545263dcc5ec0996818884fd5fb1\"},\"breadcrumb\":{\"@id\":\"https:\/\/www.noticiasradioreflejos.com.ar\/2021\/se-cumplen-seis-anos-del-hundimiento-del-ara-san-juan-en-el-que-murieron-sus-44-tripulantes\/#breadcrumb\"},\"inLanguage\":\"es\",\"potentialAction\":[{\"@type\":\"ReadAction\",\"target\":[\"https:\/\/www.noticiasradioreflejos.com.ar\/2021\/se-cumplen-seis-anos-del-hundimiento-del-ara-san-juan-en-el-que-murieron-sus-44-tripulantes\/\"]}]},{\"@type\":\"BreadcrumbList\",\"@id\":\"https:\/\/www.noticiasradioreflejos.com.ar\/2021\/se-cumplen-seis-anos-del-hundimiento-del-ara-san-juan-en-el-que-murieron-sus-44-tripulantes\/#breadcrumb\",\"itemListElement\":[{\"@type\":\"ListItem\",\"position\":1,\"name\":\"Portada\",\"item\":\"https:\/\/www.noticiasradioreflejos.com.ar\/2021\/\"},{\"@type\":\"ListItem\",\"position\":2,\"name\":\"Se cumplen seis a\u00f1os del hundimiento del ARA San Juan en el que murieron sus 44 tripulantes\"}]},{\"@type\":\"WebSite\",\"@id\":\"https:\/\/www.noticiasradioreflejos.com.ar\/2021\/#website\",\"url\":\"https:\/\/www.noticiasradioreflejos.com.ar\/2021\/\",\"name\":\"Noticias Radio Reflejos\",\"description\":\"Las noticias de mi comarca\",\"potentialAction\":[{\"@type\":\"SearchAction\",\"target\":{\"@type\":\"EntryPoint\",\"urlTemplate\":\"https:\/\/www.noticiasradioreflejos.com.ar\/2021\/?s={search_term_string}\"},\"query-input\":{\"@type\":\"PropertyValueSpecification\",\"valueRequired\":true,\"valueName\":\"search_term_string\"}}],\"inLanguage\":\"es\"},{\"@type\":\"Person\",\"@id\":\"https:\/\/www.noticiasradioreflejos.com.ar\/2021\/#\/schema\/person\/ad82545263dcc5ec0996818884fd5fb1\",\"name\":\"Arnaldo Botto\",\"image\":{\"@type\":\"ImageObject\",\"inLanguage\":\"es\",\"@id\":\"https:\/\/www.noticiasradioreflejos.com.ar\/2021\/#\/schema\/person\/image\/\",\"url\":\"https:\/\/secure.gravatar.com\/avatar\/55cb5e37c1efa326397366e6974cb338056df65cb50e7d64d1cf314e87504837?s=96&d=mm&r=g\",\"contentUrl\":\"https:\/\/secure.gravatar.com\/avatar\/55cb5e37c1efa326397366e6974cb338056df65cb50e7d64d1cf314e87504837?s=96&d=mm&r=g\",\"caption\":\"Arnaldo Botto\"},\"url\":\"https:\/\/www.noticiasradioreflejos.com.ar\/2021\/author\/arnaldo\/\"}]}<\/script>\n<!-- \/ Yoast SEO plugin. -->","yoast_head_json":{"title":"Se cumplen seis a\u00f1os del hundimiento del ARA San Juan en el que murieron sus 44 tripulantes - Noticias Radio Reflejos","robots":{"index":"index","follow":"follow","max-snippet":"max-snippet:-1","max-image-preview":"max-image-preview:large","max-video-preview":"max-video-preview:-1"},"canonical":"https:\/\/www.noticiasradioreflejos.com.ar\/2021\/se-cumplen-seis-anos-del-hundimiento-del-ara-san-juan-en-el-que-murieron-sus-44-tripulantes\/","og_locale":"es_ES","og_type":"article","og_title":"Se cumplen seis a\u00f1os del hundimiento del ARA San Juan en el que murieron sus 44 tripulantes - Noticias Radio Reflejos","og_description":"El submarino ARA San Juan (S-42) se hund\u00eda hace seis a\u00f1os, un 15 de noviembre de 2017, en las profundidades del Atl\u00e1ntico sur como consecuencia de una serie de desperfectos t\u00e9cnicos que desencadenaron una tragedia en la que murieron sus 44 tripulantes.","og_url":"https:\/\/www.noticiasradioreflejos.com.ar\/2021\/se-cumplen-seis-anos-del-hundimiento-del-ara-san-juan-en-el-que-murieron-sus-44-tripulantes\/","og_site_name":"Noticias Radio Reflejos","article_published_time":"2023-11-15T11:11:48+00:00","article_modified_time":"2023-11-15T11:13:32+00:00","og_image":[{"width":300,"height":200,"url":"https:\/\/www.noticiasradioreflejos.com.ar\/2021\/wp-content\/uploads\/2021\/07\/logosol300x200.png","type":"image\/png"}],"author":"Arnaldo Botto","twitter_card":"summary_large_image","schema":{"@context":"https:\/\/schema.org","@graph":[{"@type":"WebPage","@id":"https:\/\/www.noticiasradioreflejos.com.ar\/2021\/se-cumplen-seis-anos-del-hundimiento-del-ara-san-juan-en-el-que-murieron-sus-44-tripulantes\/","url":"https:\/\/www.noticiasradioreflejos.com.ar\/2021\/se-cumplen-seis-anos-del-hundimiento-del-ara-san-juan-en-el-que-murieron-sus-44-tripulantes\/","name":"Se cumplen seis a\u00f1os del hundimiento del ARA San Juan en el que murieron sus 44 tripulantes - Noticias Radio Reflejos","isPartOf":{"@id":"https:\/\/www.noticiasradioreflejos.com.ar\/2021\/#website"},"datePublished":"2023-11-15T11:11:48+00:00","dateModified":"2023-11-15T11:13:32+00:00","author":{"@id":"https:\/\/www.noticiasradioreflejos.com.ar\/2021\/#\/schema\/person\/ad82545263dcc5ec0996818884fd5fb1"},"breadcrumb":{"@id":"https:\/\/www.noticiasradioreflejos.com.ar\/2021\/se-cumplen-seis-anos-del-hundimiento-del-ara-san-juan-en-el-que-murieron-sus-44-tripulantes\/#breadcrumb"},"inLanguage":"es","potentialAction":[{"@type":"ReadAction","target":["https:\/\/www.noticiasradioreflejos.com.ar\/2021\/se-cumplen-seis-anos-del-hundimiento-del-ara-san-juan-en-el-que-murieron-sus-44-tripulantes\/"]}]},{"@type":"BreadcrumbList","@id":"https:\/\/www.noticiasradioreflejos.com.ar\/2021\/se-cumplen-seis-anos-del-hundimiento-del-ara-san-juan-en-el-que-murieron-sus-44-tripulantes\/#breadcrumb","itemListElement":[{"@type":"ListItem","position":1,"name":"Portada","item":"https:\/\/www.noticiasradioreflejos.com.ar\/2021\/"},{"@type":"ListItem","position":2,"name":"Se cumplen seis a\u00f1os del hundimiento del ARA San Juan en el que murieron sus 44 tripulantes"}]},{"@type":"WebSite","@id":"https:\/\/www.noticiasradioreflejos.com.ar\/2021\/#website","url":"https:\/\/www.noticiasradioreflejos.com.ar\/2021\/","name":"Noticias Radio Reflejos","description":"Las noticias de mi comarca","potentialAction":[{"@type":"SearchAction","target":{"@type":"EntryPoint","urlTemplate":"https:\/\/www.noticiasradioreflejos.com.ar\/2021\/?s={search_term_string}"},"query-input":{"@type":"PropertyValueSpecification","valueRequired":true,"valueName":"search_term_string"}}],"inLanguage":"es"},{"@type":"Person","@id":"https:\/\/www.noticiasradioreflejos.com.ar\/2021\/#\/schema\/person\/ad82545263dcc5ec0996818884fd5fb1","name":"Arnaldo Botto","image":{"@type":"ImageObject","inLanguage":"es","@id":"https:\/\/www.noticiasradioreflejos.com.ar\/2021\/#\/schema\/person\/image\/","url":"https:\/\/secure.gravatar.com\/avatar\/55cb5e37c1efa326397366e6974cb338056df65cb50e7d64d1cf314e87504837?s=96&d=mm&r=g","contentUrl":"https:\/\/secure.gravatar.com\/avatar\/55cb5e37c1efa326397366e6974cb338056df65cb50e7d64d1cf314e87504837?s=96&d=mm&r=g","caption":"Arnaldo Botto"},"url":"https:\/\/www.noticiasradioreflejos.com.ar\/2021\/author\/arnaldo\/"}]}},"_links":{"self":[{"href":"https:\/\/www.noticiasradioreflejos.com.ar\/2021\/wp-json\/wp\/v2\/posts\/95299","targetHints":{"allow":["GET"]}}],"collection":[{"href":"https:\/\/www.noticiasradioreflejos.com.ar\/2021\/wp-json\/wp\/v2\/posts"}],"about":[{"href":"https:\/\/www.noticiasradioreflejos.com.ar\/2021\/wp-json\/wp\/v2\/types\/post"}],"author":[{"embeddable":true,"href":"https:\/\/www.noticiasradioreflejos.com.ar\/2021\/wp-json\/wp\/v2\/users\/3"}],"replies":[{"embeddable":true,"href":"https:\/\/www.noticiasradioreflejos.com.ar\/2021\/wp-json\/wp\/v2\/comments?post=95299"}],"version-history":[{"count":2,"href":"https:\/\/www.noticiasradioreflejos.com.ar\/2021\/wp-json\/wp\/v2\/posts\/95299\/revisions"}],"predecessor-version":[{"id":95302,"href":"https:\/\/www.noticiasradioreflejos.com.ar\/2021\/wp-json\/wp\/v2\/posts\/95299\/revisions\/95302"}],"wp:attachment":[{"href":"https:\/\/www.noticiasradioreflejos.com.ar\/2021\/wp-json\/wp\/v2\/media?parent=95299"}],"wp:term":[{"taxonomy":"category","embeddable":true,"href":"https:\/\/www.noticiasradioreflejos.com.ar\/2021\/wp-json\/wp\/v2\/categories?post=95299"},{"taxonomy":"post_tag","embeddable":true,"href":"https:\/\/www.noticiasradioreflejos.com.ar\/2021\/wp-json\/wp\/v2\/tags?post=95299"}],"curies":[{"name":"wp","href":"https:\/\/api.w.org\/{rel}","templated":true}]}}