{"id":95296,"date":"2023-11-15T11:08:04","date_gmt":"2023-11-15T11:08:04","guid":{"rendered":"https:\/\/www.noticiasradioreflejos.com.ar\/2021\/?p=95296"},"modified":"2023-11-15T11:08:04","modified_gmt":"2023-11-15T11:08:04","slug":"la-defensoria-inicio-campana-de-prevencion-en-el-dia-mundial-sin-alcohol","status":"publish","type":"post","link":"https:\/\/www.noticiasradioreflejos.com.ar\/2021\/la-defensoria-inicio-campana-de-prevencion-en-el-dia-mundial-sin-alcohol\/","title":{"rendered":"La Defensor\u00eda inici\u00f3 campa\u00f1a de prevenci\u00f3n en el D\u00eda Mundial Sin Alcohol"},"content":{"rendered":"<p>En el marco del D\u00eda Mundial Sin Alcohol, el Observatorio de Adicciones y Consumos Problem\u00e1ticos de la Defensor\u00eda del Pueblo bonaerense inici\u00f3 una campa\u00f1a de prevenci\u00f3n que incluye una gu\u00eda con una serie de recomendaciones para propiciar di\u00e1logos en las familias vinculados con los riesgos para ni\u00f1os, ni\u00f1as y adolescentes (NNyA).<!--more--><\/p>\n<p>La gu\u00eda surge como respuesta ante algunos de los resultados obtenidos por distintos estudios de campo realizados por el Observatorio.<\/p>\n<p>Concretamente, ante una consulta espec\u00edfica referida sobre qu\u00e9 har\u00edan primero ante un caso de consumo problem\u00e1tico de alcohol, m\u00e1s de 1.000 j\u00f3venes escolarizados y encuestados en el a\u00f1o 2021, eligieron la opci\u00f3n \u00ablo hablar\u00eda con mi familia\u00bb como primera opci\u00f3n.<\/p>\n<p>La segunda y tercera opci\u00f3n con m\u00e1s menciones fueron: \u00abbuscar\u00eda ayuda m\u00e9dica\u00bb y \u00ablo hablar\u00eda con mis amigos\/as\u00bb.<\/p>\n<p>\u00abEn la gu\u00eda destacamos que los entornos familiares, sea cual fuere su particular configuraci\u00f3n, juegan un papel central en la vida de los ni\u00f1os, ni\u00f1as y adolescentes. Por eso su fortalecimiento como espacios de contenci\u00f3n, afecto, di\u00e1logo y respeto es quiz\u00e1s la clave principal de cualquier tarea preventiva, de protecci\u00f3n y de gesti\u00f3n de riesgo, muy particularmente, de riesgo social\u00bb, explicaron Magdalena Miceli y Juan Gossen, integrantes del Observatorio que participaron en la elaboraci\u00f3n de la campa\u00f1a junto a Walter Arias, secretario de la Promoci\u00f3n de Derechos de Familias Vulnerables de la Defensor\u00eda.<\/p>\n<p>Algunas sugerencias para el abordaje intrafamiliar sobre el exceso en el consumo de alcohol son mostrar cercan\u00eda; mantener comunicaci\u00f3n con las y los NNyA; resultar razonables y confiables, mostrarnos comprensibles y solidarios.<\/p>\n<p>Adem\u00e1s, como es probable que los ni\u00f1os y adolescentes tengan o sientan en alg\u00fan momento alg\u00fan tipo presi\u00f3n de su propios pares, en sus grupos de pertenencia, para beber alcohol, es preciso hablar sobre los riesgos de consumir alcohol a temprana edad y demorar lo m\u00e1ximo posible el inicio en este consumo es cuidar su salud y es un factor clave en la estrategia de prevenci\u00f3n.<\/p>\n<p>Se recomend\u00f3 \u00abdejar que las y los adolescentes se expresen sobre este asunto sin prejuzgar y valorar su punto de vista, tratando de estimular su esp\u00edritu cr\u00edtico\u00bb, as\u00ed como \u00abredoblar esfuerzos individualmente y en alianza con otros adultos por rechazar la forma de beber compulsivamente\u00bb.<\/p>\n<p>Ante alguna salida o actividad donde pueda haber consumo de alcohol, se propuso \u00abadelantar que se va a estar atentos a ver c\u00f3mo vuelve, c\u00f3mo le ha ido en el evento, no por desconfianza, sino porque es una preocupaci\u00f3n sincera\u00bb.<\/p>\n<p>\u00abEs importante limitar la cantidad de dinero que se le da a los adolescentes. Es mejor dar poco y a menudo, que mucho y de golpe\u00bb, se indic\u00f3 desde el \u00e1rea y se destac\u00f3 la importancia de \u00abtener di\u00e1logo continuo con otros cuidadores\/padres\/madres de los chicos\/as que comparten a diario con nuestros hijos\/as\u00bb.<\/p>\n<p>La gu\u00eda completa puede encontrarse en: <a href=\"https:\/\/www.defensorba.org.ar\/pdfs\/informe-guia-alcohol-familias.pdf\">https:\/\/www.defensorba.org.ar\/pdfs\/informe-guia-alcohol-familias.pdf<\/a><\/p>\n","protected":false},"excerpt":{"rendered":"<p>En el marco del D\u00eda Mundial Sin Alcohol, el Observatorio de Adicciones y Consumos Problem\u00e1ticos de la Defensor\u00eda del Pueblo bonaerense inici\u00f3 una campa\u00f1a de prevenci\u00f3n que incluye una gu\u00eda con una serie de recomendaciones para propiciar di\u00e1logos en las familias vinculados con los riesgos para ni\u00f1os, ni\u00f1as y adolescentes (NNyA).<\/p>\n","protected":false},"author":3,"featured_media":0,"comment_status":"closed","ping_status":"closed","sticky":false,"template":"","format":"standard","meta":{"footnotes":""},"categories":[24],"tags":[],"class_list":["post-95296","post","type-post","status-publish","format-standard","hentry","category-politica"],"yoast_head":"<!-- This site is optimized with the Yoast SEO plugin v25.9 - https:\/\/yoast.com\/wordpress\/plugins\/seo\/ -->\n<title>La Defensor\u00eda inici\u00f3 campa\u00f1a de prevenci\u00f3n en el D\u00eda Mundial Sin Alcohol - Noticias Radio Reflejos<\/title>\n<meta name=\"robots\" content=\"index, follow, max-snippet:-1, max-image-preview:large, max-video-preview:-1\" \/>\n<link rel=\"canonical\" href=\"https:\/\/www.noticiasradioreflejos.com.ar\/2021\/la-defensoria-inicio-campana-de-prevencion-en-el-dia-mundial-sin-alcohol\/\" \/>\n<meta property=\"og:locale\" content=\"es_ES\" \/>\n<meta property=\"og:type\" content=\"article\" \/>\n<meta property=\"og:title\" content=\"La Defensor\u00eda inici\u00f3 campa\u00f1a de prevenci\u00f3n en el D\u00eda Mundial Sin Alcohol - Noticias Radio Reflejos\" \/>\n<meta property=\"og:description\" content=\"En el marco del D\u00eda Mundial Sin Alcohol, el Observatorio de Adicciones y Consumos Problem\u00e1ticos de la Defensor\u00eda del Pueblo bonaerense inici\u00f3 una campa\u00f1a de prevenci\u00f3n que incluye una gu\u00eda con una serie de recomendaciones para propiciar di\u00e1logos en las familias vinculados con los riesgos para ni\u00f1os, ni\u00f1as y adolescentes (NNyA).\" \/>\n<meta property=\"og:url\" content=\"https:\/\/www.noticiasradioreflejos.com.ar\/2021\/la-defensoria-inicio-campana-de-prevencion-en-el-dia-mundial-sin-alcohol\/\" \/>\n<meta property=\"og:site_name\" content=\"Noticias Radio Reflejos\" \/>\n<meta property=\"article:published_time\" content=\"2023-11-15T11:08:04+00:00\" \/>\n<meta property=\"og:image\" content=\"https:\/\/www.noticiasradioreflejos.com.ar\/2021\/wp-content\/uploads\/2021\/07\/logosol300x200.png\" \/>\n\t<meta property=\"og:image:width\" content=\"300\" \/>\n\t<meta property=\"og:image:height\" content=\"200\" \/>\n\t<meta property=\"og:image:type\" content=\"image\/png\" \/>\n<meta name=\"author\" content=\"Arnaldo Botto\" \/>\n<meta name=\"twitter:card\" content=\"summary_large_image\" \/>\n<script type=\"application\/ld+json\" class=\"yoast-schema-graph\">{\"@context\":\"https:\/\/schema.org\",\"@graph\":[{\"@type\":\"WebPage\",\"@id\":\"https:\/\/www.noticiasradioreflejos.com.ar\/2021\/la-defensoria-inicio-campana-de-prevencion-en-el-dia-mundial-sin-alcohol\/\",\"url\":\"https:\/\/www.noticiasradioreflejos.com.ar\/2021\/la-defensoria-inicio-campana-de-prevencion-en-el-dia-mundial-sin-alcohol\/\",\"name\":\"La Defensor\u00eda inici\u00f3 campa\u00f1a de prevenci\u00f3n en el D\u00eda Mundial Sin Alcohol - Noticias Radio Reflejos\",\"isPartOf\":{\"@id\":\"https:\/\/www.noticiasradioreflejos.com.ar\/2021\/#website\"},\"datePublished\":\"2023-11-15T11:08:04+00:00\",\"author\":{\"@id\":\"https:\/\/www.noticiasradioreflejos.com.ar\/2021\/#\/schema\/person\/ad82545263dcc5ec0996818884fd5fb1\"},\"breadcrumb\":{\"@id\":\"https:\/\/www.noticiasradioreflejos.com.ar\/2021\/la-defensoria-inicio-campana-de-prevencion-en-el-dia-mundial-sin-alcohol\/#breadcrumb\"},\"inLanguage\":\"es\",\"potentialAction\":[{\"@type\":\"ReadAction\",\"target\":[\"https:\/\/www.noticiasradioreflejos.com.ar\/2021\/la-defensoria-inicio-campana-de-prevencion-en-el-dia-mundial-sin-alcohol\/\"]}]},{\"@type\":\"BreadcrumbList\",\"@id\":\"https:\/\/www.noticiasradioreflejos.com.ar\/2021\/la-defensoria-inicio-campana-de-prevencion-en-el-dia-mundial-sin-alcohol\/#breadcrumb\",\"itemListElement\":[{\"@type\":\"ListItem\",\"position\":1,\"name\":\"Portada\",\"item\":\"https:\/\/www.noticiasradioreflejos.com.ar\/2021\/\"},{\"@type\":\"ListItem\",\"position\":2,\"name\":\"La Defensor\u00eda inici\u00f3 campa\u00f1a de prevenci\u00f3n en el D\u00eda Mundial Sin Alcohol\"}]},{\"@type\":\"WebSite\",\"@id\":\"https:\/\/www.noticiasradioreflejos.com.ar\/2021\/#website\",\"url\":\"https:\/\/www.noticiasradioreflejos.com.ar\/2021\/\",\"name\":\"Noticias Radio Reflejos\",\"description\":\"Las noticias de mi comarca\",\"potentialAction\":[{\"@type\":\"SearchAction\",\"target\":{\"@type\":\"EntryPoint\",\"urlTemplate\":\"https:\/\/www.noticiasradioreflejos.com.ar\/2021\/?s={search_term_string}\"},\"query-input\":{\"@type\":\"PropertyValueSpecification\",\"valueRequired\":true,\"valueName\":\"search_term_string\"}}],\"inLanguage\":\"es\"},{\"@type\":\"Person\",\"@id\":\"https:\/\/www.noticiasradioreflejos.com.ar\/2021\/#\/schema\/person\/ad82545263dcc5ec0996818884fd5fb1\",\"name\":\"Arnaldo Botto\",\"image\":{\"@type\":\"ImageObject\",\"inLanguage\":\"es\",\"@id\":\"https:\/\/www.noticiasradioreflejos.com.ar\/2021\/#\/schema\/person\/image\/\",\"url\":\"https:\/\/secure.gravatar.com\/avatar\/55cb5e37c1efa326397366e6974cb338056df65cb50e7d64d1cf314e87504837?s=96&d=mm&r=g\",\"contentUrl\":\"https:\/\/secure.gravatar.com\/avatar\/55cb5e37c1efa326397366e6974cb338056df65cb50e7d64d1cf314e87504837?s=96&d=mm&r=g\",\"caption\":\"Arnaldo Botto\"},\"url\":\"https:\/\/www.noticiasradioreflejos.com.ar\/2021\/author\/arnaldo\/\"}]}<\/script>\n<!-- \/ Yoast SEO plugin. -->","yoast_head_json":{"title":"La Defensor\u00eda inici\u00f3 campa\u00f1a de prevenci\u00f3n en el D\u00eda Mundial Sin Alcohol - Noticias Radio Reflejos","robots":{"index":"index","follow":"follow","max-snippet":"max-snippet:-1","max-image-preview":"max-image-preview:large","max-video-preview":"max-video-preview:-1"},"canonical":"https:\/\/www.noticiasradioreflejos.com.ar\/2021\/la-defensoria-inicio-campana-de-prevencion-en-el-dia-mundial-sin-alcohol\/","og_locale":"es_ES","og_type":"article","og_title":"La Defensor\u00eda inici\u00f3 campa\u00f1a de prevenci\u00f3n en el D\u00eda Mundial Sin Alcohol - Noticias Radio Reflejos","og_description":"En el marco del D\u00eda Mundial Sin Alcohol, el Observatorio de Adicciones y Consumos Problem\u00e1ticos de la Defensor\u00eda del Pueblo bonaerense inici\u00f3 una campa\u00f1a de prevenci\u00f3n que incluye una gu\u00eda con una serie de recomendaciones para propiciar di\u00e1logos en las familias vinculados con los riesgos para ni\u00f1os, ni\u00f1as y adolescentes (NNyA).","og_url":"https:\/\/www.noticiasradioreflejos.com.ar\/2021\/la-defensoria-inicio-campana-de-prevencion-en-el-dia-mundial-sin-alcohol\/","og_site_name":"Noticias Radio Reflejos","article_published_time":"2023-11-15T11:08:04+00:00","og_image":[{"width":300,"height":200,"url":"https:\/\/www.noticiasradioreflejos.com.ar\/2021\/wp-content\/uploads\/2021\/07\/logosol300x200.png","type":"image\/png"}],"author":"Arnaldo Botto","twitter_card":"summary_large_image","schema":{"@context":"https:\/\/schema.org","@graph":[{"@type":"WebPage","@id":"https:\/\/www.noticiasradioreflejos.com.ar\/2021\/la-defensoria-inicio-campana-de-prevencion-en-el-dia-mundial-sin-alcohol\/","url":"https:\/\/www.noticiasradioreflejos.com.ar\/2021\/la-defensoria-inicio-campana-de-prevencion-en-el-dia-mundial-sin-alcohol\/","name":"La Defensor\u00eda inici\u00f3 campa\u00f1a de prevenci\u00f3n en el D\u00eda Mundial Sin Alcohol - Noticias Radio Reflejos","isPartOf":{"@id":"https:\/\/www.noticiasradioreflejos.com.ar\/2021\/#website"},"datePublished":"2023-11-15T11:08:04+00:00","author":{"@id":"https:\/\/www.noticiasradioreflejos.com.ar\/2021\/#\/schema\/person\/ad82545263dcc5ec0996818884fd5fb1"},"breadcrumb":{"@id":"https:\/\/www.noticiasradioreflejos.com.ar\/2021\/la-defensoria-inicio-campana-de-prevencion-en-el-dia-mundial-sin-alcohol\/#breadcrumb"},"inLanguage":"es","potentialAction":[{"@type":"ReadAction","target":["https:\/\/www.noticiasradioreflejos.com.ar\/2021\/la-defensoria-inicio-campana-de-prevencion-en-el-dia-mundial-sin-alcohol\/"]}]},{"@type":"BreadcrumbList","@id":"https:\/\/www.noticiasradioreflejos.com.ar\/2021\/la-defensoria-inicio-campana-de-prevencion-en-el-dia-mundial-sin-alcohol\/#breadcrumb","itemListElement":[{"@type":"ListItem","position":1,"name":"Portada","item":"https:\/\/www.noticiasradioreflejos.com.ar\/2021\/"},{"@type":"ListItem","position":2,"name":"La Defensor\u00eda inici\u00f3 campa\u00f1a de prevenci\u00f3n en el D\u00eda Mundial Sin Alcohol"}]},{"@type":"WebSite","@id":"https:\/\/www.noticiasradioreflejos.com.ar\/2021\/#website","url":"https:\/\/www.noticiasradioreflejos.com.ar\/2021\/","name":"Noticias Radio Reflejos","description":"Las noticias de mi comarca","potentialAction":[{"@type":"SearchAction","target":{"@type":"EntryPoint","urlTemplate":"https:\/\/www.noticiasradioreflejos.com.ar\/2021\/?s={search_term_string}"},"query-input":{"@type":"PropertyValueSpecification","valueRequired":true,"valueName":"search_term_string"}}],"inLanguage":"es"},{"@type":"Person","@id":"https:\/\/www.noticiasradioreflejos.com.ar\/2021\/#\/schema\/person\/ad82545263dcc5ec0996818884fd5fb1","name":"Arnaldo Botto","image":{"@type":"ImageObject","inLanguage":"es","@id":"https:\/\/www.noticiasradioreflejos.com.ar\/2021\/#\/schema\/person\/image\/","url":"https:\/\/secure.gravatar.com\/avatar\/55cb5e37c1efa326397366e6974cb338056df65cb50e7d64d1cf314e87504837?s=96&d=mm&r=g","contentUrl":"https:\/\/secure.gravatar.com\/avatar\/55cb5e37c1efa326397366e6974cb338056df65cb50e7d64d1cf314e87504837?s=96&d=mm&r=g","caption":"Arnaldo Botto"},"url":"https:\/\/www.noticiasradioreflejos.com.ar\/2021\/author\/arnaldo\/"}]}},"_links":{"self":[{"href":"https:\/\/www.noticiasradioreflejos.com.ar\/2021\/wp-json\/wp\/v2\/posts\/95296","targetHints":{"allow":["GET"]}}],"collection":[{"href":"https:\/\/www.noticiasradioreflejos.com.ar\/2021\/wp-json\/wp\/v2\/posts"}],"about":[{"href":"https:\/\/www.noticiasradioreflejos.com.ar\/2021\/wp-json\/wp\/v2\/types\/post"}],"author":[{"embeddable":true,"href":"https:\/\/www.noticiasradioreflejos.com.ar\/2021\/wp-json\/wp\/v2\/users\/3"}],"replies":[{"embeddable":true,"href":"https:\/\/www.noticiasradioreflejos.com.ar\/2021\/wp-json\/wp\/v2\/comments?post=95296"}],"version-history":[{"count":1,"href":"https:\/\/www.noticiasradioreflejos.com.ar\/2021\/wp-json\/wp\/v2\/posts\/95296\/revisions"}],"predecessor-version":[{"id":95298,"href":"https:\/\/www.noticiasradioreflejos.com.ar\/2021\/wp-json\/wp\/v2\/posts\/95296\/revisions\/95298"}],"wp:attachment":[{"href":"https:\/\/www.noticiasradioreflejos.com.ar\/2021\/wp-json\/wp\/v2\/media?parent=95296"}],"wp:term":[{"taxonomy":"category","embeddable":true,"href":"https:\/\/www.noticiasradioreflejos.com.ar\/2021\/wp-json\/wp\/v2\/categories?post=95296"},{"taxonomy":"post_tag","embeddable":true,"href":"https:\/\/www.noticiasradioreflejos.com.ar\/2021\/wp-json\/wp\/v2\/tags?post=95296"}],"curies":[{"name":"wp","href":"https:\/\/api.w.org\/{rel}","templated":true}]}}