{"id":95146,"date":"2023-11-11T10:46:41","date_gmt":"2023-11-11T10:46:41","guid":{"rendered":"https:\/\/www.noticiasradioreflejos.com.ar\/2021\/?p=95146"},"modified":"2023-11-11T10:46:41","modified_gmt":"2023-11-11T10:46:41","slug":"resistiendo-la-aculturacion-un-llamado-a-la-reflexion","status":"publish","type":"post","link":"https:\/\/www.noticiasradioreflejos.com.ar\/2021\/resistiendo-la-aculturacion-un-llamado-a-la-reflexion\/","title":{"rendered":"RESISTIENDO LA ACULTURACI\u00d3N,  un llamado a la reflexi\u00f3n"},"content":{"rendered":"<p style=\"font-weight: 400;\">Argentina ha sido testigo de transformaciones culturales profundas en las \u00faltimas d\u00e9cadas, moldeando su perspectiva sobre la comunidad, la pol\u00edtica, la econom\u00eda y su propia identidad. Estos cambios, impulsados por la globalizaci\u00f3n, la crisis econ\u00f3mica y las influencias de ideolog\u00edas europeas, tanto liberales como socialdem\u00f3cratas, as\u00ed como el avance de las tecnolog\u00edas digitales, han dejado huellas significativas en la comunidad nacional. Por lo tanto, es necesario interpelar algunos de los aspectos m\u00e1s destacados de estas transformaciones, evaluando sus consecuencias y desaf\u00edos para el futuro de nuestra naci\u00f3n.<!--more--><\/p>\n<p style=\"font-weight: 400;\">\nUno de los cambios m\u00e1s notables ha sido la transici\u00f3n de una comunidad basada en la solidaridad, cooperaci\u00f3n y participaci\u00f3n, hacia una sociedad marcada por el individualismo, la competencia, el consumismo y la fragmentaci\u00f3n en colectivos y tribus urbanas. Esta (in)evoluci\u00f3n ha llevado a la p\u00e9rdida de valores fundamentales como la justicia, la unidad, la igualdad y la dignidad, contribuyendo al aumento de fen\u00f3menos negativos como la violencia, la corrupci\u00f3n, la pobreza y las desigualdades.<\/p>\n<p style=\"font-weight: 400;\">\nOtro cambio significativo se ha manifestado en la transici\u00f3n de la percepci\u00f3n de la persona humana a la del individuo, de un ser social, hist\u00f3rico y pol\u00edtico a un objeto econ\u00f3mico, funcional, consumista y despolitizado. Esta transformaci\u00f3n ha implicado la desvalorizaci\u00f3n de la identidad nacional, la cultura popular, la memoria hist\u00f3rica y la participaci\u00f3n comunal, dando lugar a la sobrevaloraci\u00f3n de aspectos menos trascendentales como la vulgaridad, la alienaci\u00f3n, el olvido y la apat\u00eda. Es importante destacar que se han visto afectadas tanto la masculinidad como la feminidad en este proceso.<\/p>\n<p style=\"font-weight: 400;\">\nUno de los factores clave que ha influido en estos cambios culturales ha sido la implementaci\u00f3n de pol\u00edticas que responden a los intereses globales, adoptando modelos de desarrollo y gesti\u00f3n p\u00fablica basados en ideolog\u00edas liberales y socialdem\u00f3cratas. Estas pol\u00edticas han promovido el neoliberalismo econ\u00f3mico, llevando al ajuste fiscal, la privatizaci\u00f3n de servicios p\u00fablicos, la flexibilizaci\u00f3n laboral, la desregulaci\u00f3n financiera, la concentraci\u00f3n econ\u00f3mica y la integraci\u00f3n subordinada al mercado global.<\/p>\n<p>Como consecuencia, se ha profundizado la crisis econ\u00f3mica que afecta al pueblo argentino, manifest\u00e1ndose en la ca\u00edda del producto bruto interno, la inflaci\u00f3n, la devaluaci\u00f3n de la moneda, la fuga de capitales, la p\u00e9rdida de reservas, la disminuci\u00f3n de la inversi\u00f3n privada, la precarizaci\u00f3n laboral, la erosi\u00f3n del poder adquisitivo y un aumento en la brecha social, la pobreza y la indigencia, con una clara violaci\u00f3n de los derechos humanos.<\/p>\n<p style=\"font-weight: 400;\">\nAnte esta situaci\u00f3n, la reacci\u00f3n mayoritaria del pueblo ha sido de resignaci\u00f3n, desesperanza, desconfianza, miedo, frustraci\u00f3n, angustia y depresi\u00f3n. Los medios de comunicaci\u00f3n han desempe\u00f1ado un papel crucial como agentes de manipulaci\u00f3n y desinformaci\u00f3n, contribuyendo a esta actitud. Adem\u00e1s, el auge de las adicciones digitales ha generado dependencia, distracci\u00f3n, superficialidad, banalizaci\u00f3n, deshumanizaci\u00f3n y desrealizaci\u00f3n de la vida cotidiana.<\/p>\n<p style=\"font-weight: 400;\">\nFrente a estos desaf\u00edos, surge la necesidad de recuperar la comunidad, la persona humana, la solidaridad, la justicia y la unidad. Para lograrlo, es esencial fortalecer los lazos de solidaridad entre las diferentes organizaciones del pueblo, movilizarse contra las pol\u00edticas centralistas y abogar por un federalismo real con municipios aut\u00f3nomos. Los municipios son la primera l\u00ednea de trinchera para la organizaci\u00f3n de la comunidad. La revalorizaci\u00f3n de la identidad nacional, la cultura popular, la memoria hist\u00f3rica y la participaci\u00f3n social son pasos cruciales para recuperar la persona humana. La promoci\u00f3n de la redistribuci\u00f3n de la riqueza, la justicia social y la protecci\u00f3n del medio ambiente son fundamentales para restaurar la solidaridad y la justicia. Superar las divisiones y construir consensos para un proyecto de naci\u00f3n y una visi\u00f3n de futuro ser\u00e1n vitales para recuperar la unidad.<\/p>\n<p style=\"font-weight: 400;\">\nEste desaf\u00edo no es f\u00e1cil ni inmediato, requiriendo un proceso de concientizaci\u00f3n, educaci\u00f3n, comunicaci\u00f3n, articulaci\u00f3n, acci\u00f3n y transformaci\u00f3n. Inspir\u00e1ndose en las experiencias hist\u00f3ricas y actuales de lucha y esperanza del pueblo argentino, este desaf\u00edo es posible y necesario. En un contexto donde la soberan\u00eda y la emancipaci\u00f3n son fundamentales, el pueblo argentino tiene el poder de forjar su propio destino y revertir el curso de aculturaci\u00f3n impuesto por pol\u00edticas externas.<\/p>\n<p style=\"font-weight: 400;\">\n<p style=\"font-weight: 400;\"><em><strong>Luis Gotte<\/strong><\/em><\/p>\n<p style=\"font-weight: 400;\"><em><strong>Escritor y articulista, co-autor de \u201cBuenos Ayres Humana, la hora de tu comunidad\u201d Ed. Fabro, 2022; y de \u201cBuenos Ayres Humana II, la hora de tu Intendente\u201d en preparaci\u00f3n.<\/strong><\/em><\/p>\n<p style=\"font-weight: 400;\"><em><strong>La peque\u00f1a trinchera<\/strong><\/em><\/p>\n<p style=\"font-weight: 400;\"><em><strong>Mar del Plata<\/strong><\/em><\/p>\n","protected":false},"excerpt":{"rendered":"<p>Argentina ha sido testigo de transformaciones culturales profundas en las \u00faltimas d\u00e9cadas, moldeando su perspectiva sobre la comunidad, la pol\u00edtica, la econom\u00eda y su propia identidad. Estos cambios, impulsados por la globalizaci\u00f3n, la crisis econ\u00f3mica y las influencias de ideolog\u00edas europeas, tanto liberales como socialdem\u00f3cratas, as\u00ed como el avance de las tecnolog\u00edas digitales, han dejado [&hellip;]<\/p>\n","protected":false},"author":3,"featured_media":0,"comment_status":"closed","ping_status":"closed","sticky":false,"template":"","format":"standard","meta":{"footnotes":""},"categories":[24,26],"tags":[],"class_list":["post-95146","post","type-post","status-publish","format-standard","hentry","category-politica","category-sociedad"],"yoast_head":"<!-- This site is optimized with the Yoast SEO plugin v25.9 - https:\/\/yoast.com\/wordpress\/plugins\/seo\/ -->\n<title>RESISTIENDO LA ACULTURACI\u00d3N, un llamado a la reflexi\u00f3n - Noticias Radio Reflejos<\/title>\n<meta name=\"robots\" content=\"index, follow, max-snippet:-1, max-image-preview:large, max-video-preview:-1\" \/>\n<link rel=\"canonical\" href=\"https:\/\/www.noticiasradioreflejos.com.ar\/2021\/resistiendo-la-aculturacion-un-llamado-a-la-reflexion\/\" \/>\n<meta property=\"og:locale\" content=\"es_ES\" \/>\n<meta property=\"og:type\" content=\"article\" \/>\n<meta property=\"og:title\" content=\"RESISTIENDO LA ACULTURACI\u00d3N, un llamado a la reflexi\u00f3n - Noticias Radio Reflejos\" \/>\n<meta property=\"og:description\" content=\"Argentina ha sido testigo de transformaciones culturales profundas en las \u00faltimas d\u00e9cadas, moldeando su perspectiva sobre la comunidad, la pol\u00edtica, la econom\u00eda y su propia identidad. Estos cambios, impulsados por la globalizaci\u00f3n, la crisis econ\u00f3mica y las influencias de ideolog\u00edas europeas, tanto liberales como socialdem\u00f3cratas, as\u00ed como el avance de las tecnolog\u00edas digitales, han dejado [&hellip;]\" \/>\n<meta property=\"og:url\" content=\"https:\/\/www.noticiasradioreflejos.com.ar\/2021\/resistiendo-la-aculturacion-un-llamado-a-la-reflexion\/\" \/>\n<meta property=\"og:site_name\" content=\"Noticias Radio Reflejos\" \/>\n<meta property=\"article:published_time\" content=\"2023-11-11T10:46:41+00:00\" \/>\n<meta property=\"og:image\" content=\"https:\/\/www.noticiasradioreflejos.com.ar\/2021\/wp-content\/uploads\/2021\/07\/logosol300x200.png\" \/>\n\t<meta property=\"og:image:width\" content=\"300\" \/>\n\t<meta property=\"og:image:height\" content=\"200\" \/>\n\t<meta property=\"og:image:type\" content=\"image\/png\" \/>\n<meta name=\"author\" content=\"Arnaldo Botto\" \/>\n<meta name=\"twitter:card\" content=\"summary_large_image\" \/>\n<script type=\"application\/ld+json\" class=\"yoast-schema-graph\">{\"@context\":\"https:\/\/schema.org\",\"@graph\":[{\"@type\":\"WebPage\",\"@id\":\"https:\/\/www.noticiasradioreflejos.com.ar\/2021\/resistiendo-la-aculturacion-un-llamado-a-la-reflexion\/\",\"url\":\"https:\/\/www.noticiasradioreflejos.com.ar\/2021\/resistiendo-la-aculturacion-un-llamado-a-la-reflexion\/\",\"name\":\"RESISTIENDO LA ACULTURACI\u00d3N, un llamado a la reflexi\u00f3n - Noticias Radio Reflejos\",\"isPartOf\":{\"@id\":\"https:\/\/www.noticiasradioreflejos.com.ar\/2021\/#website\"},\"datePublished\":\"2023-11-11T10:46:41+00:00\",\"author\":{\"@id\":\"https:\/\/www.noticiasradioreflejos.com.ar\/2021\/#\/schema\/person\/ad82545263dcc5ec0996818884fd5fb1\"},\"breadcrumb\":{\"@id\":\"https:\/\/www.noticiasradioreflejos.com.ar\/2021\/resistiendo-la-aculturacion-un-llamado-a-la-reflexion\/#breadcrumb\"},\"inLanguage\":\"es\",\"potentialAction\":[{\"@type\":\"ReadAction\",\"target\":[\"https:\/\/www.noticiasradioreflejos.com.ar\/2021\/resistiendo-la-aculturacion-un-llamado-a-la-reflexion\/\"]}]},{\"@type\":\"BreadcrumbList\",\"@id\":\"https:\/\/www.noticiasradioreflejos.com.ar\/2021\/resistiendo-la-aculturacion-un-llamado-a-la-reflexion\/#breadcrumb\",\"itemListElement\":[{\"@type\":\"ListItem\",\"position\":1,\"name\":\"Portada\",\"item\":\"https:\/\/www.noticiasradioreflejos.com.ar\/2021\/\"},{\"@type\":\"ListItem\",\"position\":2,\"name\":\"RESISTIENDO LA ACULTURACI\u00d3N, un llamado a la reflexi\u00f3n\"}]},{\"@type\":\"WebSite\",\"@id\":\"https:\/\/www.noticiasradioreflejos.com.ar\/2021\/#website\",\"url\":\"https:\/\/www.noticiasradioreflejos.com.ar\/2021\/\",\"name\":\"Noticias Radio Reflejos\",\"description\":\"Las noticias de mi comarca\",\"potentialAction\":[{\"@type\":\"SearchAction\",\"target\":{\"@type\":\"EntryPoint\",\"urlTemplate\":\"https:\/\/www.noticiasradioreflejos.com.ar\/2021\/?s={search_term_string}\"},\"query-input\":{\"@type\":\"PropertyValueSpecification\",\"valueRequired\":true,\"valueName\":\"search_term_string\"}}],\"inLanguage\":\"es\"},{\"@type\":\"Person\",\"@id\":\"https:\/\/www.noticiasradioreflejos.com.ar\/2021\/#\/schema\/person\/ad82545263dcc5ec0996818884fd5fb1\",\"name\":\"Arnaldo Botto\",\"image\":{\"@type\":\"ImageObject\",\"inLanguage\":\"es\",\"@id\":\"https:\/\/www.noticiasradioreflejos.com.ar\/2021\/#\/schema\/person\/image\/\",\"url\":\"https:\/\/secure.gravatar.com\/avatar\/55cb5e37c1efa326397366e6974cb338056df65cb50e7d64d1cf314e87504837?s=96&d=mm&r=g\",\"contentUrl\":\"https:\/\/secure.gravatar.com\/avatar\/55cb5e37c1efa326397366e6974cb338056df65cb50e7d64d1cf314e87504837?s=96&d=mm&r=g\",\"caption\":\"Arnaldo Botto\"},\"url\":\"https:\/\/www.noticiasradioreflejos.com.ar\/2021\/author\/arnaldo\/\"}]}<\/script>\n<!-- \/ Yoast SEO plugin. -->","yoast_head_json":{"title":"RESISTIENDO LA ACULTURACI\u00d3N, un llamado a la reflexi\u00f3n - Noticias Radio Reflejos","robots":{"index":"index","follow":"follow","max-snippet":"max-snippet:-1","max-image-preview":"max-image-preview:large","max-video-preview":"max-video-preview:-1"},"canonical":"https:\/\/www.noticiasradioreflejos.com.ar\/2021\/resistiendo-la-aculturacion-un-llamado-a-la-reflexion\/","og_locale":"es_ES","og_type":"article","og_title":"RESISTIENDO LA ACULTURACI\u00d3N, un llamado a la reflexi\u00f3n - Noticias Radio Reflejos","og_description":"Argentina ha sido testigo de transformaciones culturales profundas en las \u00faltimas d\u00e9cadas, moldeando su perspectiva sobre la comunidad, la pol\u00edtica, la econom\u00eda y su propia identidad. Estos cambios, impulsados por la globalizaci\u00f3n, la crisis econ\u00f3mica y las influencias de ideolog\u00edas europeas, tanto liberales como socialdem\u00f3cratas, as\u00ed como el avance de las tecnolog\u00edas digitales, han dejado [&hellip;]","og_url":"https:\/\/www.noticiasradioreflejos.com.ar\/2021\/resistiendo-la-aculturacion-un-llamado-a-la-reflexion\/","og_site_name":"Noticias Radio Reflejos","article_published_time":"2023-11-11T10:46:41+00:00","og_image":[{"width":300,"height":200,"url":"https:\/\/www.noticiasradioreflejos.com.ar\/2021\/wp-content\/uploads\/2021\/07\/logosol300x200.png","type":"image\/png"}],"author":"Arnaldo Botto","twitter_card":"summary_large_image","schema":{"@context":"https:\/\/schema.org","@graph":[{"@type":"WebPage","@id":"https:\/\/www.noticiasradioreflejos.com.ar\/2021\/resistiendo-la-aculturacion-un-llamado-a-la-reflexion\/","url":"https:\/\/www.noticiasradioreflejos.com.ar\/2021\/resistiendo-la-aculturacion-un-llamado-a-la-reflexion\/","name":"RESISTIENDO LA ACULTURACI\u00d3N, un llamado a la reflexi\u00f3n - Noticias Radio Reflejos","isPartOf":{"@id":"https:\/\/www.noticiasradioreflejos.com.ar\/2021\/#website"},"datePublished":"2023-11-11T10:46:41+00:00","author":{"@id":"https:\/\/www.noticiasradioreflejos.com.ar\/2021\/#\/schema\/person\/ad82545263dcc5ec0996818884fd5fb1"},"breadcrumb":{"@id":"https:\/\/www.noticiasradioreflejos.com.ar\/2021\/resistiendo-la-aculturacion-un-llamado-a-la-reflexion\/#breadcrumb"},"inLanguage":"es","potentialAction":[{"@type":"ReadAction","target":["https:\/\/www.noticiasradioreflejos.com.ar\/2021\/resistiendo-la-aculturacion-un-llamado-a-la-reflexion\/"]}]},{"@type":"BreadcrumbList","@id":"https:\/\/www.noticiasradioreflejos.com.ar\/2021\/resistiendo-la-aculturacion-un-llamado-a-la-reflexion\/#breadcrumb","itemListElement":[{"@type":"ListItem","position":1,"name":"Portada","item":"https:\/\/www.noticiasradioreflejos.com.ar\/2021\/"},{"@type":"ListItem","position":2,"name":"RESISTIENDO LA ACULTURACI\u00d3N, un llamado a la reflexi\u00f3n"}]},{"@type":"WebSite","@id":"https:\/\/www.noticiasradioreflejos.com.ar\/2021\/#website","url":"https:\/\/www.noticiasradioreflejos.com.ar\/2021\/","name":"Noticias Radio Reflejos","description":"Las noticias de mi comarca","potentialAction":[{"@type":"SearchAction","target":{"@type":"EntryPoint","urlTemplate":"https:\/\/www.noticiasradioreflejos.com.ar\/2021\/?s={search_term_string}"},"query-input":{"@type":"PropertyValueSpecification","valueRequired":true,"valueName":"search_term_string"}}],"inLanguage":"es"},{"@type":"Person","@id":"https:\/\/www.noticiasradioreflejos.com.ar\/2021\/#\/schema\/person\/ad82545263dcc5ec0996818884fd5fb1","name":"Arnaldo Botto","image":{"@type":"ImageObject","inLanguage":"es","@id":"https:\/\/www.noticiasradioreflejos.com.ar\/2021\/#\/schema\/person\/image\/","url":"https:\/\/secure.gravatar.com\/avatar\/55cb5e37c1efa326397366e6974cb338056df65cb50e7d64d1cf314e87504837?s=96&d=mm&r=g","contentUrl":"https:\/\/secure.gravatar.com\/avatar\/55cb5e37c1efa326397366e6974cb338056df65cb50e7d64d1cf314e87504837?s=96&d=mm&r=g","caption":"Arnaldo Botto"},"url":"https:\/\/www.noticiasradioreflejos.com.ar\/2021\/author\/arnaldo\/"}]}},"_links":{"self":[{"href":"https:\/\/www.noticiasradioreflejos.com.ar\/2021\/wp-json\/wp\/v2\/posts\/95146","targetHints":{"allow":["GET"]}}],"collection":[{"href":"https:\/\/www.noticiasradioreflejos.com.ar\/2021\/wp-json\/wp\/v2\/posts"}],"about":[{"href":"https:\/\/www.noticiasradioreflejos.com.ar\/2021\/wp-json\/wp\/v2\/types\/post"}],"author":[{"embeddable":true,"href":"https:\/\/www.noticiasradioreflejos.com.ar\/2021\/wp-json\/wp\/v2\/users\/3"}],"replies":[{"embeddable":true,"href":"https:\/\/www.noticiasradioreflejos.com.ar\/2021\/wp-json\/wp\/v2\/comments?post=95146"}],"version-history":[{"count":1,"href":"https:\/\/www.noticiasradioreflejos.com.ar\/2021\/wp-json\/wp\/v2\/posts\/95146\/revisions"}],"predecessor-version":[{"id":95148,"href":"https:\/\/www.noticiasradioreflejos.com.ar\/2021\/wp-json\/wp\/v2\/posts\/95146\/revisions\/95148"}],"wp:attachment":[{"href":"https:\/\/www.noticiasradioreflejos.com.ar\/2021\/wp-json\/wp\/v2\/media?parent=95146"}],"wp:term":[{"taxonomy":"category","embeddable":true,"href":"https:\/\/www.noticiasradioreflejos.com.ar\/2021\/wp-json\/wp\/v2\/categories?post=95146"},{"taxonomy":"post_tag","embeddable":true,"href":"https:\/\/www.noticiasradioreflejos.com.ar\/2021\/wp-json\/wp\/v2\/tags?post=95146"}],"curies":[{"name":"wp","href":"https:\/\/api.w.org\/{rel}","templated":true}]}}