{"id":95144,"date":"2023-11-10T21:38:34","date_gmt":"2023-11-10T21:38:34","guid":{"rendered":"https:\/\/www.noticiasradioreflejos.com.ar\/2021\/?p=95144"},"modified":"2023-11-10T21:38:34","modified_gmt":"2023-11-10T21:38:34","slug":"sabado-11-corte-de-energia-en-villa-ventana-la-gruta-san-andres-y-zona-rural","status":"publish","type":"post","link":"https:\/\/www.noticiasradioreflejos.com.ar\/2021\/sabado-11-corte-de-energia-en-villa-ventana-la-gruta-san-andres-y-zona-rural\/","title":{"rendered":"S\u00e1bado 11: corte de energ\u00eda en Villa Ventana, La Gruta, San Andr\u00e9s y zona rural"},"content":{"rendered":"<p>CELT informa que este s\u00e1bado 11\/11\/23 realizar\u00e1 un corte de energ\u00eda de 6:45 a 8:00 hs;<!--more--> afectar\u00e1 Villa Serrana La Gruta, San Andr\u00e9s de las Sierras, Villa Ventana y zona rural desde Paso Funke a Villa Ventana, por mantenimiento en Sub Estaci\u00f3n Transformadora Frizza.<\/p>\n<p>Si las condiciones clim\u00e1ticas lo permiten.<\/p>\n<p>Por informaci\u00f3n comunicarse con 4941008<\/p>\n","protected":false},"excerpt":{"rendered":"<p>CELT informa que este s\u00e1bado 11\/11\/23 realizar\u00e1 un corte de energ\u00eda de 6:45 a 8:00 hs;<\/p>\n","protected":false},"author":3,"featured_media":46389,"comment_status":"closed","ping_status":"closed","sticky":false,"template":"","format":"standard","meta":{"footnotes":""},"categories":[26],"tags":[48],"class_list":["post-95144","post","type-post","status-publish","format-standard","has-post-thumbnail","hentry","category-sociedad","tag-destacada"],"yoast_head":"<!-- This site is optimized with the Yoast SEO plugin v25.9 - https:\/\/yoast.com\/wordpress\/plugins\/seo\/ -->\n<title>S\u00e1bado 11: corte de energ\u00eda en Villa Ventana, La Gruta, San Andr\u00e9s y zona rural - Noticias Radio Reflejos<\/title>\n<meta name=\"robots\" content=\"index, follow, max-snippet:-1, max-image-preview:large, max-video-preview:-1\" \/>\n<link rel=\"canonical\" href=\"https:\/\/www.noticiasradioreflejos.com.ar\/2021\/sabado-11-corte-de-energia-en-villa-ventana-la-gruta-san-andres-y-zona-rural\/\" \/>\n<meta property=\"og:locale\" content=\"es_ES\" \/>\n<meta property=\"og:type\" content=\"article\" \/>\n<meta property=\"og:title\" content=\"S\u00e1bado 11: corte de energ\u00eda en Villa Ventana, La Gruta, San Andr\u00e9s y zona rural - Noticias Radio Reflejos\" \/>\n<meta property=\"og:description\" content=\"CELT informa que este s\u00e1bado 11\/11\/23 realizar\u00e1 un corte de energ\u00eda de 6:45 a 8:00 hs;\" \/>\n<meta property=\"og:url\" content=\"https:\/\/www.noticiasradioreflejos.com.ar\/2021\/sabado-11-corte-de-energia-en-villa-ventana-la-gruta-san-andres-y-zona-rural\/\" \/>\n<meta property=\"og:site_name\" content=\"Noticias Radio Reflejos\" \/>\n<meta property=\"article:published_time\" content=\"2023-11-10T21:38:34+00:00\" \/>\n<meta property=\"og:image\" content=\"https:\/\/www.noticiasradioreflejos.com.ar\/2021\/wp-content\/uploads\/2020\/08\/Corte-de-energia.jpg\" \/>\n\t<meta property=\"og:image:width\" content=\"770\" \/>\n\t<meta property=\"og:image:height\" content=\"500\" \/>\n\t<meta property=\"og:image:type\" content=\"image\/jpeg\" \/>\n<meta name=\"author\" content=\"Arnaldo Botto\" \/>\n<meta name=\"twitter:card\" content=\"summary_large_image\" \/>\n<script type=\"application\/ld+json\" class=\"yoast-schema-graph\">{\"@context\":\"https:\/\/schema.org\",\"@graph\":[{\"@type\":\"WebPage\",\"@id\":\"https:\/\/www.noticiasradioreflejos.com.ar\/2021\/sabado-11-corte-de-energia-en-villa-ventana-la-gruta-san-andres-y-zona-rural\/\",\"url\":\"https:\/\/www.noticiasradioreflejos.com.ar\/2021\/sabado-11-corte-de-energia-en-villa-ventana-la-gruta-san-andres-y-zona-rural\/\",\"name\":\"S\u00e1bado 11: corte de energ\u00eda en Villa Ventana, La Gruta, San Andr\u00e9s y zona rural - Noticias Radio Reflejos\",\"isPartOf\":{\"@id\":\"https:\/\/www.noticiasradioreflejos.com.ar\/2021\/#website\"},\"primaryImageOfPage\":{\"@id\":\"https:\/\/www.noticiasradioreflejos.com.ar\/2021\/sabado-11-corte-de-energia-en-villa-ventana-la-gruta-san-andres-y-zona-rural\/#primaryimage\"},\"image\":{\"@id\":\"https:\/\/www.noticiasradioreflejos.com.ar\/2021\/sabado-11-corte-de-energia-en-villa-ventana-la-gruta-san-andres-y-zona-rural\/#primaryimage\"},\"thumbnailUrl\":\"https:\/\/www.noticiasradioreflejos.com.ar\/2021\/wp-content\/uploads\/2020\/08\/Corte-de-energia.jpg\",\"datePublished\":\"2023-11-10T21:38:34+00:00\",\"author\":{\"@id\":\"https:\/\/www.noticiasradioreflejos.com.ar\/2021\/#\/schema\/person\/ad82545263dcc5ec0996818884fd5fb1\"},\"breadcrumb\":{\"@id\":\"https:\/\/www.noticiasradioreflejos.com.ar\/2021\/sabado-11-corte-de-energia-en-villa-ventana-la-gruta-san-andres-y-zona-rural\/#breadcrumb\"},\"inLanguage\":\"es\",\"potentialAction\":[{\"@type\":\"ReadAction\",\"target\":[\"https:\/\/www.noticiasradioreflejos.com.ar\/2021\/sabado-11-corte-de-energia-en-villa-ventana-la-gruta-san-andres-y-zona-rural\/\"]}]},{\"@type\":\"ImageObject\",\"inLanguage\":\"es\",\"@id\":\"https:\/\/www.noticiasradioreflejos.com.ar\/2021\/sabado-11-corte-de-energia-en-villa-ventana-la-gruta-san-andres-y-zona-rural\/#primaryimage\",\"url\":\"https:\/\/www.noticiasradioreflejos.com.ar\/2021\/wp-content\/uploads\/2020\/08\/Corte-de-energia.jpg\",\"contentUrl\":\"https:\/\/www.noticiasradioreflejos.com.ar\/2021\/wp-content\/uploads\/2020\/08\/Corte-de-energia.jpg\",\"width\":770,\"height\":500},{\"@type\":\"BreadcrumbList\",\"@id\":\"https:\/\/www.noticiasradioreflejos.com.ar\/2021\/sabado-11-corte-de-energia-en-villa-ventana-la-gruta-san-andres-y-zona-rural\/#breadcrumb\",\"itemListElement\":[{\"@type\":\"ListItem\",\"position\":1,\"name\":\"Portada\",\"item\":\"https:\/\/www.noticiasradioreflejos.com.ar\/2021\/\"},{\"@type\":\"ListItem\",\"position\":2,\"name\":\"S\u00e1bado 11: corte de energ\u00eda en Villa Ventana, La Gruta, San Andr\u00e9s y zona rural\"}]},{\"@type\":\"WebSite\",\"@id\":\"https:\/\/www.noticiasradioreflejos.com.ar\/2021\/#website\",\"url\":\"https:\/\/www.noticiasradioreflejos.com.ar\/2021\/\",\"name\":\"Noticias Radio Reflejos\",\"description\":\"Las noticias de mi comarca\",\"potentialAction\":[{\"@type\":\"SearchAction\",\"target\":{\"@type\":\"EntryPoint\",\"urlTemplate\":\"https:\/\/www.noticiasradioreflejos.com.ar\/2021\/?s={search_term_string}\"},\"query-input\":{\"@type\":\"PropertyValueSpecification\",\"valueRequired\":true,\"valueName\":\"search_term_string\"}}],\"inLanguage\":\"es\"},{\"@type\":\"Person\",\"@id\":\"https:\/\/www.noticiasradioreflejos.com.ar\/2021\/#\/schema\/person\/ad82545263dcc5ec0996818884fd5fb1\",\"name\":\"Arnaldo Botto\",\"image\":{\"@type\":\"ImageObject\",\"inLanguage\":\"es\",\"@id\":\"https:\/\/www.noticiasradioreflejos.com.ar\/2021\/#\/schema\/person\/image\/\",\"url\":\"https:\/\/secure.gravatar.com\/avatar\/55cb5e37c1efa326397366e6974cb338056df65cb50e7d64d1cf314e87504837?s=96&d=mm&r=g\",\"contentUrl\":\"https:\/\/secure.gravatar.com\/avatar\/55cb5e37c1efa326397366e6974cb338056df65cb50e7d64d1cf314e87504837?s=96&d=mm&r=g\",\"caption\":\"Arnaldo Botto\"},\"url\":\"https:\/\/www.noticiasradioreflejos.com.ar\/2021\/author\/arnaldo\/\"}]}<\/script>\n<!-- \/ Yoast SEO plugin. -->","yoast_head_json":{"title":"S\u00e1bado 11: corte de energ\u00eda en Villa Ventana, La Gruta, San Andr\u00e9s y zona rural - Noticias Radio Reflejos","robots":{"index":"index","follow":"follow","max-snippet":"max-snippet:-1","max-image-preview":"max-image-preview:large","max-video-preview":"max-video-preview:-1"},"canonical":"https:\/\/www.noticiasradioreflejos.com.ar\/2021\/sabado-11-corte-de-energia-en-villa-ventana-la-gruta-san-andres-y-zona-rural\/","og_locale":"es_ES","og_type":"article","og_title":"S\u00e1bado 11: corte de energ\u00eda en Villa Ventana, La Gruta, San Andr\u00e9s y zona rural - Noticias Radio Reflejos","og_description":"CELT informa que este s\u00e1bado 11\/11\/23 realizar\u00e1 un corte de energ\u00eda de 6:45 a 8:00 hs;","og_url":"https:\/\/www.noticiasradioreflejos.com.ar\/2021\/sabado-11-corte-de-energia-en-villa-ventana-la-gruta-san-andres-y-zona-rural\/","og_site_name":"Noticias Radio Reflejos","article_published_time":"2023-11-10T21:38:34+00:00","og_image":[{"width":770,"height":500,"url":"https:\/\/www.noticiasradioreflejos.com.ar\/2021\/wp-content\/uploads\/2020\/08\/Corte-de-energia.jpg","type":"image\/jpeg"}],"author":"Arnaldo Botto","twitter_card":"summary_large_image","schema":{"@context":"https:\/\/schema.org","@graph":[{"@type":"WebPage","@id":"https:\/\/www.noticiasradioreflejos.com.ar\/2021\/sabado-11-corte-de-energia-en-villa-ventana-la-gruta-san-andres-y-zona-rural\/","url":"https:\/\/www.noticiasradioreflejos.com.ar\/2021\/sabado-11-corte-de-energia-en-villa-ventana-la-gruta-san-andres-y-zona-rural\/","name":"S\u00e1bado 11: corte de energ\u00eda en Villa Ventana, La Gruta, San Andr\u00e9s y zona rural - Noticias Radio Reflejos","isPartOf":{"@id":"https:\/\/www.noticiasradioreflejos.com.ar\/2021\/#website"},"primaryImageOfPage":{"@id":"https:\/\/www.noticiasradioreflejos.com.ar\/2021\/sabado-11-corte-de-energia-en-villa-ventana-la-gruta-san-andres-y-zona-rural\/#primaryimage"},"image":{"@id":"https:\/\/www.noticiasradioreflejos.com.ar\/2021\/sabado-11-corte-de-energia-en-villa-ventana-la-gruta-san-andres-y-zona-rural\/#primaryimage"},"thumbnailUrl":"https:\/\/www.noticiasradioreflejos.com.ar\/2021\/wp-content\/uploads\/2020\/08\/Corte-de-energia.jpg","datePublished":"2023-11-10T21:38:34+00:00","author":{"@id":"https:\/\/www.noticiasradioreflejos.com.ar\/2021\/#\/schema\/person\/ad82545263dcc5ec0996818884fd5fb1"},"breadcrumb":{"@id":"https:\/\/www.noticiasradioreflejos.com.ar\/2021\/sabado-11-corte-de-energia-en-villa-ventana-la-gruta-san-andres-y-zona-rural\/#breadcrumb"},"inLanguage":"es","potentialAction":[{"@type":"ReadAction","target":["https:\/\/www.noticiasradioreflejos.com.ar\/2021\/sabado-11-corte-de-energia-en-villa-ventana-la-gruta-san-andres-y-zona-rural\/"]}]},{"@type":"ImageObject","inLanguage":"es","@id":"https:\/\/www.noticiasradioreflejos.com.ar\/2021\/sabado-11-corte-de-energia-en-villa-ventana-la-gruta-san-andres-y-zona-rural\/#primaryimage","url":"https:\/\/www.noticiasradioreflejos.com.ar\/2021\/wp-content\/uploads\/2020\/08\/Corte-de-energia.jpg","contentUrl":"https:\/\/www.noticiasradioreflejos.com.ar\/2021\/wp-content\/uploads\/2020\/08\/Corte-de-energia.jpg","width":770,"height":500},{"@type":"BreadcrumbList","@id":"https:\/\/www.noticiasradioreflejos.com.ar\/2021\/sabado-11-corte-de-energia-en-villa-ventana-la-gruta-san-andres-y-zona-rural\/#breadcrumb","itemListElement":[{"@type":"ListItem","position":1,"name":"Portada","item":"https:\/\/www.noticiasradioreflejos.com.ar\/2021\/"},{"@type":"ListItem","position":2,"name":"S\u00e1bado 11: corte de energ\u00eda en Villa Ventana, La Gruta, San Andr\u00e9s y zona rural"}]},{"@type":"WebSite","@id":"https:\/\/www.noticiasradioreflejos.com.ar\/2021\/#website","url":"https:\/\/www.noticiasradioreflejos.com.ar\/2021\/","name":"Noticias Radio Reflejos","description":"Las noticias de mi comarca","potentialAction":[{"@type":"SearchAction","target":{"@type":"EntryPoint","urlTemplate":"https:\/\/www.noticiasradioreflejos.com.ar\/2021\/?s={search_term_string}"},"query-input":{"@type":"PropertyValueSpecification","valueRequired":true,"valueName":"search_term_string"}}],"inLanguage":"es"},{"@type":"Person","@id":"https:\/\/www.noticiasradioreflejos.com.ar\/2021\/#\/schema\/person\/ad82545263dcc5ec0996818884fd5fb1","name":"Arnaldo Botto","image":{"@type":"ImageObject","inLanguage":"es","@id":"https:\/\/www.noticiasradioreflejos.com.ar\/2021\/#\/schema\/person\/image\/","url":"https:\/\/secure.gravatar.com\/avatar\/55cb5e37c1efa326397366e6974cb338056df65cb50e7d64d1cf314e87504837?s=96&d=mm&r=g","contentUrl":"https:\/\/secure.gravatar.com\/avatar\/55cb5e37c1efa326397366e6974cb338056df65cb50e7d64d1cf314e87504837?s=96&d=mm&r=g","caption":"Arnaldo Botto"},"url":"https:\/\/www.noticiasradioreflejos.com.ar\/2021\/author\/arnaldo\/"}]}},"_links":{"self":[{"href":"https:\/\/www.noticiasradioreflejos.com.ar\/2021\/wp-json\/wp\/v2\/posts\/95144","targetHints":{"allow":["GET"]}}],"collection":[{"href":"https:\/\/www.noticiasradioreflejos.com.ar\/2021\/wp-json\/wp\/v2\/posts"}],"about":[{"href":"https:\/\/www.noticiasradioreflejos.com.ar\/2021\/wp-json\/wp\/v2\/types\/post"}],"author":[{"embeddable":true,"href":"https:\/\/www.noticiasradioreflejos.com.ar\/2021\/wp-json\/wp\/v2\/users\/3"}],"replies":[{"embeddable":true,"href":"https:\/\/www.noticiasradioreflejos.com.ar\/2021\/wp-json\/wp\/v2\/comments?post=95144"}],"version-history":[{"count":1,"href":"https:\/\/www.noticiasradioreflejos.com.ar\/2021\/wp-json\/wp\/v2\/posts\/95144\/revisions"}],"predecessor-version":[{"id":95145,"href":"https:\/\/www.noticiasradioreflejos.com.ar\/2021\/wp-json\/wp\/v2\/posts\/95144\/revisions\/95145"}],"wp:featuredmedia":[{"embeddable":true,"href":"https:\/\/www.noticiasradioreflejos.com.ar\/2021\/wp-json\/wp\/v2\/media\/46389"}],"wp:attachment":[{"href":"https:\/\/www.noticiasradioreflejos.com.ar\/2021\/wp-json\/wp\/v2\/media?parent=95144"}],"wp:term":[{"taxonomy":"category","embeddable":true,"href":"https:\/\/www.noticiasradioreflejos.com.ar\/2021\/wp-json\/wp\/v2\/categories?post=95144"},{"taxonomy":"post_tag","embeddable":true,"href":"https:\/\/www.noticiasradioreflejos.com.ar\/2021\/wp-json\/wp\/v2\/tags?post=95144"}],"curies":[{"name":"wp","href":"https:\/\/api.w.org\/{rel}","templated":true}]}}