{"id":95141,"date":"2023-11-10T15:21:28","date_gmt":"2023-11-10T15:21:28","guid":{"rendered":"https:\/\/www.noticiasradioreflejos.com.ar\/2021\/?p=95141"},"modified":"2023-11-10T15:21:28","modified_gmt":"2023-11-10T15:21:28","slug":"bosques-urbanos-visito-tornquist-el-director-forestal-de-la-provincia-de-buenos-aires","status":"publish","type":"post","link":"https:\/\/www.noticiasradioreflejos.com.ar\/2021\/bosques-urbanos-visito-tornquist-el-director-forestal-de-la-provincia-de-buenos-aires\/","title":{"rendered":"Bosques Urbanos: Visit\u00f3 Tornquist el Director Forestal de la Provincia de Buenos Aires"},"content":{"rendered":"<p>Este jueves estuvo en el distrito de Tornquist el Director Forestal del Ministerio de Desarrollo Agrario (MDA) de la Provincia de Buenos Aires, Ing. Demi\u00e1n Alonso, quien fue recibido por el intendente Sergio Bordoni y cumpli\u00f3 diferentes actividades.<!--more--><\/p>\n<p>En el palacio municipal, ambos mantuvieron una reuni\u00f3n, de la que tambi\u00e9n participaron el Secretario de Producci\u00f3n, Comercio e Industria, V\u00edctor Ant\u00f3n; el Secretario de Gobierno y Seguridad, Lic. Bruno Zacconi; el concejal Ing. Claudio Iribarren; la titular del Departamento de Arbolado, Ing. Lucila Heit; y el encargado del vivero del Parque Provincial, Diego Vonscheidt.<\/p>\n<p>Luego, los funcionarios visitaron la Huerta Municipal, donde recorrieron las instalaciones, entregaron \u00e1rboles y destacaron el trabajo que se desarrolla en el lugar, en el que se producen, entre otras, plantas destinadas a la forestaci\u00f3n.<\/p>\n<p><a data-flickr-embed=\"true\" href=\"https:\/\/www.flickr.com\/photos\/182279889@N02\/53322493611\/in\/dateposted-public\/\" title=\"Visita Alonso (6)\"><img loading=\"lazy\" decoding=\"async\" src=\"https:\/\/live.staticflickr.com\/65535\/53322493611_0435e209f6.jpg\" width=\"500\" height=\"333\" alt=\"Visita Alonso (6)\"\/><\/a><script async src=\"\/\/embedr.flickr.com\/assets\/client-code.js\" charset=\"utf-8\"><\/script><\/p>\n<p>M\u00e1s tarde, se dirigieron a Villa Ventana, para plantar especies en el CEPT N\u00b0 12 (donde se inaugurar\u00e1 la Despensa de la Red Federal de Entramados Productivos), y en la sede de la Escuela de Educaci\u00f3n Secundaria Agraria N\u00b0 1.<\/p>\n<p><a data-flickr-embed=\"true\" href=\"https:\/\/www.flickr.com\/photos\/182279889@N02\/53322493606\/in\/dateposted-public\/\" title=\"Visita Alonso (3)\"><img loading=\"lazy\" decoding=\"async\" src=\"https:\/\/live.staticflickr.com\/65535\/53322493606_0713b2201a.jpg\" width=\"500\" height=\"333\" alt=\"Visita Alonso (3)\"\/><\/a><script async src=\"\/\/embedr.flickr.com\/assets\/client-code.js\" charset=\"utf-8\"><\/script><\/p>\n<p>El paso de Demi\u00e1n Alonso por el distrito de Tornquist se dio dentro del programa Bosques Urbanos, a trav\u00e9s del cual el MDA entrega \u00e1rboles e insumos para fortalecer la infraestructura verde urbana de las comunidades, mediante la plantaci\u00f3n y mantenimiento de diferentes especies.<\/p>\n<p>En ese marco, Tornquist Municipio lleva adelante su plan \u20181000 \u00e1rboles en un d\u00eda\u2019, por el que ya lleva plantados un total de 1112 ejemplares, distribuidos de la siguiente manera: 552 en Tornquist, 153 en Sierra de la Ventana, 71 en Chasic\u00f3, 146 en Tres Picos, 106 en Saldungaray, 52 en Villa Ventana, 23 en Villa Serrana La Gruta y 9 en Nueva Roma.<\/p>\n","protected":false},"excerpt":{"rendered":"<p>Este jueves estuvo en el distrito de Tornquist el Director Forestal del Ministerio de Desarrollo Agrario (MDA) de la Provincia de Buenos Aires, Ing. Demi\u00e1n Alonso, quien fue recibido por el intendente Sergio Bordoni y cumpli\u00f3 diferentes actividades.<\/p>\n","protected":false},"author":3,"featured_media":0,"comment_status":"closed","ping_status":"closed","sticky":false,"template":"","format":"standard","meta":{"footnotes":""},"categories":[28],"tags":[],"class_list":["post-95141","post","type-post","status-publish","format-standard","hentry","category-municipales"],"yoast_head":"<!-- This site is optimized with the Yoast SEO plugin v25.9 - https:\/\/yoast.com\/wordpress\/plugins\/seo\/ -->\n<title>Bosques Urbanos: Visit\u00f3 Tornquist el Director Forestal de la Provincia de Buenos Aires - Noticias Radio Reflejos<\/title>\n<meta name=\"robots\" content=\"index, follow, max-snippet:-1, max-image-preview:large, max-video-preview:-1\" \/>\n<link rel=\"canonical\" href=\"https:\/\/www.noticiasradioreflejos.com.ar\/2021\/bosques-urbanos-visito-tornquist-el-director-forestal-de-la-provincia-de-buenos-aires\/\" \/>\n<meta property=\"og:locale\" content=\"es_ES\" \/>\n<meta property=\"og:type\" content=\"article\" \/>\n<meta property=\"og:title\" content=\"Bosques Urbanos: Visit\u00f3 Tornquist el Director Forestal de la Provincia de Buenos Aires - Noticias Radio Reflejos\" \/>\n<meta property=\"og:description\" content=\"Este jueves estuvo en el distrito de Tornquist el Director Forestal del Ministerio de Desarrollo Agrario (MDA) de la Provincia de Buenos Aires, Ing. Demi\u00e1n Alonso, quien fue recibido por el intendente Sergio Bordoni y cumpli\u00f3 diferentes actividades.\" \/>\n<meta property=\"og:url\" content=\"https:\/\/www.noticiasradioreflejos.com.ar\/2021\/bosques-urbanos-visito-tornquist-el-director-forestal-de-la-provincia-de-buenos-aires\/\" \/>\n<meta property=\"og:site_name\" content=\"Noticias Radio Reflejos\" \/>\n<meta property=\"article:published_time\" content=\"2023-11-10T15:21:28+00:00\" \/>\n<meta property=\"og:image\" content=\"https:\/\/live.staticflickr.com\/65535\/53322493611_0435e209f6.jpg\" \/>\n<meta name=\"author\" content=\"Arnaldo Botto\" \/>\n<meta name=\"twitter:card\" content=\"summary_large_image\" \/>\n<script type=\"application\/ld+json\" class=\"yoast-schema-graph\">{\"@context\":\"https:\/\/schema.org\",\"@graph\":[{\"@type\":\"WebPage\",\"@id\":\"https:\/\/www.noticiasradioreflejos.com.ar\/2021\/bosques-urbanos-visito-tornquist-el-director-forestal-de-la-provincia-de-buenos-aires\/\",\"url\":\"https:\/\/www.noticiasradioreflejos.com.ar\/2021\/bosques-urbanos-visito-tornquist-el-director-forestal-de-la-provincia-de-buenos-aires\/\",\"name\":\"Bosques Urbanos: Visit\u00f3 Tornquist el Director Forestal de la Provincia de Buenos Aires - Noticias Radio Reflejos\",\"isPartOf\":{\"@id\":\"https:\/\/www.noticiasradioreflejos.com.ar\/2021\/#website\"},\"primaryImageOfPage\":{\"@id\":\"https:\/\/www.noticiasradioreflejos.com.ar\/2021\/bosques-urbanos-visito-tornquist-el-director-forestal-de-la-provincia-de-buenos-aires\/#primaryimage\"},\"image\":{\"@id\":\"https:\/\/www.noticiasradioreflejos.com.ar\/2021\/bosques-urbanos-visito-tornquist-el-director-forestal-de-la-provincia-de-buenos-aires\/#primaryimage\"},\"thumbnailUrl\":\"https:\/\/live.staticflickr.com\/65535\/53322493611_0435e209f6.jpg\",\"datePublished\":\"2023-11-10T15:21:28+00:00\",\"author\":{\"@id\":\"https:\/\/www.noticiasradioreflejos.com.ar\/2021\/#\/schema\/person\/ad82545263dcc5ec0996818884fd5fb1\"},\"breadcrumb\":{\"@id\":\"https:\/\/www.noticiasradioreflejos.com.ar\/2021\/bosques-urbanos-visito-tornquist-el-director-forestal-de-la-provincia-de-buenos-aires\/#breadcrumb\"},\"inLanguage\":\"es\",\"potentialAction\":[{\"@type\":\"ReadAction\",\"target\":[\"https:\/\/www.noticiasradioreflejos.com.ar\/2021\/bosques-urbanos-visito-tornquist-el-director-forestal-de-la-provincia-de-buenos-aires\/\"]}]},{\"@type\":\"ImageObject\",\"inLanguage\":\"es\",\"@id\":\"https:\/\/www.noticiasradioreflejos.com.ar\/2021\/bosques-urbanos-visito-tornquist-el-director-forestal-de-la-provincia-de-buenos-aires\/#primaryimage\",\"url\":\"https:\/\/live.staticflickr.com\/65535\/53322493611_0435e209f6.jpg\",\"contentUrl\":\"https:\/\/live.staticflickr.com\/65535\/53322493611_0435e209f6.jpg\"},{\"@type\":\"BreadcrumbList\",\"@id\":\"https:\/\/www.noticiasradioreflejos.com.ar\/2021\/bosques-urbanos-visito-tornquist-el-director-forestal-de-la-provincia-de-buenos-aires\/#breadcrumb\",\"itemListElement\":[{\"@type\":\"ListItem\",\"position\":1,\"name\":\"Portada\",\"item\":\"https:\/\/www.noticiasradioreflejos.com.ar\/2021\/\"},{\"@type\":\"ListItem\",\"position\":2,\"name\":\"Bosques Urbanos: Visit\u00f3 Tornquist el Director Forestal de la Provincia de Buenos Aires\"}]},{\"@type\":\"WebSite\",\"@id\":\"https:\/\/www.noticiasradioreflejos.com.ar\/2021\/#website\",\"url\":\"https:\/\/www.noticiasradioreflejos.com.ar\/2021\/\",\"name\":\"Noticias Radio Reflejos\",\"description\":\"Las noticias de mi comarca\",\"potentialAction\":[{\"@type\":\"SearchAction\",\"target\":{\"@type\":\"EntryPoint\",\"urlTemplate\":\"https:\/\/www.noticiasradioreflejos.com.ar\/2021\/?s={search_term_string}\"},\"query-input\":{\"@type\":\"PropertyValueSpecification\",\"valueRequired\":true,\"valueName\":\"search_term_string\"}}],\"inLanguage\":\"es\"},{\"@type\":\"Person\",\"@id\":\"https:\/\/www.noticiasradioreflejos.com.ar\/2021\/#\/schema\/person\/ad82545263dcc5ec0996818884fd5fb1\",\"name\":\"Arnaldo Botto\",\"image\":{\"@type\":\"ImageObject\",\"inLanguage\":\"es\",\"@id\":\"https:\/\/www.noticiasradioreflejos.com.ar\/2021\/#\/schema\/person\/image\/\",\"url\":\"https:\/\/secure.gravatar.com\/avatar\/55cb5e37c1efa326397366e6974cb338056df65cb50e7d64d1cf314e87504837?s=96&d=mm&r=g\",\"contentUrl\":\"https:\/\/secure.gravatar.com\/avatar\/55cb5e37c1efa326397366e6974cb338056df65cb50e7d64d1cf314e87504837?s=96&d=mm&r=g\",\"caption\":\"Arnaldo Botto\"},\"url\":\"https:\/\/www.noticiasradioreflejos.com.ar\/2021\/author\/arnaldo\/\"}]}<\/script>\n<!-- \/ Yoast SEO plugin. -->","yoast_head_json":{"title":"Bosques Urbanos: Visit\u00f3 Tornquist el Director Forestal de la Provincia de Buenos Aires - Noticias Radio Reflejos","robots":{"index":"index","follow":"follow","max-snippet":"max-snippet:-1","max-image-preview":"max-image-preview:large","max-video-preview":"max-video-preview:-1"},"canonical":"https:\/\/www.noticiasradioreflejos.com.ar\/2021\/bosques-urbanos-visito-tornquist-el-director-forestal-de-la-provincia-de-buenos-aires\/","og_locale":"es_ES","og_type":"article","og_title":"Bosques Urbanos: Visit\u00f3 Tornquist el Director Forestal de la Provincia de Buenos Aires - Noticias Radio Reflejos","og_description":"Este jueves estuvo en el distrito de Tornquist el Director Forestal del Ministerio de Desarrollo Agrario (MDA) de la Provincia de Buenos Aires, Ing. Demi\u00e1n Alonso, quien fue recibido por el intendente Sergio Bordoni y cumpli\u00f3 diferentes actividades.","og_url":"https:\/\/www.noticiasradioreflejos.com.ar\/2021\/bosques-urbanos-visito-tornquist-el-director-forestal-de-la-provincia-de-buenos-aires\/","og_site_name":"Noticias Radio Reflejos","article_published_time":"2023-11-10T15:21:28+00:00","og_image":[{"url":"https:\/\/live.staticflickr.com\/65535\/53322493611_0435e209f6.jpg","type":"","width":"","height":""}],"author":"Arnaldo Botto","twitter_card":"summary_large_image","schema":{"@context":"https:\/\/schema.org","@graph":[{"@type":"WebPage","@id":"https:\/\/www.noticiasradioreflejos.com.ar\/2021\/bosques-urbanos-visito-tornquist-el-director-forestal-de-la-provincia-de-buenos-aires\/","url":"https:\/\/www.noticiasradioreflejos.com.ar\/2021\/bosques-urbanos-visito-tornquist-el-director-forestal-de-la-provincia-de-buenos-aires\/","name":"Bosques Urbanos: Visit\u00f3 Tornquist el Director Forestal de la Provincia de Buenos Aires - Noticias Radio Reflejos","isPartOf":{"@id":"https:\/\/www.noticiasradioreflejos.com.ar\/2021\/#website"},"primaryImageOfPage":{"@id":"https:\/\/www.noticiasradioreflejos.com.ar\/2021\/bosques-urbanos-visito-tornquist-el-director-forestal-de-la-provincia-de-buenos-aires\/#primaryimage"},"image":{"@id":"https:\/\/www.noticiasradioreflejos.com.ar\/2021\/bosques-urbanos-visito-tornquist-el-director-forestal-de-la-provincia-de-buenos-aires\/#primaryimage"},"thumbnailUrl":"https:\/\/live.staticflickr.com\/65535\/53322493611_0435e209f6.jpg","datePublished":"2023-11-10T15:21:28+00:00","author":{"@id":"https:\/\/www.noticiasradioreflejos.com.ar\/2021\/#\/schema\/person\/ad82545263dcc5ec0996818884fd5fb1"},"breadcrumb":{"@id":"https:\/\/www.noticiasradioreflejos.com.ar\/2021\/bosques-urbanos-visito-tornquist-el-director-forestal-de-la-provincia-de-buenos-aires\/#breadcrumb"},"inLanguage":"es","potentialAction":[{"@type":"ReadAction","target":["https:\/\/www.noticiasradioreflejos.com.ar\/2021\/bosques-urbanos-visito-tornquist-el-director-forestal-de-la-provincia-de-buenos-aires\/"]}]},{"@type":"ImageObject","inLanguage":"es","@id":"https:\/\/www.noticiasradioreflejos.com.ar\/2021\/bosques-urbanos-visito-tornquist-el-director-forestal-de-la-provincia-de-buenos-aires\/#primaryimage","url":"https:\/\/live.staticflickr.com\/65535\/53322493611_0435e209f6.jpg","contentUrl":"https:\/\/live.staticflickr.com\/65535\/53322493611_0435e209f6.jpg"},{"@type":"BreadcrumbList","@id":"https:\/\/www.noticiasradioreflejos.com.ar\/2021\/bosques-urbanos-visito-tornquist-el-director-forestal-de-la-provincia-de-buenos-aires\/#breadcrumb","itemListElement":[{"@type":"ListItem","position":1,"name":"Portada","item":"https:\/\/www.noticiasradioreflejos.com.ar\/2021\/"},{"@type":"ListItem","position":2,"name":"Bosques Urbanos: Visit\u00f3 Tornquist el Director Forestal de la Provincia de Buenos Aires"}]},{"@type":"WebSite","@id":"https:\/\/www.noticiasradioreflejos.com.ar\/2021\/#website","url":"https:\/\/www.noticiasradioreflejos.com.ar\/2021\/","name":"Noticias Radio Reflejos","description":"Las noticias de mi comarca","potentialAction":[{"@type":"SearchAction","target":{"@type":"EntryPoint","urlTemplate":"https:\/\/www.noticiasradioreflejos.com.ar\/2021\/?s={search_term_string}"},"query-input":{"@type":"PropertyValueSpecification","valueRequired":true,"valueName":"search_term_string"}}],"inLanguage":"es"},{"@type":"Person","@id":"https:\/\/www.noticiasradioreflejos.com.ar\/2021\/#\/schema\/person\/ad82545263dcc5ec0996818884fd5fb1","name":"Arnaldo Botto","image":{"@type":"ImageObject","inLanguage":"es","@id":"https:\/\/www.noticiasradioreflejos.com.ar\/2021\/#\/schema\/person\/image\/","url":"https:\/\/secure.gravatar.com\/avatar\/55cb5e37c1efa326397366e6974cb338056df65cb50e7d64d1cf314e87504837?s=96&d=mm&r=g","contentUrl":"https:\/\/secure.gravatar.com\/avatar\/55cb5e37c1efa326397366e6974cb338056df65cb50e7d64d1cf314e87504837?s=96&d=mm&r=g","caption":"Arnaldo Botto"},"url":"https:\/\/www.noticiasradioreflejos.com.ar\/2021\/author\/arnaldo\/"}]}},"_links":{"self":[{"href":"https:\/\/www.noticiasradioreflejos.com.ar\/2021\/wp-json\/wp\/v2\/posts\/95141","targetHints":{"allow":["GET"]}}],"collection":[{"href":"https:\/\/www.noticiasradioreflejos.com.ar\/2021\/wp-json\/wp\/v2\/posts"}],"about":[{"href":"https:\/\/www.noticiasradioreflejos.com.ar\/2021\/wp-json\/wp\/v2\/types\/post"}],"author":[{"embeddable":true,"href":"https:\/\/www.noticiasradioreflejos.com.ar\/2021\/wp-json\/wp\/v2\/users\/3"}],"replies":[{"embeddable":true,"href":"https:\/\/www.noticiasradioreflejos.com.ar\/2021\/wp-json\/wp\/v2\/comments?post=95141"}],"version-history":[{"count":1,"href":"https:\/\/www.noticiasradioreflejos.com.ar\/2021\/wp-json\/wp\/v2\/posts\/95141\/revisions"}],"predecessor-version":[{"id":95143,"href":"https:\/\/www.noticiasradioreflejos.com.ar\/2021\/wp-json\/wp\/v2\/posts\/95141\/revisions\/95143"}],"wp:attachment":[{"href":"https:\/\/www.noticiasradioreflejos.com.ar\/2021\/wp-json\/wp\/v2\/media?parent=95141"}],"wp:term":[{"taxonomy":"category","embeddable":true,"href":"https:\/\/www.noticiasradioreflejos.com.ar\/2021\/wp-json\/wp\/v2\/categories?post=95141"},{"taxonomy":"post_tag","embeddable":true,"href":"https:\/\/www.noticiasradioreflejos.com.ar\/2021\/wp-json\/wp\/v2\/tags?post=95141"}],"curies":[{"name":"wp","href":"https:\/\/api.w.org\/{rel}","templated":true}]}}