{"id":95129,"date":"2023-11-10T10:34:22","date_gmt":"2023-11-10T10:34:22","guid":{"rendered":"https:\/\/www.noticiasradioreflejos.com.ar\/2021\/?p=95129"},"modified":"2023-11-10T10:34:22","modified_gmt":"2023-11-10T10:34:22","slug":"mas-de-74-millones-de-turistas-extranjeros-se-proyecta-que-ingresaran-al-pais-este-ano","status":"publish","type":"post","link":"https:\/\/www.noticiasradioreflejos.com.ar\/2021\/mas-de-74-millones-de-turistas-extranjeros-se-proyecta-que-ingresaran-al-pais-este-ano\/","title":{"rendered":"M\u00e1s de 7,4 millones de turistas extranjeros se proyecta que ingresar\u00e1n al pa\u00eds este a\u00f1o"},"content":{"rendered":"<p>La cifra significar\u00e1 un gasto de m\u00e1s de 5 mil millones de d\u00f3lares. En octubre, por s\u00e9ptimo mes consecutivo llegaron al pa\u00eds m\u00e1s turistas que en la prepandemia.<!--more--><\/p>\n<div>\n<div class=\"wrapper-editable-content\">\n<div>\n<div class=\"container-md\">\n<div class=\"row\">\n<div class=\"col-md-12 speak\">\n<div class=\"paragraph\">\n<figure class=\"mb-3\"><img decoding=\"async\" class=\" lazy \" src=\"https:\/\/www.telam.com.ar\/thumbs\/bluesteel\/advf\/imagenes\/2021\/03\/60525ff6be545_1200.jpg\" alt=\"Foto archivo\" width=\"100%\" height=\"100%\" \/><\/figure>\n<\/div>\n<\/div>\n<\/div>\n<\/div>\n<\/div>\n<\/div>\n<\/div>\n<p>El ingreso de turistas extranjeros al pa\u00eds se estima en\u00a0<strong>m\u00e1s de 7,4 millones de visitantes este a\u00f1o, lo que significar\u00e1 un gasto de m\u00e1s de 5 mil millones de d\u00f3lares, mientras que en octubre llegaron desde el exterior 605 mil personas<\/strong>, seg\u00fan los datos proporcionados por el Ministerio de Turismo de la Naci\u00f3n.<\/p>\n<p>En octubre,\u00a0<strong>por s\u00e9ptimo mes consecutivo llegaron al pa\u00eds m\u00e1s turistas que en la prepandemia y fue el mejor octubre de la historia en materia de turismo receptivo<\/strong>.<\/p>\n<p>En lo que va de 2023 ya ingresaron 6 millones de turistas extranjeros y se proyecta que para fin de a\u00f1o las visitas totalizar\u00e1n m\u00e1s de 7,4 millones, que significar\u00e1n un gasto de m\u00e1s de 5 mil millones de d\u00f3lares.<\/p>\n<p>Con estos n\u00fameros, Argentina es l\u00edder regional en cantidad de turistas extranjeros en lo que va de 2023.<\/p>\n<p>Durante octubre ingresaron 605 mil turistas extranjeros, un 11% m\u00e1s que en 2019 y esos visitantes gastaron 396 millones de d\u00f3lares, un 9% m\u00e1s que en 2019.<\/p>\n<p>La masiva llegada de turistas de Uruguay, Chile, Brasil, M\u00e9xico, Estados Unidos, Ecuador y Per\u00fa motorizaron el r\u00e9cord de octubre.<\/p>\n<p>En lo que va del a\u00f1o la proyecci\u00f3n del gasto que realizaron los visitantes asciende a 4.200 millones de d\u00f3lares.<\/p>\n<p>La lista de los pa\u00edses que m\u00e1s turistas aportaron es encabezada por Uruguay con el 21,6%; le sigue Brasil con 19,4%; Chile con 19%; Paraguay con 7,7%; Estados Unidos con 7,1%; Bolivia con 3,3%; Espa\u00f1a con 2,5%; Per\u00fa con 2,4%; Colombia con 1,9%; y Francia con 1,5%.<\/p>\n<p>Los principales pasos fronterizos por d\u00f3nde ingresaron los turistas en 2023 fueron, el Aeropuerto de Ezeiza con un 20,3% de ingresos; Aeroparque, con 12,9%; el Puerto de Bs As, 11,4%; el paso Gualeguaych\u00fa-Fray Bentos, 8%; el Puente Internacional Trancredo Neves, 6,6% y el Paso Cardenal Samor\u00e9, 4,3%.<\/p>\n<figure class=\"mb-3\"><img decoding=\"async\" class=\" lazy \" src=\"https:\/\/www.telam.com.ar\/thumbs\/bluesteel\/advf\/imagenes\/2023\/10\/652a8eb65a0da_1200.jpg\" alt=\"Foto Prensa\" width=\"100%\" height=\"100%\" \/><\/p>\n<div class=\"media-icons\"><\/div><figcaption>Foto: Prensa<\/figcaption><\/figure>\n<p>En lo que hace a la recuperaci\u00f3n de turistas internacionales con respeto al 2019, seg\u00fan datos de la Organizaci\u00f3n Mundial de Turismo (OMT), Argentina ocupa el segundo lugar con un 98% de recuperaci\u00f3n, solamente superada por Medio Oriente, que tuvo una recuperaci\u00f3n del 120%; \u00c1frica, en tercer lugar, con el 92%; luego Europa con 91%; Am\u00e9rica en general, 87% y Asia, 61%, con un promedio mundial del 84%.<\/p>\n<p>El ministro de Turismo y Deportes, Mat\u00edas Lammens, se\u00f1al\u00f3 que \u00aben octubre se consolid\u00f3 el crecimiento exponencial que est\u00e1 viviendo el turismo receptivo en nuestro pa\u00eds. De la mano del boom de visitantes extranjeros y del \u00e9xito de PreViaje en materia de turismo interno hemos logrado que el sector encabece los r\u00e1nking de crecimiento econ\u00f3mico y de generaci\u00f3n de empleo durante 2023\u201d.<\/p>\n<p>\u201cSin ning\u00fan lugar a dudas el turismo est\u00e1 llamado a ser, tal como dice el Ministro Sergio Massa, una de las turbinas fundamentales para el desarrollo de la econom\u00eda nacional en los pr\u00f3ximos a\u00f1os por su capacidad de generar empleo en todos los rincones del pa\u00eds y de atraer divisas genuinas para aportar a la estabilidad macroecon\u00f3mica\u00bb, agreg\u00f3.<\/p>\n","protected":false},"excerpt":{"rendered":"<p>La cifra significar\u00e1 un gasto de m\u00e1s de 5 mil millones de d\u00f3lares. En octubre, por s\u00e9ptimo mes consecutivo llegaron al pa\u00eds m\u00e1s turistas que en la prepandemia.<\/p>\n","protected":false},"author":3,"featured_media":95130,"comment_status":"closed","ping_status":"closed","sticky":false,"template":"","format":"standard","meta":{"footnotes":""},"categories":[36,33],"tags":[],"class_list":["post-95129","post","type-post","status-publish","format-standard","has-post-thumbnail","hentry","category-economia","category-turismo"],"yoast_head":"<!-- This site is optimized with the Yoast SEO plugin v25.9 - https:\/\/yoast.com\/wordpress\/plugins\/seo\/ -->\n<title>M\u00e1s de 7,4 millones de turistas extranjeros se proyecta que ingresar\u00e1n al pa\u00eds este a\u00f1o - Noticias Radio Reflejos<\/title>\n<meta name=\"robots\" content=\"index, follow, max-snippet:-1, max-image-preview:large, max-video-preview:-1\" \/>\n<link rel=\"canonical\" href=\"https:\/\/www.noticiasradioreflejos.com.ar\/2021\/mas-de-74-millones-de-turistas-extranjeros-se-proyecta-que-ingresaran-al-pais-este-ano\/\" \/>\n<meta property=\"og:locale\" content=\"es_ES\" \/>\n<meta property=\"og:type\" content=\"article\" \/>\n<meta property=\"og:title\" content=\"M\u00e1s de 7,4 millones de turistas extranjeros se proyecta que ingresar\u00e1n al pa\u00eds este a\u00f1o - Noticias Radio Reflejos\" \/>\n<meta property=\"og:description\" content=\"La cifra significar\u00e1 un gasto de m\u00e1s de 5 mil millones de d\u00f3lares. En octubre, por s\u00e9ptimo mes consecutivo llegaron al pa\u00eds m\u00e1s turistas que en la prepandemia.\" \/>\n<meta property=\"og:url\" content=\"https:\/\/www.noticiasradioreflejos.com.ar\/2021\/mas-de-74-millones-de-turistas-extranjeros-se-proyecta-que-ingresaran-al-pais-este-ano\/\" \/>\n<meta property=\"og:site_name\" content=\"Noticias Radio Reflejos\" \/>\n<meta property=\"article:published_time\" content=\"2023-11-10T10:34:22+00:00\" \/>\n<meta property=\"og:image\" content=\"https:\/\/www.noticiasradioreflejos.com.ar\/2021\/wp-content\/uploads\/2023\/11\/cabalgatas.jpg\" \/>\n\t<meta property=\"og:image:width\" content=\"1200\" \/>\n\t<meta property=\"og:image:height\" content=\"675\" \/>\n\t<meta property=\"og:image:type\" content=\"image\/jpeg\" \/>\n<meta name=\"author\" content=\"Arnaldo Botto\" \/>\n<meta name=\"twitter:card\" content=\"summary_large_image\" \/>\n<script type=\"application\/ld+json\" class=\"yoast-schema-graph\">{\"@context\":\"https:\/\/schema.org\",\"@graph\":[{\"@type\":\"WebPage\",\"@id\":\"https:\/\/www.noticiasradioreflejos.com.ar\/2021\/mas-de-74-millones-de-turistas-extranjeros-se-proyecta-que-ingresaran-al-pais-este-ano\/\",\"url\":\"https:\/\/www.noticiasradioreflejos.com.ar\/2021\/mas-de-74-millones-de-turistas-extranjeros-se-proyecta-que-ingresaran-al-pais-este-ano\/\",\"name\":\"M\u00e1s de 7,4 millones de turistas extranjeros se proyecta que ingresar\u00e1n al pa\u00eds este a\u00f1o - Noticias Radio Reflejos\",\"isPartOf\":{\"@id\":\"https:\/\/www.noticiasradioreflejos.com.ar\/2021\/#website\"},\"primaryImageOfPage\":{\"@id\":\"https:\/\/www.noticiasradioreflejos.com.ar\/2021\/mas-de-74-millones-de-turistas-extranjeros-se-proyecta-que-ingresaran-al-pais-este-ano\/#primaryimage\"},\"image\":{\"@id\":\"https:\/\/www.noticiasradioreflejos.com.ar\/2021\/mas-de-74-millones-de-turistas-extranjeros-se-proyecta-que-ingresaran-al-pais-este-ano\/#primaryimage\"},\"thumbnailUrl\":\"https:\/\/www.noticiasradioreflejos.com.ar\/2021\/wp-content\/uploads\/2023\/11\/cabalgatas.jpg\",\"datePublished\":\"2023-11-10T10:34:22+00:00\",\"author\":{\"@id\":\"https:\/\/www.noticiasradioreflejos.com.ar\/2021\/#\/schema\/person\/ad82545263dcc5ec0996818884fd5fb1\"},\"breadcrumb\":{\"@id\":\"https:\/\/www.noticiasradioreflejos.com.ar\/2021\/mas-de-74-millones-de-turistas-extranjeros-se-proyecta-que-ingresaran-al-pais-este-ano\/#breadcrumb\"},\"inLanguage\":\"es\",\"potentialAction\":[{\"@type\":\"ReadAction\",\"target\":[\"https:\/\/www.noticiasradioreflejos.com.ar\/2021\/mas-de-74-millones-de-turistas-extranjeros-se-proyecta-que-ingresaran-al-pais-este-ano\/\"]}]},{\"@type\":\"ImageObject\",\"inLanguage\":\"es\",\"@id\":\"https:\/\/www.noticiasradioreflejos.com.ar\/2021\/mas-de-74-millones-de-turistas-extranjeros-se-proyecta-que-ingresaran-al-pais-este-ano\/#primaryimage\",\"url\":\"https:\/\/www.noticiasradioreflejos.com.ar\/2021\/wp-content\/uploads\/2023\/11\/cabalgatas.jpg\",\"contentUrl\":\"https:\/\/www.noticiasradioreflejos.com.ar\/2021\/wp-content\/uploads\/2023\/11\/cabalgatas.jpg\",\"width\":1200,\"height\":675},{\"@type\":\"BreadcrumbList\",\"@id\":\"https:\/\/www.noticiasradioreflejos.com.ar\/2021\/mas-de-74-millones-de-turistas-extranjeros-se-proyecta-que-ingresaran-al-pais-este-ano\/#breadcrumb\",\"itemListElement\":[{\"@type\":\"ListItem\",\"position\":1,\"name\":\"Portada\",\"item\":\"https:\/\/www.noticiasradioreflejos.com.ar\/2021\/\"},{\"@type\":\"ListItem\",\"position\":2,\"name\":\"M\u00e1s de 7,4 millones de turistas extranjeros se proyecta que ingresar\u00e1n al pa\u00eds este a\u00f1o\"}]},{\"@type\":\"WebSite\",\"@id\":\"https:\/\/www.noticiasradioreflejos.com.ar\/2021\/#website\",\"url\":\"https:\/\/www.noticiasradioreflejos.com.ar\/2021\/\",\"name\":\"Noticias Radio Reflejos\",\"description\":\"Las noticias de mi comarca\",\"potentialAction\":[{\"@type\":\"SearchAction\",\"target\":{\"@type\":\"EntryPoint\",\"urlTemplate\":\"https:\/\/www.noticiasradioreflejos.com.ar\/2021\/?s={search_term_string}\"},\"query-input\":{\"@type\":\"PropertyValueSpecification\",\"valueRequired\":true,\"valueName\":\"search_term_string\"}}],\"inLanguage\":\"es\"},{\"@type\":\"Person\",\"@id\":\"https:\/\/www.noticiasradioreflejos.com.ar\/2021\/#\/schema\/person\/ad82545263dcc5ec0996818884fd5fb1\",\"name\":\"Arnaldo Botto\",\"image\":{\"@type\":\"ImageObject\",\"inLanguage\":\"es\",\"@id\":\"https:\/\/www.noticiasradioreflejos.com.ar\/2021\/#\/schema\/person\/image\/\",\"url\":\"https:\/\/secure.gravatar.com\/avatar\/55cb5e37c1efa326397366e6974cb338056df65cb50e7d64d1cf314e87504837?s=96&d=mm&r=g\",\"contentUrl\":\"https:\/\/secure.gravatar.com\/avatar\/55cb5e37c1efa326397366e6974cb338056df65cb50e7d64d1cf314e87504837?s=96&d=mm&r=g\",\"caption\":\"Arnaldo Botto\"},\"url\":\"https:\/\/www.noticiasradioreflejos.com.ar\/2021\/author\/arnaldo\/\"}]}<\/script>\n<!-- \/ Yoast SEO plugin. -->","yoast_head_json":{"title":"M\u00e1s de 7,4 millones de turistas extranjeros se proyecta que ingresar\u00e1n al pa\u00eds este a\u00f1o - Noticias Radio Reflejos","robots":{"index":"index","follow":"follow","max-snippet":"max-snippet:-1","max-image-preview":"max-image-preview:large","max-video-preview":"max-video-preview:-1"},"canonical":"https:\/\/www.noticiasradioreflejos.com.ar\/2021\/mas-de-74-millones-de-turistas-extranjeros-se-proyecta-que-ingresaran-al-pais-este-ano\/","og_locale":"es_ES","og_type":"article","og_title":"M\u00e1s de 7,4 millones de turistas extranjeros se proyecta que ingresar\u00e1n al pa\u00eds este a\u00f1o - Noticias Radio Reflejos","og_description":"La cifra significar\u00e1 un gasto de m\u00e1s de 5 mil millones de d\u00f3lares. En octubre, por s\u00e9ptimo mes consecutivo llegaron al pa\u00eds m\u00e1s turistas que en la prepandemia.","og_url":"https:\/\/www.noticiasradioreflejos.com.ar\/2021\/mas-de-74-millones-de-turistas-extranjeros-se-proyecta-que-ingresaran-al-pais-este-ano\/","og_site_name":"Noticias Radio Reflejos","article_published_time":"2023-11-10T10:34:22+00:00","og_image":[{"width":1200,"height":675,"url":"https:\/\/www.noticiasradioreflejos.com.ar\/2021\/wp-content\/uploads\/2023\/11\/cabalgatas.jpg","type":"image\/jpeg"}],"author":"Arnaldo Botto","twitter_card":"summary_large_image","schema":{"@context":"https:\/\/schema.org","@graph":[{"@type":"WebPage","@id":"https:\/\/www.noticiasradioreflejos.com.ar\/2021\/mas-de-74-millones-de-turistas-extranjeros-se-proyecta-que-ingresaran-al-pais-este-ano\/","url":"https:\/\/www.noticiasradioreflejos.com.ar\/2021\/mas-de-74-millones-de-turistas-extranjeros-se-proyecta-que-ingresaran-al-pais-este-ano\/","name":"M\u00e1s de 7,4 millones de turistas extranjeros se proyecta que ingresar\u00e1n al pa\u00eds este a\u00f1o - Noticias Radio Reflejos","isPartOf":{"@id":"https:\/\/www.noticiasradioreflejos.com.ar\/2021\/#website"},"primaryImageOfPage":{"@id":"https:\/\/www.noticiasradioreflejos.com.ar\/2021\/mas-de-74-millones-de-turistas-extranjeros-se-proyecta-que-ingresaran-al-pais-este-ano\/#primaryimage"},"image":{"@id":"https:\/\/www.noticiasradioreflejos.com.ar\/2021\/mas-de-74-millones-de-turistas-extranjeros-se-proyecta-que-ingresaran-al-pais-este-ano\/#primaryimage"},"thumbnailUrl":"https:\/\/www.noticiasradioreflejos.com.ar\/2021\/wp-content\/uploads\/2023\/11\/cabalgatas.jpg","datePublished":"2023-11-10T10:34:22+00:00","author":{"@id":"https:\/\/www.noticiasradioreflejos.com.ar\/2021\/#\/schema\/person\/ad82545263dcc5ec0996818884fd5fb1"},"breadcrumb":{"@id":"https:\/\/www.noticiasradioreflejos.com.ar\/2021\/mas-de-74-millones-de-turistas-extranjeros-se-proyecta-que-ingresaran-al-pais-este-ano\/#breadcrumb"},"inLanguage":"es","potentialAction":[{"@type":"ReadAction","target":["https:\/\/www.noticiasradioreflejos.com.ar\/2021\/mas-de-74-millones-de-turistas-extranjeros-se-proyecta-que-ingresaran-al-pais-este-ano\/"]}]},{"@type":"ImageObject","inLanguage":"es","@id":"https:\/\/www.noticiasradioreflejos.com.ar\/2021\/mas-de-74-millones-de-turistas-extranjeros-se-proyecta-que-ingresaran-al-pais-este-ano\/#primaryimage","url":"https:\/\/www.noticiasradioreflejos.com.ar\/2021\/wp-content\/uploads\/2023\/11\/cabalgatas.jpg","contentUrl":"https:\/\/www.noticiasradioreflejos.com.ar\/2021\/wp-content\/uploads\/2023\/11\/cabalgatas.jpg","width":1200,"height":675},{"@type":"BreadcrumbList","@id":"https:\/\/www.noticiasradioreflejos.com.ar\/2021\/mas-de-74-millones-de-turistas-extranjeros-se-proyecta-que-ingresaran-al-pais-este-ano\/#breadcrumb","itemListElement":[{"@type":"ListItem","position":1,"name":"Portada","item":"https:\/\/www.noticiasradioreflejos.com.ar\/2021\/"},{"@type":"ListItem","position":2,"name":"M\u00e1s de 7,4 millones de turistas extranjeros se proyecta que ingresar\u00e1n al pa\u00eds este a\u00f1o"}]},{"@type":"WebSite","@id":"https:\/\/www.noticiasradioreflejos.com.ar\/2021\/#website","url":"https:\/\/www.noticiasradioreflejos.com.ar\/2021\/","name":"Noticias Radio Reflejos","description":"Las noticias de mi comarca","potentialAction":[{"@type":"SearchAction","target":{"@type":"EntryPoint","urlTemplate":"https:\/\/www.noticiasradioreflejos.com.ar\/2021\/?s={search_term_string}"},"query-input":{"@type":"PropertyValueSpecification","valueRequired":true,"valueName":"search_term_string"}}],"inLanguage":"es"},{"@type":"Person","@id":"https:\/\/www.noticiasradioreflejos.com.ar\/2021\/#\/schema\/person\/ad82545263dcc5ec0996818884fd5fb1","name":"Arnaldo Botto","image":{"@type":"ImageObject","inLanguage":"es","@id":"https:\/\/www.noticiasradioreflejos.com.ar\/2021\/#\/schema\/person\/image\/","url":"https:\/\/secure.gravatar.com\/avatar\/55cb5e37c1efa326397366e6974cb338056df65cb50e7d64d1cf314e87504837?s=96&d=mm&r=g","contentUrl":"https:\/\/secure.gravatar.com\/avatar\/55cb5e37c1efa326397366e6974cb338056df65cb50e7d64d1cf314e87504837?s=96&d=mm&r=g","caption":"Arnaldo Botto"},"url":"https:\/\/www.noticiasradioreflejos.com.ar\/2021\/author\/arnaldo\/"}]}},"_links":{"self":[{"href":"https:\/\/www.noticiasradioreflejos.com.ar\/2021\/wp-json\/wp\/v2\/posts\/95129","targetHints":{"allow":["GET"]}}],"collection":[{"href":"https:\/\/www.noticiasradioreflejos.com.ar\/2021\/wp-json\/wp\/v2\/posts"}],"about":[{"href":"https:\/\/www.noticiasradioreflejos.com.ar\/2021\/wp-json\/wp\/v2\/types\/post"}],"author":[{"embeddable":true,"href":"https:\/\/www.noticiasradioreflejos.com.ar\/2021\/wp-json\/wp\/v2\/users\/3"}],"replies":[{"embeddable":true,"href":"https:\/\/www.noticiasradioreflejos.com.ar\/2021\/wp-json\/wp\/v2\/comments?post=95129"}],"version-history":[{"count":1,"href":"https:\/\/www.noticiasradioreflejos.com.ar\/2021\/wp-json\/wp\/v2\/posts\/95129\/revisions"}],"predecessor-version":[{"id":95131,"href":"https:\/\/www.noticiasradioreflejos.com.ar\/2021\/wp-json\/wp\/v2\/posts\/95129\/revisions\/95131"}],"wp:featuredmedia":[{"embeddable":true,"href":"https:\/\/www.noticiasradioreflejos.com.ar\/2021\/wp-json\/wp\/v2\/media\/95130"}],"wp:attachment":[{"href":"https:\/\/www.noticiasradioreflejos.com.ar\/2021\/wp-json\/wp\/v2\/media?parent=95129"}],"wp:term":[{"taxonomy":"category","embeddable":true,"href":"https:\/\/www.noticiasradioreflejos.com.ar\/2021\/wp-json\/wp\/v2\/categories?post=95129"},{"taxonomy":"post_tag","embeddable":true,"href":"https:\/\/www.noticiasradioreflejos.com.ar\/2021\/wp-json\/wp\/v2\/tags?post=95129"}],"curies":[{"name":"wp","href":"https:\/\/api.w.org\/{rel}","templated":true}]}}