{"id":94872,"date":"2023-11-03T19:46:58","date_gmt":"2023-11-03T19:46:58","guid":{"rendered":"https:\/\/www.noticiasradioreflejos.com.ar\/2021\/?p=94872"},"modified":"2023-11-03T20:24:07","modified_gmt":"2023-11-03T20:24:07","slug":"se-viene-una-jornada-interesante-sobre-plantas-nativas","status":"publish","type":"post","link":"https:\/\/www.noticiasradioreflejos.com.ar\/2021\/se-viene-una-jornada-interesante-sobre-plantas-nativas\/","title":{"rendered":"Se viene una jornada interesante sobre plantas nativas"},"content":{"rendered":"<p>Bajo la organizaci\u00f3n del INTA y el Conicet el pr\u00f3ximo viernes se llevar\u00e1 adelante una capacitaci\u00f3n gratuita sobre pastizal serrano. \u201cLa demanda que existe sobre este tema defini\u00f3 el taller\u201d afirm\u00f3 Agust\u00edn Mart\u00ednez Baccini.<!--more--><\/p>\n<p>El pr\u00f3ximo viernes se llevar\u00e1 una interesante capacitaci\u00f3n referida a plantas nativas del pastizal serrano en las producciones intensivas, la cual estar\u00e1 organizada por el INTA y el Conicet.<\/p>\n<p><a title=\"nativas ventania (4)\" href=\"https:\/\/www.flickr.com\/photos\/182279889@N02\/53307836529\/in\/dateposted-public\/\" data-flickr-embed=\"true\"><img loading=\"lazy\" decoding=\"async\" src=\"https:\/\/live.staticflickr.com\/65535\/53307836529_8458919867_c.jpg\" alt=\"nativas ventania (4)\" width=\"800\" height=\"800\" \/><\/a><\/p>\n<p>&nbsp;<\/p>\n<p>Al respecto el licenciado en Ciencias Biol\u00f3gicas, Agust\u00edn Mart\u00ednez Baccini, afirm\u00f3 que \u201ces un taller que venimos preparando hace un tiempo. Tuvo su demanda hace un par de a\u00f1os. Se acercaron diferentes personas solicitando conocer lo que tenemos en las sierras, la vegetaci\u00f3n aut\u00f3ctona\u201d.<\/p>\n<p>Siguiendo en esa l\u00ednea mencion\u00f3 que \u201chace muy poco nos juntamos y tuvimos una primera reuni\u00f3n con productores de arom\u00e1ticas y medicinales, y a partir de esa demanda se defini\u00f3 este taller. La idea es que la gente conozca la diversidad que tenemos, que las conozcan y las puedan incluir en sus proyectos productivos\u201d.<\/p>\n<p><a title=\"nativas ventania (3)\" href=\"https:\/\/www.flickr.com\/photos\/182279889@N02\/53307721838\/in\/dateposted-public\/\" data-flickr-embed=\"true\"><img loading=\"lazy\" decoding=\"async\" src=\"https:\/\/live.staticflickr.com\/65535\/53307721838_c6aeee7f39_c.jpg\" alt=\"nativas ventania (3)\" width=\"800\" height=\"600\" \/><\/a><script async src=\"\/\/embedr.flickr.com\/assets\/client-code.js\" charset=\"utf-8\"><\/script><br \/>\nSobre el respaldo que han tenido para llevar adelante esta iniciativa, el investigador reconoci\u00f3 que \u201chay muchas instituciones que adhieren al taller, muchos grupos de investigaci\u00f3n de la universidad, diferentes emprendimientos de la zona, viveros especializados en las nativas, las reservas naturales\u2026 vamos a disfrutar de una ma\u00f1ana plena de im\u00e1genes y reconocimiento de esas plantas en las sierras\u201d.<\/p>\n<p>Brindando m\u00e1s detalles confirm\u00f3 que todo ocurrir\u00e1 el viernes 10 de noviembre a partir de las 8 de la ma\u00f1ana con entrada libre y gratuita. \u201cLa parte te\u00f3rica, donde se har\u00e1 la exposici\u00f3n oral y la presentaci\u00f3n ocurrir\u00e1 en San Andr\u00e9s de las Sierras en La casa M\u00f3nica (M\u00e9lica y Cacique Yanquelen). Entrando por la entrada principal, yendo hasta el fondo. Encontrar\u00e1n una camioneta con unas plantas como decoraci\u00f3n y ah\u00ed nom\u00e1s, a la izquierda, van a encontrar el lugar\u201d.<\/p>\n<p>\u201cEn una segunda instancia partiremos hasta el cerro calvario Tornquist, donde haremos el reconocimiento de la vegetaci\u00f3n. Elegimos ese lugar porque tiene un mont\u00f3n de plantas en una superficie relativamente peque\u00f1a\u201d agreg\u00f3.<\/p>\n<p>Los interesados en anotarse pueden hacerlo al mail <a href=\"mailto:martinezbaccini.a@inta.gob.ar\">martinezbaccini.a@inta.gob.ar<\/a><\/p>\n<p>&nbsp;<\/p>\n<p><iframe loading=\"lazy\" src=\"https:\/\/w.soundcloud.com\/player\/?url=https%3A\/\/api.soundcloud.com\/tracks\/1655895936&amp;color=%23ff5500&amp;auto_play=false&amp;hide_related=false&amp;show_comments=true&amp;show_user=true&amp;show_reposts=false&amp;show_teaser=true\" width=\"100%\" height=\"166\" frameborder=\"no\" scrolling=\"no\"><\/iframe><\/p>\n<div style=\"font-size: 10px; color: #cccccc; line-break: anywhere; word-break: normal; overflow: hidden; white-space: nowrap; text-overflow: ellipsis; font-family: Interstate,Lucida Grande,Lucida Sans Unicode,Lucida Sans,Garuda,Verdana,Tahoma,sans-serif; font-weight: 100;\"><a style=\"color: #cccccc; text-decoration: none;\" title=\"fmreflejos 103.7\" href=\"https:\/\/soundcloud.com\/fmreflejos-103-7\" target=\"_blank\" rel=\"noopener\">fmreflejos 103.7<\/a> \u00b7 <a style=\"color: #cccccc; text-decoration: none;\" title=\"Agustin Martines Bacci\" href=\"https:\/\/soundcloud.com\/fmreflejos-103-7\/agustin-martines-bacci\" target=\"_blank\" rel=\"noopener\">Agustin Martines Bacci<\/a><\/div>\n<p><a title=\"nativas ventania (1)\" href=\"https:\/\/www.flickr.com\/photos\/182279889@N02\/53307836429\/in\/dateposted-public\/\" data-flickr-embed=\"true\"><img loading=\"lazy\" decoding=\"async\" src=\"https:\/\/live.staticflickr.com\/65535\/53307836429_6a4f27e360_c.jpg\" alt=\"nativas ventania (1)\" width=\"640\" height=\"800\" \/><\/a><script async src=\"\/\/embedr.flickr.com\/assets\/client-code.js\" charset=\"utf-8\"><\/script><\/p>\n","protected":false},"excerpt":{"rendered":"<p>Bajo la organizaci\u00f3n del INTA y el Conicet el pr\u00f3ximo viernes se llevar\u00e1 adelante una capacitaci\u00f3n gratuita sobre pastizal serrano. \u201cLa demanda que existe sobre este tema defini\u00f3 el taller\u201d afirm\u00f3 Agust\u00edn Mart\u00ednez Baccini.<\/p>\n","protected":false},"author":3,"featured_media":94876,"comment_status":"closed","ping_status":"closed","sticky":false,"template":"","format":"standard","meta":{"footnotes":""},"categories":[46,26,33],"tags":[48],"class_list":["post-94872","post","type-post","status-publish","format-standard","has-post-thumbnail","hentry","category-ciencia-y-tecnologia","category-sociedad","category-turismo","tag-destacada"],"yoast_head":"<!-- This site is optimized with the Yoast SEO plugin v25.9 - https:\/\/yoast.com\/wordpress\/plugins\/seo\/ -->\n<title>Se viene una jornada interesante sobre plantas nativas - Noticias Radio Reflejos<\/title>\n<meta name=\"robots\" content=\"index, follow, max-snippet:-1, max-image-preview:large, max-video-preview:-1\" \/>\n<link rel=\"canonical\" href=\"https:\/\/www.noticiasradioreflejos.com.ar\/2021\/se-viene-una-jornada-interesante-sobre-plantas-nativas\/\" \/>\n<meta property=\"og:locale\" content=\"es_ES\" \/>\n<meta property=\"og:type\" content=\"article\" \/>\n<meta property=\"og:title\" content=\"Se viene una jornada interesante sobre plantas nativas - Noticias Radio Reflejos\" \/>\n<meta property=\"og:description\" content=\"Bajo la organizaci\u00f3n del INTA y el Conicet el pr\u00f3ximo viernes se llevar\u00e1 adelante una capacitaci\u00f3n gratuita sobre pastizal serrano. \u201cLa demanda que existe sobre este tema defini\u00f3 el taller\u201d afirm\u00f3 Agust\u00edn Mart\u00ednez Baccini.\" \/>\n<meta property=\"og:url\" content=\"https:\/\/www.noticiasradioreflejos.com.ar\/2021\/se-viene-una-jornada-interesante-sobre-plantas-nativas\/\" \/>\n<meta property=\"og:site_name\" content=\"Noticias Radio Reflejos\" \/>\n<meta property=\"article:published_time\" content=\"2023-11-03T19:46:58+00:00\" \/>\n<meta property=\"article:modified_time\" content=\"2023-11-03T20:24:07+00:00\" \/>\n<meta property=\"og:image\" content=\"https:\/\/www.noticiasradioreflejos.com.ar\/2021\/wp-content\/uploads\/2023\/11\/nativas-ventania-2.jpeg\" \/>\n\t<meta property=\"og:image:width\" content=\"1600\" \/>\n\t<meta property=\"og:image:height\" content=\"1200\" \/>\n\t<meta property=\"og:image:type\" content=\"image\/jpeg\" \/>\n<meta name=\"author\" content=\"Arnaldo Botto\" \/>\n<meta name=\"twitter:card\" content=\"summary_large_image\" \/>\n<script type=\"application\/ld+json\" class=\"yoast-schema-graph\">{\"@context\":\"https:\/\/schema.org\",\"@graph\":[{\"@type\":\"WebPage\",\"@id\":\"https:\/\/www.noticiasradioreflejos.com.ar\/2021\/se-viene-una-jornada-interesante-sobre-plantas-nativas\/\",\"url\":\"https:\/\/www.noticiasradioreflejos.com.ar\/2021\/se-viene-una-jornada-interesante-sobre-plantas-nativas\/\",\"name\":\"Se viene una jornada interesante sobre plantas nativas - Noticias Radio Reflejos\",\"isPartOf\":{\"@id\":\"https:\/\/www.noticiasradioreflejos.com.ar\/2021\/#website\"},\"primaryImageOfPage\":{\"@id\":\"https:\/\/www.noticiasradioreflejos.com.ar\/2021\/se-viene-una-jornada-interesante-sobre-plantas-nativas\/#primaryimage\"},\"image\":{\"@id\":\"https:\/\/www.noticiasradioreflejos.com.ar\/2021\/se-viene-una-jornada-interesante-sobre-plantas-nativas\/#primaryimage\"},\"thumbnailUrl\":\"https:\/\/www.noticiasradioreflejos.com.ar\/2021\/wp-content\/uploads\/2023\/11\/nativas-ventania-2.jpeg\",\"datePublished\":\"2023-11-03T19:46:58+00:00\",\"dateModified\":\"2023-11-03T20:24:07+00:00\",\"author\":{\"@id\":\"https:\/\/www.noticiasradioreflejos.com.ar\/2021\/#\/schema\/person\/ad82545263dcc5ec0996818884fd5fb1\"},\"breadcrumb\":{\"@id\":\"https:\/\/www.noticiasradioreflejos.com.ar\/2021\/se-viene-una-jornada-interesante-sobre-plantas-nativas\/#breadcrumb\"},\"inLanguage\":\"es\",\"potentialAction\":[{\"@type\":\"ReadAction\",\"target\":[\"https:\/\/www.noticiasradioreflejos.com.ar\/2021\/se-viene-una-jornada-interesante-sobre-plantas-nativas\/\"]}]},{\"@type\":\"ImageObject\",\"inLanguage\":\"es\",\"@id\":\"https:\/\/www.noticiasradioreflejos.com.ar\/2021\/se-viene-una-jornada-interesante-sobre-plantas-nativas\/#primaryimage\",\"url\":\"https:\/\/www.noticiasradioreflejos.com.ar\/2021\/wp-content\/uploads\/2023\/11\/nativas-ventania-2.jpeg\",\"contentUrl\":\"https:\/\/www.noticiasradioreflejos.com.ar\/2021\/wp-content\/uploads\/2023\/11\/nativas-ventania-2.jpeg\",\"width\":1600,\"height\":1200},{\"@type\":\"BreadcrumbList\",\"@id\":\"https:\/\/www.noticiasradioreflejos.com.ar\/2021\/se-viene-una-jornada-interesante-sobre-plantas-nativas\/#breadcrumb\",\"itemListElement\":[{\"@type\":\"ListItem\",\"position\":1,\"name\":\"Portada\",\"item\":\"https:\/\/www.noticiasradioreflejos.com.ar\/2021\/\"},{\"@type\":\"ListItem\",\"position\":2,\"name\":\"Se viene una jornada interesante sobre plantas nativas\"}]},{\"@type\":\"WebSite\",\"@id\":\"https:\/\/www.noticiasradioreflejos.com.ar\/2021\/#website\",\"url\":\"https:\/\/www.noticiasradioreflejos.com.ar\/2021\/\",\"name\":\"Noticias Radio Reflejos\",\"description\":\"Las noticias de mi comarca\",\"potentialAction\":[{\"@type\":\"SearchAction\",\"target\":{\"@type\":\"EntryPoint\",\"urlTemplate\":\"https:\/\/www.noticiasradioreflejos.com.ar\/2021\/?s={search_term_string}\"},\"query-input\":{\"@type\":\"PropertyValueSpecification\",\"valueRequired\":true,\"valueName\":\"search_term_string\"}}],\"inLanguage\":\"es\"},{\"@type\":\"Person\",\"@id\":\"https:\/\/www.noticiasradioreflejos.com.ar\/2021\/#\/schema\/person\/ad82545263dcc5ec0996818884fd5fb1\",\"name\":\"Arnaldo Botto\",\"image\":{\"@type\":\"ImageObject\",\"inLanguage\":\"es\",\"@id\":\"https:\/\/www.noticiasradioreflejos.com.ar\/2021\/#\/schema\/person\/image\/\",\"url\":\"https:\/\/secure.gravatar.com\/avatar\/55cb5e37c1efa326397366e6974cb338056df65cb50e7d64d1cf314e87504837?s=96&d=mm&r=g\",\"contentUrl\":\"https:\/\/secure.gravatar.com\/avatar\/55cb5e37c1efa326397366e6974cb338056df65cb50e7d64d1cf314e87504837?s=96&d=mm&r=g\",\"caption\":\"Arnaldo Botto\"},\"url\":\"https:\/\/www.noticiasradioreflejos.com.ar\/2021\/author\/arnaldo\/\"}]}<\/script>\n<!-- \/ Yoast SEO plugin. -->","yoast_head_json":{"title":"Se viene una jornada interesante sobre plantas nativas - Noticias Radio Reflejos","robots":{"index":"index","follow":"follow","max-snippet":"max-snippet:-1","max-image-preview":"max-image-preview:large","max-video-preview":"max-video-preview:-1"},"canonical":"https:\/\/www.noticiasradioreflejos.com.ar\/2021\/se-viene-una-jornada-interesante-sobre-plantas-nativas\/","og_locale":"es_ES","og_type":"article","og_title":"Se viene una jornada interesante sobre plantas nativas - Noticias Radio Reflejos","og_description":"Bajo la organizaci\u00f3n del INTA y el Conicet el pr\u00f3ximo viernes se llevar\u00e1 adelante una capacitaci\u00f3n gratuita sobre pastizal serrano. \u201cLa demanda que existe sobre este tema defini\u00f3 el taller\u201d afirm\u00f3 Agust\u00edn Mart\u00ednez Baccini.","og_url":"https:\/\/www.noticiasradioreflejos.com.ar\/2021\/se-viene-una-jornada-interesante-sobre-plantas-nativas\/","og_site_name":"Noticias Radio Reflejos","article_published_time":"2023-11-03T19:46:58+00:00","article_modified_time":"2023-11-03T20:24:07+00:00","og_image":[{"width":1600,"height":1200,"url":"https:\/\/www.noticiasradioreflejos.com.ar\/2021\/wp-content\/uploads\/2023\/11\/nativas-ventania-2.jpeg","type":"image\/jpeg"}],"author":"Arnaldo Botto","twitter_card":"summary_large_image","schema":{"@context":"https:\/\/schema.org","@graph":[{"@type":"WebPage","@id":"https:\/\/www.noticiasradioreflejos.com.ar\/2021\/se-viene-una-jornada-interesante-sobre-plantas-nativas\/","url":"https:\/\/www.noticiasradioreflejos.com.ar\/2021\/se-viene-una-jornada-interesante-sobre-plantas-nativas\/","name":"Se viene una jornada interesante sobre plantas nativas - Noticias Radio Reflejos","isPartOf":{"@id":"https:\/\/www.noticiasradioreflejos.com.ar\/2021\/#website"},"primaryImageOfPage":{"@id":"https:\/\/www.noticiasradioreflejos.com.ar\/2021\/se-viene-una-jornada-interesante-sobre-plantas-nativas\/#primaryimage"},"image":{"@id":"https:\/\/www.noticiasradioreflejos.com.ar\/2021\/se-viene-una-jornada-interesante-sobre-plantas-nativas\/#primaryimage"},"thumbnailUrl":"https:\/\/www.noticiasradioreflejos.com.ar\/2021\/wp-content\/uploads\/2023\/11\/nativas-ventania-2.jpeg","datePublished":"2023-11-03T19:46:58+00:00","dateModified":"2023-11-03T20:24:07+00:00","author":{"@id":"https:\/\/www.noticiasradioreflejos.com.ar\/2021\/#\/schema\/person\/ad82545263dcc5ec0996818884fd5fb1"},"breadcrumb":{"@id":"https:\/\/www.noticiasradioreflejos.com.ar\/2021\/se-viene-una-jornada-interesante-sobre-plantas-nativas\/#breadcrumb"},"inLanguage":"es","potentialAction":[{"@type":"ReadAction","target":["https:\/\/www.noticiasradioreflejos.com.ar\/2021\/se-viene-una-jornada-interesante-sobre-plantas-nativas\/"]}]},{"@type":"ImageObject","inLanguage":"es","@id":"https:\/\/www.noticiasradioreflejos.com.ar\/2021\/se-viene-una-jornada-interesante-sobre-plantas-nativas\/#primaryimage","url":"https:\/\/www.noticiasradioreflejos.com.ar\/2021\/wp-content\/uploads\/2023\/11\/nativas-ventania-2.jpeg","contentUrl":"https:\/\/www.noticiasradioreflejos.com.ar\/2021\/wp-content\/uploads\/2023\/11\/nativas-ventania-2.jpeg","width":1600,"height":1200},{"@type":"BreadcrumbList","@id":"https:\/\/www.noticiasradioreflejos.com.ar\/2021\/se-viene-una-jornada-interesante-sobre-plantas-nativas\/#breadcrumb","itemListElement":[{"@type":"ListItem","position":1,"name":"Portada","item":"https:\/\/www.noticiasradioreflejos.com.ar\/2021\/"},{"@type":"ListItem","position":2,"name":"Se viene una jornada interesante sobre plantas nativas"}]},{"@type":"WebSite","@id":"https:\/\/www.noticiasradioreflejos.com.ar\/2021\/#website","url":"https:\/\/www.noticiasradioreflejos.com.ar\/2021\/","name":"Noticias Radio Reflejos","description":"Las noticias de mi comarca","potentialAction":[{"@type":"SearchAction","target":{"@type":"EntryPoint","urlTemplate":"https:\/\/www.noticiasradioreflejos.com.ar\/2021\/?s={search_term_string}"},"query-input":{"@type":"PropertyValueSpecification","valueRequired":true,"valueName":"search_term_string"}}],"inLanguage":"es"},{"@type":"Person","@id":"https:\/\/www.noticiasradioreflejos.com.ar\/2021\/#\/schema\/person\/ad82545263dcc5ec0996818884fd5fb1","name":"Arnaldo Botto","image":{"@type":"ImageObject","inLanguage":"es","@id":"https:\/\/www.noticiasradioreflejos.com.ar\/2021\/#\/schema\/person\/image\/","url":"https:\/\/secure.gravatar.com\/avatar\/55cb5e37c1efa326397366e6974cb338056df65cb50e7d64d1cf314e87504837?s=96&d=mm&r=g","contentUrl":"https:\/\/secure.gravatar.com\/avatar\/55cb5e37c1efa326397366e6974cb338056df65cb50e7d64d1cf314e87504837?s=96&d=mm&r=g","caption":"Arnaldo Botto"},"url":"https:\/\/www.noticiasradioreflejos.com.ar\/2021\/author\/arnaldo\/"}]}},"_links":{"self":[{"href":"https:\/\/www.noticiasradioreflejos.com.ar\/2021\/wp-json\/wp\/v2\/posts\/94872","targetHints":{"allow":["GET"]}}],"collection":[{"href":"https:\/\/www.noticiasradioreflejos.com.ar\/2021\/wp-json\/wp\/v2\/posts"}],"about":[{"href":"https:\/\/www.noticiasradioreflejos.com.ar\/2021\/wp-json\/wp\/v2\/types\/post"}],"author":[{"embeddable":true,"href":"https:\/\/www.noticiasradioreflejos.com.ar\/2021\/wp-json\/wp\/v2\/users\/3"}],"replies":[{"embeddable":true,"href":"https:\/\/www.noticiasradioreflejos.com.ar\/2021\/wp-json\/wp\/v2\/comments?post=94872"}],"version-history":[{"count":4,"href":"https:\/\/www.noticiasradioreflejos.com.ar\/2021\/wp-json\/wp\/v2\/posts\/94872\/revisions"}],"predecessor-version":[{"id":94880,"href":"https:\/\/www.noticiasradioreflejos.com.ar\/2021\/wp-json\/wp\/v2\/posts\/94872\/revisions\/94880"}],"wp:featuredmedia":[{"embeddable":true,"href":"https:\/\/www.noticiasradioreflejos.com.ar\/2021\/wp-json\/wp\/v2\/media\/94876"}],"wp:attachment":[{"href":"https:\/\/www.noticiasradioreflejos.com.ar\/2021\/wp-json\/wp\/v2\/media?parent=94872"}],"wp:term":[{"taxonomy":"category","embeddable":true,"href":"https:\/\/www.noticiasradioreflejos.com.ar\/2021\/wp-json\/wp\/v2\/categories?post=94872"},{"taxonomy":"post_tag","embeddable":true,"href":"https:\/\/www.noticiasradioreflejos.com.ar\/2021\/wp-json\/wp\/v2\/tags?post=94872"}],"curies":[{"name":"wp","href":"https:\/\/api.w.org\/{rel}","templated":true}]}}