{"id":94849,"date":"2023-11-02T22:30:10","date_gmt":"2023-11-02T22:30:10","guid":{"rendered":"https:\/\/www.noticiasradioreflejos.com.ar\/2021\/?p=94849"},"modified":"2023-11-02T22:30:10","modified_gmt":"2023-11-02T22:30:10","slug":"increible-a-un-contingente-de-estudiantes-los-agarro-una-nevada-en-el-hueco-del-ventana","status":"publish","type":"post","link":"https:\/\/www.noticiasradioreflejos.com.ar\/2021\/increible-a-un-contingente-de-estudiantes-los-agarro-una-nevada-en-el-hueco-del-ventana\/","title":{"rendered":"Incre\u00edble: A un contingente de estudiantes los agarr\u00f3 una nevada en el hueco del Ventana"},"content":{"rendered":"<p>As\u00ed lo atestigu\u00f3 el gu\u00eda<strong> Juanjo Navarro<\/strong>. \u201cSi bien no lleg\u00f3 a acumularse, dur\u00f3 poco m\u00e1s de una hora\u201d afirm\u00f3.<!--more--><\/p>\n<p>Pese a estar en noviembre la naturaleza se encarg\u00f3 de brindar un espect\u00e1culo pocas veces visto para esta altura del a\u00f1o. Un grupo de estudiantes, que justo hac\u00eda cumbre en el Cerro Ventana, fue testigo de una nevada.<\/p>\n<p><a title=\"Nevada Noviembre (1)\" href=\"https:\/\/www.flickr.com\/photos\/182279889@N02\/53305711556\/in\/dateposted-public\/\" data-flickr-embed=\"true\"><img loading=\"lazy\" decoding=\"async\" class=\"alignleft\" src=\"https:\/\/live.staticflickr.com\/31337\/53305711556_0a2680690b_o.jpg\" alt=\"Nevada Noviembre (1)\" width=\"349\" height=\"628\" \/><\/a><script async src=\"\/\/embedr.flickr.com\/assets\/client-code.js\" charset=\"utf-8\"><\/script><a title=\"Nevada 2 de Nov.\" href=\"https:\/\/www.flickr.com\/photos\/182279889@N02\/53305960148\/in\/dateposted-public\/\" data-flickr-embed=\"true\"><img loading=\"lazy\" decoding=\"async\" class=\"aligncenter\" src=\"https:\/\/live.staticflickr.com\/31337\/53305960148_cdb1e723f3_o.jpg\" alt=\"Nevada 2 de Nov.\" width=\"326\" height=\"586\" \/><\/a><script async src=\"\/\/embedr.flickr.com\/assets\/client-code.js\" charset=\"utf-8\"><\/script><\/p>\n<p>En relaci\u00f3n a esto el gu\u00eda que los acompa\u00f1\u00f3, Juanjo Navarro, explic\u00f3 que \u201cestaba trabajando con un grupo educativo en el Cerro Ventana. El pron\u00f3stico daba inestable, con fr\u00edo y nubes bajas. Est\u00e1bamos justo a los mil metros, cerca del hueco, dentro del parque y desde el Tres Picos vimos que se nos ven\u00eda una nube. Pensamos que era lluvia, pero al rato, ni bien llegamos al hueco, comenz\u00f3 a nevar\u201d.<\/p>\n<p>Siguiendo con el relato explic\u00f3 que los chicos son de \u201cGeneral Pacheco. La verdad es que s\u00faper bancaron. Nos permiti\u00f3 llegar al hueco y al toque decid\u00ed bajar, para no hacerlo con la piedra mojada, pero igual estuvo lenta y t\u00e9cnica. Se s\u00faper cerro. Eran dos los grupos educativos\u201d.<\/p>\n<p>Haciendo memoria afirm\u00f3 que \u201cen un noviembre, estando en Villa, una ma\u00f1ana las lechugas de la huerta amanecieron con nieve. No recuerdo la fecha, pero ser\u00e1 unos quince a\u00f1os atr\u00e1s. Pero hoy el pron\u00f3stico no estaba para nieve. S\u00ed para el fr\u00edo. No hab\u00eda pron\u00f3stico de inestabilidad marcad\u00edsima, sino lo hubiesen cerrado ese sendero\u201d.<\/p>\n<p>Por \u00faltimo reconoci\u00f3 que \u201cno lleg\u00f3 a acumularse. En un momento pensamos que s\u00ed se iba a acumular. Habr\u00e1 sido poco m\u00e1s de una hora, con frecuencias de mayor intensidad. S\u00ed en un momento lleg\u00f3 una nube que lo cerr\u00f3 bastante. Fue una linda experiencia, m\u00e1s que ac\u00e1 la nieve no es tan com\u00fan como se piensa\u201d.<\/p>\n<p>&nbsp;<\/p>\n<p><iframe loading=\"lazy\" src=\"https:\/\/w.soundcloud.com\/player\/?url=https%3A\/\/api.soundcloud.com\/tracks\/1655403279&amp;color=%23ff5500&amp;auto_play=false&amp;hide_related=false&amp;show_comments=true&amp;show_user=true&amp;show_reposts=false&amp;show_teaser=true\" width=\"100%\" height=\"166\" frameborder=\"no\" scrolling=\"no\"><\/iframe><\/p>\n<div style=\"font-size: 10px; color: #cccccc; line-break: anywhere; word-break: normal; overflow: hidden; white-space: nowrap; text-overflow: ellipsis; font-family: Interstate,Lucida Grande,Lucida Sans Unicode,Lucida Sans,Garuda,Verdana,Tahoma,sans-serif; font-weight: 100;\"><a style=\"color: #cccccc; text-decoration: none;\" title=\"fmreflejos 103.7\" href=\"https:\/\/soundcloud.com\/fmreflejos-103-7\" target=\"_blank\" rel=\"noopener\">fmreflejos 103.7<\/a> \u00b7 <a style=\"color: #cccccc; text-decoration: none;\" title=\"Juanjo Navarro . nevada en Sierra\" href=\"https:\/\/soundcloud.com\/fmreflejos-103-7\/juanjo-navarro-nevada-en\" target=\"_blank\" rel=\"noopener\">Juanjo Navarro . nevada en Sierra<\/a><\/div>\n","protected":false},"excerpt":{"rendered":"<p>As\u00ed lo atestigu\u00f3 el gu\u00eda Juanjo Navarro. \u201cSi bien no lleg\u00f3 a acumularse, dur\u00f3 poco m\u00e1s de una hora\u201d afirm\u00f3.<\/p>\n","protected":false},"author":3,"featured_media":94851,"comment_status":"closed","ping_status":"closed","sticky":false,"template":"","format":"standard","meta":{"footnotes":""},"categories":[46,26,33],"tags":[48],"class_list":["post-94849","post","type-post","status-publish","format-standard","has-post-thumbnail","hentry","category-ciencia-y-tecnologia","category-sociedad","category-turismo","tag-destacada"],"yoast_head":"<!-- This site is optimized with the Yoast SEO plugin v25.9 - https:\/\/yoast.com\/wordpress\/plugins\/seo\/ -->\n<title>Incre\u00edble: A un contingente de estudiantes los agarr\u00f3 una nevada en el hueco del Ventana - Noticias Radio Reflejos<\/title>\n<meta name=\"robots\" content=\"index, follow, max-snippet:-1, max-image-preview:large, max-video-preview:-1\" \/>\n<link rel=\"canonical\" href=\"https:\/\/www.noticiasradioreflejos.com.ar\/2021\/increible-a-un-contingente-de-estudiantes-los-agarro-una-nevada-en-el-hueco-del-ventana\/\" \/>\n<meta property=\"og:locale\" content=\"es_ES\" \/>\n<meta property=\"og:type\" content=\"article\" \/>\n<meta property=\"og:title\" content=\"Incre\u00edble: A un contingente de estudiantes los agarr\u00f3 una nevada en el hueco del Ventana - Noticias Radio Reflejos\" \/>\n<meta property=\"og:description\" content=\"As\u00ed lo atestigu\u00f3 el gu\u00eda Juanjo Navarro. \u201cSi bien no lleg\u00f3 a acumularse, dur\u00f3 poco m\u00e1s de una hora\u201d afirm\u00f3.\" \/>\n<meta property=\"og:url\" content=\"https:\/\/www.noticiasradioreflejos.com.ar\/2021\/increible-a-un-contingente-de-estudiantes-los-agarro-una-nevada-en-el-hueco-del-ventana\/\" \/>\n<meta property=\"og:site_name\" content=\"Noticias Radio Reflejos\" \/>\n<meta property=\"article:published_time\" content=\"2023-11-02T22:30:10+00:00\" \/>\n<meta property=\"og:image\" content=\"https:\/\/www.noticiasradioreflejos.com.ar\/2021\/wp-content\/uploads\/2023\/11\/Nieva-en-el-Ventana.jpg\" \/>\n\t<meta property=\"og:image:width\" content=\"677\" \/>\n\t<meta property=\"og:image:height\" content=\"444\" \/>\n\t<meta property=\"og:image:type\" content=\"image\/jpeg\" \/>\n<meta name=\"author\" content=\"Arnaldo Botto\" \/>\n<meta name=\"twitter:card\" content=\"summary_large_image\" \/>\n<script type=\"application\/ld+json\" class=\"yoast-schema-graph\">{\"@context\":\"https:\/\/schema.org\",\"@graph\":[{\"@type\":\"WebPage\",\"@id\":\"https:\/\/www.noticiasradioreflejos.com.ar\/2021\/increible-a-un-contingente-de-estudiantes-los-agarro-una-nevada-en-el-hueco-del-ventana\/\",\"url\":\"https:\/\/www.noticiasradioreflejos.com.ar\/2021\/increible-a-un-contingente-de-estudiantes-los-agarro-una-nevada-en-el-hueco-del-ventana\/\",\"name\":\"Incre\u00edble: A un contingente de estudiantes los agarr\u00f3 una nevada en el hueco del Ventana - Noticias Radio Reflejos\",\"isPartOf\":{\"@id\":\"https:\/\/www.noticiasradioreflejos.com.ar\/2021\/#website\"},\"primaryImageOfPage\":{\"@id\":\"https:\/\/www.noticiasradioreflejos.com.ar\/2021\/increible-a-un-contingente-de-estudiantes-los-agarro-una-nevada-en-el-hueco-del-ventana\/#primaryimage\"},\"image\":{\"@id\":\"https:\/\/www.noticiasradioreflejos.com.ar\/2021\/increible-a-un-contingente-de-estudiantes-los-agarro-una-nevada-en-el-hueco-del-ventana\/#primaryimage\"},\"thumbnailUrl\":\"https:\/\/www.noticiasradioreflejos.com.ar\/2021\/wp-content\/uploads\/2023\/11\/Nieva-en-el-Ventana.jpg\",\"datePublished\":\"2023-11-02T22:30:10+00:00\",\"author\":{\"@id\":\"https:\/\/www.noticiasradioreflejos.com.ar\/2021\/#\/schema\/person\/ad82545263dcc5ec0996818884fd5fb1\"},\"breadcrumb\":{\"@id\":\"https:\/\/www.noticiasradioreflejos.com.ar\/2021\/increible-a-un-contingente-de-estudiantes-los-agarro-una-nevada-en-el-hueco-del-ventana\/#breadcrumb\"},\"inLanguage\":\"es\",\"potentialAction\":[{\"@type\":\"ReadAction\",\"target\":[\"https:\/\/www.noticiasradioreflejos.com.ar\/2021\/increible-a-un-contingente-de-estudiantes-los-agarro-una-nevada-en-el-hueco-del-ventana\/\"]}]},{\"@type\":\"ImageObject\",\"inLanguage\":\"es\",\"@id\":\"https:\/\/www.noticiasradioreflejos.com.ar\/2021\/increible-a-un-contingente-de-estudiantes-los-agarro-una-nevada-en-el-hueco-del-ventana\/#primaryimage\",\"url\":\"https:\/\/www.noticiasradioreflejos.com.ar\/2021\/wp-content\/uploads\/2023\/11\/Nieva-en-el-Ventana.jpg\",\"contentUrl\":\"https:\/\/www.noticiasradioreflejos.com.ar\/2021\/wp-content\/uploads\/2023\/11\/Nieva-en-el-Ventana.jpg\",\"width\":677,\"height\":444},{\"@type\":\"BreadcrumbList\",\"@id\":\"https:\/\/www.noticiasradioreflejos.com.ar\/2021\/increible-a-un-contingente-de-estudiantes-los-agarro-una-nevada-en-el-hueco-del-ventana\/#breadcrumb\",\"itemListElement\":[{\"@type\":\"ListItem\",\"position\":1,\"name\":\"Portada\",\"item\":\"https:\/\/www.noticiasradioreflejos.com.ar\/2021\/\"},{\"@type\":\"ListItem\",\"position\":2,\"name\":\"Incre\u00edble: A un contingente de estudiantes los agarr\u00f3 una nevada en el hueco del Ventana\"}]},{\"@type\":\"WebSite\",\"@id\":\"https:\/\/www.noticiasradioreflejos.com.ar\/2021\/#website\",\"url\":\"https:\/\/www.noticiasradioreflejos.com.ar\/2021\/\",\"name\":\"Noticias Radio Reflejos\",\"description\":\"Las noticias de mi comarca\",\"potentialAction\":[{\"@type\":\"SearchAction\",\"target\":{\"@type\":\"EntryPoint\",\"urlTemplate\":\"https:\/\/www.noticiasradioreflejos.com.ar\/2021\/?s={search_term_string}\"},\"query-input\":{\"@type\":\"PropertyValueSpecification\",\"valueRequired\":true,\"valueName\":\"search_term_string\"}}],\"inLanguage\":\"es\"},{\"@type\":\"Person\",\"@id\":\"https:\/\/www.noticiasradioreflejos.com.ar\/2021\/#\/schema\/person\/ad82545263dcc5ec0996818884fd5fb1\",\"name\":\"Arnaldo Botto\",\"image\":{\"@type\":\"ImageObject\",\"inLanguage\":\"es\",\"@id\":\"https:\/\/www.noticiasradioreflejos.com.ar\/2021\/#\/schema\/person\/image\/\",\"url\":\"https:\/\/secure.gravatar.com\/avatar\/55cb5e37c1efa326397366e6974cb338056df65cb50e7d64d1cf314e87504837?s=96&d=mm&r=g\",\"contentUrl\":\"https:\/\/secure.gravatar.com\/avatar\/55cb5e37c1efa326397366e6974cb338056df65cb50e7d64d1cf314e87504837?s=96&d=mm&r=g\",\"caption\":\"Arnaldo Botto\"},\"url\":\"https:\/\/www.noticiasradioreflejos.com.ar\/2021\/author\/arnaldo\/\"}]}<\/script>\n<!-- \/ Yoast SEO plugin. -->","yoast_head_json":{"title":"Incre\u00edble: A un contingente de estudiantes los agarr\u00f3 una nevada en el hueco del Ventana - Noticias Radio Reflejos","robots":{"index":"index","follow":"follow","max-snippet":"max-snippet:-1","max-image-preview":"max-image-preview:large","max-video-preview":"max-video-preview:-1"},"canonical":"https:\/\/www.noticiasradioreflejos.com.ar\/2021\/increible-a-un-contingente-de-estudiantes-los-agarro-una-nevada-en-el-hueco-del-ventana\/","og_locale":"es_ES","og_type":"article","og_title":"Incre\u00edble: A un contingente de estudiantes los agarr\u00f3 una nevada en el hueco del Ventana - Noticias Radio Reflejos","og_description":"As\u00ed lo atestigu\u00f3 el gu\u00eda Juanjo Navarro. \u201cSi bien no lleg\u00f3 a acumularse, dur\u00f3 poco m\u00e1s de una hora\u201d afirm\u00f3.","og_url":"https:\/\/www.noticiasradioreflejos.com.ar\/2021\/increible-a-un-contingente-de-estudiantes-los-agarro-una-nevada-en-el-hueco-del-ventana\/","og_site_name":"Noticias Radio Reflejos","article_published_time":"2023-11-02T22:30:10+00:00","og_image":[{"width":677,"height":444,"url":"https:\/\/www.noticiasradioreflejos.com.ar\/2021\/wp-content\/uploads\/2023\/11\/Nieva-en-el-Ventana.jpg","type":"image\/jpeg"}],"author":"Arnaldo Botto","twitter_card":"summary_large_image","schema":{"@context":"https:\/\/schema.org","@graph":[{"@type":"WebPage","@id":"https:\/\/www.noticiasradioreflejos.com.ar\/2021\/increible-a-un-contingente-de-estudiantes-los-agarro-una-nevada-en-el-hueco-del-ventana\/","url":"https:\/\/www.noticiasradioreflejos.com.ar\/2021\/increible-a-un-contingente-de-estudiantes-los-agarro-una-nevada-en-el-hueco-del-ventana\/","name":"Incre\u00edble: A un contingente de estudiantes los agarr\u00f3 una nevada en el hueco del Ventana - Noticias Radio Reflejos","isPartOf":{"@id":"https:\/\/www.noticiasradioreflejos.com.ar\/2021\/#website"},"primaryImageOfPage":{"@id":"https:\/\/www.noticiasradioreflejos.com.ar\/2021\/increible-a-un-contingente-de-estudiantes-los-agarro-una-nevada-en-el-hueco-del-ventana\/#primaryimage"},"image":{"@id":"https:\/\/www.noticiasradioreflejos.com.ar\/2021\/increible-a-un-contingente-de-estudiantes-los-agarro-una-nevada-en-el-hueco-del-ventana\/#primaryimage"},"thumbnailUrl":"https:\/\/www.noticiasradioreflejos.com.ar\/2021\/wp-content\/uploads\/2023\/11\/Nieva-en-el-Ventana.jpg","datePublished":"2023-11-02T22:30:10+00:00","author":{"@id":"https:\/\/www.noticiasradioreflejos.com.ar\/2021\/#\/schema\/person\/ad82545263dcc5ec0996818884fd5fb1"},"breadcrumb":{"@id":"https:\/\/www.noticiasradioreflejos.com.ar\/2021\/increible-a-un-contingente-de-estudiantes-los-agarro-una-nevada-en-el-hueco-del-ventana\/#breadcrumb"},"inLanguage":"es","potentialAction":[{"@type":"ReadAction","target":["https:\/\/www.noticiasradioreflejos.com.ar\/2021\/increible-a-un-contingente-de-estudiantes-los-agarro-una-nevada-en-el-hueco-del-ventana\/"]}]},{"@type":"ImageObject","inLanguage":"es","@id":"https:\/\/www.noticiasradioreflejos.com.ar\/2021\/increible-a-un-contingente-de-estudiantes-los-agarro-una-nevada-en-el-hueco-del-ventana\/#primaryimage","url":"https:\/\/www.noticiasradioreflejos.com.ar\/2021\/wp-content\/uploads\/2023\/11\/Nieva-en-el-Ventana.jpg","contentUrl":"https:\/\/www.noticiasradioreflejos.com.ar\/2021\/wp-content\/uploads\/2023\/11\/Nieva-en-el-Ventana.jpg","width":677,"height":444},{"@type":"BreadcrumbList","@id":"https:\/\/www.noticiasradioreflejos.com.ar\/2021\/increible-a-un-contingente-de-estudiantes-los-agarro-una-nevada-en-el-hueco-del-ventana\/#breadcrumb","itemListElement":[{"@type":"ListItem","position":1,"name":"Portada","item":"https:\/\/www.noticiasradioreflejos.com.ar\/2021\/"},{"@type":"ListItem","position":2,"name":"Incre\u00edble: A un contingente de estudiantes los agarr\u00f3 una nevada en el hueco del Ventana"}]},{"@type":"WebSite","@id":"https:\/\/www.noticiasradioreflejos.com.ar\/2021\/#website","url":"https:\/\/www.noticiasradioreflejos.com.ar\/2021\/","name":"Noticias Radio Reflejos","description":"Las noticias de mi comarca","potentialAction":[{"@type":"SearchAction","target":{"@type":"EntryPoint","urlTemplate":"https:\/\/www.noticiasradioreflejos.com.ar\/2021\/?s={search_term_string}"},"query-input":{"@type":"PropertyValueSpecification","valueRequired":true,"valueName":"search_term_string"}}],"inLanguage":"es"},{"@type":"Person","@id":"https:\/\/www.noticiasradioreflejos.com.ar\/2021\/#\/schema\/person\/ad82545263dcc5ec0996818884fd5fb1","name":"Arnaldo Botto","image":{"@type":"ImageObject","inLanguage":"es","@id":"https:\/\/www.noticiasradioreflejos.com.ar\/2021\/#\/schema\/person\/image\/","url":"https:\/\/secure.gravatar.com\/avatar\/55cb5e37c1efa326397366e6974cb338056df65cb50e7d64d1cf314e87504837?s=96&d=mm&r=g","contentUrl":"https:\/\/secure.gravatar.com\/avatar\/55cb5e37c1efa326397366e6974cb338056df65cb50e7d64d1cf314e87504837?s=96&d=mm&r=g","caption":"Arnaldo Botto"},"url":"https:\/\/www.noticiasradioreflejos.com.ar\/2021\/author\/arnaldo\/"}]}},"_links":{"self":[{"href":"https:\/\/www.noticiasradioreflejos.com.ar\/2021\/wp-json\/wp\/v2\/posts\/94849","targetHints":{"allow":["GET"]}}],"collection":[{"href":"https:\/\/www.noticiasradioreflejos.com.ar\/2021\/wp-json\/wp\/v2\/posts"}],"about":[{"href":"https:\/\/www.noticiasradioreflejos.com.ar\/2021\/wp-json\/wp\/v2\/types\/post"}],"author":[{"embeddable":true,"href":"https:\/\/www.noticiasradioreflejos.com.ar\/2021\/wp-json\/wp\/v2\/users\/3"}],"replies":[{"embeddable":true,"href":"https:\/\/www.noticiasradioreflejos.com.ar\/2021\/wp-json\/wp\/v2\/comments?post=94849"}],"version-history":[{"count":2,"href":"https:\/\/www.noticiasradioreflejos.com.ar\/2021\/wp-json\/wp\/v2\/posts\/94849\/revisions"}],"predecessor-version":[{"id":94852,"href":"https:\/\/www.noticiasradioreflejos.com.ar\/2021\/wp-json\/wp\/v2\/posts\/94849\/revisions\/94852"}],"wp:featuredmedia":[{"embeddable":true,"href":"https:\/\/www.noticiasradioreflejos.com.ar\/2021\/wp-json\/wp\/v2\/media\/94851"}],"wp:attachment":[{"href":"https:\/\/www.noticiasradioreflejos.com.ar\/2021\/wp-json\/wp\/v2\/media?parent=94849"}],"wp:term":[{"taxonomy":"category","embeddable":true,"href":"https:\/\/www.noticiasradioreflejos.com.ar\/2021\/wp-json\/wp\/v2\/categories?post=94849"},{"taxonomy":"post_tag","embeddable":true,"href":"https:\/\/www.noticiasradioreflejos.com.ar\/2021\/wp-json\/wp\/v2\/tags?post=94849"}],"curies":[{"name":"wp","href":"https:\/\/api.w.org\/{rel}","templated":true}]}}