{"id":94827,"date":"2023-11-02T19:48:52","date_gmt":"2023-11-02T19:48:52","guid":{"rendered":"https:\/\/www.noticiasradioreflejos.com.ar\/2021\/?p=94827"},"modified":"2023-11-02T19:50:16","modified_gmt":"2023-11-02T19:50:16","slug":"bordoni-arrancamos-con-1200-pasajeros-mensuales-y-hoy-estamos-en-5500","status":"publish","type":"post","link":"https:\/\/www.noticiasradioreflejos.com.ar\/2021\/bordoni-arrancamos-con-1200-pasajeros-mensuales-y-hoy-estamos-en-5500\/","title":{"rendered":"Bordoni: \u201cArrancamos con 1200 pasajeros mensuales y hoy estamos en 5500\u201d"},"content":{"rendered":"<p>En la conferencia de prensa donde formalmente se dio inicio a la utilizaci\u00f3n de la tarjeta SUBE el jefe comunal ponder\u00f3 el trabajo de V\u00eda 51. Los testimonios de Bruno Zacconi y Dante Lage.<!--more--><\/p>\n<p>En materia de transporte p\u00fablico no ser\u00e1 un a\u00f1o m\u00e1s para la comarca, debido a que inici\u00f3 con una nueva empresa haci\u00e9ndose cargo de la situaci\u00f3n, y con algunos meses transcurridos el cambio es notorio.<\/p>\n<p>A esto se suma la implementaci\u00f3n de la tarjeta SUBE, la cual en conferencia de prensa vivi\u00f3 su punta pi\u00e9 inicial.<\/p>\n<p><a title=\"Dante Lange, Bordoni, Bruno Za y Mariano Lange\" href=\"https:\/\/www.flickr.com\/photos\/182279889@N02\/53304555517\/in\/dateposted-public\/\" data-flickr-embed=\"true\"><img loading=\"lazy\" decoding=\"async\" src=\"https:\/\/live.staticflickr.com\/65535\/53304555517_2ef27c03be_c.jpg\" alt=\"Dante Lange, Bordoni, Bruno Za y Mariano Lange\" width=\"800\" height=\"438\" \/><\/a><\/p>\n<p><span style=\"color: #800080;\"><em><strong>Dante Lange, Sergio Bordoni, Bruno Zacconi y Mariano Lange\u00a0<\/strong><\/em><\/span><\/p>\n<p>Al respecto el intendente Sergio Bordoni explic\u00f3 que \u201cla tarjeta SUBE es otro gran adelanto, que nos permite tener un mejor control de los gastos. Hoy por hoy contratamos distintas empresas para llevar a los alumnos a la escuela t\u00e9cnica y la agraria, y ahora con la SUBE vamos a pagar lo que realmente se gaste\u201d.<\/p>\n<p>Reconociendo la gesti\u00f3n, expres\u00f3 que \u201cesto se implementa a trav\u00e9s del Ministerio de la Naci\u00f3n conjuntamente con la empresa V\u00eda 51 para mayor comodidad de todos los que utilicen el transporte p\u00fablico en el distrito\u201d.<\/p>\n<p>Al mismo tiempo, y sobre el desembarco de la nueva empresa, subray\u00f3 que \u201chab\u00edamos arrancado con 1200 pasajeros mensuales y hoy estamos en 5500. Esto ha tenido un movimiento terrible. Estamos felices con la empresa porque no tenemos quejas, y al mismo tiempo les damos m\u00e1s servicios a las personas\u201d.<\/p>\n<p>Por su parte el secretario Bruno Zacconi puntualiz\u00f3 en que \u201ces s\u00faper importante tener una empresa que acompa\u00f1e las demandas\u00a0 de la comarca. La implementaci\u00f3n de SUBE agilizar\u00e1 todo, ya que tendremos estad\u00edsticas reales de c\u00f3mo se mueve el distrito. La empresa siempre est\u00e1 a disposici\u00f3n de cualquier planteo o inquietud que tenemos desde el municipio\u201d.<\/p>\n<p>Mientras que en otro pasaje de la rueda de prensa, el titular de la firma, Dante Lage agreg\u00f3 que \u201csiempre tuvimos confianza. Tenemos mucha experiencia con la l\u00ednea que hace 30 a\u00f1os tenemos en Cabildo. Ve\u00edamos que el servicio que hab\u00eda no era lo ideal por el tema de horarios y frecuencia. Insistimos y estamos agradecidos porque siempre nos escucharon y confiaron en lo que plante\u00e1bamos\u201d.<\/p>\n<p>Recordando el comienzo del v\u00ednculo con el municipio, el empresario afirm\u00f3 que \u201ccuando le dijimos que \u00edbamos a llegar a fin de a\u00f1o con m\u00e1s de cinco mil pasajeros, miraban de reojo, pero vamos a llegar. El primer muestreo de vacaciones de invierno mostr\u00f3 que ten\u00edamos m\u00e1s pasajeros, por eso creemos que en la temporada seguir\u00e1 creciendo\u201d.<\/p>\n<p>Por \u00faltimo sostuvo que \u201cpara nosotros es muy importante el tema de las estad\u00edsticas, ya que podremos ver d\u00f3nde sube la gente, donde baja, cu\u00e1l es la demanda y as\u00ed saber si tenemos que corregir horarios. Con las estad\u00edsticas podemos trabajar a futuro\u201d.<\/p>\n<p><iframe loading=\"lazy\" width=\"100%\" height=\"166\" scrolling=\"no\" frameborder=\"no\" allow=\"autoplay\" src=\"https:\/\/w.soundcloud.com\/player\/?url=https%3A\/\/api.soundcloud.com\/tracks\/1654899555&#038;color=%23ff5500&#038;auto_play=false&#038;hide_related=false&#038;show_comments=true&#038;show_user=true&#038;show_reposts=false&#038;show_teaser=true\"><\/iframe><\/p>\n<div style=\"font-size: 10px; color: #cccccc;line-break: anywhere;word-break: normal;overflow: hidden;white-space: nowrap;text-overflow: ellipsis; font-family: Interstate,Lucida Grande,Lucida Sans Unicode,Lucida Sans,Garuda,Verdana,Tahoma,sans-serif;font-weight: 100;\"><a href=\"https:\/\/soundcloud.com\/fmreflejos-103-7\" title=\"fmreflejos 103.7\" target=\"_blank\" style=\"color: #cccccc; text-decoration: none;\" rel=\"noopener\">fmreflejos 103.7<\/a> \u00b7 <a href=\"https:\/\/soundcloud.com\/fmreflejos-103-7\/nota-bordoni-zacconi-sube\" title=\"Nota Bordoni Zacconi - SUBE\" target=\"_blank\" style=\"color: #cccccc; text-decoration: none;\" rel=\"noopener\">Nota Bordoni Zacconi &#8211; SUBE<\/a><\/div>\n","protected":false},"excerpt":{"rendered":"<p>En la conferencia de prensa donde formalmente se dio inicio a la utilizaci\u00f3n de la tarjeta SUBE el jefe comunal ponder\u00f3 el trabajo de V\u00eda 51. Los testimonios de Bruno Zacconi y Dante Lage.<\/p>\n","protected":false},"author":3,"featured_media":82626,"comment_status":"closed","ping_status":"closed","sticky":false,"template":"","format":"standard","meta":{"footnotes":""},"categories":[28,24],"tags":[48],"class_list":["post-94827","post","type-post","status-publish","format-standard","has-post-thumbnail","hentry","category-municipales","category-politica","tag-destacada"],"yoast_head":"<!-- This site is optimized with the Yoast SEO plugin v25.9 - https:\/\/yoast.com\/wordpress\/plugins\/seo\/ -->\n<title>Bordoni: \u201cArrancamos con 1200 pasajeros mensuales y hoy estamos en 5500\u201d - Noticias Radio Reflejos<\/title>\n<meta name=\"robots\" content=\"index, follow, max-snippet:-1, max-image-preview:large, max-video-preview:-1\" \/>\n<link rel=\"canonical\" href=\"https:\/\/www.noticiasradioreflejos.com.ar\/2021\/bordoni-arrancamos-con-1200-pasajeros-mensuales-y-hoy-estamos-en-5500\/\" \/>\n<meta property=\"og:locale\" content=\"es_ES\" \/>\n<meta property=\"og:type\" content=\"article\" \/>\n<meta property=\"og:title\" content=\"Bordoni: \u201cArrancamos con 1200 pasajeros mensuales y hoy estamos en 5500\u201d - Noticias Radio Reflejos\" \/>\n<meta property=\"og:description\" content=\"En la conferencia de prensa donde formalmente se dio inicio a la utilizaci\u00f3n de la tarjeta SUBE el jefe comunal ponder\u00f3 el trabajo de V\u00eda 51. Los testimonios de Bruno Zacconi y Dante Lage.\" \/>\n<meta property=\"og:url\" content=\"https:\/\/www.noticiasradioreflejos.com.ar\/2021\/bordoni-arrancamos-con-1200-pasajeros-mensuales-y-hoy-estamos-en-5500\/\" \/>\n<meta property=\"og:site_name\" content=\"Noticias Radio Reflejos\" \/>\n<meta property=\"article:published_time\" content=\"2023-11-02T19:48:52+00:00\" \/>\n<meta property=\"article:modified_time\" content=\"2023-11-02T19:50:16+00:00\" \/>\n<meta property=\"og:image\" content=\"https:\/\/www.noticiasradioreflejos.com.ar\/2021\/wp-content\/uploads\/2023\/01\/Via-51-2.jpeg\" \/>\n\t<meta property=\"og:image:width\" content=\"1208\" \/>\n\t<meta property=\"og:image:height\" content=\"568\" \/>\n\t<meta property=\"og:image:type\" content=\"image\/jpeg\" \/>\n<meta name=\"author\" content=\"Arnaldo Botto\" \/>\n<meta name=\"twitter:card\" content=\"summary_large_image\" \/>\n<script type=\"application\/ld+json\" class=\"yoast-schema-graph\">{\"@context\":\"https:\/\/schema.org\",\"@graph\":[{\"@type\":\"WebPage\",\"@id\":\"https:\/\/www.noticiasradioreflejos.com.ar\/2021\/bordoni-arrancamos-con-1200-pasajeros-mensuales-y-hoy-estamos-en-5500\/\",\"url\":\"https:\/\/www.noticiasradioreflejos.com.ar\/2021\/bordoni-arrancamos-con-1200-pasajeros-mensuales-y-hoy-estamos-en-5500\/\",\"name\":\"Bordoni: \u201cArrancamos con 1200 pasajeros mensuales y hoy estamos en 5500\u201d - Noticias Radio Reflejos\",\"isPartOf\":{\"@id\":\"https:\/\/www.noticiasradioreflejos.com.ar\/2021\/#website\"},\"primaryImageOfPage\":{\"@id\":\"https:\/\/www.noticiasradioreflejos.com.ar\/2021\/bordoni-arrancamos-con-1200-pasajeros-mensuales-y-hoy-estamos-en-5500\/#primaryimage\"},\"image\":{\"@id\":\"https:\/\/www.noticiasradioreflejos.com.ar\/2021\/bordoni-arrancamos-con-1200-pasajeros-mensuales-y-hoy-estamos-en-5500\/#primaryimage\"},\"thumbnailUrl\":\"https:\/\/www.noticiasradioreflejos.com.ar\/2021\/wp-content\/uploads\/2023\/01\/Via-51-2.jpeg\",\"datePublished\":\"2023-11-02T19:48:52+00:00\",\"dateModified\":\"2023-11-02T19:50:16+00:00\",\"author\":{\"@id\":\"https:\/\/www.noticiasradioreflejos.com.ar\/2021\/#\/schema\/person\/ad82545263dcc5ec0996818884fd5fb1\"},\"breadcrumb\":{\"@id\":\"https:\/\/www.noticiasradioreflejos.com.ar\/2021\/bordoni-arrancamos-con-1200-pasajeros-mensuales-y-hoy-estamos-en-5500\/#breadcrumb\"},\"inLanguage\":\"es\",\"potentialAction\":[{\"@type\":\"ReadAction\",\"target\":[\"https:\/\/www.noticiasradioreflejos.com.ar\/2021\/bordoni-arrancamos-con-1200-pasajeros-mensuales-y-hoy-estamos-en-5500\/\"]}]},{\"@type\":\"ImageObject\",\"inLanguage\":\"es\",\"@id\":\"https:\/\/www.noticiasradioreflejos.com.ar\/2021\/bordoni-arrancamos-con-1200-pasajeros-mensuales-y-hoy-estamos-en-5500\/#primaryimage\",\"url\":\"https:\/\/www.noticiasradioreflejos.com.ar\/2021\/wp-content\/uploads\/2023\/01\/Via-51-2.jpeg\",\"contentUrl\":\"https:\/\/www.noticiasradioreflejos.com.ar\/2021\/wp-content\/uploads\/2023\/01\/Via-51-2.jpeg\",\"width\":1208,\"height\":568},{\"@type\":\"BreadcrumbList\",\"@id\":\"https:\/\/www.noticiasradioreflejos.com.ar\/2021\/bordoni-arrancamos-con-1200-pasajeros-mensuales-y-hoy-estamos-en-5500\/#breadcrumb\",\"itemListElement\":[{\"@type\":\"ListItem\",\"position\":1,\"name\":\"Portada\",\"item\":\"https:\/\/www.noticiasradioreflejos.com.ar\/2021\/\"},{\"@type\":\"ListItem\",\"position\":2,\"name\":\"Bordoni: \u201cArrancamos con 1200 pasajeros mensuales y hoy estamos en 5500\u201d\"}]},{\"@type\":\"WebSite\",\"@id\":\"https:\/\/www.noticiasradioreflejos.com.ar\/2021\/#website\",\"url\":\"https:\/\/www.noticiasradioreflejos.com.ar\/2021\/\",\"name\":\"Noticias Radio Reflejos\",\"description\":\"Las noticias de mi comarca\",\"potentialAction\":[{\"@type\":\"SearchAction\",\"target\":{\"@type\":\"EntryPoint\",\"urlTemplate\":\"https:\/\/www.noticiasradioreflejos.com.ar\/2021\/?s={search_term_string}\"},\"query-input\":{\"@type\":\"PropertyValueSpecification\",\"valueRequired\":true,\"valueName\":\"search_term_string\"}}],\"inLanguage\":\"es\"},{\"@type\":\"Person\",\"@id\":\"https:\/\/www.noticiasradioreflejos.com.ar\/2021\/#\/schema\/person\/ad82545263dcc5ec0996818884fd5fb1\",\"name\":\"Arnaldo Botto\",\"image\":{\"@type\":\"ImageObject\",\"inLanguage\":\"es\",\"@id\":\"https:\/\/www.noticiasradioreflejos.com.ar\/2021\/#\/schema\/person\/image\/\",\"url\":\"https:\/\/secure.gravatar.com\/avatar\/55cb5e37c1efa326397366e6974cb338056df65cb50e7d64d1cf314e87504837?s=96&d=mm&r=g\",\"contentUrl\":\"https:\/\/secure.gravatar.com\/avatar\/55cb5e37c1efa326397366e6974cb338056df65cb50e7d64d1cf314e87504837?s=96&d=mm&r=g\",\"caption\":\"Arnaldo Botto\"},\"url\":\"https:\/\/www.noticiasradioreflejos.com.ar\/2021\/author\/arnaldo\/\"}]}<\/script>\n<!-- \/ Yoast SEO plugin. -->","yoast_head_json":{"title":"Bordoni: \u201cArrancamos con 1200 pasajeros mensuales y hoy estamos en 5500\u201d - Noticias Radio Reflejos","robots":{"index":"index","follow":"follow","max-snippet":"max-snippet:-1","max-image-preview":"max-image-preview:large","max-video-preview":"max-video-preview:-1"},"canonical":"https:\/\/www.noticiasradioreflejos.com.ar\/2021\/bordoni-arrancamos-con-1200-pasajeros-mensuales-y-hoy-estamos-en-5500\/","og_locale":"es_ES","og_type":"article","og_title":"Bordoni: \u201cArrancamos con 1200 pasajeros mensuales y hoy estamos en 5500\u201d - Noticias Radio Reflejos","og_description":"En la conferencia de prensa donde formalmente se dio inicio a la utilizaci\u00f3n de la tarjeta SUBE el jefe comunal ponder\u00f3 el trabajo de V\u00eda 51. Los testimonios de Bruno Zacconi y Dante Lage.","og_url":"https:\/\/www.noticiasradioreflejos.com.ar\/2021\/bordoni-arrancamos-con-1200-pasajeros-mensuales-y-hoy-estamos-en-5500\/","og_site_name":"Noticias Radio Reflejos","article_published_time":"2023-11-02T19:48:52+00:00","article_modified_time":"2023-11-02T19:50:16+00:00","og_image":[{"width":1208,"height":568,"url":"https:\/\/www.noticiasradioreflejos.com.ar\/2021\/wp-content\/uploads\/2023\/01\/Via-51-2.jpeg","type":"image\/jpeg"}],"author":"Arnaldo Botto","twitter_card":"summary_large_image","schema":{"@context":"https:\/\/schema.org","@graph":[{"@type":"WebPage","@id":"https:\/\/www.noticiasradioreflejos.com.ar\/2021\/bordoni-arrancamos-con-1200-pasajeros-mensuales-y-hoy-estamos-en-5500\/","url":"https:\/\/www.noticiasradioreflejos.com.ar\/2021\/bordoni-arrancamos-con-1200-pasajeros-mensuales-y-hoy-estamos-en-5500\/","name":"Bordoni: \u201cArrancamos con 1200 pasajeros mensuales y hoy estamos en 5500\u201d - Noticias Radio Reflejos","isPartOf":{"@id":"https:\/\/www.noticiasradioreflejos.com.ar\/2021\/#website"},"primaryImageOfPage":{"@id":"https:\/\/www.noticiasradioreflejos.com.ar\/2021\/bordoni-arrancamos-con-1200-pasajeros-mensuales-y-hoy-estamos-en-5500\/#primaryimage"},"image":{"@id":"https:\/\/www.noticiasradioreflejos.com.ar\/2021\/bordoni-arrancamos-con-1200-pasajeros-mensuales-y-hoy-estamos-en-5500\/#primaryimage"},"thumbnailUrl":"https:\/\/www.noticiasradioreflejos.com.ar\/2021\/wp-content\/uploads\/2023\/01\/Via-51-2.jpeg","datePublished":"2023-11-02T19:48:52+00:00","dateModified":"2023-11-02T19:50:16+00:00","author":{"@id":"https:\/\/www.noticiasradioreflejos.com.ar\/2021\/#\/schema\/person\/ad82545263dcc5ec0996818884fd5fb1"},"breadcrumb":{"@id":"https:\/\/www.noticiasradioreflejos.com.ar\/2021\/bordoni-arrancamos-con-1200-pasajeros-mensuales-y-hoy-estamos-en-5500\/#breadcrumb"},"inLanguage":"es","potentialAction":[{"@type":"ReadAction","target":["https:\/\/www.noticiasradioreflejos.com.ar\/2021\/bordoni-arrancamos-con-1200-pasajeros-mensuales-y-hoy-estamos-en-5500\/"]}]},{"@type":"ImageObject","inLanguage":"es","@id":"https:\/\/www.noticiasradioreflejos.com.ar\/2021\/bordoni-arrancamos-con-1200-pasajeros-mensuales-y-hoy-estamos-en-5500\/#primaryimage","url":"https:\/\/www.noticiasradioreflejos.com.ar\/2021\/wp-content\/uploads\/2023\/01\/Via-51-2.jpeg","contentUrl":"https:\/\/www.noticiasradioreflejos.com.ar\/2021\/wp-content\/uploads\/2023\/01\/Via-51-2.jpeg","width":1208,"height":568},{"@type":"BreadcrumbList","@id":"https:\/\/www.noticiasradioreflejos.com.ar\/2021\/bordoni-arrancamos-con-1200-pasajeros-mensuales-y-hoy-estamos-en-5500\/#breadcrumb","itemListElement":[{"@type":"ListItem","position":1,"name":"Portada","item":"https:\/\/www.noticiasradioreflejos.com.ar\/2021\/"},{"@type":"ListItem","position":2,"name":"Bordoni: \u201cArrancamos con 1200 pasajeros mensuales y hoy estamos en 5500\u201d"}]},{"@type":"WebSite","@id":"https:\/\/www.noticiasradioreflejos.com.ar\/2021\/#website","url":"https:\/\/www.noticiasradioreflejos.com.ar\/2021\/","name":"Noticias Radio Reflejos","description":"Las noticias de mi comarca","potentialAction":[{"@type":"SearchAction","target":{"@type":"EntryPoint","urlTemplate":"https:\/\/www.noticiasradioreflejos.com.ar\/2021\/?s={search_term_string}"},"query-input":{"@type":"PropertyValueSpecification","valueRequired":true,"valueName":"search_term_string"}}],"inLanguage":"es"},{"@type":"Person","@id":"https:\/\/www.noticiasradioreflejos.com.ar\/2021\/#\/schema\/person\/ad82545263dcc5ec0996818884fd5fb1","name":"Arnaldo Botto","image":{"@type":"ImageObject","inLanguage":"es","@id":"https:\/\/www.noticiasradioreflejos.com.ar\/2021\/#\/schema\/person\/image\/","url":"https:\/\/secure.gravatar.com\/avatar\/55cb5e37c1efa326397366e6974cb338056df65cb50e7d64d1cf314e87504837?s=96&d=mm&r=g","contentUrl":"https:\/\/secure.gravatar.com\/avatar\/55cb5e37c1efa326397366e6974cb338056df65cb50e7d64d1cf314e87504837?s=96&d=mm&r=g","caption":"Arnaldo Botto"},"url":"https:\/\/www.noticiasradioreflejos.com.ar\/2021\/author\/arnaldo\/"}]}},"_links":{"self":[{"href":"https:\/\/www.noticiasradioreflejos.com.ar\/2021\/wp-json\/wp\/v2\/posts\/94827","targetHints":{"allow":["GET"]}}],"collection":[{"href":"https:\/\/www.noticiasradioreflejos.com.ar\/2021\/wp-json\/wp\/v2\/posts"}],"about":[{"href":"https:\/\/www.noticiasradioreflejos.com.ar\/2021\/wp-json\/wp\/v2\/types\/post"}],"author":[{"embeddable":true,"href":"https:\/\/www.noticiasradioreflejos.com.ar\/2021\/wp-json\/wp\/v2\/users\/3"}],"replies":[{"embeddable":true,"href":"https:\/\/www.noticiasradioreflejos.com.ar\/2021\/wp-json\/wp\/v2\/comments?post=94827"}],"version-history":[{"count":3,"href":"https:\/\/www.noticiasradioreflejos.com.ar\/2021\/wp-json\/wp\/v2\/posts\/94827\/revisions"}],"predecessor-version":[{"id":94847,"href":"https:\/\/www.noticiasradioreflejos.com.ar\/2021\/wp-json\/wp\/v2\/posts\/94827\/revisions\/94847"}],"wp:featuredmedia":[{"embeddable":true,"href":"https:\/\/www.noticiasradioreflejos.com.ar\/2021\/wp-json\/wp\/v2\/media\/82626"}],"wp:attachment":[{"href":"https:\/\/www.noticiasradioreflejos.com.ar\/2021\/wp-json\/wp\/v2\/media?parent=94827"}],"wp:term":[{"taxonomy":"category","embeddable":true,"href":"https:\/\/www.noticiasradioreflejos.com.ar\/2021\/wp-json\/wp\/v2\/categories?post=94827"},{"taxonomy":"post_tag","embeddable":true,"href":"https:\/\/www.noticiasradioreflejos.com.ar\/2021\/wp-json\/wp\/v2\/tags?post=94827"}],"curies":[{"name":"wp","href":"https:\/\/api.w.org\/{rel}","templated":true}]}}