{"id":94714,"date":"2023-10-31T20:12:51","date_gmt":"2023-10-31T20:12:51","guid":{"rendered":"https:\/\/www.noticiasradioreflejos.com.ar\/2021\/?p=94714"},"modified":"2023-10-31T20:13:12","modified_gmt":"2023-10-31T20:13:12","slug":"pablo-mayer-sera-un-recorrido-con-vistas-hermosas","status":"publish","type":"post","link":"https:\/\/www.noticiasradioreflejos.com.ar\/2021\/pablo-mayer-sera-un-recorrido-con-vistas-hermosas\/","title":{"rendered":"Pablo Mayer: \u201cSer\u00e1 un recorrido con vistas hermosas\u201d"},"content":{"rendered":"<p>El Director del CEF N\u00b0 195 brind\u00f3 detalles de la acci\u00f3n que llevar\u00e1n a cabo el 10 de diciembre, donde mediante una carrera de 12 kil\u00f3metros estar\u00e1n ayudando a El Junquero. \u201cEst\u00e1 definido que la carrera inicie en el Centro Cultural y termine en el espacio del colegio\u201d afirm\u00f3.<!--more--><\/p>\n<p>El director del CEF N\u00b0 195, Pablo Mayer, coment\u00f3 detalles de la actividad que llevar\u00e1n adelante en diciembre, a modo de colaboraci\u00f3n con el espacio educativo El Junquero.<\/p>\n<p>Al respecto afirm\u00f3 que \u201cla carrera ser\u00e1 el 10 de diciembre y en total ser\u00e1n 12 kil\u00f3metros. La salida ser\u00e1 desde el Centro Cultural a las 9:30 y la llegada se dar\u00e1 en el espacio de El Junquero. Comenzamos del lado de Tornquist y terminaremos en Su\u00e1rez\u201d.<\/p>\n<p>Agregando m\u00e1s informaci\u00f3n explic\u00f3 que \u201cel recorrido, si bien despu\u00e9s daremos detalles, tendr\u00e1 una vuelta por el barrio Golf y luego nos vamos al sector del barrio Pillahuinco. Es un recorrido con pendiente, todo calle de tierra, pero tiene su ingrediente que son las pendientes. Pasaremos dos veces por el arroyo El Negro\u201d.<\/p>\n<p>Sobre los motivos de este trazado sostuvo que \u201cbuscamos hacer una distancia intermedia para que aquel que es fondista, pueda bajar, y el que corra por seis u ocho, se pueda estirar, con una dificultad baja\/media. El recorrido tendr\u00e1 lindas vistas\u201d.<\/p>\n<p>Por \u00faltimo confirm\u00f3 que \u201ccon esto vamos cerrando el a\u00f1o. Estamos muy embalados. Hemos tenido apoyo de varios privados lo que nos liber\u00f3 de algunos gastos. M\u00e1s sobre la fecha iremos dando m\u00e1s detalles. La gente ya puede inscribirse en Bah\u00eda Corre, pero estamos viendo de alg\u00fan local para que la gente de ac\u00e1 se pueda anotar por otra v\u00eda\u201d.<\/p>\n<p>&nbsp;<\/p>\n<p><iframe loading=\"lazy\" src=\"https:\/\/w.soundcloud.com\/player\/?url=https%3A\/\/api.soundcloud.com\/tracks\/1653368325&amp;color=%23ff5500&amp;auto_play=false&amp;hide_related=false&amp;show_comments=true&amp;show_user=true&amp;show_reposts=false&amp;show_teaser=true\" width=\"100%\" height=\"166\" frameborder=\"no\" scrolling=\"no\"><\/iframe><\/p>\n<div style=\"font-size: 10px; color: #cccccc; line-break: anywhere; word-break: normal; overflow: hidden; white-space: nowrap; text-overflow: ellipsis; font-family: Interstate,Lucida Grande,Lucida Sans Unicode,Lucida Sans,Garuda,Verdana,Tahoma,sans-serif; font-weight: 100;\"><a style=\"color: #cccccc; text-decoration: none;\" title=\"fmreflejos 103.7\" href=\"https:\/\/soundcloud.com\/fmreflejos-103-7\" target=\"_blank\" rel=\"noopener\">fmreflejos 103.7<\/a> \u00b7 <a style=\"color: #cccccc; text-decoration: none;\" title=\"Pablo Mayer 31 - 10\" href=\"https:\/\/soundcloud.com\/fmreflejos-103-7\/pablo-mayer-31-10\" target=\"_blank\" rel=\"noopener\">Pablo Mayer 31 &#8211; 10<\/a><\/div>\n<p><a data-flickr-embed=\"true\" href=\"https:\/\/www.flickr.com\/photos\/182279889@N02\/53299887442\/in\/dateposted-public\/\" title=\"12 K sierra (3)\"><img loading=\"lazy\" decoding=\"async\" src=\"https:\/\/live.staticflickr.com\/65535\/53299887442_cfae216ab9_c.jpg\" width=\"640\" height=\"800\" alt=\"12 K sierra (3)\"\/><\/a><script async src=\"\/\/embedr.flickr.com\/assets\/client-code.js\" charset=\"utf-8\"><\/script><\/p>\n<p><a data-flickr-embed=\"true\" href=\"https:\/\/www.flickr.com\/photos\/182279889@N02\/53301227305\/in\/dateposted-public\/\" title=\"12 K sierra (1)\"><img loading=\"lazy\" decoding=\"async\" src=\"https:\/\/live.staticflickr.com\/65535\/53301227305_9f1b5c2d24_c.jpg\" width=\"640\" height=\"800\" alt=\"12 K sierra (1)\"\/><\/a><script async src=\"\/\/embedr.flickr.com\/assets\/client-code.js\" charset=\"utf-8\"><\/script><\/p>\n","protected":false},"excerpt":{"rendered":"<p>El Director del CEF N\u00b0 195 brind\u00f3 detalles de la acci\u00f3n que llevar\u00e1n a cabo el 10 de diciembre, donde mediante una carrera de 12 kil\u00f3metros estar\u00e1n ayudando a El Junquero. \u201cEst\u00e1 definido que la carrera inicie en el Centro Cultural y termine en el espacio del colegio\u201d afirm\u00f3.<\/p>\n","protected":false},"author":3,"featured_media":0,"comment_status":"closed","ping_status":"closed","sticky":false,"template":"","format":"standard","meta":{"footnotes":""},"categories":[27],"tags":[48],"class_list":["post-94714","post","type-post","status-publish","format-standard","hentry","category-deportes","tag-destacada"],"yoast_head":"<!-- This site is optimized with the Yoast SEO plugin v25.9 - https:\/\/yoast.com\/wordpress\/plugins\/seo\/ -->\n<title>Pablo Mayer: \u201cSer\u00e1 un recorrido con vistas hermosas\u201d - Noticias Radio Reflejos<\/title>\n<meta name=\"robots\" content=\"index, follow, max-snippet:-1, max-image-preview:large, max-video-preview:-1\" \/>\n<link rel=\"canonical\" href=\"https:\/\/www.noticiasradioreflejos.com.ar\/2021\/pablo-mayer-sera-un-recorrido-con-vistas-hermosas\/\" \/>\n<meta property=\"og:locale\" content=\"es_ES\" \/>\n<meta property=\"og:type\" content=\"article\" \/>\n<meta property=\"og:title\" content=\"Pablo Mayer: \u201cSer\u00e1 un recorrido con vistas hermosas\u201d - Noticias Radio Reflejos\" \/>\n<meta property=\"og:description\" content=\"El Director del CEF N\u00b0 195 brind\u00f3 detalles de la acci\u00f3n que llevar\u00e1n a cabo el 10 de diciembre, donde mediante una carrera de 12 kil\u00f3metros estar\u00e1n ayudando a El Junquero. \u201cEst\u00e1 definido que la carrera inicie en el Centro Cultural y termine en el espacio del colegio\u201d afirm\u00f3.\" \/>\n<meta property=\"og:url\" content=\"https:\/\/www.noticiasradioreflejos.com.ar\/2021\/pablo-mayer-sera-un-recorrido-con-vistas-hermosas\/\" \/>\n<meta property=\"og:site_name\" content=\"Noticias Radio Reflejos\" \/>\n<meta property=\"article:published_time\" content=\"2023-10-31T20:12:51+00:00\" \/>\n<meta property=\"article:modified_time\" content=\"2023-10-31T20:13:12+00:00\" \/>\n<meta property=\"og:image\" content=\"https:\/\/live.staticflickr.com\/65535\/53299887442_cfae216ab9_c.jpg\" \/>\n<meta name=\"author\" content=\"Arnaldo Botto\" \/>\n<meta name=\"twitter:card\" content=\"summary_large_image\" \/>\n<script type=\"application\/ld+json\" class=\"yoast-schema-graph\">{\"@context\":\"https:\/\/schema.org\",\"@graph\":[{\"@type\":\"WebPage\",\"@id\":\"https:\/\/www.noticiasradioreflejos.com.ar\/2021\/pablo-mayer-sera-un-recorrido-con-vistas-hermosas\/\",\"url\":\"https:\/\/www.noticiasradioreflejos.com.ar\/2021\/pablo-mayer-sera-un-recorrido-con-vistas-hermosas\/\",\"name\":\"Pablo Mayer: \u201cSer\u00e1 un recorrido con vistas hermosas\u201d - Noticias Radio Reflejos\",\"isPartOf\":{\"@id\":\"https:\/\/www.noticiasradioreflejos.com.ar\/2021\/#website\"},\"primaryImageOfPage\":{\"@id\":\"https:\/\/www.noticiasradioreflejos.com.ar\/2021\/pablo-mayer-sera-un-recorrido-con-vistas-hermosas\/#primaryimage\"},\"image\":{\"@id\":\"https:\/\/www.noticiasradioreflejos.com.ar\/2021\/pablo-mayer-sera-un-recorrido-con-vistas-hermosas\/#primaryimage\"},\"thumbnailUrl\":\"https:\/\/live.staticflickr.com\/65535\/53299887442_cfae216ab9_c.jpg\",\"datePublished\":\"2023-10-31T20:12:51+00:00\",\"dateModified\":\"2023-10-31T20:13:12+00:00\",\"author\":{\"@id\":\"https:\/\/www.noticiasradioreflejos.com.ar\/2021\/#\/schema\/person\/ad82545263dcc5ec0996818884fd5fb1\"},\"breadcrumb\":{\"@id\":\"https:\/\/www.noticiasradioreflejos.com.ar\/2021\/pablo-mayer-sera-un-recorrido-con-vistas-hermosas\/#breadcrumb\"},\"inLanguage\":\"es\",\"potentialAction\":[{\"@type\":\"ReadAction\",\"target\":[\"https:\/\/www.noticiasradioreflejos.com.ar\/2021\/pablo-mayer-sera-un-recorrido-con-vistas-hermosas\/\"]}]},{\"@type\":\"ImageObject\",\"inLanguage\":\"es\",\"@id\":\"https:\/\/www.noticiasradioreflejos.com.ar\/2021\/pablo-mayer-sera-un-recorrido-con-vistas-hermosas\/#primaryimage\",\"url\":\"https:\/\/live.staticflickr.com\/65535\/53299887442_cfae216ab9_c.jpg\",\"contentUrl\":\"https:\/\/live.staticflickr.com\/65535\/53299887442_cfae216ab9_c.jpg\"},{\"@type\":\"BreadcrumbList\",\"@id\":\"https:\/\/www.noticiasradioreflejos.com.ar\/2021\/pablo-mayer-sera-un-recorrido-con-vistas-hermosas\/#breadcrumb\",\"itemListElement\":[{\"@type\":\"ListItem\",\"position\":1,\"name\":\"Portada\",\"item\":\"https:\/\/www.noticiasradioreflejos.com.ar\/2021\/\"},{\"@type\":\"ListItem\",\"position\":2,\"name\":\"Pablo Mayer: \u201cSer\u00e1 un recorrido con vistas hermosas\u201d\"}]},{\"@type\":\"WebSite\",\"@id\":\"https:\/\/www.noticiasradioreflejos.com.ar\/2021\/#website\",\"url\":\"https:\/\/www.noticiasradioreflejos.com.ar\/2021\/\",\"name\":\"Noticias Radio Reflejos\",\"description\":\"Las noticias de mi comarca\",\"potentialAction\":[{\"@type\":\"SearchAction\",\"target\":{\"@type\":\"EntryPoint\",\"urlTemplate\":\"https:\/\/www.noticiasradioreflejos.com.ar\/2021\/?s={search_term_string}\"},\"query-input\":{\"@type\":\"PropertyValueSpecification\",\"valueRequired\":true,\"valueName\":\"search_term_string\"}}],\"inLanguage\":\"es\"},{\"@type\":\"Person\",\"@id\":\"https:\/\/www.noticiasradioreflejos.com.ar\/2021\/#\/schema\/person\/ad82545263dcc5ec0996818884fd5fb1\",\"name\":\"Arnaldo Botto\",\"image\":{\"@type\":\"ImageObject\",\"inLanguage\":\"es\",\"@id\":\"https:\/\/www.noticiasradioreflejos.com.ar\/2021\/#\/schema\/person\/image\/\",\"url\":\"https:\/\/secure.gravatar.com\/avatar\/55cb5e37c1efa326397366e6974cb338056df65cb50e7d64d1cf314e87504837?s=96&d=mm&r=g\",\"contentUrl\":\"https:\/\/secure.gravatar.com\/avatar\/55cb5e37c1efa326397366e6974cb338056df65cb50e7d64d1cf314e87504837?s=96&d=mm&r=g\",\"caption\":\"Arnaldo Botto\"},\"url\":\"https:\/\/www.noticiasradioreflejos.com.ar\/2021\/author\/arnaldo\/\"}]}<\/script>\n<!-- \/ Yoast SEO plugin. -->","yoast_head_json":{"title":"Pablo Mayer: \u201cSer\u00e1 un recorrido con vistas hermosas\u201d - Noticias Radio Reflejos","robots":{"index":"index","follow":"follow","max-snippet":"max-snippet:-1","max-image-preview":"max-image-preview:large","max-video-preview":"max-video-preview:-1"},"canonical":"https:\/\/www.noticiasradioreflejos.com.ar\/2021\/pablo-mayer-sera-un-recorrido-con-vistas-hermosas\/","og_locale":"es_ES","og_type":"article","og_title":"Pablo Mayer: \u201cSer\u00e1 un recorrido con vistas hermosas\u201d - Noticias Radio Reflejos","og_description":"El Director del CEF N\u00b0 195 brind\u00f3 detalles de la acci\u00f3n que llevar\u00e1n a cabo el 10 de diciembre, donde mediante una carrera de 12 kil\u00f3metros estar\u00e1n ayudando a El Junquero. \u201cEst\u00e1 definido que la carrera inicie en el Centro Cultural y termine en el espacio del colegio\u201d afirm\u00f3.","og_url":"https:\/\/www.noticiasradioreflejos.com.ar\/2021\/pablo-mayer-sera-un-recorrido-con-vistas-hermosas\/","og_site_name":"Noticias Radio Reflejos","article_published_time":"2023-10-31T20:12:51+00:00","article_modified_time":"2023-10-31T20:13:12+00:00","og_image":[{"url":"https:\/\/live.staticflickr.com\/65535\/53299887442_cfae216ab9_c.jpg","type":"","width":"","height":""}],"author":"Arnaldo Botto","twitter_card":"summary_large_image","schema":{"@context":"https:\/\/schema.org","@graph":[{"@type":"WebPage","@id":"https:\/\/www.noticiasradioreflejos.com.ar\/2021\/pablo-mayer-sera-un-recorrido-con-vistas-hermosas\/","url":"https:\/\/www.noticiasradioreflejos.com.ar\/2021\/pablo-mayer-sera-un-recorrido-con-vistas-hermosas\/","name":"Pablo Mayer: \u201cSer\u00e1 un recorrido con vistas hermosas\u201d - Noticias Radio Reflejos","isPartOf":{"@id":"https:\/\/www.noticiasradioreflejos.com.ar\/2021\/#website"},"primaryImageOfPage":{"@id":"https:\/\/www.noticiasradioreflejos.com.ar\/2021\/pablo-mayer-sera-un-recorrido-con-vistas-hermosas\/#primaryimage"},"image":{"@id":"https:\/\/www.noticiasradioreflejos.com.ar\/2021\/pablo-mayer-sera-un-recorrido-con-vistas-hermosas\/#primaryimage"},"thumbnailUrl":"https:\/\/live.staticflickr.com\/65535\/53299887442_cfae216ab9_c.jpg","datePublished":"2023-10-31T20:12:51+00:00","dateModified":"2023-10-31T20:13:12+00:00","author":{"@id":"https:\/\/www.noticiasradioreflejos.com.ar\/2021\/#\/schema\/person\/ad82545263dcc5ec0996818884fd5fb1"},"breadcrumb":{"@id":"https:\/\/www.noticiasradioreflejos.com.ar\/2021\/pablo-mayer-sera-un-recorrido-con-vistas-hermosas\/#breadcrumb"},"inLanguage":"es","potentialAction":[{"@type":"ReadAction","target":["https:\/\/www.noticiasradioreflejos.com.ar\/2021\/pablo-mayer-sera-un-recorrido-con-vistas-hermosas\/"]}]},{"@type":"ImageObject","inLanguage":"es","@id":"https:\/\/www.noticiasradioreflejos.com.ar\/2021\/pablo-mayer-sera-un-recorrido-con-vistas-hermosas\/#primaryimage","url":"https:\/\/live.staticflickr.com\/65535\/53299887442_cfae216ab9_c.jpg","contentUrl":"https:\/\/live.staticflickr.com\/65535\/53299887442_cfae216ab9_c.jpg"},{"@type":"BreadcrumbList","@id":"https:\/\/www.noticiasradioreflejos.com.ar\/2021\/pablo-mayer-sera-un-recorrido-con-vistas-hermosas\/#breadcrumb","itemListElement":[{"@type":"ListItem","position":1,"name":"Portada","item":"https:\/\/www.noticiasradioreflejos.com.ar\/2021\/"},{"@type":"ListItem","position":2,"name":"Pablo Mayer: \u201cSer\u00e1 un recorrido con vistas hermosas\u201d"}]},{"@type":"WebSite","@id":"https:\/\/www.noticiasradioreflejos.com.ar\/2021\/#website","url":"https:\/\/www.noticiasradioreflejos.com.ar\/2021\/","name":"Noticias Radio Reflejos","description":"Las noticias de mi comarca","potentialAction":[{"@type":"SearchAction","target":{"@type":"EntryPoint","urlTemplate":"https:\/\/www.noticiasradioreflejos.com.ar\/2021\/?s={search_term_string}"},"query-input":{"@type":"PropertyValueSpecification","valueRequired":true,"valueName":"search_term_string"}}],"inLanguage":"es"},{"@type":"Person","@id":"https:\/\/www.noticiasradioreflejos.com.ar\/2021\/#\/schema\/person\/ad82545263dcc5ec0996818884fd5fb1","name":"Arnaldo Botto","image":{"@type":"ImageObject","inLanguage":"es","@id":"https:\/\/www.noticiasradioreflejos.com.ar\/2021\/#\/schema\/person\/image\/","url":"https:\/\/secure.gravatar.com\/avatar\/55cb5e37c1efa326397366e6974cb338056df65cb50e7d64d1cf314e87504837?s=96&d=mm&r=g","contentUrl":"https:\/\/secure.gravatar.com\/avatar\/55cb5e37c1efa326397366e6974cb338056df65cb50e7d64d1cf314e87504837?s=96&d=mm&r=g","caption":"Arnaldo Botto"},"url":"https:\/\/www.noticiasradioreflejos.com.ar\/2021\/author\/arnaldo\/"}]}},"_links":{"self":[{"href":"https:\/\/www.noticiasradioreflejos.com.ar\/2021\/wp-json\/wp\/v2\/posts\/94714","targetHints":{"allow":["GET"]}}],"collection":[{"href":"https:\/\/www.noticiasradioreflejos.com.ar\/2021\/wp-json\/wp\/v2\/posts"}],"about":[{"href":"https:\/\/www.noticiasradioreflejos.com.ar\/2021\/wp-json\/wp\/v2\/types\/post"}],"author":[{"embeddable":true,"href":"https:\/\/www.noticiasradioreflejos.com.ar\/2021\/wp-json\/wp\/v2\/users\/3"}],"replies":[{"embeddable":true,"href":"https:\/\/www.noticiasradioreflejos.com.ar\/2021\/wp-json\/wp\/v2\/comments?post=94714"}],"version-history":[{"count":2,"href":"https:\/\/www.noticiasradioreflejos.com.ar\/2021\/wp-json\/wp\/v2\/posts\/94714\/revisions"}],"predecessor-version":[{"id":94723,"href":"https:\/\/www.noticiasradioreflejos.com.ar\/2021\/wp-json\/wp\/v2\/posts\/94714\/revisions\/94723"}],"wp:attachment":[{"href":"https:\/\/www.noticiasradioreflejos.com.ar\/2021\/wp-json\/wp\/v2\/media?parent=94714"}],"wp:term":[{"taxonomy":"category","embeddable":true,"href":"https:\/\/www.noticiasradioreflejos.com.ar\/2021\/wp-json\/wp\/v2\/categories?post=94714"},{"taxonomy":"post_tag","embeddable":true,"href":"https:\/\/www.noticiasradioreflejos.com.ar\/2021\/wp-json\/wp\/v2\/tags?post=94714"}],"curies":[{"name":"wp","href":"https:\/\/api.w.org\/{rel}","templated":true}]}}