{"id":94711,"date":"2023-10-31T20:05:05","date_gmt":"2023-10-31T20:05:05","guid":{"rendered":"https:\/\/www.noticiasradioreflejos.com.ar\/2021\/?p=94711"},"modified":"2023-10-31T20:09:05","modified_gmt":"2023-10-31T20:09:05","slug":"que-elemento-ayurvedico-te-corresponde","status":"publish","type":"post","link":"https:\/\/www.noticiasradioreflejos.com.ar\/2021\/que-elemento-ayurvedico-te-corresponde\/","title":{"rendered":"Qu\u00e9 elemento ayurv\u00e9dico te corresponde"},"content":{"rendered":"<p>La especialista en medicina natural, Anabella Botto, explic\u00f3 de qu\u00e9 manera cada individuo tiene predominancia en alguno de los cinco elementos que compone esta medicina ancestral<!--more--><\/p>\n<p>En una nueva entrega de su espacio de medicina natural, la especialista Anabella Botto brind\u00f3 un breve resumen de las cuestiones que expresan el elemento predominante en cada una de las personas, seg\u00fan la ayurveda.<\/p>\n<p>En esa l\u00ednea afirm\u00f3 que \u201ccuando una persona tiene predominancia de acuerdo a c\u00f3mo los agrupa la ayurveda. Si se nuclea en fuego o agua, en lo emocional tiende a ser m\u00e1s irritable, competitiva y en\u00e9rgica. Tiene mayor resistencia y una buena funci\u00f3n digestiva, aunque en verano esta persona tender\u00e1 a ser m\u00e1s col\u00e9rica, o en su piel puede manifestar s\u00edntomas como erupciones\u201d.<\/p>\n<p>Al mismo tiempo reconoci\u00f3 que \u201cen cuanto a la actividad f\u00edsica, los deportes individuales y de resistencia le van muy bien, porque por un lado necesita descargar, y al ser tan competitiva, es preferible deportes que la hagan ir hacia adentro, como la nataci\u00f3n, un yoga de fuerza o salir a correr\u201d.<\/p>\n<p>Por su parte, \u201cs\u00ed tiene predominancia en aire o \u00e9ter, tienden a ser delgadas y parecen que van flotando. Son inquietos, activos, tienden a dispersarse en varias actividades y pierden el foco f\u00e1cilmente. Tienen fuerza pero poca resistencia. El fr\u00edo y el viento los desequilibran. Hay que prestar atenci\u00f3n al clima\u201d.<\/p>\n<p>Completando esta s\u00edntesis admiti\u00f3 que \u201clas personas con m\u00e1s tierra y agua, tienden a ser m\u00e1s sedentarias. Si no son corpulentas, tenemos que pensar en personas armoniosas. Para ellos es necesario buscar actividades que los muevan, que los saquen del letargo. Hay que buscar situaciones que los energicen y los saquen del sedentarismo\u201d.<\/p>\n<p>Por \u00faltimo reconoci\u00f3 que \u201ctodos tenemos m\u00e1s de una de estas caracter\u00edsticas y forman parte de nuestra constituci\u00f3n metab\u00f3lica y est\u00e1n influidas fuertemente por la edad, las estaciones del a\u00f1o, el momento de vida que est\u00e1 atravesando, el clima y el lugar donde viven\u201d.<\/p>\n<p>&nbsp;<\/p>\n<p><iframe loading=\"lazy\" src=\"https:\/\/w.soundcloud.com\/player\/?url=https%3A\/\/api.soundcloud.com\/tracks\/1652680458&amp;color=%23ff5500&amp;auto_play=false&amp;hide_related=false&amp;show_comments=true&amp;show_user=true&amp;show_reposts=false&amp;show_teaser=true\" width=\"100%\" height=\"166\" frameborder=\"no\" scrolling=\"no\"><\/iframe><\/p>\n<div style=\"font-size: 10px; color: #cccccc; line-break: anywhere; word-break: normal; overflow: hidden; white-space: nowrap; text-overflow: ellipsis; font-family: Interstate,Lucida Grande,Lucida Sans Unicode,Lucida Sans,Garuda,Verdana,Tahoma,sans-serif; font-weight: 100;\"><a style=\"color: #cccccc; text-decoration: none;\" title=\"fmreflejos 103.7\" href=\"https:\/\/soundcloud.com\/fmreflejos-103-7\" target=\"_blank\" rel=\"noopener\">fmreflejos 103.7<\/a> \u00b7 <a style=\"color: #cccccc; text-decoration: none;\" title=\"De qu\u00e9 se trata tener un diagn\u00f3stico ayur 30-10\" href=\"https:\/\/soundcloud.com\/fmreflejos-103-7\/de-que-se-trata-tener-un-diagnostico-ayur-30-10\" target=\"_blank\" rel=\"noopener\">De qu\u00e9 se trata tener un diagn\u00f3stico ayur 30-10<\/a><\/div>\n","protected":false},"excerpt":{"rendered":"<p>La especialista en medicina natural, Anabella Botto, explic\u00f3 de qu\u00e9 manera cada individuo tiene predominancia en alguno de los cinco elementos que compone esta medicina ancestral<\/p>\n","protected":false},"author":3,"featured_media":94720,"comment_status":"closed","ping_status":"closed","sticky":false,"template":"","format":"standard","meta":{"footnotes":""},"categories":[30,26],"tags":[48],"class_list":["post-94711","post","type-post","status-publish","format-standard","has-post-thumbnail","hentry","category-salud","category-sociedad","tag-destacada"],"yoast_head":"<!-- This site is optimized with the Yoast SEO plugin v25.9 - https:\/\/yoast.com\/wordpress\/plugins\/seo\/ -->\n<title>Qu\u00e9 elemento ayurv\u00e9dico te corresponde - Noticias Radio Reflejos<\/title>\n<meta name=\"robots\" content=\"index, follow, max-snippet:-1, max-image-preview:large, max-video-preview:-1\" \/>\n<link rel=\"canonical\" href=\"https:\/\/www.noticiasradioreflejos.com.ar\/2021\/que-elemento-ayurvedico-te-corresponde\/\" \/>\n<meta property=\"og:locale\" content=\"es_ES\" \/>\n<meta property=\"og:type\" content=\"article\" \/>\n<meta property=\"og:title\" content=\"Qu\u00e9 elemento ayurv\u00e9dico te corresponde - Noticias Radio Reflejos\" \/>\n<meta property=\"og:description\" content=\"La especialista en medicina natural, Anabella Botto, explic\u00f3 de qu\u00e9 manera cada individuo tiene predominancia en alguno de los cinco elementos que compone esta medicina ancestral\" \/>\n<meta property=\"og:url\" content=\"https:\/\/www.noticiasradioreflejos.com.ar\/2021\/que-elemento-ayurvedico-te-corresponde\/\" \/>\n<meta property=\"og:site_name\" content=\"Noticias Radio Reflejos\" \/>\n<meta property=\"article:published_time\" content=\"2023-10-31T20:05:05+00:00\" \/>\n<meta property=\"article:modified_time\" content=\"2023-10-31T20:09:05+00:00\" \/>\n<meta property=\"og:image\" content=\"https:\/\/www.noticiasradioreflejos.com.ar\/2021\/wp-content\/uploads\/2023\/10\/2.jpg\" \/>\n\t<meta property=\"og:image:width\" content=\"1080\" \/>\n\t<meta property=\"og:image:height\" content=\"1920\" \/>\n\t<meta property=\"og:image:type\" content=\"image\/jpeg\" \/>\n<meta name=\"author\" content=\"Arnaldo Botto\" \/>\n<meta name=\"twitter:card\" content=\"summary_large_image\" \/>\n<script type=\"application\/ld+json\" class=\"yoast-schema-graph\">{\"@context\":\"https:\/\/schema.org\",\"@graph\":[{\"@type\":\"WebPage\",\"@id\":\"https:\/\/www.noticiasradioreflejos.com.ar\/2021\/que-elemento-ayurvedico-te-corresponde\/\",\"url\":\"https:\/\/www.noticiasradioreflejos.com.ar\/2021\/que-elemento-ayurvedico-te-corresponde\/\",\"name\":\"Qu\u00e9 elemento ayurv\u00e9dico te corresponde - Noticias Radio Reflejos\",\"isPartOf\":{\"@id\":\"https:\/\/www.noticiasradioreflejos.com.ar\/2021\/#website\"},\"primaryImageOfPage\":{\"@id\":\"https:\/\/www.noticiasradioreflejos.com.ar\/2021\/que-elemento-ayurvedico-te-corresponde\/#primaryimage\"},\"image\":{\"@id\":\"https:\/\/www.noticiasradioreflejos.com.ar\/2021\/que-elemento-ayurvedico-te-corresponde\/#primaryimage\"},\"thumbnailUrl\":\"https:\/\/www.noticiasradioreflejos.com.ar\/2021\/wp-content\/uploads\/2023\/10\/2.jpg\",\"datePublished\":\"2023-10-31T20:05:05+00:00\",\"dateModified\":\"2023-10-31T20:09:05+00:00\",\"author\":{\"@id\":\"https:\/\/www.noticiasradioreflejos.com.ar\/2021\/#\/schema\/person\/ad82545263dcc5ec0996818884fd5fb1\"},\"breadcrumb\":{\"@id\":\"https:\/\/www.noticiasradioreflejos.com.ar\/2021\/que-elemento-ayurvedico-te-corresponde\/#breadcrumb\"},\"inLanguage\":\"es\",\"potentialAction\":[{\"@type\":\"ReadAction\",\"target\":[\"https:\/\/www.noticiasradioreflejos.com.ar\/2021\/que-elemento-ayurvedico-te-corresponde\/\"]}]},{\"@type\":\"ImageObject\",\"inLanguage\":\"es\",\"@id\":\"https:\/\/www.noticiasradioreflejos.com.ar\/2021\/que-elemento-ayurvedico-te-corresponde\/#primaryimage\",\"url\":\"https:\/\/www.noticiasradioreflejos.com.ar\/2021\/wp-content\/uploads\/2023\/10\/2.jpg\",\"contentUrl\":\"https:\/\/www.noticiasradioreflejos.com.ar\/2021\/wp-content\/uploads\/2023\/10\/2.jpg\",\"width\":1080,\"height\":1920},{\"@type\":\"BreadcrumbList\",\"@id\":\"https:\/\/www.noticiasradioreflejos.com.ar\/2021\/que-elemento-ayurvedico-te-corresponde\/#breadcrumb\",\"itemListElement\":[{\"@type\":\"ListItem\",\"position\":1,\"name\":\"Portada\",\"item\":\"https:\/\/www.noticiasradioreflejos.com.ar\/2021\/\"},{\"@type\":\"ListItem\",\"position\":2,\"name\":\"Qu\u00e9 elemento ayurv\u00e9dico te corresponde\"}]},{\"@type\":\"WebSite\",\"@id\":\"https:\/\/www.noticiasradioreflejos.com.ar\/2021\/#website\",\"url\":\"https:\/\/www.noticiasradioreflejos.com.ar\/2021\/\",\"name\":\"Noticias Radio Reflejos\",\"description\":\"Las noticias de mi comarca\",\"potentialAction\":[{\"@type\":\"SearchAction\",\"target\":{\"@type\":\"EntryPoint\",\"urlTemplate\":\"https:\/\/www.noticiasradioreflejos.com.ar\/2021\/?s={search_term_string}\"},\"query-input\":{\"@type\":\"PropertyValueSpecification\",\"valueRequired\":true,\"valueName\":\"search_term_string\"}}],\"inLanguage\":\"es\"},{\"@type\":\"Person\",\"@id\":\"https:\/\/www.noticiasradioreflejos.com.ar\/2021\/#\/schema\/person\/ad82545263dcc5ec0996818884fd5fb1\",\"name\":\"Arnaldo Botto\",\"image\":{\"@type\":\"ImageObject\",\"inLanguage\":\"es\",\"@id\":\"https:\/\/www.noticiasradioreflejos.com.ar\/2021\/#\/schema\/person\/image\/\",\"url\":\"https:\/\/secure.gravatar.com\/avatar\/55cb5e37c1efa326397366e6974cb338056df65cb50e7d64d1cf314e87504837?s=96&d=mm&r=g\",\"contentUrl\":\"https:\/\/secure.gravatar.com\/avatar\/55cb5e37c1efa326397366e6974cb338056df65cb50e7d64d1cf314e87504837?s=96&d=mm&r=g\",\"caption\":\"Arnaldo Botto\"},\"url\":\"https:\/\/www.noticiasradioreflejos.com.ar\/2021\/author\/arnaldo\/\"}]}<\/script>\n<!-- \/ Yoast SEO plugin. -->","yoast_head_json":{"title":"Qu\u00e9 elemento ayurv\u00e9dico te corresponde - Noticias Radio Reflejos","robots":{"index":"index","follow":"follow","max-snippet":"max-snippet:-1","max-image-preview":"max-image-preview:large","max-video-preview":"max-video-preview:-1"},"canonical":"https:\/\/www.noticiasradioreflejos.com.ar\/2021\/que-elemento-ayurvedico-te-corresponde\/","og_locale":"es_ES","og_type":"article","og_title":"Qu\u00e9 elemento ayurv\u00e9dico te corresponde - Noticias Radio Reflejos","og_description":"La especialista en medicina natural, Anabella Botto, explic\u00f3 de qu\u00e9 manera cada individuo tiene predominancia en alguno de los cinco elementos que compone esta medicina ancestral","og_url":"https:\/\/www.noticiasradioreflejos.com.ar\/2021\/que-elemento-ayurvedico-te-corresponde\/","og_site_name":"Noticias Radio Reflejos","article_published_time":"2023-10-31T20:05:05+00:00","article_modified_time":"2023-10-31T20:09:05+00:00","og_image":[{"width":1080,"height":1920,"url":"https:\/\/www.noticiasradioreflejos.com.ar\/2021\/wp-content\/uploads\/2023\/10\/2.jpg","type":"image\/jpeg"}],"author":"Arnaldo Botto","twitter_card":"summary_large_image","schema":{"@context":"https:\/\/schema.org","@graph":[{"@type":"WebPage","@id":"https:\/\/www.noticiasradioreflejos.com.ar\/2021\/que-elemento-ayurvedico-te-corresponde\/","url":"https:\/\/www.noticiasradioreflejos.com.ar\/2021\/que-elemento-ayurvedico-te-corresponde\/","name":"Qu\u00e9 elemento ayurv\u00e9dico te corresponde - Noticias Radio Reflejos","isPartOf":{"@id":"https:\/\/www.noticiasradioreflejos.com.ar\/2021\/#website"},"primaryImageOfPage":{"@id":"https:\/\/www.noticiasradioreflejos.com.ar\/2021\/que-elemento-ayurvedico-te-corresponde\/#primaryimage"},"image":{"@id":"https:\/\/www.noticiasradioreflejos.com.ar\/2021\/que-elemento-ayurvedico-te-corresponde\/#primaryimage"},"thumbnailUrl":"https:\/\/www.noticiasradioreflejos.com.ar\/2021\/wp-content\/uploads\/2023\/10\/2.jpg","datePublished":"2023-10-31T20:05:05+00:00","dateModified":"2023-10-31T20:09:05+00:00","author":{"@id":"https:\/\/www.noticiasradioreflejos.com.ar\/2021\/#\/schema\/person\/ad82545263dcc5ec0996818884fd5fb1"},"breadcrumb":{"@id":"https:\/\/www.noticiasradioreflejos.com.ar\/2021\/que-elemento-ayurvedico-te-corresponde\/#breadcrumb"},"inLanguage":"es","potentialAction":[{"@type":"ReadAction","target":["https:\/\/www.noticiasradioreflejos.com.ar\/2021\/que-elemento-ayurvedico-te-corresponde\/"]}]},{"@type":"ImageObject","inLanguage":"es","@id":"https:\/\/www.noticiasradioreflejos.com.ar\/2021\/que-elemento-ayurvedico-te-corresponde\/#primaryimage","url":"https:\/\/www.noticiasradioreflejos.com.ar\/2021\/wp-content\/uploads\/2023\/10\/2.jpg","contentUrl":"https:\/\/www.noticiasradioreflejos.com.ar\/2021\/wp-content\/uploads\/2023\/10\/2.jpg","width":1080,"height":1920},{"@type":"BreadcrumbList","@id":"https:\/\/www.noticiasradioreflejos.com.ar\/2021\/que-elemento-ayurvedico-te-corresponde\/#breadcrumb","itemListElement":[{"@type":"ListItem","position":1,"name":"Portada","item":"https:\/\/www.noticiasradioreflejos.com.ar\/2021\/"},{"@type":"ListItem","position":2,"name":"Qu\u00e9 elemento ayurv\u00e9dico te corresponde"}]},{"@type":"WebSite","@id":"https:\/\/www.noticiasradioreflejos.com.ar\/2021\/#website","url":"https:\/\/www.noticiasradioreflejos.com.ar\/2021\/","name":"Noticias Radio Reflejos","description":"Las noticias de mi comarca","potentialAction":[{"@type":"SearchAction","target":{"@type":"EntryPoint","urlTemplate":"https:\/\/www.noticiasradioreflejos.com.ar\/2021\/?s={search_term_string}"},"query-input":{"@type":"PropertyValueSpecification","valueRequired":true,"valueName":"search_term_string"}}],"inLanguage":"es"},{"@type":"Person","@id":"https:\/\/www.noticiasradioreflejos.com.ar\/2021\/#\/schema\/person\/ad82545263dcc5ec0996818884fd5fb1","name":"Arnaldo Botto","image":{"@type":"ImageObject","inLanguage":"es","@id":"https:\/\/www.noticiasradioreflejos.com.ar\/2021\/#\/schema\/person\/image\/","url":"https:\/\/secure.gravatar.com\/avatar\/55cb5e37c1efa326397366e6974cb338056df65cb50e7d64d1cf314e87504837?s=96&d=mm&r=g","contentUrl":"https:\/\/secure.gravatar.com\/avatar\/55cb5e37c1efa326397366e6974cb338056df65cb50e7d64d1cf314e87504837?s=96&d=mm&r=g","caption":"Arnaldo Botto"},"url":"https:\/\/www.noticiasradioreflejos.com.ar\/2021\/author\/arnaldo\/"}]}},"_links":{"self":[{"href":"https:\/\/www.noticiasradioreflejos.com.ar\/2021\/wp-json\/wp\/v2\/posts\/94711","targetHints":{"allow":["GET"]}}],"collection":[{"href":"https:\/\/www.noticiasradioreflejos.com.ar\/2021\/wp-json\/wp\/v2\/posts"}],"about":[{"href":"https:\/\/www.noticiasradioreflejos.com.ar\/2021\/wp-json\/wp\/v2\/types\/post"}],"author":[{"embeddable":true,"href":"https:\/\/www.noticiasradioreflejos.com.ar\/2021\/wp-json\/wp\/v2\/users\/3"}],"replies":[{"embeddable":true,"href":"https:\/\/www.noticiasradioreflejos.com.ar\/2021\/wp-json\/wp\/v2\/comments?post=94711"}],"version-history":[{"count":2,"href":"https:\/\/www.noticiasradioreflejos.com.ar\/2021\/wp-json\/wp\/v2\/posts\/94711\/revisions"}],"predecessor-version":[{"id":94721,"href":"https:\/\/www.noticiasradioreflejos.com.ar\/2021\/wp-json\/wp\/v2\/posts\/94711\/revisions\/94721"}],"wp:featuredmedia":[{"embeddable":true,"href":"https:\/\/www.noticiasradioreflejos.com.ar\/2021\/wp-json\/wp\/v2\/media\/94720"}],"wp:attachment":[{"href":"https:\/\/www.noticiasradioreflejos.com.ar\/2021\/wp-json\/wp\/v2\/media?parent=94711"}],"wp:term":[{"taxonomy":"category","embeddable":true,"href":"https:\/\/www.noticiasradioreflejos.com.ar\/2021\/wp-json\/wp\/v2\/categories?post=94711"},{"taxonomy":"post_tag","embeddable":true,"href":"https:\/\/www.noticiasradioreflejos.com.ar\/2021\/wp-json\/wp\/v2\/tags?post=94711"}],"curies":[{"name":"wp","href":"https:\/\/api.w.org\/{rel}","templated":true}]}}