{"id":9470,"date":"2017-04-26T10:38:02","date_gmt":"2017-04-26T13:38:02","guid":{"rendered":"http:\/\/noticiasradioreflejos.com.ar\/noticias\/?p=9470"},"modified":"2017-04-26T10:38:02","modified_gmt":"2017-04-26T13:38:02","slug":"informe-sesion-autoconvocada-en-el-concejo-deliberante-de-tornquist","status":"publish","type":"post","link":"https:\/\/www.noticiasradioreflejos.com.ar\/2021\/informe-sesion-autoconvocada-en-el-concejo-deliberante-de-tornquist\/","title":{"rendered":"Informe Sesi\u00f3n Autoconvocada en el Concejo Deliberante de Tornquist."},"content":{"rendered":"<p>El martes 25 de abril, los Ediles resolvieron autoconvocarse en Sesi\u00f3n Extraordinaria, seg\u00fan las facultades otorgadas por el Art\u00edculo 68\u00ba inciso 5 de la Ley Org\u00e1nica de las Municipalidades para tratar los siguientes Expedientes:<br \/>\nExpte. N\u00ba 104\/17: \u201cD.E. \u2013 Eximici\u00f3n de Tasas por Servicios P\u00fablicos Urbanos y Servicios Sanitarios a Jubilados y Pensionados\u201d.<!--more--><br \/>\nSe aprueba por unanimidad la Ordenanza N\u00ba 2947\/17 por la que se exime del setenta por ciento (70%) de la Tasa por Servicio P\u00fablico Urbano a los contribuyentes que cumplan con lo establecido en la presente norma.-<br \/>\nSe exime el cien por cien (100%) de la Tasa por Servicio Sanitario a los contribuyentes que cumplan con lo establecido en la presente norma, hasta un consumo m\u00e1ximo de 15 metros c\u00fabicos mensuales, seg\u00fan lo establecido en el Cap\u00edtulo 8 Art\u00edculo 61 del C\u00f3digo Tributario Municipal vigente.-<br \/>\nPara gozar de los beneficios establecidos en los art\u00edculos anteriores, se deber\u00e1n cumplir con los siguientes requisitos m\u00ednimos:<br \/>\na) Ser jubilado o pensionado, y en el caso de aquellas personas que no cumplen con esta condici\u00f3n, ser mayor de sesenta (60) a\u00f1os;<br \/>\nb) Ser propietario de una \u00fanica vivienda de car\u00e1cter familiar y ocuparla de manera permanente. La misma no debe rendir rentas en concepto de alquileres, ni estar destinada a otra funci\u00f3n que no sea vivienda del peticionario;<br \/>\nc) La suma de los ingresos de cualquier car\u00e1cter que posean el peticionario y su grupo familiar conviviente, no puede superar dos (2) veces el valor del Salario M\u00ednimo Vital y M\u00f3vil vigente a la fecha de sanci\u00f3n de la presente Ordenanza;<br \/>\nd) Acreditar la propiedad del inmueble con el T\u00edtulo debidamente inscripto en el Registro de la Propiedad o Boleto de Compra Venta, o bien escritura simple en el caso de usufructo. Cuando el inmueble se encuentre catalogado como bald\u00edo en los registros municipales, se debe demostrar la efectiva ocupaci\u00f3n del mismo mediante Certificado de Domicilio expedido por la autoridad correspondiente;<br \/>\ne) En el caso de no ser propietario y que el inmueble se encuentre habitado en locaci\u00f3n o comodato, poseer el contrato correspondiente avalando tal condici\u00f3n y debidamente sellado, donde se exprese que la tasa por la cual se solicita la exenci\u00f3n ser\u00e1 abonada por el locatario;<br \/>\nf) Poseer efectivizado el pago de las Tasas Municipales por Servicio P\u00fablico Urbano, Tasa de Salud y Servicio Sanitario que adeude el inmueble, en forma parcial o total, hasta el a\u00f1o inmediato anterior inclusive a la sanci\u00f3n de la presente o presentar Convenio de Pago vigente.-<br \/>\nFaculta a la Secretar\u00eda de Acci\u00f3n Social a determinar mediante estudio socio-econ\u00f3mico la necesidad real del contribuyente que, encuadr\u00e1ndose dentro de esta norma no cumpla con lo estipulado, para establecer su acogimiento a los beneficios que otorga la presente.-<br \/>\nAquellos peticionarios que se encuadren dentro de los requisitos, pero no cumplan con lo solicitado en el inciso f) del mismo, podr\u00e1n regularizar la situaci\u00f3n a trav\u00e9s de Convenios, cuyas cuotas devengar\u00e1n del inter\u00e9s vigente para los planes de facilidades de pago, de acuerdo a alguna de las siguientes modalidades:<br \/>\n1.- Pago de Contado, sin inter\u00e9s ni recargo por mora.<br \/>\n2.- Pago hasta tres (3) cuotas iguales, mensuales y consecutivas, sin inter\u00e9s ni recargo por mora firmando un Convenio de Pago.<br \/>\n3.- A Plazo, firmando un Convenio de Pago:<br \/>\na) Hasta seis (6) seis cuotas mensuales y consecutivas, en cuyo caso se realizar\u00e1 un descuento en el importe de los intereses devengados igual al setenta por ciento (70%) de los mismos.<br \/>\nb) Hasta nueve (9) cuotas mensuales y consecutivas, en cuyo caso se realizar\u00e1 un descuento en el importe de los intereses devengados igual al cincuenta por ciento (50%) de los mismos.<br \/>\nLa presente norma tendr\u00e1 vigencia hasta el 31 de diciembre de 2017.-<br \/>\nExpte. N\u00ba 105\/17: \u201cD.E. \u2013 Eximici\u00f3n de Tasas por Servicios P\u00fablicos Urbanos y Servicios Sanitarios a Discapacitados\u201d.<br \/>\nSe aprueba por unanimidad la Ordenanza N\u00ba 2948\/17 por la que se exime del setenta por ciento (70%) de la Tasa por Servicio P\u00fablico Urbano a los contribuyentes que cumplan con lo establecido en la presente norma.-<br \/>\nExime el cien por cien (100%) de la Tasa por Servicio Sanitario a los contribuyentes que cumplan con lo establecido en la presente norma, hasta un consumo m\u00e1ximo de 15 metros c\u00fabicos mensuales.-<br \/>\nPara gozar de los beneficios establecidos los art\u00edculos anteriores, se deber\u00e1n cumplir con los siguientes requisitos m\u00ednimos:<br \/>\na) Poseer el peticionario o alg\u00fan miembro del grupo familiar conviviente, Certificado de Discapacidad \u00danico otorgado por la Junta M\u00e9dica correspondiente;<br \/>\nb) El inmueble cuya exenci\u00f3n se solicita, debe estar ocupado de manera permanente por la persona discapacitada. No debe rendir rentas en concepto de alquileres, ni estar destinado a otra funci\u00f3n que no sea vivienda familiar del peticionario;<br \/>\nc) La suma de los ingresos de cualquier car\u00e1cter que posean el peticionario y su grupo familiar conviviente, no puede superar el valor equivalente al triple del Salario M\u00ednimo Vital y M\u00f3vil vigente a la fecha de sanci\u00f3n de la presente Ordenanza;<br \/>\nd) Si el propietario del inmueble no es el titular del certificado de discapacidad, debe presentarse adem\u00e1s, la documentaci\u00f3n que acredite el v\u00ednculo familiar entre ambos;<br \/>\ne) Acreditar la propiedad del inmueble con el T\u00edtulo debidamente inscripto en el Registro de la Propiedad o Boleto de Compra Venta, o bien escritura simple en el caso de usufructo. Cuando el inmueble se encuentre catalogado como bald\u00edo en los registros municipales, se debe demostrar la efectiva ocupaci\u00f3n del mismo mediante Certificado de Domicilio expedido por la autoridad correspondiente;<br \/>\nf) En el caso de no ser propietario y que el inmueble se encuentre habitado en locaci\u00f3n o comodato, se debe poseer el contrato correspondiente avalando tal condici\u00f3n y debidamente sellado, donde se exprese que la tasa por la cual se solicita la exenci\u00f3n ser\u00e1 abonada por el locatario;<br \/>\ng) Poseer efectivizado el pago de las Tasas Municipales por Servicio P\u00fablico Urbano, Tasa de Salud y Servicio Sanitario que adeude el inmueble, en forma parcial o total, hasta el a\u00f1o inmediato anterior inclusive a la sanci\u00f3n de la presente o acreditar Convenio de Pago vigente.<br \/>\nSe faculta a la Secretar\u00eda de Acci\u00f3n Social a determinar mediante estudio socio-econ\u00f3mico la necesidad real del contribuyente que, encuadr\u00e1ndose dentro de esta norma no cumpla con lo estipulado inciso c), para establecer su acogimiento a los beneficios que otorga la presente.-<br \/>\nAquellos peticionarios que se encuadren dentro de los requisitos contemplados, pero no cumplan con lo solicitado en el inciso g) del mismo, podr\u00e1n regularizar la situaci\u00f3n a trav\u00e9s de Convenios, cuyas cuotas devengar\u00e1n del inter\u00e9s vigente para los planes de facilidades de pago, de acuerdo a alguna de las siguientes modalidades:<br \/>\n1.- Pago de Contado, sin inter\u00e9s ni recargo por mora.<br \/>\n2.- Pago hasta tres (3) cuotas iguales, mensuales y consecutivas, sin inter\u00e9s ni recargo por mora firmando un Convenio de Pago.<br \/>\n3.- A Plazo, firmando un Convenio de Pago:<br \/>\na) Hasta seis (6) seis cuotas mensuales y consecutivas, en cuyo caso se realizar\u00e1 un descuento en el importe de los intereses devengados igual al setenta por ciento (70%) de los mismos.<br \/>\nb) Hasta nueve (9) cuotas mensuales y consecutivas, en cuyo caso se realizar\u00e1 un descuento en el importe de los intereses devengados igual al cincuenta por ciento (50%) de los mismos.<br \/>\nLa presente norma tendr\u00e1 vigencia hasta el 31 de diciembre de 2017.-<br \/>\nHONORABLE CONCEJO DELIBERANTE<\/p>\n","protected":false},"excerpt":{"rendered":"<p>El martes 25 de abril, los Ediles resolvieron autoconvocarse en Sesi\u00f3n Extraordinaria, seg\u00fan las facultades otorgadas por el Art\u00edculo 68\u00ba inciso 5 de la Ley Org\u00e1nica de las Municipalidades para tratar los siguientes Expedientes: Expte. N\u00ba 104\/17: \u201cD.E. \u2013 Eximici\u00f3n de Tasas por Servicios P\u00fablicos Urbanos y Servicios Sanitarios a Jubilados y Pensionados\u201d.<\/p>\n","protected":false},"author":3,"featured_media":0,"comment_status":"closed","ping_status":"open","sticky":false,"template":"","format":"standard","meta":{"footnotes":""},"categories":[28],"tags":[],"class_list":["post-9470","post","type-post","status-publish","format-standard","hentry","category-municipales"],"yoast_head":"<!-- This site is optimized with the Yoast SEO plugin v25.9 - https:\/\/yoast.com\/wordpress\/plugins\/seo\/ -->\n<title>Informe Sesi\u00f3n Autoconvocada en el Concejo Deliberante de Tornquist. - Noticias Radio Reflejos<\/title>\n<meta name=\"robots\" content=\"index, follow, max-snippet:-1, max-image-preview:large, max-video-preview:-1\" \/>\n<link rel=\"canonical\" href=\"https:\/\/www.noticiasradioreflejos.com.ar\/2021\/informe-sesion-autoconvocada-en-el-concejo-deliberante-de-tornquist\/\" \/>\n<meta property=\"og:locale\" content=\"es_ES\" \/>\n<meta property=\"og:type\" content=\"article\" \/>\n<meta property=\"og:title\" content=\"Informe Sesi\u00f3n Autoconvocada en el Concejo Deliberante de Tornquist. - Noticias Radio Reflejos\" \/>\n<meta property=\"og:description\" content=\"El martes 25 de abril, los Ediles resolvieron autoconvocarse en Sesi\u00f3n Extraordinaria, seg\u00fan las facultades otorgadas por el Art\u00edculo 68\u00ba inciso 5 de la Ley Org\u00e1nica de las Municipalidades para tratar los siguientes Expedientes: Expte. N\u00ba 104\/17: \u201cD.E. \u2013 Eximici\u00f3n de Tasas por Servicios P\u00fablicos Urbanos y Servicios Sanitarios a Jubilados y Pensionados\u201d.\" \/>\n<meta property=\"og:url\" content=\"https:\/\/www.noticiasradioreflejos.com.ar\/2021\/informe-sesion-autoconvocada-en-el-concejo-deliberante-de-tornquist\/\" \/>\n<meta property=\"og:site_name\" content=\"Noticias Radio Reflejos\" \/>\n<meta property=\"article:published_time\" content=\"2017-04-26T13:38:02+00:00\" \/>\n<meta property=\"og:image\" content=\"https:\/\/www.noticiasradioreflejos.com.ar\/2021\/wp-content\/uploads\/2021\/07\/logosol300x200.png\" \/>\n\t<meta property=\"og:image:width\" content=\"300\" \/>\n\t<meta property=\"og:image:height\" content=\"200\" \/>\n\t<meta property=\"og:image:type\" content=\"image\/png\" \/>\n<meta name=\"author\" content=\"Arnaldo Botto\" \/>\n<meta name=\"twitter:card\" content=\"summary_large_image\" \/>\n<script type=\"application\/ld+json\" class=\"yoast-schema-graph\">{\"@context\":\"https:\/\/schema.org\",\"@graph\":[{\"@type\":\"WebPage\",\"@id\":\"https:\/\/www.noticiasradioreflejos.com.ar\/2021\/informe-sesion-autoconvocada-en-el-concejo-deliberante-de-tornquist\/\",\"url\":\"https:\/\/www.noticiasradioreflejos.com.ar\/2021\/informe-sesion-autoconvocada-en-el-concejo-deliberante-de-tornquist\/\",\"name\":\"Informe Sesi\u00f3n Autoconvocada en el Concejo Deliberante de Tornquist. - Noticias Radio Reflejos\",\"isPartOf\":{\"@id\":\"https:\/\/www.noticiasradioreflejos.com.ar\/2021\/#website\"},\"datePublished\":\"2017-04-26T13:38:02+00:00\",\"author\":{\"@id\":\"https:\/\/www.noticiasradioreflejos.com.ar\/2021\/#\/schema\/person\/ad82545263dcc5ec0996818884fd5fb1\"},\"breadcrumb\":{\"@id\":\"https:\/\/www.noticiasradioreflejos.com.ar\/2021\/informe-sesion-autoconvocada-en-el-concejo-deliberante-de-tornquist\/#breadcrumb\"},\"inLanguage\":\"es\",\"potentialAction\":[{\"@type\":\"ReadAction\",\"target\":[\"https:\/\/www.noticiasradioreflejos.com.ar\/2021\/informe-sesion-autoconvocada-en-el-concejo-deliberante-de-tornquist\/\"]}]},{\"@type\":\"BreadcrumbList\",\"@id\":\"https:\/\/www.noticiasradioreflejos.com.ar\/2021\/informe-sesion-autoconvocada-en-el-concejo-deliberante-de-tornquist\/#breadcrumb\",\"itemListElement\":[{\"@type\":\"ListItem\",\"position\":1,\"name\":\"Portada\",\"item\":\"https:\/\/www.noticiasradioreflejos.com.ar\/2021\/\"},{\"@type\":\"ListItem\",\"position\":2,\"name\":\"Informe Sesi\u00f3n Autoconvocada en el Concejo Deliberante de Tornquist.\"}]},{\"@type\":\"WebSite\",\"@id\":\"https:\/\/www.noticiasradioreflejos.com.ar\/2021\/#website\",\"url\":\"https:\/\/www.noticiasradioreflejos.com.ar\/2021\/\",\"name\":\"Noticias Radio Reflejos\",\"description\":\"Las noticias de mi comarca\",\"potentialAction\":[{\"@type\":\"SearchAction\",\"target\":{\"@type\":\"EntryPoint\",\"urlTemplate\":\"https:\/\/www.noticiasradioreflejos.com.ar\/2021\/?s={search_term_string}\"},\"query-input\":{\"@type\":\"PropertyValueSpecification\",\"valueRequired\":true,\"valueName\":\"search_term_string\"}}],\"inLanguage\":\"es\"},{\"@type\":\"Person\",\"@id\":\"https:\/\/www.noticiasradioreflejos.com.ar\/2021\/#\/schema\/person\/ad82545263dcc5ec0996818884fd5fb1\",\"name\":\"Arnaldo Botto\",\"image\":{\"@type\":\"ImageObject\",\"inLanguage\":\"es\",\"@id\":\"https:\/\/www.noticiasradioreflejos.com.ar\/2021\/#\/schema\/person\/image\/\",\"url\":\"https:\/\/secure.gravatar.com\/avatar\/55cb5e37c1efa326397366e6974cb338056df65cb50e7d64d1cf314e87504837?s=96&d=mm&r=g\",\"contentUrl\":\"https:\/\/secure.gravatar.com\/avatar\/55cb5e37c1efa326397366e6974cb338056df65cb50e7d64d1cf314e87504837?s=96&d=mm&r=g\",\"caption\":\"Arnaldo Botto\"},\"url\":\"https:\/\/www.noticiasradioreflejos.com.ar\/2021\/author\/arnaldo\/\"}]}<\/script>\n<!-- \/ Yoast SEO plugin. -->","yoast_head_json":{"title":"Informe Sesi\u00f3n Autoconvocada en el Concejo Deliberante de Tornquist. - Noticias Radio Reflejos","robots":{"index":"index","follow":"follow","max-snippet":"max-snippet:-1","max-image-preview":"max-image-preview:large","max-video-preview":"max-video-preview:-1"},"canonical":"https:\/\/www.noticiasradioreflejos.com.ar\/2021\/informe-sesion-autoconvocada-en-el-concejo-deliberante-de-tornquist\/","og_locale":"es_ES","og_type":"article","og_title":"Informe Sesi\u00f3n Autoconvocada en el Concejo Deliberante de Tornquist. - Noticias Radio Reflejos","og_description":"El martes 25 de abril, los Ediles resolvieron autoconvocarse en Sesi\u00f3n Extraordinaria, seg\u00fan las facultades otorgadas por el Art\u00edculo 68\u00ba inciso 5 de la Ley Org\u00e1nica de las Municipalidades para tratar los siguientes Expedientes: Expte. N\u00ba 104\/17: \u201cD.E. \u2013 Eximici\u00f3n de Tasas por Servicios P\u00fablicos Urbanos y Servicios Sanitarios a Jubilados y Pensionados\u201d.","og_url":"https:\/\/www.noticiasradioreflejos.com.ar\/2021\/informe-sesion-autoconvocada-en-el-concejo-deliberante-de-tornquist\/","og_site_name":"Noticias Radio Reflejos","article_published_time":"2017-04-26T13:38:02+00:00","og_image":[{"width":300,"height":200,"url":"https:\/\/www.noticiasradioreflejos.com.ar\/2021\/wp-content\/uploads\/2021\/07\/logosol300x200.png","type":"image\/png"}],"author":"Arnaldo Botto","twitter_card":"summary_large_image","schema":{"@context":"https:\/\/schema.org","@graph":[{"@type":"WebPage","@id":"https:\/\/www.noticiasradioreflejos.com.ar\/2021\/informe-sesion-autoconvocada-en-el-concejo-deliberante-de-tornquist\/","url":"https:\/\/www.noticiasradioreflejos.com.ar\/2021\/informe-sesion-autoconvocada-en-el-concejo-deliberante-de-tornquist\/","name":"Informe Sesi\u00f3n Autoconvocada en el Concejo Deliberante de Tornquist. - Noticias Radio Reflejos","isPartOf":{"@id":"https:\/\/www.noticiasradioreflejos.com.ar\/2021\/#website"},"datePublished":"2017-04-26T13:38:02+00:00","author":{"@id":"https:\/\/www.noticiasradioreflejos.com.ar\/2021\/#\/schema\/person\/ad82545263dcc5ec0996818884fd5fb1"},"breadcrumb":{"@id":"https:\/\/www.noticiasradioreflejos.com.ar\/2021\/informe-sesion-autoconvocada-en-el-concejo-deliberante-de-tornquist\/#breadcrumb"},"inLanguage":"es","potentialAction":[{"@type":"ReadAction","target":["https:\/\/www.noticiasradioreflejos.com.ar\/2021\/informe-sesion-autoconvocada-en-el-concejo-deliberante-de-tornquist\/"]}]},{"@type":"BreadcrumbList","@id":"https:\/\/www.noticiasradioreflejos.com.ar\/2021\/informe-sesion-autoconvocada-en-el-concejo-deliberante-de-tornquist\/#breadcrumb","itemListElement":[{"@type":"ListItem","position":1,"name":"Portada","item":"https:\/\/www.noticiasradioreflejos.com.ar\/2021\/"},{"@type":"ListItem","position":2,"name":"Informe Sesi\u00f3n Autoconvocada en el Concejo Deliberante de Tornquist."}]},{"@type":"WebSite","@id":"https:\/\/www.noticiasradioreflejos.com.ar\/2021\/#website","url":"https:\/\/www.noticiasradioreflejos.com.ar\/2021\/","name":"Noticias Radio Reflejos","description":"Las noticias de mi comarca","potentialAction":[{"@type":"SearchAction","target":{"@type":"EntryPoint","urlTemplate":"https:\/\/www.noticiasradioreflejos.com.ar\/2021\/?s={search_term_string}"},"query-input":{"@type":"PropertyValueSpecification","valueRequired":true,"valueName":"search_term_string"}}],"inLanguage":"es"},{"@type":"Person","@id":"https:\/\/www.noticiasradioreflejos.com.ar\/2021\/#\/schema\/person\/ad82545263dcc5ec0996818884fd5fb1","name":"Arnaldo Botto","image":{"@type":"ImageObject","inLanguage":"es","@id":"https:\/\/www.noticiasradioreflejos.com.ar\/2021\/#\/schema\/person\/image\/","url":"https:\/\/secure.gravatar.com\/avatar\/55cb5e37c1efa326397366e6974cb338056df65cb50e7d64d1cf314e87504837?s=96&d=mm&r=g","contentUrl":"https:\/\/secure.gravatar.com\/avatar\/55cb5e37c1efa326397366e6974cb338056df65cb50e7d64d1cf314e87504837?s=96&d=mm&r=g","caption":"Arnaldo Botto"},"url":"https:\/\/www.noticiasradioreflejos.com.ar\/2021\/author\/arnaldo\/"}]}},"_links":{"self":[{"href":"https:\/\/www.noticiasradioreflejos.com.ar\/2021\/wp-json\/wp\/v2\/posts\/9470","targetHints":{"allow":["GET"]}}],"collection":[{"href":"https:\/\/www.noticiasradioreflejos.com.ar\/2021\/wp-json\/wp\/v2\/posts"}],"about":[{"href":"https:\/\/www.noticiasradioreflejos.com.ar\/2021\/wp-json\/wp\/v2\/types\/post"}],"author":[{"embeddable":true,"href":"https:\/\/www.noticiasradioreflejos.com.ar\/2021\/wp-json\/wp\/v2\/users\/3"}],"replies":[{"embeddable":true,"href":"https:\/\/www.noticiasradioreflejos.com.ar\/2021\/wp-json\/wp\/v2\/comments?post=9470"}],"version-history":[{"count":0,"href":"https:\/\/www.noticiasradioreflejos.com.ar\/2021\/wp-json\/wp\/v2\/posts\/9470\/revisions"}],"wp:attachment":[{"href":"https:\/\/www.noticiasradioreflejos.com.ar\/2021\/wp-json\/wp\/v2\/media?parent=9470"}],"wp:term":[{"taxonomy":"category","embeddable":true,"href":"https:\/\/www.noticiasradioreflejos.com.ar\/2021\/wp-json\/wp\/v2\/categories?post=9470"},{"taxonomy":"post_tag","embeddable":true,"href":"https:\/\/www.noticiasradioreflejos.com.ar\/2021\/wp-json\/wp\/v2\/tags?post=9470"}],"curies":[{"name":"wp","href":"https:\/\/api.w.org\/{rel}","templated":true}]}}