{"id":94526,"date":"2023-10-27T16:57:24","date_gmt":"2023-10-27T16:57:24","guid":{"rendered":"https:\/\/www.noticiasradioreflejos.com.ar\/2021\/?p=94526"},"modified":"2023-10-27T16:57:24","modified_gmt":"2023-10-27T16:57:24","slug":"carolina-gonzalez-este-ano-tendremos-una-gran-participacion-de-la-comunidad","status":"publish","type":"post","link":"https:\/\/www.noticiasradioreflejos.com.ar\/2021\/carolina-gonzalez-este-ano-tendremos-una-gran-participacion-de-la-comunidad\/","title":{"rendered":"Carolina Gonz\u00e1lez: \u201cEste a\u00f1o tendremos una gran participaci\u00f3n de la comunidad\u201d"},"content":{"rendered":"<p>Una de las organizadoras de la Feria del Libro en Sierra de la Ventana brind\u00f3 detalles de lo que se vivir\u00e1 dentro de 15 d\u00edas. \u201cSentimos que ser\u00e1 muy especial\u201d agreg\u00f3.<!--more--><\/p>\n<p>Carolina Gonz\u00e1lez es una de las mujeres que se est\u00e1 encargando de organizar una nueva edici\u00f3n de la Feria del Libro en Sierra de la Ventana. Con dos semanas por delante para que se inaugure, los \u00faltimos detalles y la adrenalina que cada vez aflora con m\u00e1s fuerza genera un c\u00famulo de sensaciones en quien se han puesto esta noble empresa en los hombros.<\/p>\n<p><a href=\"https:\/\/www.noticiasradioreflejos.com.ar\/2021\/convocatoria-a-artesanos-y-manualistas-para-la-feria-de-semana-santa\/centro-cultural-sdlv\/\" rel=\"attachment wp-att-85963\"><img loading=\"lazy\" decoding=\"async\" class=\"aligncenter size-full wp-image-85963\" src=\"https:\/\/www.noticiasradioreflejos.com.ar\/2021\/wp-content\/uploads\/2023\/03\/Centro-Cultural-SDLV.jpg\" alt=\"\" width=\"998\" height=\"561\" srcset=\"https:\/\/www.noticiasradioreflejos.com.ar\/2021\/wp-content\/uploads\/2023\/03\/Centro-Cultural-SDLV.jpg 998w, https:\/\/www.noticiasradioreflejos.com.ar\/2021\/wp-content\/uploads\/2023\/03\/Centro-Cultural-SDLV-300x169.jpg 300w, https:\/\/www.noticiasradioreflejos.com.ar\/2021\/wp-content\/uploads\/2023\/03\/Centro-Cultural-SDLV-768x432.jpg 768w, https:\/\/www.noticiasradioreflejos.com.ar\/2021\/wp-content\/uploads\/2023\/03\/Centro-Cultural-SDLV-750x422.jpg 750w\" sizes=\"auto, (max-width: 998px) 100vw, 998px\" \/><\/a><\/p>\n<p>Al respecto afirm\u00f3 que \u201cnos venimos preparando todo el a\u00f1o para esto pero en esta \u00faltima etapa siempre se torna todo mucho m\u00e1s movilizado. Ha ido mutando y creciendo el grupo. Este a\u00f1o tenemos una gran participaci\u00f3n de la comunidad. Lo sentimos especial\u201d.<\/p>\n<p>En esa l\u00ednea remarc\u00f3 que \u201cuno de los ejes que siempre ha tenido la Feria es la vinculaci\u00f3n con la educaci\u00f3n p\u00fablica, y en esta edici\u00f3n tendremos la mayor participaci\u00f3n de todos los a\u00f1os, con todas las escuelas del distrito, no solo en presencia a trav\u00e9s de talleres. Vendr\u00e1n todas las escuelas de Sierra, algunas de Villa y Saldungaray\u201d.<\/p>\n<p>Al mismo tiempo coment\u00f3 que \u201cdurante toda la feria tendremos una muestra permanente, art\u00edstica y pl\u00e1stica, de todas las escuelas del distrito, incluido Tornquist. La invitaci\u00f3n siempre est\u00e1, y a trav\u00e9s de esta, se han sumado docentes del distrito\u201d.<\/p>\n<p>En otro pasaje de la charla confirm\u00f3 que \u201cnos postulamos para un subsidio del Instituto Cultural de la Provincia, y por fortuna este a\u00f1o s\u00ed lo obtuvimos. A\u00fan no se materializ\u00f3, pero te\u00f3ricamente est\u00e1 adjudicado as\u00ed que ya llegar\u00e1\u201d.<\/p>\n<p>Sobre los eventos que se ir\u00e1n dando en ese marco, subray\u00f3 que \u201cen nuestras redes tratamos de subir los flyers de lo que ir\u00e1 ocurriendo en la feria, como para que tengan un panorama de lo que se viene, y mientras tanto vamos coordinando horarios de acciones puntuales\u201d.<\/p>\n<p>Al tiempo que a modo de adelanto agreg\u00f3 que \u201cel viernes estar\u00e1 la Orquesta Escuela del distrito, con un concierto, y tambi\u00e9n la banda Panor\u00e1mica de Estrellas de Villa Ventana. Y el s\u00e1bado tendremos Tendal Cuarteto y habr\u00e1 un taller de percusi\u00f3n por se\u00f1as. Tambi\u00e9n estar\u00e1 Cuarteto Andino y habr\u00e1 un unipersonal\u201d.<\/p>\n<p>&nbsp;<\/p>\n<p><iframe loading=\"lazy\" src=\"https:\/\/w.soundcloud.com\/player\/?url=https%3A\/\/api.soundcloud.com\/tracks\/1650716895&amp;color=%23ff5500&amp;auto_play=false&amp;hide_related=false&amp;show_comments=true&amp;show_user=true&amp;show_reposts=false&amp;show_teaser=true\" width=\"100%\" height=\"166\" frameborder=\"no\" scrolling=\"no\"><\/iframe><\/p>\n<div style=\"font-size: 10px; color: #cccccc; line-break: anywhere; word-break: normal; overflow: hidden; white-space: nowrap; text-overflow: ellipsis; font-family: Interstate,Lucida Grande,Lucida Sans Unicode,Lucida Sans,Garuda,Verdana,Tahoma,sans-serif; font-weight: 100;\"><a style=\"color: #cccccc; text-decoration: none;\" title=\"fmreflejos 103.7\" href=\"https:\/\/soundcloud.com\/fmreflejos-103-7\" target=\"_blank\" rel=\"noopener\">fmreflejos 103.7<\/a> \u00b7 <a style=\"color: #cccccc; text-decoration: none;\" title=\"13\u00b0 Feria Del Libro - Carolina Gonzalez\" href=\"https:\/\/soundcloud.com\/fmreflejos-103-7\/feria-del-libro-27-10\" target=\"_blank\" rel=\"noopener\">13\u00b0 Feria Del Libro &#8211; Carolina Gonzalez<\/a><\/div>\n<p><a data-flickr-embed=\"true\" href=\"https:\/\/www.flickr.com\/photos\/182279889@N02\/53290257813\/in\/dateposted-public\/\" title=\"13\u00b0 feria del libro\"><img loading=\"lazy\" decoding=\"async\" src=\"https:\/\/live.staticflickr.com\/65535\/53290257813_6423382980_c.jpg\" width=\"566\" height=\"800\" alt=\"13\u00b0 feria del libro\"\/><\/a><script async src=\"\/\/embedr.flickr.com\/assets\/client-code.js\" charset=\"utf-8\"><\/script><\/p>\n","protected":false},"excerpt":{"rendered":"<p>Una de las organizadoras de la Feria del Libro en Sierra de la Ventana brind\u00f3 detalles de lo que se vivir\u00e1 dentro de 15 d\u00edas. \u201cSentimos que ser\u00e1 muy especial\u201d agreg\u00f3.<\/p>\n","protected":false},"author":3,"featured_media":85963,"comment_status":"closed","ping_status":"closed","sticky":false,"template":"","format":"standard","meta":{"footnotes":""},"categories":[35,34,26],"tags":[48],"class_list":["post-94526","post","type-post","status-publish","format-standard","has-post-thumbnail","hentry","category-cultura","category-educacion","category-sociedad","tag-destacada"],"yoast_head":"<!-- This site is optimized with the Yoast SEO plugin v25.9 - https:\/\/yoast.com\/wordpress\/plugins\/seo\/ -->\n<title>Carolina Gonz\u00e1lez: \u201cEste a\u00f1o tendremos una gran participaci\u00f3n de la comunidad\u201d - Noticias Radio Reflejos<\/title>\n<meta name=\"robots\" content=\"index, follow, max-snippet:-1, max-image-preview:large, max-video-preview:-1\" \/>\n<link rel=\"canonical\" href=\"https:\/\/www.noticiasradioreflejos.com.ar\/2021\/carolina-gonzalez-este-ano-tendremos-una-gran-participacion-de-la-comunidad\/\" \/>\n<meta property=\"og:locale\" content=\"es_ES\" \/>\n<meta property=\"og:type\" content=\"article\" \/>\n<meta property=\"og:title\" content=\"Carolina Gonz\u00e1lez: \u201cEste a\u00f1o tendremos una gran participaci\u00f3n de la comunidad\u201d - Noticias Radio Reflejos\" \/>\n<meta property=\"og:description\" content=\"Una de las organizadoras de la Feria del Libro en Sierra de la Ventana brind\u00f3 detalles de lo que se vivir\u00e1 dentro de 15 d\u00edas. \u201cSentimos que ser\u00e1 muy especial\u201d agreg\u00f3.\" \/>\n<meta property=\"og:url\" content=\"https:\/\/www.noticiasradioreflejos.com.ar\/2021\/carolina-gonzalez-este-ano-tendremos-una-gran-participacion-de-la-comunidad\/\" \/>\n<meta property=\"og:site_name\" content=\"Noticias Radio Reflejos\" \/>\n<meta property=\"article:published_time\" content=\"2023-10-27T16:57:24+00:00\" \/>\n<meta property=\"og:image\" content=\"https:\/\/www.noticiasradioreflejos.com.ar\/2021\/wp-content\/uploads\/2023\/03\/Centro-Cultural-SDLV.jpg\" \/>\n\t<meta property=\"og:image:width\" content=\"998\" \/>\n\t<meta property=\"og:image:height\" content=\"561\" \/>\n\t<meta property=\"og:image:type\" content=\"image\/jpeg\" \/>\n<meta name=\"author\" content=\"Arnaldo Botto\" \/>\n<meta name=\"twitter:card\" content=\"summary_large_image\" \/>\n<script type=\"application\/ld+json\" class=\"yoast-schema-graph\">{\"@context\":\"https:\/\/schema.org\",\"@graph\":[{\"@type\":\"WebPage\",\"@id\":\"https:\/\/www.noticiasradioreflejos.com.ar\/2021\/carolina-gonzalez-este-ano-tendremos-una-gran-participacion-de-la-comunidad\/\",\"url\":\"https:\/\/www.noticiasradioreflejos.com.ar\/2021\/carolina-gonzalez-este-ano-tendremos-una-gran-participacion-de-la-comunidad\/\",\"name\":\"Carolina Gonz\u00e1lez: \u201cEste a\u00f1o tendremos una gran participaci\u00f3n de la comunidad\u201d - Noticias Radio Reflejos\",\"isPartOf\":{\"@id\":\"https:\/\/www.noticiasradioreflejos.com.ar\/2021\/#website\"},\"primaryImageOfPage\":{\"@id\":\"https:\/\/www.noticiasradioreflejos.com.ar\/2021\/carolina-gonzalez-este-ano-tendremos-una-gran-participacion-de-la-comunidad\/#primaryimage\"},\"image\":{\"@id\":\"https:\/\/www.noticiasradioreflejos.com.ar\/2021\/carolina-gonzalez-este-ano-tendremos-una-gran-participacion-de-la-comunidad\/#primaryimage\"},\"thumbnailUrl\":\"https:\/\/www.noticiasradioreflejos.com.ar\/2021\/wp-content\/uploads\/2023\/03\/Centro-Cultural-SDLV.jpg\",\"datePublished\":\"2023-10-27T16:57:24+00:00\",\"author\":{\"@id\":\"https:\/\/www.noticiasradioreflejos.com.ar\/2021\/#\/schema\/person\/ad82545263dcc5ec0996818884fd5fb1\"},\"breadcrumb\":{\"@id\":\"https:\/\/www.noticiasradioreflejos.com.ar\/2021\/carolina-gonzalez-este-ano-tendremos-una-gran-participacion-de-la-comunidad\/#breadcrumb\"},\"inLanguage\":\"es\",\"potentialAction\":[{\"@type\":\"ReadAction\",\"target\":[\"https:\/\/www.noticiasradioreflejos.com.ar\/2021\/carolina-gonzalez-este-ano-tendremos-una-gran-participacion-de-la-comunidad\/\"]}]},{\"@type\":\"ImageObject\",\"inLanguage\":\"es\",\"@id\":\"https:\/\/www.noticiasradioreflejos.com.ar\/2021\/carolina-gonzalez-este-ano-tendremos-una-gran-participacion-de-la-comunidad\/#primaryimage\",\"url\":\"https:\/\/www.noticiasradioreflejos.com.ar\/2021\/wp-content\/uploads\/2023\/03\/Centro-Cultural-SDLV.jpg\",\"contentUrl\":\"https:\/\/www.noticiasradioreflejos.com.ar\/2021\/wp-content\/uploads\/2023\/03\/Centro-Cultural-SDLV.jpg\",\"width\":998,\"height\":561},{\"@type\":\"BreadcrumbList\",\"@id\":\"https:\/\/www.noticiasradioreflejos.com.ar\/2021\/carolina-gonzalez-este-ano-tendremos-una-gran-participacion-de-la-comunidad\/#breadcrumb\",\"itemListElement\":[{\"@type\":\"ListItem\",\"position\":1,\"name\":\"Portada\",\"item\":\"https:\/\/www.noticiasradioreflejos.com.ar\/2021\/\"},{\"@type\":\"ListItem\",\"position\":2,\"name\":\"Carolina Gonz\u00e1lez: \u201cEste a\u00f1o tendremos una gran participaci\u00f3n de la comunidad\u201d\"}]},{\"@type\":\"WebSite\",\"@id\":\"https:\/\/www.noticiasradioreflejos.com.ar\/2021\/#website\",\"url\":\"https:\/\/www.noticiasradioreflejos.com.ar\/2021\/\",\"name\":\"Noticias Radio Reflejos\",\"description\":\"Las noticias de mi comarca\",\"potentialAction\":[{\"@type\":\"SearchAction\",\"target\":{\"@type\":\"EntryPoint\",\"urlTemplate\":\"https:\/\/www.noticiasradioreflejos.com.ar\/2021\/?s={search_term_string}\"},\"query-input\":{\"@type\":\"PropertyValueSpecification\",\"valueRequired\":true,\"valueName\":\"search_term_string\"}}],\"inLanguage\":\"es\"},{\"@type\":\"Person\",\"@id\":\"https:\/\/www.noticiasradioreflejos.com.ar\/2021\/#\/schema\/person\/ad82545263dcc5ec0996818884fd5fb1\",\"name\":\"Arnaldo Botto\",\"image\":{\"@type\":\"ImageObject\",\"inLanguage\":\"es\",\"@id\":\"https:\/\/www.noticiasradioreflejos.com.ar\/2021\/#\/schema\/person\/image\/\",\"url\":\"https:\/\/secure.gravatar.com\/avatar\/55cb5e37c1efa326397366e6974cb338056df65cb50e7d64d1cf314e87504837?s=96&d=mm&r=g\",\"contentUrl\":\"https:\/\/secure.gravatar.com\/avatar\/55cb5e37c1efa326397366e6974cb338056df65cb50e7d64d1cf314e87504837?s=96&d=mm&r=g\",\"caption\":\"Arnaldo Botto\"},\"url\":\"https:\/\/www.noticiasradioreflejos.com.ar\/2021\/author\/arnaldo\/\"}]}<\/script>\n<!-- \/ Yoast SEO plugin. -->","yoast_head_json":{"title":"Carolina Gonz\u00e1lez: \u201cEste a\u00f1o tendremos una gran participaci\u00f3n de la comunidad\u201d - Noticias Radio Reflejos","robots":{"index":"index","follow":"follow","max-snippet":"max-snippet:-1","max-image-preview":"max-image-preview:large","max-video-preview":"max-video-preview:-1"},"canonical":"https:\/\/www.noticiasradioreflejos.com.ar\/2021\/carolina-gonzalez-este-ano-tendremos-una-gran-participacion-de-la-comunidad\/","og_locale":"es_ES","og_type":"article","og_title":"Carolina Gonz\u00e1lez: \u201cEste a\u00f1o tendremos una gran participaci\u00f3n de la comunidad\u201d - Noticias Radio Reflejos","og_description":"Una de las organizadoras de la Feria del Libro en Sierra de la Ventana brind\u00f3 detalles de lo que se vivir\u00e1 dentro de 15 d\u00edas. \u201cSentimos que ser\u00e1 muy especial\u201d agreg\u00f3.","og_url":"https:\/\/www.noticiasradioreflejos.com.ar\/2021\/carolina-gonzalez-este-ano-tendremos-una-gran-participacion-de-la-comunidad\/","og_site_name":"Noticias Radio Reflejos","article_published_time":"2023-10-27T16:57:24+00:00","og_image":[{"width":998,"height":561,"url":"https:\/\/www.noticiasradioreflejos.com.ar\/2021\/wp-content\/uploads\/2023\/03\/Centro-Cultural-SDLV.jpg","type":"image\/jpeg"}],"author":"Arnaldo Botto","twitter_card":"summary_large_image","schema":{"@context":"https:\/\/schema.org","@graph":[{"@type":"WebPage","@id":"https:\/\/www.noticiasradioreflejos.com.ar\/2021\/carolina-gonzalez-este-ano-tendremos-una-gran-participacion-de-la-comunidad\/","url":"https:\/\/www.noticiasradioreflejos.com.ar\/2021\/carolina-gonzalez-este-ano-tendremos-una-gran-participacion-de-la-comunidad\/","name":"Carolina Gonz\u00e1lez: \u201cEste a\u00f1o tendremos una gran participaci\u00f3n de la comunidad\u201d - Noticias Radio Reflejos","isPartOf":{"@id":"https:\/\/www.noticiasradioreflejos.com.ar\/2021\/#website"},"primaryImageOfPage":{"@id":"https:\/\/www.noticiasradioreflejos.com.ar\/2021\/carolina-gonzalez-este-ano-tendremos-una-gran-participacion-de-la-comunidad\/#primaryimage"},"image":{"@id":"https:\/\/www.noticiasradioreflejos.com.ar\/2021\/carolina-gonzalez-este-ano-tendremos-una-gran-participacion-de-la-comunidad\/#primaryimage"},"thumbnailUrl":"https:\/\/www.noticiasradioreflejos.com.ar\/2021\/wp-content\/uploads\/2023\/03\/Centro-Cultural-SDLV.jpg","datePublished":"2023-10-27T16:57:24+00:00","author":{"@id":"https:\/\/www.noticiasradioreflejos.com.ar\/2021\/#\/schema\/person\/ad82545263dcc5ec0996818884fd5fb1"},"breadcrumb":{"@id":"https:\/\/www.noticiasradioreflejos.com.ar\/2021\/carolina-gonzalez-este-ano-tendremos-una-gran-participacion-de-la-comunidad\/#breadcrumb"},"inLanguage":"es","potentialAction":[{"@type":"ReadAction","target":["https:\/\/www.noticiasradioreflejos.com.ar\/2021\/carolina-gonzalez-este-ano-tendremos-una-gran-participacion-de-la-comunidad\/"]}]},{"@type":"ImageObject","inLanguage":"es","@id":"https:\/\/www.noticiasradioreflejos.com.ar\/2021\/carolina-gonzalez-este-ano-tendremos-una-gran-participacion-de-la-comunidad\/#primaryimage","url":"https:\/\/www.noticiasradioreflejos.com.ar\/2021\/wp-content\/uploads\/2023\/03\/Centro-Cultural-SDLV.jpg","contentUrl":"https:\/\/www.noticiasradioreflejos.com.ar\/2021\/wp-content\/uploads\/2023\/03\/Centro-Cultural-SDLV.jpg","width":998,"height":561},{"@type":"BreadcrumbList","@id":"https:\/\/www.noticiasradioreflejos.com.ar\/2021\/carolina-gonzalez-este-ano-tendremos-una-gran-participacion-de-la-comunidad\/#breadcrumb","itemListElement":[{"@type":"ListItem","position":1,"name":"Portada","item":"https:\/\/www.noticiasradioreflejos.com.ar\/2021\/"},{"@type":"ListItem","position":2,"name":"Carolina Gonz\u00e1lez: \u201cEste a\u00f1o tendremos una gran participaci\u00f3n de la comunidad\u201d"}]},{"@type":"WebSite","@id":"https:\/\/www.noticiasradioreflejos.com.ar\/2021\/#website","url":"https:\/\/www.noticiasradioreflejos.com.ar\/2021\/","name":"Noticias Radio Reflejos","description":"Las noticias de mi comarca","potentialAction":[{"@type":"SearchAction","target":{"@type":"EntryPoint","urlTemplate":"https:\/\/www.noticiasradioreflejos.com.ar\/2021\/?s={search_term_string}"},"query-input":{"@type":"PropertyValueSpecification","valueRequired":true,"valueName":"search_term_string"}}],"inLanguage":"es"},{"@type":"Person","@id":"https:\/\/www.noticiasradioreflejos.com.ar\/2021\/#\/schema\/person\/ad82545263dcc5ec0996818884fd5fb1","name":"Arnaldo Botto","image":{"@type":"ImageObject","inLanguage":"es","@id":"https:\/\/www.noticiasradioreflejos.com.ar\/2021\/#\/schema\/person\/image\/","url":"https:\/\/secure.gravatar.com\/avatar\/55cb5e37c1efa326397366e6974cb338056df65cb50e7d64d1cf314e87504837?s=96&d=mm&r=g","contentUrl":"https:\/\/secure.gravatar.com\/avatar\/55cb5e37c1efa326397366e6974cb338056df65cb50e7d64d1cf314e87504837?s=96&d=mm&r=g","caption":"Arnaldo Botto"},"url":"https:\/\/www.noticiasradioreflejos.com.ar\/2021\/author\/arnaldo\/"}]}},"_links":{"self":[{"href":"https:\/\/www.noticiasradioreflejos.com.ar\/2021\/wp-json\/wp\/v2\/posts\/94526","targetHints":{"allow":["GET"]}}],"collection":[{"href":"https:\/\/www.noticiasradioreflejos.com.ar\/2021\/wp-json\/wp\/v2\/posts"}],"about":[{"href":"https:\/\/www.noticiasradioreflejos.com.ar\/2021\/wp-json\/wp\/v2\/types\/post"}],"author":[{"embeddable":true,"href":"https:\/\/www.noticiasradioreflejos.com.ar\/2021\/wp-json\/wp\/v2\/users\/3"}],"replies":[{"embeddable":true,"href":"https:\/\/www.noticiasradioreflejos.com.ar\/2021\/wp-json\/wp\/v2\/comments?post=94526"}],"version-history":[{"count":2,"href":"https:\/\/www.noticiasradioreflejos.com.ar\/2021\/wp-json\/wp\/v2\/posts\/94526\/revisions"}],"predecessor-version":[{"id":94543,"href":"https:\/\/www.noticiasradioreflejos.com.ar\/2021\/wp-json\/wp\/v2\/posts\/94526\/revisions\/94543"}],"wp:featuredmedia":[{"embeddable":true,"href":"https:\/\/www.noticiasradioreflejos.com.ar\/2021\/wp-json\/wp\/v2\/media\/85963"}],"wp:attachment":[{"href":"https:\/\/www.noticiasradioreflejos.com.ar\/2021\/wp-json\/wp\/v2\/media?parent=94526"}],"wp:term":[{"taxonomy":"category","embeddable":true,"href":"https:\/\/www.noticiasradioreflejos.com.ar\/2021\/wp-json\/wp\/v2\/categories?post=94526"},{"taxonomy":"post_tag","embeddable":true,"href":"https:\/\/www.noticiasradioreflejos.com.ar\/2021\/wp-json\/wp\/v2\/tags?post=94526"}],"curies":[{"name":"wp","href":"https:\/\/api.w.org\/{rel}","templated":true}]}}