{"id":94510,"date":"2023-10-27T12:04:34","date_gmt":"2023-10-27T12:04:34","guid":{"rendered":"https:\/\/www.noticiasradioreflejos.com.ar\/2021\/?p=94510"},"modified":"2023-10-27T12:04:34","modified_gmt":"2023-10-27T12:04:34","slug":"activaron-las-alertas-amarilla-y-naranja-para-17-provincias-por-vientos-y-tormentas","status":"publish","type":"post","link":"https:\/\/www.noticiasradioreflejos.com.ar\/2021\/activaron-las-alertas-amarilla-y-naranja-para-17-provincias-por-vientos-y-tormentas\/","title":{"rendered":"Activaron las alertas amarilla y naranja para 17 provincias por vientos y tormentas"},"content":{"rendered":"<p>Las autoridades enviaron una serie de recomendaciones para prevenir a los ciudadanos de las inclemencias del tiempo<!--more--><\/p>\n<div class=\"body-article\">\n<div class=\"visual__image\"><img loading=\"lazy\" decoding=\"async\" class=\" lazyload\" src=\"https:\/\/www.infobae.com\/new-resizer\/GMpedgNMkbMInPR9dFPXnNuBAek=\/420x236\/filters:format(webp):quality(85)\/cloudfront-us-east-1.images.arcpublishing.com\/infobae\/BIA54ZOH4RE73NIEV7IQVLPGRM.jpg%20420w\" sizes=\"auto, (min-width: 1560px) 856px, (min-width: 1000px) calc(74.63vw - 293px), (min-width: 780px) calc(100vw - 376px), (min-width: 580px) calc(100vw - 32px), 100vw\" srcset=\"https:\/\/www.infobae.com\/new-resizer\/GMpedgNMkbMInPR9dFPXnNuBAek=\/420x236\/filters:format(webp):quality(85)\/cloudfront-us-east-1.images.arcpublishing.com\/infobae\/BIA54ZOH4RE73NIEV7IQVLPGRM.jpg 420w,https:\/\/www.infobae.com\/new-resizer\/xOkatCIXQhh7EUdAB6mkx8CkjUs=\/768x432\/filters:format(webp):quality(85)\/cloudfront-us-east-1.images.arcpublishing.com\/infobae\/BIA54ZOH4RE73NIEV7IQVLPGRM.jpg 768w,https:\/\/www.infobae.com\/new-resizer\/es4u5TXrODosBQ45rUMfX96yC20=\/992x558\/filters:format(webp):quality(85)\/cloudfront-us-east-1.images.arcpublishing.com\/infobae\/BIA54ZOH4RE73NIEV7IQVLPGRM.jpg 992w,https:\/\/www.infobae.com\/new-resizer\/SZzeOCe3AYWNd5lpV9oo5DWiJGQ=\/1200x675\/filters:format(webp):quality(85)\/cloudfront-us-east-1.images.arcpublishing.com\/infobae\/BIA54ZOH4RE73NIEV7IQVLPGRM.jpg 1200w,https:\/\/www.infobae.com\/new-resizer\/dnQnqgDM8CsYTfGMeOkMniny2TA=\/1440x810\/filters:format(webp):quality(85)\/cloudfront-us-east-1.images.arcpublishing.com\/infobae\/BIA54ZOH4RE73NIEV7IQVLPGRM.jpg 1440w\" alt=\"Informaron que el viento zonda permanecer\u00eda en el sur mendocino durante el fin de semana (T\u00e9lam)\" width=\"1980\" height=\"1080\" data-src=\"https:\/\/www.infobae.com\/new-resizer\/GMpedgNMkbMInPR9dFPXnNuBAek=\/420x236\/filters:format(webp):quality(85)\/cloudfront-us-east-1.images.arcpublishing.com\/infobae\/BIA54ZOH4RE73NIEV7IQVLPGRM.jpg 420w\" \/><em>Informaron que el viento zonda permanecer\u00eda en el sur mendocino durante el fin de semana (T\u00e9lam)<\/em><\/div>\n<p data-mrf-recirculation=\"Links inline\">\n<p class=\"paragraph\" data-mrf-recirculation=\"Links inline\">El<a href=\"https:\/\/www.infobae.com\/tag\/servicio-meteorologico-nacional\/\" target=\"_blank\" rel=\"noopener noreferrer\" data-mrf-link=\"https:\/\/www.infobae.com\/tag\/servicio-meteorologico-nacional\/\"><i><b>Servicio Meteorol\u00f3gico Nacional<\/b><\/i><\/a><b>(SMN)\u00a0<\/b>alert\u00f3 a 17 de las 24 provincias del pa\u00eds por la posible presencia de vientos y tormentas a lo largo de la jornada de este viernes. De acuerdo con el pron\u00f3stico que emiti\u00f3 el organismo, la\u00a0<a href=\"https:\/\/www.infobae.com\/tag\/patagonia-argentina\/\" target=\"_blank\" rel=\"noopener noreferrer\" data-mrf-link=\"https:\/\/www.infobae.com\/tag\/patagonia-argentina\/\"><i><b>Patagonia argentina<\/b><\/i><\/a>ser\u00e1 la zona m\u00e1s afectada, puntualmente en las provincias de Chubut, Santa Cruz y una peque\u00f1a porci\u00f3n del suroeste deR\u00edo Negro.<\/p>\n<p class=\"paragraph\" data-mrf-recirculation=\"Links inline\">En el caso del sur, el ente activ\u00f3 la alerta amarilla para la costa de\u00a0<b>Tierra del Fuego<\/b>, debido a que habr\u00eda una fuerte presencia de vientos que recorrer\u00eda desde el norte al sur del territorio. Asimismo, informaron que a la madrugada podr\u00eda haber lluvias aisladas, mientras que a lo largo del d\u00eda habr\u00eda una probabilidad entre el 70 y el 100 por ciento de que se mantenga lluvioso.<\/p>\n<p class=\"paragraph\" data-mrf-recirculation=\"Links inline\">En la totalidad de\u00a0<b>Santa Cruz<\/b>, el SMN pronostic\u00f3 que la regi\u00f3n ser\u00eda azotada por las r\u00e1fagas de viento, aunque el \u00e1rea m\u00e1s complicada ser\u00eda la noreste, debido a que regir\u00e1 la alerta naranja ante la probabilidad de que la velocidad del viento pueda oscilar entre los 60 y 120 km\/h. La capital santacruce\u00f1a, R\u00edo Gallegos, tendr\u00e1 una jornada ventosa con una temperatura m\u00ednima de 4\u00b0 y una m\u00e1xima de 16\u00b0 y se espera que para la tarde haya algunos chaparrones.<\/p>\n<p class=\"paragraph\" data-mrf-recirculation=\"Links inline\">Gran parte de la zona centro de\u00a0<b>Chubut\u00a0<\/b>tambi\u00e9n contar\u00e1 con una alerta naranja por vientos de hasta 120 km\/h, a excepci\u00f3n de la franja cordillerana fue marcada de color amarillo por las r\u00e1fagas y lluvias que se desatar\u00e1n a lo largo del d\u00eda. En el resto de la regi\u00f3n cercana al Mar Argentino, donde se localiza Rawson, el clima se mantendr\u00e1 ventoso con una m\u00e1xima de 24\u00b0 y una m\u00ednima de 9\u00b0.<\/p>\n<div class=\"visual__image\"><img loading=\"lazy\" decoding=\"async\" class=\"lazyload aligncenter\" src=\"https:\/\/www.infobae.com\/new-resizer\/hPtvrG-iRiPKwFVlTakeJBrp1Vs=\/420x747\/filters:format(webp):quality(85)\/cloudfront-us-east-1.images.arcpublishing.com\/infobae\/ZXCO3XIKG5G6TBRMRDCR6GOFO4.PNG%20420w\" sizes=\"auto, (min-width: 1560px) 856px, (min-width: 1000px) calc(74.63vw - 293px), (min-width: 780px) calc(100vw - 376px), (min-width: 580px) calc(100vw - 32px), 100vw\" srcset=\"https:\/\/www.infobae.com\/new-resizer\/hPtvrG-iRiPKwFVlTakeJBrp1Vs=\/420x747\/filters:format(webp):quality(85)\/cloudfront-us-east-1.images.arcpublishing.com\/infobae\/ZXCO3XIKG5G6TBRMRDCR6GOFO4.PNG 420w,https:\/\/www.infobae.com\/new-resizer\/P6kQ_3C8JQ88GJVlwgzQRRIYUps=\/768x1365\/filters:format(webp):quality(85)\/cloudfront-us-east-1.images.arcpublishing.com\/infobae\/ZXCO3XIKG5G6TBRMRDCR6GOFO4.PNG 768w,https:\/\/www.infobae.com\/new-resizer\/ygrrgZbtSSsYuughSbdt838AxRM=\/992x1764\/filters:format(webp):quality(85)\/cloudfront-us-east-1.images.arcpublishing.com\/infobae\/ZXCO3XIKG5G6TBRMRDCR6GOFO4.PNG 992w,https:\/\/www.infobae.com\/new-resizer\/lXoZF8V9IaChwvWiRPRv1Nd6urs=\/1200x2133\/filters:format(webp):quality(85)\/cloudfront-us-east-1.images.arcpublishing.com\/infobae\/ZXCO3XIKG5G6TBRMRDCR6GOFO4.PNG 1200w\" alt=\"El SMN activ\u00f3 las alertas para 18 provincias durante el viernes (SMN)\" width=\"377\" height=\"691\" data-src=\"https:\/\/www.infobae.com\/new-resizer\/hPtvrG-iRiPKwFVlTakeJBrp1Vs=\/420x747\/filters:format(webp):quality(85)\/cloudfront-us-east-1.images.arcpublishing.com\/infobae\/ZXCO3XIKG5G6TBRMRDCR6GOFO4.PNG 420w\" \/><em>El SMN activ\u00f3 las alertas para 18 provincias durante el viernes (SMN)<\/em><\/div>\n<p class=\"paragraph\" data-mrf-recirculation=\"Links inline\">El clima de\u00a0<b>R\u00edo Negro<\/b> contar\u00e1 con el predominio de una alerta amarilla por vientos, sin contar el \u00e1rea noreste que limita con La Pampa y Buenos Aires. Adem\u00e1s, en la zona de Bariloche el panorama se complicar\u00eda por la alerta naranja que sumar\u00e1 la presencia de lluvias que persistir\u00edan hasta la llegada de la noche y la temperatura oscilar\u00e1 entre los 4 y 8\u00b0.<\/p>\n<p class=\"paragraph\" data-mrf-recirculation=\"Links inline\">Por \u00faltimo, en todo el territorio que conforma la provincia de\u00a0<b>Neuqu\u00e9n\u00a0<\/b>persistir\u00e1 una alerta amarilla por vientos de hasta 100 km\/h y lluvias fuertes que alcanzar\u00edan una acumulaci\u00f3n que rondar\u00eda entre los 10 y 30 mm. No obstante, en las zonas cordilleranas las precipitaciones podr\u00edan combinarse con nieve.<\/p>\n<p class=\"paragraph\" data-mrf-recirculation=\"Links inline\">En lo que respecta al sur de\u00a0<b>Mendoza<\/b>, este podr\u00eda sufrir la presencia del viento zonda a lo largo del fin de semana. Por este motivo, el SMN activ\u00f3 una alerta amarilla, debido a que el viento podr\u00eda variar entre los 45 y 60 km\/h, mientras que las r\u00e1fagas ser\u00edan superiores al posiblemente alcanzar los 70 km\/h. Asimismo, el fen\u00f3meno clim\u00e1tico se combinar\u00eda con un term\u00f3metro que tendr\u00eda una m\u00ednima de 14 grados y una m\u00e1xima 28.<\/p>\n<p data-mrf-recirculation=\"Links inline\">\n<div class=\"visual__image\"><img loading=\"lazy\" decoding=\"async\" class=\"lazyload aligncenter\" src=\"https:\/\/www.infobae.com\/new-resizer\/zDye4m6BJGCqqOBOJY2dO6vUAyw=\/420x236\/filters:format(webp):quality(85)\/cloudfront-us-east-1.images.arcpublishing.com\/infobae\/F4YTUESN55A6LB2A4SGTUDDL7A.jpg%20420w\" sizes=\"auto, (min-width: 1560px) 856px, (min-width: 1000px) calc(74.63vw - 293px), (min-width: 780px) calc(100vw - 376px), (min-width: 580px) calc(100vw - 32px), 100vw\" srcset=\"https:\/\/www.infobae.com\/new-resizer\/zDye4m6BJGCqqOBOJY2dO6vUAyw=\/420x236\/filters:format(webp):quality(85)\/cloudfront-us-east-1.images.arcpublishing.com\/infobae\/F4YTUESN55A6LB2A4SGTUDDL7A.jpg 420w,https:\/\/www.infobae.com\/new-resizer\/NvFQX62S926TsEe6fDs48qOYSYw=\/768x432\/filters:format(webp):quality(85)\/cloudfront-us-east-1.images.arcpublishing.com\/infobae\/F4YTUESN55A6LB2A4SGTUDDL7A.jpg 768w,https:\/\/www.infobae.com\/new-resizer\/WKPTtSgNN7fSI6S1z-stC2Ewofg=\/992x558\/filters:format(webp):quality(85)\/cloudfront-us-east-1.images.arcpublishing.com\/infobae\/F4YTUESN55A6LB2A4SGTUDDL7A.jpg 992w,https:\/\/www.infobae.com\/new-resizer\/VwInQ8C_cWNZoODkjxlqOUYwgsU=\/1200x675\/filters:format(webp):quality(85)\/cloudfront-us-east-1.images.arcpublishing.com\/infobae\/F4YTUESN55A6LB2A4SGTUDDL7A.jpg 1200w,https:\/\/www.infobae.com\/new-resizer\/wuplrRcxO34q6gDUGrIR1RCoF5Y=\/1440x810\/filters:format(webp):quality(85)\/cloudfront-us-east-1.images.arcpublishing.com\/infobae\/F4YTUESN55A6LB2A4SGTUDDL7A.jpg 1440w\" alt=\"El SMN advirti\u00f3 que todo el territorio misionero sufrir\u00e1 tormentas a lo largo del viernes (T\u00e9lam)\" width=\"966\" height=\"543\" data-src=\"https:\/\/www.infobae.com\/new-resizer\/zDye4m6BJGCqqOBOJY2dO6vUAyw=\/420x236\/filters:format(webp):quality(85)\/cloudfront-us-east-1.images.arcpublishing.com\/infobae\/F4YTUESN55A6LB2A4SGTUDDL7A.jpg 420w\" \/><em>El SMN advirti\u00f3 que todo el territorio misionero sufrir\u00e1 tormentas a lo largo del viernes (T\u00e9lam)<\/em><\/div>\n<p data-mrf-recirculation=\"Links inline\">\n<p class=\"paragraph\" data-mrf-recirculation=\"Links inline\">Por otra parte, la zona centro del pa\u00eds se ver\u00e1 afectada por la presencia de tormentas que se desarrollar\u00e1n en el territorio de<b>\u00a0La Pampa<\/b>,\u00a0<b>Buenos Aires<\/b>,\u00a0<b>C\u00f3rdoba<\/b>,\u00a0<b>Santa Fe<\/b>\u00a0y una peque\u00f1a secci\u00f3n de<b>\u00a0San Luis<\/b> que comprender\u00eda el este que pertenece a los departamentos de Jun\u00edn, Chacabuco y General Pedernera.<\/p>\n<div class=\"recommended-card__info\">\n<div class=\"recommended-card__info-button recommended-card__info-button--infobae\"><\/div>\n<\/div>\n<p class=\"paragraph\" data-mrf-recirculation=\"Links inline\">Seg\u00fan la informaci\u00f3n del instituto clim\u00e1tico, la regi\u00f3n pampeana que vivir\u00e1 una jornada tormentosa incluir\u00e1 al noreste, la capital y parte del centro. En el caso cordob\u00e9s, el sur y el centro de la provincia compartir\u00eda la alerta amarilla, al igual que el sur santafesino y el \u00e1rea noroeste bonaerense.<\/p>\n<p class=\"paragraph\" data-mrf-recirculation=\"Links inline\">M\u00e1s al norte, pronosticaron que el territorio misionero por completo y parte del centro-este formose\u00f1o tendr\u00e1n una jornada dominada por la presencia de tormentas. En paralelo, la zona cordillerana de\u00a0<b>Jujuy<\/b>,\u00a0<b>Salta<\/b>,\u00a0<b>Catamarca<\/b>,\u00a0<b>La Rioja<\/b>\u00a0y\u00a0<b>San Juan<\/b>\u00a0mantendr\u00e1n activa una alerta amarilla por vientos, aunque descartaron la posibilidad de que se desataran lluvias.<\/p>\n<\/div>\n<p data-mrf-recirculation=\"Links inline\">\n<p data-mrf-recirculation=\"Links inline\"><em><strong>Fuente Infobae<\/strong><\/em><\/p>\n","protected":false},"excerpt":{"rendered":"<p>Las autoridades enviaron una serie de recomendaciones para prevenir a los ciudadanos de las inclemencias del tiempo<\/p>\n","protected":false},"author":3,"featured_media":0,"comment_status":"closed","ping_status":"closed","sticky":false,"template":"","format":"standard","meta":{"footnotes":""},"categories":[46],"tags":[],"class_list":["post-94510","post","type-post","status-publish","format-standard","hentry","category-ciencia-y-tecnologia"],"yoast_head":"<!-- This site is optimized with the Yoast SEO plugin v25.9 - https:\/\/yoast.com\/wordpress\/plugins\/seo\/ -->\n<title>Activaron las alertas amarilla y naranja para 17 provincias por vientos y tormentas - Noticias Radio Reflejos<\/title>\n<meta name=\"robots\" content=\"index, follow, max-snippet:-1, max-image-preview:large, max-video-preview:-1\" \/>\n<link rel=\"canonical\" href=\"https:\/\/www.noticiasradioreflejos.com.ar\/2021\/activaron-las-alertas-amarilla-y-naranja-para-17-provincias-por-vientos-y-tormentas\/\" \/>\n<meta property=\"og:locale\" content=\"es_ES\" \/>\n<meta property=\"og:type\" content=\"article\" \/>\n<meta property=\"og:title\" content=\"Activaron las alertas amarilla y naranja para 17 provincias por vientos y tormentas - Noticias Radio Reflejos\" \/>\n<meta property=\"og:description\" content=\"Las autoridades enviaron una serie de recomendaciones para prevenir a los ciudadanos de las inclemencias del tiempo\" \/>\n<meta property=\"og:url\" content=\"https:\/\/www.noticiasradioreflejos.com.ar\/2021\/activaron-las-alertas-amarilla-y-naranja-para-17-provincias-por-vientos-y-tormentas\/\" \/>\n<meta property=\"og:site_name\" content=\"Noticias Radio Reflejos\" \/>\n<meta property=\"article:published_time\" content=\"2023-10-27T12:04:34+00:00\" \/>\n<meta property=\"og:image\" content=\"https:\/\/www.infobae.com\/new-resizer\/GMpedgNMkbMInPR9dFPXnNuBAek=\/420x236\/filters:format(webp):quality(85)\/cloudfront-us-east-1.images.arcpublishing.com\/infobae\/BIA54ZOH4RE73NIEV7IQVLPGRM.jpg%20420w\" \/>\n<meta name=\"author\" content=\"Arnaldo Botto\" \/>\n<meta name=\"twitter:card\" content=\"summary_large_image\" \/>\n<script type=\"application\/ld+json\" class=\"yoast-schema-graph\">{\"@context\":\"https:\/\/schema.org\",\"@graph\":[{\"@type\":\"WebPage\",\"@id\":\"https:\/\/www.noticiasradioreflejos.com.ar\/2021\/activaron-las-alertas-amarilla-y-naranja-para-17-provincias-por-vientos-y-tormentas\/\",\"url\":\"https:\/\/www.noticiasradioreflejos.com.ar\/2021\/activaron-las-alertas-amarilla-y-naranja-para-17-provincias-por-vientos-y-tormentas\/\",\"name\":\"Activaron las alertas amarilla y naranja para 17 provincias por vientos y tormentas - Noticias Radio Reflejos\",\"isPartOf\":{\"@id\":\"https:\/\/www.noticiasradioreflejos.com.ar\/2021\/#website\"},\"primaryImageOfPage\":{\"@id\":\"https:\/\/www.noticiasradioreflejos.com.ar\/2021\/activaron-las-alertas-amarilla-y-naranja-para-17-provincias-por-vientos-y-tormentas\/#primaryimage\"},\"image\":{\"@id\":\"https:\/\/www.noticiasradioreflejos.com.ar\/2021\/activaron-las-alertas-amarilla-y-naranja-para-17-provincias-por-vientos-y-tormentas\/#primaryimage\"},\"thumbnailUrl\":\"https:\/\/www.infobae.com\/new-resizer\/GMpedgNMkbMInPR9dFPXnNuBAek=\/420x236\/filters:format(webp):quality(85)\/cloudfront-us-east-1.images.arcpublishing.com\/infobae\/BIA54ZOH4RE73NIEV7IQVLPGRM.jpg%20420w\",\"datePublished\":\"2023-10-27T12:04:34+00:00\",\"author\":{\"@id\":\"https:\/\/www.noticiasradioreflejos.com.ar\/2021\/#\/schema\/person\/ad82545263dcc5ec0996818884fd5fb1\"},\"breadcrumb\":{\"@id\":\"https:\/\/www.noticiasradioreflejos.com.ar\/2021\/activaron-las-alertas-amarilla-y-naranja-para-17-provincias-por-vientos-y-tormentas\/#breadcrumb\"},\"inLanguage\":\"es\",\"potentialAction\":[{\"@type\":\"ReadAction\",\"target\":[\"https:\/\/www.noticiasradioreflejos.com.ar\/2021\/activaron-las-alertas-amarilla-y-naranja-para-17-provincias-por-vientos-y-tormentas\/\"]}]},{\"@type\":\"ImageObject\",\"inLanguage\":\"es\",\"@id\":\"https:\/\/www.noticiasradioreflejos.com.ar\/2021\/activaron-las-alertas-amarilla-y-naranja-para-17-provincias-por-vientos-y-tormentas\/#primaryimage\",\"url\":\"https:\/\/www.infobae.com\/new-resizer\/GMpedgNMkbMInPR9dFPXnNuBAek=\/420x236\/filters:format(webp):quality(85)\/cloudfront-us-east-1.images.arcpublishing.com\/infobae\/BIA54ZOH4RE73NIEV7IQVLPGRM.jpg%20420w\",\"contentUrl\":\"https:\/\/www.infobae.com\/new-resizer\/GMpedgNMkbMInPR9dFPXnNuBAek=\/420x236\/filters:format(webp):quality(85)\/cloudfront-us-east-1.images.arcpublishing.com\/infobae\/BIA54ZOH4RE73NIEV7IQVLPGRM.jpg%20420w\"},{\"@type\":\"BreadcrumbList\",\"@id\":\"https:\/\/www.noticiasradioreflejos.com.ar\/2021\/activaron-las-alertas-amarilla-y-naranja-para-17-provincias-por-vientos-y-tormentas\/#breadcrumb\",\"itemListElement\":[{\"@type\":\"ListItem\",\"position\":1,\"name\":\"Portada\",\"item\":\"https:\/\/www.noticiasradioreflejos.com.ar\/2021\/\"},{\"@type\":\"ListItem\",\"position\":2,\"name\":\"Activaron las alertas amarilla y naranja para 17 provincias por vientos y tormentas\"}]},{\"@type\":\"WebSite\",\"@id\":\"https:\/\/www.noticiasradioreflejos.com.ar\/2021\/#website\",\"url\":\"https:\/\/www.noticiasradioreflejos.com.ar\/2021\/\",\"name\":\"Noticias Radio Reflejos\",\"description\":\"Las noticias de mi comarca\",\"potentialAction\":[{\"@type\":\"SearchAction\",\"target\":{\"@type\":\"EntryPoint\",\"urlTemplate\":\"https:\/\/www.noticiasradioreflejos.com.ar\/2021\/?s={search_term_string}\"},\"query-input\":{\"@type\":\"PropertyValueSpecification\",\"valueRequired\":true,\"valueName\":\"search_term_string\"}}],\"inLanguage\":\"es\"},{\"@type\":\"Person\",\"@id\":\"https:\/\/www.noticiasradioreflejos.com.ar\/2021\/#\/schema\/person\/ad82545263dcc5ec0996818884fd5fb1\",\"name\":\"Arnaldo Botto\",\"image\":{\"@type\":\"ImageObject\",\"inLanguage\":\"es\",\"@id\":\"https:\/\/www.noticiasradioreflejos.com.ar\/2021\/#\/schema\/person\/image\/\",\"url\":\"https:\/\/secure.gravatar.com\/avatar\/55cb5e37c1efa326397366e6974cb338056df65cb50e7d64d1cf314e87504837?s=96&d=mm&r=g\",\"contentUrl\":\"https:\/\/secure.gravatar.com\/avatar\/55cb5e37c1efa326397366e6974cb338056df65cb50e7d64d1cf314e87504837?s=96&d=mm&r=g\",\"caption\":\"Arnaldo Botto\"},\"url\":\"https:\/\/www.noticiasradioreflejos.com.ar\/2021\/author\/arnaldo\/\"}]}<\/script>\n<!-- \/ Yoast SEO plugin. -->","yoast_head_json":{"title":"Activaron las alertas amarilla y naranja para 17 provincias por vientos y tormentas - Noticias Radio Reflejos","robots":{"index":"index","follow":"follow","max-snippet":"max-snippet:-1","max-image-preview":"max-image-preview:large","max-video-preview":"max-video-preview:-1"},"canonical":"https:\/\/www.noticiasradioreflejos.com.ar\/2021\/activaron-las-alertas-amarilla-y-naranja-para-17-provincias-por-vientos-y-tormentas\/","og_locale":"es_ES","og_type":"article","og_title":"Activaron las alertas amarilla y naranja para 17 provincias por vientos y tormentas - Noticias Radio Reflejos","og_description":"Las autoridades enviaron una serie de recomendaciones para prevenir a los ciudadanos de las inclemencias del tiempo","og_url":"https:\/\/www.noticiasradioreflejos.com.ar\/2021\/activaron-las-alertas-amarilla-y-naranja-para-17-provincias-por-vientos-y-tormentas\/","og_site_name":"Noticias Radio Reflejos","article_published_time":"2023-10-27T12:04:34+00:00","og_image":[{"url":"https:\/\/www.infobae.com\/new-resizer\/GMpedgNMkbMInPR9dFPXnNuBAek=\/420x236\/filters:format(webp):quality(85)\/cloudfront-us-east-1.images.arcpublishing.com\/infobae\/BIA54ZOH4RE73NIEV7IQVLPGRM.jpg%20420w","type":"","width":"","height":""}],"author":"Arnaldo Botto","twitter_card":"summary_large_image","schema":{"@context":"https:\/\/schema.org","@graph":[{"@type":"WebPage","@id":"https:\/\/www.noticiasradioreflejos.com.ar\/2021\/activaron-las-alertas-amarilla-y-naranja-para-17-provincias-por-vientos-y-tormentas\/","url":"https:\/\/www.noticiasradioreflejos.com.ar\/2021\/activaron-las-alertas-amarilla-y-naranja-para-17-provincias-por-vientos-y-tormentas\/","name":"Activaron las alertas amarilla y naranja para 17 provincias por vientos y tormentas - Noticias Radio Reflejos","isPartOf":{"@id":"https:\/\/www.noticiasradioreflejos.com.ar\/2021\/#website"},"primaryImageOfPage":{"@id":"https:\/\/www.noticiasradioreflejos.com.ar\/2021\/activaron-las-alertas-amarilla-y-naranja-para-17-provincias-por-vientos-y-tormentas\/#primaryimage"},"image":{"@id":"https:\/\/www.noticiasradioreflejos.com.ar\/2021\/activaron-las-alertas-amarilla-y-naranja-para-17-provincias-por-vientos-y-tormentas\/#primaryimage"},"thumbnailUrl":"https:\/\/www.infobae.com\/new-resizer\/GMpedgNMkbMInPR9dFPXnNuBAek=\/420x236\/filters:format(webp):quality(85)\/cloudfront-us-east-1.images.arcpublishing.com\/infobae\/BIA54ZOH4RE73NIEV7IQVLPGRM.jpg%20420w","datePublished":"2023-10-27T12:04:34+00:00","author":{"@id":"https:\/\/www.noticiasradioreflejos.com.ar\/2021\/#\/schema\/person\/ad82545263dcc5ec0996818884fd5fb1"},"breadcrumb":{"@id":"https:\/\/www.noticiasradioreflejos.com.ar\/2021\/activaron-las-alertas-amarilla-y-naranja-para-17-provincias-por-vientos-y-tormentas\/#breadcrumb"},"inLanguage":"es","potentialAction":[{"@type":"ReadAction","target":["https:\/\/www.noticiasradioreflejos.com.ar\/2021\/activaron-las-alertas-amarilla-y-naranja-para-17-provincias-por-vientos-y-tormentas\/"]}]},{"@type":"ImageObject","inLanguage":"es","@id":"https:\/\/www.noticiasradioreflejos.com.ar\/2021\/activaron-las-alertas-amarilla-y-naranja-para-17-provincias-por-vientos-y-tormentas\/#primaryimage","url":"https:\/\/www.infobae.com\/new-resizer\/GMpedgNMkbMInPR9dFPXnNuBAek=\/420x236\/filters:format(webp):quality(85)\/cloudfront-us-east-1.images.arcpublishing.com\/infobae\/BIA54ZOH4RE73NIEV7IQVLPGRM.jpg%20420w","contentUrl":"https:\/\/www.infobae.com\/new-resizer\/GMpedgNMkbMInPR9dFPXnNuBAek=\/420x236\/filters:format(webp):quality(85)\/cloudfront-us-east-1.images.arcpublishing.com\/infobae\/BIA54ZOH4RE73NIEV7IQVLPGRM.jpg%20420w"},{"@type":"BreadcrumbList","@id":"https:\/\/www.noticiasradioreflejos.com.ar\/2021\/activaron-las-alertas-amarilla-y-naranja-para-17-provincias-por-vientos-y-tormentas\/#breadcrumb","itemListElement":[{"@type":"ListItem","position":1,"name":"Portada","item":"https:\/\/www.noticiasradioreflejos.com.ar\/2021\/"},{"@type":"ListItem","position":2,"name":"Activaron las alertas amarilla y naranja para 17 provincias por vientos y tormentas"}]},{"@type":"WebSite","@id":"https:\/\/www.noticiasradioreflejos.com.ar\/2021\/#website","url":"https:\/\/www.noticiasradioreflejos.com.ar\/2021\/","name":"Noticias Radio Reflejos","description":"Las noticias de mi comarca","potentialAction":[{"@type":"SearchAction","target":{"@type":"EntryPoint","urlTemplate":"https:\/\/www.noticiasradioreflejos.com.ar\/2021\/?s={search_term_string}"},"query-input":{"@type":"PropertyValueSpecification","valueRequired":true,"valueName":"search_term_string"}}],"inLanguage":"es"},{"@type":"Person","@id":"https:\/\/www.noticiasradioreflejos.com.ar\/2021\/#\/schema\/person\/ad82545263dcc5ec0996818884fd5fb1","name":"Arnaldo Botto","image":{"@type":"ImageObject","inLanguage":"es","@id":"https:\/\/www.noticiasradioreflejos.com.ar\/2021\/#\/schema\/person\/image\/","url":"https:\/\/secure.gravatar.com\/avatar\/55cb5e37c1efa326397366e6974cb338056df65cb50e7d64d1cf314e87504837?s=96&d=mm&r=g","contentUrl":"https:\/\/secure.gravatar.com\/avatar\/55cb5e37c1efa326397366e6974cb338056df65cb50e7d64d1cf314e87504837?s=96&d=mm&r=g","caption":"Arnaldo Botto"},"url":"https:\/\/www.noticiasradioreflejos.com.ar\/2021\/author\/arnaldo\/"}]}},"_links":{"self":[{"href":"https:\/\/www.noticiasradioreflejos.com.ar\/2021\/wp-json\/wp\/v2\/posts\/94510","targetHints":{"allow":["GET"]}}],"collection":[{"href":"https:\/\/www.noticiasradioreflejos.com.ar\/2021\/wp-json\/wp\/v2\/posts"}],"about":[{"href":"https:\/\/www.noticiasradioreflejos.com.ar\/2021\/wp-json\/wp\/v2\/types\/post"}],"author":[{"embeddable":true,"href":"https:\/\/www.noticiasradioreflejos.com.ar\/2021\/wp-json\/wp\/v2\/users\/3"}],"replies":[{"embeddable":true,"href":"https:\/\/www.noticiasradioreflejos.com.ar\/2021\/wp-json\/wp\/v2\/comments?post=94510"}],"version-history":[{"count":1,"href":"https:\/\/www.noticiasradioreflejos.com.ar\/2021\/wp-json\/wp\/v2\/posts\/94510\/revisions"}],"predecessor-version":[{"id":94512,"href":"https:\/\/www.noticiasradioreflejos.com.ar\/2021\/wp-json\/wp\/v2\/posts\/94510\/revisions\/94512"}],"wp:attachment":[{"href":"https:\/\/www.noticiasradioreflejos.com.ar\/2021\/wp-json\/wp\/v2\/media?parent=94510"}],"wp:term":[{"taxonomy":"category","embeddable":true,"href":"https:\/\/www.noticiasradioreflejos.com.ar\/2021\/wp-json\/wp\/v2\/categories?post=94510"},{"taxonomy":"post_tag","embeddable":true,"href":"https:\/\/www.noticiasradioreflejos.com.ar\/2021\/wp-json\/wp\/v2\/tags?post=94510"}],"curies":[{"name":"wp","href":"https:\/\/api.w.org\/{rel}","templated":true}]}}