{"id":94507,"date":"2023-10-27T11:51:31","date_gmt":"2023-10-27T11:51:31","guid":{"rendered":"https:\/\/www.noticiasradioreflejos.com.ar\/2021\/?p=94507"},"modified":"2023-10-27T11:51:31","modified_gmt":"2023-10-27T11:51:31","slug":"macri-expreso-su-apoyo-incondicional-a-milei-y-dijo-que-los-radicales-transaron-con-massa","status":"publish","type":"post","link":"https:\/\/www.noticiasradioreflejos.com.ar\/2021\/macri-expreso-su-apoyo-incondicional-a-milei-y-dijo-que-los-radicales-transaron-con-massa\/","title":{"rendered":"Macri expres\u00f3 su \u00abapoyo incondicional\u00bb a Milei y dijo que los radicales \u00abtransaron con Massa\u00bb"},"content":{"rendered":"<p>El expresidente Mauricio Macri afirm\u00f3 hoy que en las elecciones del domingo pasado \u00ablos argentinos decidieron que la opci\u00f3n para liderar el cambio es Javier Milei\u00bb, candidato presidencial de La Libertad Avanza, y consider\u00f3 que \u00abes el \u00fanico camino que tiene la Argentina hoy\u00bb, al expresar su apoyo al dirigente libertario, de cara al balotaje del 19 de noviembre.<!--more--><\/p>\n<p>En tanto, acus\u00f3 a los dirigentes de la Uni\u00f3n C\u00edvica Radical (UCR), Gerardo Morales, Mart\u00edn Lousteau y Emiliano Yacobitti, de haber \u00abestado transando a escondidas\u00bb con el candidato de Uni\u00f3n por la Patria, Sergio Massa.<\/p>\n<p>\u201cEllos han tenido incontables reuniones con Massa y han transado en contra de los intereses de los argentinos. No pueden decir nada\u00bb, dijo el exmandatario sobre el rechazo del radicalismo al acuerdo explicitado esta semana con la candidatura de Milei de cara a al segunda vuelta de las elecciones.<\/p>\n<p>En una entrevista con radio Mitre, Macri asever\u00f3 que \u00ablos argentinos decidieron que la opci\u00f3n para liderar el cambio es Milei\u00bb y enfatiz\u00f3: \u00abEl que lidera la propuesta de cambio es Milei y hay que tener la humildad de reconocer que la gente opt\u00f3 para conducir al cambio a Milei\u00bb.<\/p>\n<p>\u00abEs un apoyo incondicional. No hemos pedido nada. No se habl\u00f3 de ning\u00fan cargo. Fuimos a la reuni\u00f3n (con Milei) no para un toma y daca\u00bb, afirm\u00f3 sobre el encuentro que mantuvieron, junto con la excandidata presidencial de Juntos por el Cambio, Patricia Bullrich, el martes por la noche, en el que se sell\u00f3 el acuerdo.<\/p>\n<p>Sobre la virtual ruptura de la coalici\u00f3n opositora, Macri afirm\u00f3 que JXC \u00absigue estando ah\u00ed\u00bb y \u00abes el mismo con sus problemas, con sus conflictos internos que hemos sabido llevar en funci\u00f3n de cuidar la rep\u00fablica\u00bb.<\/p>\n<p>El exmandatario aval\u00f3 de esta manera el apoyo a Milei expresado por Patricia Bullrich esta semana: \u00abElla fue nuestra candidata a presidenta, ella gan\u00f3 una interna a un conjunto de dirigentes importantes. Ella gan\u00f3, \u00bfc\u00f3mo pueden seguir falt\u00e1ndole el respeto cuando mostr\u00f3 su liderazgo?\u00bb, se pregunt\u00f3.<\/p>\n<p>En la entrevista, Macri cuestion\u00f3 tambi\u00e9n a dirigentes radicales como Gerardo Morales, Mart\u00edn Lousteau y Emiliano Yacobitti: \u00abLe pidieron a Patricia que cambiara su discurso el domingo a la noche. Ellos se sienten m\u00e1s c\u00f3modos con (Sergio) Massa que con Milei y que con la misma l\u00ednea del PRO\u00bb.<\/p>\n","protected":false},"excerpt":{"rendered":"<p>El expresidente Mauricio Macri afirm\u00f3 hoy que en las elecciones del domingo pasado \u00ablos argentinos decidieron que la opci\u00f3n para liderar el cambio es Javier Milei\u00bb, candidato presidencial de La Libertad Avanza, y consider\u00f3 que \u00abes el \u00fanico camino que tiene la Argentina hoy\u00bb, al expresar su apoyo al dirigente libertario, de cara al balotaje [&hellip;]<\/p>\n","protected":false},"author":3,"featured_media":0,"comment_status":"closed","ping_status":"closed","sticky":false,"template":"","format":"standard","meta":{"footnotes":""},"categories":[24],"tags":[],"class_list":["post-94507","post","type-post","status-publish","format-standard","hentry","category-politica"],"yoast_head":"<!-- This site is optimized with the Yoast SEO plugin v25.9 - https:\/\/yoast.com\/wordpress\/plugins\/seo\/ -->\n<title>Macri expres\u00f3 su &quot;apoyo incondicional&quot; a Milei y dijo que los radicales &quot;transaron con Massa&quot; - Noticias Radio Reflejos<\/title>\n<meta name=\"robots\" content=\"index, follow, max-snippet:-1, max-image-preview:large, max-video-preview:-1\" \/>\n<link rel=\"canonical\" href=\"https:\/\/www.noticiasradioreflejos.com.ar\/2021\/macri-expreso-su-apoyo-incondicional-a-milei-y-dijo-que-los-radicales-transaron-con-massa\/\" \/>\n<meta property=\"og:locale\" content=\"es_ES\" \/>\n<meta property=\"og:type\" content=\"article\" \/>\n<meta property=\"og:title\" content=\"Macri expres\u00f3 su &quot;apoyo incondicional&quot; a Milei y dijo que los radicales &quot;transaron con Massa&quot; - Noticias Radio Reflejos\" \/>\n<meta property=\"og:description\" content=\"El expresidente Mauricio Macri afirm\u00f3 hoy que en las elecciones del domingo pasado \u00ablos argentinos decidieron que la opci\u00f3n para liderar el cambio es Javier Milei\u00bb, candidato presidencial de La Libertad Avanza, y consider\u00f3 que \u00abes el \u00fanico camino que tiene la Argentina hoy\u00bb, al expresar su apoyo al dirigente libertario, de cara al balotaje [&hellip;]\" \/>\n<meta property=\"og:url\" content=\"https:\/\/www.noticiasradioreflejos.com.ar\/2021\/macri-expreso-su-apoyo-incondicional-a-milei-y-dijo-que-los-radicales-transaron-con-massa\/\" \/>\n<meta property=\"og:site_name\" content=\"Noticias Radio Reflejos\" \/>\n<meta property=\"article:published_time\" content=\"2023-10-27T11:51:31+00:00\" \/>\n<meta property=\"og:image\" content=\"https:\/\/www.noticiasradioreflejos.com.ar\/2021\/wp-content\/uploads\/2021\/07\/logosol300x200.png\" \/>\n\t<meta property=\"og:image:width\" content=\"300\" \/>\n\t<meta property=\"og:image:height\" content=\"200\" \/>\n\t<meta property=\"og:image:type\" content=\"image\/png\" \/>\n<meta name=\"author\" content=\"Arnaldo Botto\" \/>\n<meta name=\"twitter:card\" content=\"summary_large_image\" \/>\n<script type=\"application\/ld+json\" class=\"yoast-schema-graph\">{\"@context\":\"https:\/\/schema.org\",\"@graph\":[{\"@type\":\"WebPage\",\"@id\":\"https:\/\/www.noticiasradioreflejos.com.ar\/2021\/macri-expreso-su-apoyo-incondicional-a-milei-y-dijo-que-los-radicales-transaron-con-massa\/\",\"url\":\"https:\/\/www.noticiasradioreflejos.com.ar\/2021\/macri-expreso-su-apoyo-incondicional-a-milei-y-dijo-que-los-radicales-transaron-con-massa\/\",\"name\":\"Macri expres\u00f3 su \\\"apoyo incondicional\\\" a Milei y dijo que los radicales \\\"transaron con Massa\\\" - Noticias Radio Reflejos\",\"isPartOf\":{\"@id\":\"https:\/\/www.noticiasradioreflejos.com.ar\/2021\/#website\"},\"datePublished\":\"2023-10-27T11:51:31+00:00\",\"author\":{\"@id\":\"https:\/\/www.noticiasradioreflejos.com.ar\/2021\/#\/schema\/person\/ad82545263dcc5ec0996818884fd5fb1\"},\"breadcrumb\":{\"@id\":\"https:\/\/www.noticiasradioreflejos.com.ar\/2021\/macri-expreso-su-apoyo-incondicional-a-milei-y-dijo-que-los-radicales-transaron-con-massa\/#breadcrumb\"},\"inLanguage\":\"es\",\"potentialAction\":[{\"@type\":\"ReadAction\",\"target\":[\"https:\/\/www.noticiasradioreflejos.com.ar\/2021\/macri-expreso-su-apoyo-incondicional-a-milei-y-dijo-que-los-radicales-transaron-con-massa\/\"]}]},{\"@type\":\"BreadcrumbList\",\"@id\":\"https:\/\/www.noticiasradioreflejos.com.ar\/2021\/macri-expreso-su-apoyo-incondicional-a-milei-y-dijo-que-los-radicales-transaron-con-massa\/#breadcrumb\",\"itemListElement\":[{\"@type\":\"ListItem\",\"position\":1,\"name\":\"Portada\",\"item\":\"https:\/\/www.noticiasradioreflejos.com.ar\/2021\/\"},{\"@type\":\"ListItem\",\"position\":2,\"name\":\"Macri expres\u00f3 su \u00abapoyo incondicional\u00bb a Milei y dijo que los radicales \u00abtransaron con Massa\u00bb\"}]},{\"@type\":\"WebSite\",\"@id\":\"https:\/\/www.noticiasradioreflejos.com.ar\/2021\/#website\",\"url\":\"https:\/\/www.noticiasradioreflejos.com.ar\/2021\/\",\"name\":\"Noticias Radio Reflejos\",\"description\":\"Las noticias de mi comarca\",\"potentialAction\":[{\"@type\":\"SearchAction\",\"target\":{\"@type\":\"EntryPoint\",\"urlTemplate\":\"https:\/\/www.noticiasradioreflejos.com.ar\/2021\/?s={search_term_string}\"},\"query-input\":{\"@type\":\"PropertyValueSpecification\",\"valueRequired\":true,\"valueName\":\"search_term_string\"}}],\"inLanguage\":\"es\"},{\"@type\":\"Person\",\"@id\":\"https:\/\/www.noticiasradioreflejos.com.ar\/2021\/#\/schema\/person\/ad82545263dcc5ec0996818884fd5fb1\",\"name\":\"Arnaldo Botto\",\"image\":{\"@type\":\"ImageObject\",\"inLanguage\":\"es\",\"@id\":\"https:\/\/www.noticiasradioreflejos.com.ar\/2021\/#\/schema\/person\/image\/\",\"url\":\"https:\/\/secure.gravatar.com\/avatar\/55cb5e37c1efa326397366e6974cb338056df65cb50e7d64d1cf314e87504837?s=96&d=mm&r=g\",\"contentUrl\":\"https:\/\/secure.gravatar.com\/avatar\/55cb5e37c1efa326397366e6974cb338056df65cb50e7d64d1cf314e87504837?s=96&d=mm&r=g\",\"caption\":\"Arnaldo Botto\"},\"url\":\"https:\/\/www.noticiasradioreflejos.com.ar\/2021\/author\/arnaldo\/\"}]}<\/script>\n<!-- \/ Yoast SEO plugin. -->","yoast_head_json":{"title":"Macri expres\u00f3 su \"apoyo incondicional\" a Milei y dijo que los radicales \"transaron con Massa\" - Noticias Radio Reflejos","robots":{"index":"index","follow":"follow","max-snippet":"max-snippet:-1","max-image-preview":"max-image-preview:large","max-video-preview":"max-video-preview:-1"},"canonical":"https:\/\/www.noticiasradioreflejos.com.ar\/2021\/macri-expreso-su-apoyo-incondicional-a-milei-y-dijo-que-los-radicales-transaron-con-massa\/","og_locale":"es_ES","og_type":"article","og_title":"Macri expres\u00f3 su \"apoyo incondicional\" a Milei y dijo que los radicales \"transaron con Massa\" - Noticias Radio Reflejos","og_description":"El expresidente Mauricio Macri afirm\u00f3 hoy que en las elecciones del domingo pasado \u00ablos argentinos decidieron que la opci\u00f3n para liderar el cambio es Javier Milei\u00bb, candidato presidencial de La Libertad Avanza, y consider\u00f3 que \u00abes el \u00fanico camino que tiene la Argentina hoy\u00bb, al expresar su apoyo al dirigente libertario, de cara al balotaje [&hellip;]","og_url":"https:\/\/www.noticiasradioreflejos.com.ar\/2021\/macri-expreso-su-apoyo-incondicional-a-milei-y-dijo-que-los-radicales-transaron-con-massa\/","og_site_name":"Noticias Radio Reflejos","article_published_time":"2023-10-27T11:51:31+00:00","og_image":[{"width":300,"height":200,"url":"https:\/\/www.noticiasradioreflejos.com.ar\/2021\/wp-content\/uploads\/2021\/07\/logosol300x200.png","type":"image\/png"}],"author":"Arnaldo Botto","twitter_card":"summary_large_image","schema":{"@context":"https:\/\/schema.org","@graph":[{"@type":"WebPage","@id":"https:\/\/www.noticiasradioreflejos.com.ar\/2021\/macri-expreso-su-apoyo-incondicional-a-milei-y-dijo-que-los-radicales-transaron-con-massa\/","url":"https:\/\/www.noticiasradioreflejos.com.ar\/2021\/macri-expreso-su-apoyo-incondicional-a-milei-y-dijo-que-los-radicales-transaron-con-massa\/","name":"Macri expres\u00f3 su \"apoyo incondicional\" a Milei y dijo que los radicales \"transaron con Massa\" - Noticias Radio Reflejos","isPartOf":{"@id":"https:\/\/www.noticiasradioreflejos.com.ar\/2021\/#website"},"datePublished":"2023-10-27T11:51:31+00:00","author":{"@id":"https:\/\/www.noticiasradioreflejos.com.ar\/2021\/#\/schema\/person\/ad82545263dcc5ec0996818884fd5fb1"},"breadcrumb":{"@id":"https:\/\/www.noticiasradioreflejos.com.ar\/2021\/macri-expreso-su-apoyo-incondicional-a-milei-y-dijo-que-los-radicales-transaron-con-massa\/#breadcrumb"},"inLanguage":"es","potentialAction":[{"@type":"ReadAction","target":["https:\/\/www.noticiasradioreflejos.com.ar\/2021\/macri-expreso-su-apoyo-incondicional-a-milei-y-dijo-que-los-radicales-transaron-con-massa\/"]}]},{"@type":"BreadcrumbList","@id":"https:\/\/www.noticiasradioreflejos.com.ar\/2021\/macri-expreso-su-apoyo-incondicional-a-milei-y-dijo-que-los-radicales-transaron-con-massa\/#breadcrumb","itemListElement":[{"@type":"ListItem","position":1,"name":"Portada","item":"https:\/\/www.noticiasradioreflejos.com.ar\/2021\/"},{"@type":"ListItem","position":2,"name":"Macri expres\u00f3 su \u00abapoyo incondicional\u00bb a Milei y dijo que los radicales \u00abtransaron con Massa\u00bb"}]},{"@type":"WebSite","@id":"https:\/\/www.noticiasradioreflejos.com.ar\/2021\/#website","url":"https:\/\/www.noticiasradioreflejos.com.ar\/2021\/","name":"Noticias Radio Reflejos","description":"Las noticias de mi comarca","potentialAction":[{"@type":"SearchAction","target":{"@type":"EntryPoint","urlTemplate":"https:\/\/www.noticiasradioreflejos.com.ar\/2021\/?s={search_term_string}"},"query-input":{"@type":"PropertyValueSpecification","valueRequired":true,"valueName":"search_term_string"}}],"inLanguage":"es"},{"@type":"Person","@id":"https:\/\/www.noticiasradioreflejos.com.ar\/2021\/#\/schema\/person\/ad82545263dcc5ec0996818884fd5fb1","name":"Arnaldo Botto","image":{"@type":"ImageObject","inLanguage":"es","@id":"https:\/\/www.noticiasradioreflejos.com.ar\/2021\/#\/schema\/person\/image\/","url":"https:\/\/secure.gravatar.com\/avatar\/55cb5e37c1efa326397366e6974cb338056df65cb50e7d64d1cf314e87504837?s=96&d=mm&r=g","contentUrl":"https:\/\/secure.gravatar.com\/avatar\/55cb5e37c1efa326397366e6974cb338056df65cb50e7d64d1cf314e87504837?s=96&d=mm&r=g","caption":"Arnaldo Botto"},"url":"https:\/\/www.noticiasradioreflejos.com.ar\/2021\/author\/arnaldo\/"}]}},"_links":{"self":[{"href":"https:\/\/www.noticiasradioreflejos.com.ar\/2021\/wp-json\/wp\/v2\/posts\/94507","targetHints":{"allow":["GET"]}}],"collection":[{"href":"https:\/\/www.noticiasradioreflejos.com.ar\/2021\/wp-json\/wp\/v2\/posts"}],"about":[{"href":"https:\/\/www.noticiasradioreflejos.com.ar\/2021\/wp-json\/wp\/v2\/types\/post"}],"author":[{"embeddable":true,"href":"https:\/\/www.noticiasradioreflejos.com.ar\/2021\/wp-json\/wp\/v2\/users\/3"}],"replies":[{"embeddable":true,"href":"https:\/\/www.noticiasradioreflejos.com.ar\/2021\/wp-json\/wp\/v2\/comments?post=94507"}],"version-history":[{"count":1,"href":"https:\/\/www.noticiasradioreflejos.com.ar\/2021\/wp-json\/wp\/v2\/posts\/94507\/revisions"}],"predecessor-version":[{"id":94509,"href":"https:\/\/www.noticiasradioreflejos.com.ar\/2021\/wp-json\/wp\/v2\/posts\/94507\/revisions\/94509"}],"wp:attachment":[{"href":"https:\/\/www.noticiasradioreflejos.com.ar\/2021\/wp-json\/wp\/v2\/media?parent=94507"}],"wp:term":[{"taxonomy":"category","embeddable":true,"href":"https:\/\/www.noticiasradioreflejos.com.ar\/2021\/wp-json\/wp\/v2\/categories?post=94507"},{"taxonomy":"post_tag","embeddable":true,"href":"https:\/\/www.noticiasradioreflejos.com.ar\/2021\/wp-json\/wp\/v2\/tags?post=94507"}],"curies":[{"name":"wp","href":"https:\/\/api.w.org\/{rel}","templated":true}]}}