{"id":94477,"date":"2023-10-26T15:16:38","date_gmt":"2023-10-26T15:16:38","guid":{"rendered":"https:\/\/www.noticiasradioreflejos.com.ar\/2021\/?p=94477"},"modified":"2023-10-27T11:17:06","modified_gmt":"2023-10-27T11:17:06","slug":"manuel-castro-hay-que-construir-nuevos-liderazgos-porque-los-viejos-han-fallado","status":"publish","type":"post","link":"https:\/\/www.noticiasradioreflejos.com.ar\/2021\/manuel-castro-hay-que-construir-nuevos-liderazgos-porque-los-viejos-han-fallado\/","title":{"rendered":"Manuel Castro: \u201cHay que construir nuevos liderazgos porque los viejos han fallado\u201d"},"content":{"rendered":"<p>El actual presidente de la UCR Tornquist dej\u00f3 su visi\u00f3n tras las convulsionadas 48 horas previas post elecci\u00f3n. \u201cPatricia Bullrich como Mauricio Macri y otros dirigentes son los que en este momento se han ido de Juntos por el Cambio\u201d afirm\u00f3.<!--more--><\/p>\n<p>No son horas sencillas en Juntos por el Cambio. Los resultados del domingo pegaron y muy duro, y contra todos los pron\u00f3sticos r\u00e1pidamente hubo estampidas en varios frentes, que dejan al espacio en una situaci\u00f3n inc\u00f3moda.<\/p>\n<p>Al respecto el presidente de la UCR Tornquist, Manuel Castro, afirm\u00f3 que \u201cpor una cuesti\u00f3n de cercan\u00eda, fue un d\u00eda dif\u00edcil el lunes, pero es as\u00ed la democracia. Pasan las elecciones y la vida sigue. Y ayer con la dirigencia de Juntos y la UCR quiz\u00e1s fue un poco apresurado. Despu\u00e9s del domingo no me imaginaba que tras tres d\u00edas se iba a armar este revuelo a nivel nacional\u201d.<\/p>\n<p>De igual forma resalt\u00f3 que \u201cel domingo la gente eligi\u00f3. Hay que respetar eso. Y a Juntos por el Cambio la gente lo posicion\u00f3 en un lugar de oposici\u00f3n, que el radicalismo que integra ese frente lo ha sabido llevar delante de manera responsable m\u00e1s all\u00e1 de los gobiernos que han pasado. No hay que caer en fanatismos que nos haga cometer errores\u201d.<\/p>\n<p>Trazando un paralelismo acot\u00f3 que \u201cen esto considero con los compa\u00f1eros justicialistas, que en su momento no estaban conformes con Massa y en los pueblos nos arrastran en decisiones que no nos convencen. Nosotros como UCR a nivel local nos mantuvimos dentro de la l\u00ednea de Juntos por el Cambio, pero siempre corri\u00e9ndonos de los fanatismos y las discusiones que est\u00e1n lejos de la militancia en un pueblo\u201d.<\/p>\n<p>Volviendo al desglose agreg\u00f3 que \u201ca nivel nacional nuestro partido ya tom\u00f3 una posici\u00f3n neutral, donde no acompa\u00f1an a ninguno de los dos. El mensaje es ese; a Juntos por el Cambio a nivel nacional y a nivel local nos ubicaron como oposici\u00f3n. Hay que construir un nuevo liderazgo. Hay que cambiarlos porque han fracaso. Hay que mirar para adelante porque la vida contin\u00faa\u201d.<\/p>\n<p>Recalcando a su vez que \u201ccada ciudadano tiene la obligaci\u00f3n y la libertad de ir a votar. Espero que vaya mucha gente. Y dentro del cuarto oscuro, cada ciudadano, m\u00e1s all\u00e1 de su ideolog\u00eda pol\u00edtica, tiene la libertad de expresarse por la democracia\u201d.<\/p>\n<p>En otro pasaje de la charla reconoci\u00f3 que \u201clo ha remarcado tanto Gerardo Morales como Martin Lousteau; tanto Patricia Bullrich como Mauricio Macri y otros dirigentes son los que en este momento se han ido de Juntos por el Cambio. No es que el espacio mantuvo un encuentro y tiene una posici\u00f3n respecto a Milei. Ac\u00e1 dos o tres dirigentes, que hasta ayer eran los l\u00edderes, decidieron apartarse y acompa\u00f1ar a Milei. Como hay otros dirigentes que decidan acompa\u00f1ar a Massa. Esto no quiere decir que como espacio tengamos un posicionamiento para uno u otro\u201d.<\/p>\n<p>Cerrando con una reflexi\u00f3n en la cual indic\u00f3 que \u201chay un error hist\u00f3rico de los ex presidentes que les cuesta soltar el poder. Macri es el fundador del Pro, no de Juntos por el Cambio. Juntos se conform\u00f3 Cambiemos por una convenci\u00f3n de la UCR en Gualeguaych\u00fa donde el partido decidi\u00f3 conformar ese espacio, donde tambi\u00e9n estaba el GEN, la Coalici\u00f3n C\u00edvica y el Pro. En esa PASO gan\u00f3 Macri, pero nosotros en el radicalismo no seguimos personalismos ni nombres, sino ideas\u201d.<\/p>\n<p>&nbsp;<\/p>\n<p><iframe loading=\"lazy\" src=\"https:\/\/w.soundcloud.com\/player\/?url=https%3A\/\/api.soundcloud.com\/tracks\/1649774952&amp;color=%23ff5500&amp;auto_play=false&amp;hide_related=false&amp;show_comments=true&amp;show_user=true&amp;show_reposts=false&amp;show_teaser=true\" width=\"100%\" height=\"166\" frameborder=\"no\" scrolling=\"no\"><\/iframe><\/p>\n<div style=\"font-size: 10px; color: #cccccc; line-break: anywhere; word-break: normal; overflow: hidden; white-space: nowrap; text-overflow: ellipsis; font-family: Interstate,Lucida Grande,Lucida Sans Unicode,Lucida Sans,Garuda,Verdana,Tahoma,sans-serif; font-weight: 100;\"><a style=\"color: #cccccc; text-decoration: none;\" title=\"fmreflejos 103.7\" href=\"https:\/\/soundcloud.com\/fmreflejos-103-7\" target=\"_blank\" rel=\"noopener\">fmreflejos 103.7<\/a> \u00b7 <a style=\"color: #cccccc; text-decoration: none;\" title=\"Manuel Castro 26 - 10\" href=\"https:\/\/soundcloud.com\/fmreflejos-103-7\/manuel-castro-26-10\" target=\"_blank\" rel=\"noopener\">Manuel Castro 26 &#8211; 10<\/a><\/div>\n","protected":false},"excerpt":{"rendered":"<p>El actual presidente de la UCR Tornquist dej\u00f3 su visi\u00f3n tras las convulsionadas 48 horas previas post elecci\u00f3n. \u201cPatricia Bullrich como Mauricio Macri y otros dirigentes son los que en este momento se han ido de Juntos por el Cambio\u201d afirm\u00f3.<\/p>\n","protected":false},"author":3,"featured_media":0,"comment_status":"closed","ping_status":"closed","sticky":false,"template":"","format":"standard","meta":{"footnotes":""},"categories":[24],"tags":[48],"class_list":["post-94477","post","type-post","status-publish","format-standard","hentry","category-politica","tag-destacada"],"yoast_head":"<!-- This site is optimized with the Yoast SEO plugin v25.9 - https:\/\/yoast.com\/wordpress\/plugins\/seo\/ -->\n<title>Manuel Castro: \u201cHay que construir nuevos liderazgos porque los viejos han fallado\u201d - Noticias Radio Reflejos<\/title>\n<meta name=\"robots\" content=\"index, follow, max-snippet:-1, max-image-preview:large, max-video-preview:-1\" \/>\n<link rel=\"canonical\" href=\"https:\/\/www.noticiasradioreflejos.com.ar\/2021\/manuel-castro-hay-que-construir-nuevos-liderazgos-porque-los-viejos-han-fallado\/\" \/>\n<meta property=\"og:locale\" content=\"es_ES\" \/>\n<meta property=\"og:type\" content=\"article\" \/>\n<meta property=\"og:title\" content=\"Manuel Castro: \u201cHay que construir nuevos liderazgos porque los viejos han fallado\u201d - Noticias Radio Reflejos\" \/>\n<meta property=\"og:description\" content=\"El actual presidente de la UCR Tornquist dej\u00f3 su visi\u00f3n tras las convulsionadas 48 horas previas post elecci\u00f3n. \u201cPatricia Bullrich como Mauricio Macri y otros dirigentes son los que en este momento se han ido de Juntos por el Cambio\u201d afirm\u00f3.\" \/>\n<meta property=\"og:url\" content=\"https:\/\/www.noticiasradioreflejos.com.ar\/2021\/manuel-castro-hay-que-construir-nuevos-liderazgos-porque-los-viejos-han-fallado\/\" \/>\n<meta property=\"og:site_name\" content=\"Noticias Radio Reflejos\" \/>\n<meta property=\"article:published_time\" content=\"2023-10-26T15:16:38+00:00\" \/>\n<meta property=\"article:modified_time\" content=\"2023-10-27T11:17:06+00:00\" \/>\n<meta property=\"og:image\" content=\"https:\/\/www.noticiasradioreflejos.com.ar\/2021\/wp-content\/uploads\/2021\/07\/logosol300x200.png\" \/>\n\t<meta property=\"og:image:width\" content=\"300\" \/>\n\t<meta property=\"og:image:height\" content=\"200\" \/>\n\t<meta property=\"og:image:type\" content=\"image\/png\" \/>\n<meta name=\"author\" content=\"Arnaldo Botto\" \/>\n<meta name=\"twitter:card\" content=\"summary_large_image\" \/>\n<script type=\"application\/ld+json\" class=\"yoast-schema-graph\">{\"@context\":\"https:\/\/schema.org\",\"@graph\":[{\"@type\":\"WebPage\",\"@id\":\"https:\/\/www.noticiasradioreflejos.com.ar\/2021\/manuel-castro-hay-que-construir-nuevos-liderazgos-porque-los-viejos-han-fallado\/\",\"url\":\"https:\/\/www.noticiasradioreflejos.com.ar\/2021\/manuel-castro-hay-que-construir-nuevos-liderazgos-porque-los-viejos-han-fallado\/\",\"name\":\"Manuel Castro: \u201cHay que construir nuevos liderazgos porque los viejos han fallado\u201d - Noticias Radio Reflejos\",\"isPartOf\":{\"@id\":\"https:\/\/www.noticiasradioreflejos.com.ar\/2021\/#website\"},\"datePublished\":\"2023-10-26T15:16:38+00:00\",\"dateModified\":\"2023-10-27T11:17:06+00:00\",\"author\":{\"@id\":\"https:\/\/www.noticiasradioreflejos.com.ar\/2021\/#\/schema\/person\/ad82545263dcc5ec0996818884fd5fb1\"},\"breadcrumb\":{\"@id\":\"https:\/\/www.noticiasradioreflejos.com.ar\/2021\/manuel-castro-hay-que-construir-nuevos-liderazgos-porque-los-viejos-han-fallado\/#breadcrumb\"},\"inLanguage\":\"es\",\"potentialAction\":[{\"@type\":\"ReadAction\",\"target\":[\"https:\/\/www.noticiasradioreflejos.com.ar\/2021\/manuel-castro-hay-que-construir-nuevos-liderazgos-porque-los-viejos-han-fallado\/\"]}]},{\"@type\":\"BreadcrumbList\",\"@id\":\"https:\/\/www.noticiasradioreflejos.com.ar\/2021\/manuel-castro-hay-que-construir-nuevos-liderazgos-porque-los-viejos-han-fallado\/#breadcrumb\",\"itemListElement\":[{\"@type\":\"ListItem\",\"position\":1,\"name\":\"Portada\",\"item\":\"https:\/\/www.noticiasradioreflejos.com.ar\/2021\/\"},{\"@type\":\"ListItem\",\"position\":2,\"name\":\"Manuel Castro: \u201cHay que construir nuevos liderazgos porque los viejos han fallado\u201d\"}]},{\"@type\":\"WebSite\",\"@id\":\"https:\/\/www.noticiasradioreflejos.com.ar\/2021\/#website\",\"url\":\"https:\/\/www.noticiasradioreflejos.com.ar\/2021\/\",\"name\":\"Noticias Radio Reflejos\",\"description\":\"Las noticias de mi comarca\",\"potentialAction\":[{\"@type\":\"SearchAction\",\"target\":{\"@type\":\"EntryPoint\",\"urlTemplate\":\"https:\/\/www.noticiasradioreflejos.com.ar\/2021\/?s={search_term_string}\"},\"query-input\":{\"@type\":\"PropertyValueSpecification\",\"valueRequired\":true,\"valueName\":\"search_term_string\"}}],\"inLanguage\":\"es\"},{\"@type\":\"Person\",\"@id\":\"https:\/\/www.noticiasradioreflejos.com.ar\/2021\/#\/schema\/person\/ad82545263dcc5ec0996818884fd5fb1\",\"name\":\"Arnaldo Botto\",\"image\":{\"@type\":\"ImageObject\",\"inLanguage\":\"es\",\"@id\":\"https:\/\/www.noticiasradioreflejos.com.ar\/2021\/#\/schema\/person\/image\/\",\"url\":\"https:\/\/secure.gravatar.com\/avatar\/55cb5e37c1efa326397366e6974cb338056df65cb50e7d64d1cf314e87504837?s=96&d=mm&r=g\",\"contentUrl\":\"https:\/\/secure.gravatar.com\/avatar\/55cb5e37c1efa326397366e6974cb338056df65cb50e7d64d1cf314e87504837?s=96&d=mm&r=g\",\"caption\":\"Arnaldo Botto\"},\"url\":\"https:\/\/www.noticiasradioreflejos.com.ar\/2021\/author\/arnaldo\/\"}]}<\/script>\n<!-- \/ Yoast SEO plugin. -->","yoast_head_json":{"title":"Manuel Castro: \u201cHay que construir nuevos liderazgos porque los viejos han fallado\u201d - Noticias Radio Reflejos","robots":{"index":"index","follow":"follow","max-snippet":"max-snippet:-1","max-image-preview":"max-image-preview:large","max-video-preview":"max-video-preview:-1"},"canonical":"https:\/\/www.noticiasradioreflejos.com.ar\/2021\/manuel-castro-hay-que-construir-nuevos-liderazgos-porque-los-viejos-han-fallado\/","og_locale":"es_ES","og_type":"article","og_title":"Manuel Castro: \u201cHay que construir nuevos liderazgos porque los viejos han fallado\u201d - Noticias Radio Reflejos","og_description":"El actual presidente de la UCR Tornquist dej\u00f3 su visi\u00f3n tras las convulsionadas 48 horas previas post elecci\u00f3n. \u201cPatricia Bullrich como Mauricio Macri y otros dirigentes son los que en este momento se han ido de Juntos por el Cambio\u201d afirm\u00f3.","og_url":"https:\/\/www.noticiasradioreflejos.com.ar\/2021\/manuel-castro-hay-que-construir-nuevos-liderazgos-porque-los-viejos-han-fallado\/","og_site_name":"Noticias Radio Reflejos","article_published_time":"2023-10-26T15:16:38+00:00","article_modified_time":"2023-10-27T11:17:06+00:00","og_image":[{"width":300,"height":200,"url":"https:\/\/www.noticiasradioreflejos.com.ar\/2021\/wp-content\/uploads\/2021\/07\/logosol300x200.png","type":"image\/png"}],"author":"Arnaldo Botto","twitter_card":"summary_large_image","schema":{"@context":"https:\/\/schema.org","@graph":[{"@type":"WebPage","@id":"https:\/\/www.noticiasradioreflejos.com.ar\/2021\/manuel-castro-hay-que-construir-nuevos-liderazgos-porque-los-viejos-han-fallado\/","url":"https:\/\/www.noticiasradioreflejos.com.ar\/2021\/manuel-castro-hay-que-construir-nuevos-liderazgos-porque-los-viejos-han-fallado\/","name":"Manuel Castro: \u201cHay que construir nuevos liderazgos porque los viejos han fallado\u201d - Noticias Radio Reflejos","isPartOf":{"@id":"https:\/\/www.noticiasradioreflejos.com.ar\/2021\/#website"},"datePublished":"2023-10-26T15:16:38+00:00","dateModified":"2023-10-27T11:17:06+00:00","author":{"@id":"https:\/\/www.noticiasradioreflejos.com.ar\/2021\/#\/schema\/person\/ad82545263dcc5ec0996818884fd5fb1"},"breadcrumb":{"@id":"https:\/\/www.noticiasradioreflejos.com.ar\/2021\/manuel-castro-hay-que-construir-nuevos-liderazgos-porque-los-viejos-han-fallado\/#breadcrumb"},"inLanguage":"es","potentialAction":[{"@type":"ReadAction","target":["https:\/\/www.noticiasradioreflejos.com.ar\/2021\/manuel-castro-hay-que-construir-nuevos-liderazgos-porque-los-viejos-han-fallado\/"]}]},{"@type":"BreadcrumbList","@id":"https:\/\/www.noticiasradioreflejos.com.ar\/2021\/manuel-castro-hay-que-construir-nuevos-liderazgos-porque-los-viejos-han-fallado\/#breadcrumb","itemListElement":[{"@type":"ListItem","position":1,"name":"Portada","item":"https:\/\/www.noticiasradioreflejos.com.ar\/2021\/"},{"@type":"ListItem","position":2,"name":"Manuel Castro: \u201cHay que construir nuevos liderazgos porque los viejos han fallado\u201d"}]},{"@type":"WebSite","@id":"https:\/\/www.noticiasradioreflejos.com.ar\/2021\/#website","url":"https:\/\/www.noticiasradioreflejos.com.ar\/2021\/","name":"Noticias Radio Reflejos","description":"Las noticias de mi comarca","potentialAction":[{"@type":"SearchAction","target":{"@type":"EntryPoint","urlTemplate":"https:\/\/www.noticiasradioreflejos.com.ar\/2021\/?s={search_term_string}"},"query-input":{"@type":"PropertyValueSpecification","valueRequired":true,"valueName":"search_term_string"}}],"inLanguage":"es"},{"@type":"Person","@id":"https:\/\/www.noticiasradioreflejos.com.ar\/2021\/#\/schema\/person\/ad82545263dcc5ec0996818884fd5fb1","name":"Arnaldo Botto","image":{"@type":"ImageObject","inLanguage":"es","@id":"https:\/\/www.noticiasradioreflejos.com.ar\/2021\/#\/schema\/person\/image\/","url":"https:\/\/secure.gravatar.com\/avatar\/55cb5e37c1efa326397366e6974cb338056df65cb50e7d64d1cf314e87504837?s=96&d=mm&r=g","contentUrl":"https:\/\/secure.gravatar.com\/avatar\/55cb5e37c1efa326397366e6974cb338056df65cb50e7d64d1cf314e87504837?s=96&d=mm&r=g","caption":"Arnaldo Botto"},"url":"https:\/\/www.noticiasradioreflejos.com.ar\/2021\/author\/arnaldo\/"}]}},"_links":{"self":[{"href":"https:\/\/www.noticiasradioreflejos.com.ar\/2021\/wp-json\/wp\/v2\/posts\/94477","targetHints":{"allow":["GET"]}}],"collection":[{"href":"https:\/\/www.noticiasradioreflejos.com.ar\/2021\/wp-json\/wp\/v2\/posts"}],"about":[{"href":"https:\/\/www.noticiasradioreflejos.com.ar\/2021\/wp-json\/wp\/v2\/types\/post"}],"author":[{"embeddable":true,"href":"https:\/\/www.noticiasradioreflejos.com.ar\/2021\/wp-json\/wp\/v2\/users\/3"}],"replies":[{"embeddable":true,"href":"https:\/\/www.noticiasradioreflejos.com.ar\/2021\/wp-json\/wp\/v2\/comments?post=94477"}],"version-history":[{"count":3,"href":"https:\/\/www.noticiasradioreflejos.com.ar\/2021\/wp-json\/wp\/v2\/posts\/94477\/revisions"}],"predecessor-version":[{"id":94483,"href":"https:\/\/www.noticiasradioreflejos.com.ar\/2021\/wp-json\/wp\/v2\/posts\/94477\/revisions\/94483"}],"wp:attachment":[{"href":"https:\/\/www.noticiasradioreflejos.com.ar\/2021\/wp-json\/wp\/v2\/media?parent=94477"}],"wp:term":[{"taxonomy":"category","embeddable":true,"href":"https:\/\/www.noticiasradioreflejos.com.ar\/2021\/wp-json\/wp\/v2\/categories?post=94477"},{"taxonomy":"post_tag","embeddable":true,"href":"https:\/\/www.noticiasradioreflejos.com.ar\/2021\/wp-json\/wp\/v2\/tags?post=94477"}],"curies":[{"name":"wp","href":"https:\/\/api.w.org\/{rel}","templated":true}]}}