{"id":9446,"date":"2017-04-25T21:35:34","date_gmt":"2017-04-26T00:35:34","guid":{"rendered":"http:\/\/noticiasradioreflejos.com.ar\/noticias\/?p=9446"},"modified":"2017-04-25T21:35:34","modified_gmt":"2017-04-26T00:35:34","slug":"en-sierra-de-la-ventana-se-hizo-oficial-la-presentacion-del-presupuesto-participativo","status":"publish","type":"post","link":"https:\/\/www.noticiasradioreflejos.com.ar\/2021\/en-sierra-de-la-ventana-se-hizo-oficial-la-presentacion-del-presupuesto-participativo\/","title":{"rendered":"En Sierra de la Ventana se hizo oficial la presentaci\u00f3n del Presupuesto Participativo"},"content":{"rendered":"<p>El Secretario de Planificaci\u00f3n de Tornquist Municipio, Gonzalo Iparraguirre nos describe como fue el primer encuentro y primer taller del Presupuesto Participativo, realizado este martes 24 de abril en Sierra de la Ventana.<!--more--><br \/>\nCon Gonzalo analizamos las expectativas y posibilidades de este m\u00e9todo que permite a las localidades del distrito definir cu\u00e1les son las propuestas y necesidades de cada uno que benefician socialmente a toda la comunidad.<br \/>\n\u00abAyer hicimos el lanzamiento oficial en Sierra de la Ventana, primer taller y primer encuentro. La verdad que en esta oportunidad vamos hacer los menos encuentros posibles, porque ya tenemos experiencia en la forma de darlos. La idea es continuar present\u00e1ndolo en todas las localidades y ya despu\u00e9s trabajar propuestas concretas.\u00bb comenta Gonzalo.<br \/>\nEn cuanto a la cantidad de dinero que se dispone en esta oportunidad, este proyecto cuenta con dos importes y para este caso Iparraguirre comenta: \u00abEn caso de Sierra de la Ventana hay proyecto A y B como el a\u00f1o pasado. El A $450.000 y B $100.000 y lo que nos paso justamente ayer es que hab\u00eda proyectos del a\u00f1o pasado y proyectos nuevos.\u00bb<br \/>\nEn cuanto a la concurrencia y convocatoria de este primer Presupuesto Participativo, Gonzalo Iparraguirre argumenta: \u00abEl a\u00f1o pasado nos paso que el primer encuentro hubo poca gente, pero despu\u00e9s se suman m\u00e1s cuando se presenta la segunda etapa, nos paso que Sierra de la Ventana es uno de los lugares que m\u00e1s convoco gente. Sentimos que hay expectativas asique apostamos al boca en boca\u00bb.<br \/>\n\u00abEste a\u00f1o lo manejamos desde mi \u00e1rea y en conjunto y coordinaci\u00f3n con Ezequiel Gabella y aparte contamos con todo el gabinete que siempre nos acompa\u00f1a.\u00bb argumenta Gonzalo y apuesta: \u00abEn Tornquist por ejemplo el porcentaje de gente que participa por lo general se espera siempre un 10% del padr\u00f3n y nosotros el a\u00f1o pasado superamos el 15% y eso para nuestro distrito es un n\u00famero importante.\u00bb<br \/>\n<strong>\u00abMa\u00f1ana es el turno de Saldungaray para la presentaci\u00f3n del Presupuesto Participativo y el 15 de mayo el pr\u00f3ximo se volver\u00e1n a re encontrar en Sierra de la Ventana\u00bb sintetiza el Secretario de Planificaci\u00f3n del Municipio.\u00a0<\/strong><br \/>\n<a title=\"18119681_10212691020049181_1080464391_o\" href=\"http:\/\/farm3.staticflickr.com\/2872\/34115635842_ccb6f81c92_c.jpg\" rel=\"\"><img loading=\"lazy\" decoding=\"async\" class=\"aligncenter\" title=\"18119681_10212691020049181_1080464391_o\" src=\"http:\/\/farm3.staticflickr.com\/2872\/34115635842_ccb6f81c92_c.jpg\" alt=\"18119681_10212691020049181_1080464391_o\" width=\"800\" height=\"600\" \/><\/a><br \/>\n<a title=\"18159793_10212691020169184_127457611_o (1)\" href=\"http:\/\/farm5.staticflickr.com\/4160\/33431047354_ec0ec9417f_c.jpg\" rel=\"\"><img loading=\"lazy\" decoding=\"async\" class=\"aligncenter\" title=\"18159793_10212691020169184_127457611_o (1)\" src=\"http:\/\/farm5.staticflickr.com\/4160\/33431047354_ec0ec9417f_c.jpg\" alt=\"18159793_10212691020169184_127457611_o (1)\" width=\"800\" height=\"450\" \/><\/a><br \/>\n<a title=\"18120159_10212691020009180_1915846230_o\" href=\"http:\/\/farm5.staticflickr.com\/4162\/34115636432_2d71322196_c.jpg\" rel=\"\"><img loading=\"lazy\" decoding=\"async\" class=\"aligncenter\" title=\"18120159_10212691020009180_1915846230_o\" src=\"http:\/\/farm5.staticflickr.com\/4162\/34115636432_2d71322196_c.jpg\" alt=\"18120159_10212691020009180_1915846230_o\" width=\"800\" height=\"450\" \/><\/a><br \/>\n<iframe loading=\"lazy\" src=\"https:\/\/w.soundcloud.com\/player\/?url=https%3A\/\/api.soundcloud.com\/tracks\/319421121&amp;color=ff5500&amp;auto_play=false&amp;hide_related=false&amp;show_comments=true&amp;show_user=true&amp;show_reposts=false\" width=\"100%\" height=\"166\" frameborder=\"no\" scrolling=\"no\"><\/iframe><\/p>\n","protected":false},"excerpt":{"rendered":"<p>El Secretario de Planificaci\u00f3n de Tornquist Municipio, Gonzalo Iparraguirre nos describe como fue el primer encuentro y primer taller del Presupuesto Participativo, realizado este martes 24 de abril en Sierra de la Ventana.<\/p>\n","protected":false},"author":3,"featured_media":0,"comment_status":"closed","ping_status":"open","sticky":false,"template":"","format":"standard","meta":{"footnotes":""},"categories":[35],"tags":[],"class_list":["post-9446","post","type-post","status-publish","format-standard","hentry","category-cultura"],"yoast_head":"<!-- This site is optimized with the Yoast SEO plugin v25.9 - https:\/\/yoast.com\/wordpress\/plugins\/seo\/ -->\n<title>En Sierra de la Ventana se hizo oficial la presentaci\u00f3n del Presupuesto Participativo - Noticias Radio Reflejos<\/title>\n<meta name=\"robots\" content=\"index, follow, max-snippet:-1, max-image-preview:large, max-video-preview:-1\" \/>\n<link rel=\"canonical\" href=\"https:\/\/www.noticiasradioreflejos.com.ar\/2021\/en-sierra-de-la-ventana-se-hizo-oficial-la-presentacion-del-presupuesto-participativo\/\" \/>\n<meta property=\"og:locale\" content=\"es_ES\" \/>\n<meta property=\"og:type\" content=\"article\" \/>\n<meta property=\"og:title\" content=\"En Sierra de la Ventana se hizo oficial la presentaci\u00f3n del Presupuesto Participativo - Noticias Radio Reflejos\" \/>\n<meta property=\"og:description\" content=\"El Secretario de Planificaci\u00f3n de Tornquist Municipio, Gonzalo Iparraguirre nos describe como fue el primer encuentro y primer taller del Presupuesto Participativo, realizado este martes 24 de abril en Sierra de la Ventana.\" \/>\n<meta property=\"og:url\" content=\"https:\/\/www.noticiasradioreflejos.com.ar\/2021\/en-sierra-de-la-ventana-se-hizo-oficial-la-presentacion-del-presupuesto-participativo\/\" \/>\n<meta property=\"og:site_name\" content=\"Noticias Radio Reflejos\" \/>\n<meta property=\"article:published_time\" content=\"2017-04-26T00:35:34+00:00\" \/>\n<meta property=\"og:image\" content=\"http:\/\/farm3.staticflickr.com\/2872\/34115635842_ccb6f81c92_c.jpg\" \/>\n<meta name=\"author\" content=\"Arnaldo Botto\" \/>\n<meta name=\"twitter:card\" content=\"summary_large_image\" \/>\n<script type=\"application\/ld+json\" class=\"yoast-schema-graph\">{\"@context\":\"https:\/\/schema.org\",\"@graph\":[{\"@type\":\"WebPage\",\"@id\":\"https:\/\/www.noticiasradioreflejos.com.ar\/2021\/en-sierra-de-la-ventana-se-hizo-oficial-la-presentacion-del-presupuesto-participativo\/\",\"url\":\"https:\/\/www.noticiasradioreflejos.com.ar\/2021\/en-sierra-de-la-ventana-se-hizo-oficial-la-presentacion-del-presupuesto-participativo\/\",\"name\":\"En Sierra de la Ventana se hizo oficial la presentaci\u00f3n del Presupuesto Participativo - Noticias Radio Reflejos\",\"isPartOf\":{\"@id\":\"https:\/\/www.noticiasradioreflejos.com.ar\/2021\/#website\"},\"primaryImageOfPage\":{\"@id\":\"https:\/\/www.noticiasradioreflejos.com.ar\/2021\/en-sierra-de-la-ventana-se-hizo-oficial-la-presentacion-del-presupuesto-participativo\/#primaryimage\"},\"image\":{\"@id\":\"https:\/\/www.noticiasradioreflejos.com.ar\/2021\/en-sierra-de-la-ventana-se-hizo-oficial-la-presentacion-del-presupuesto-participativo\/#primaryimage\"},\"thumbnailUrl\":\"http:\/\/farm3.staticflickr.com\/2872\/34115635842_ccb6f81c92_c.jpg\",\"datePublished\":\"2017-04-26T00:35:34+00:00\",\"author\":{\"@id\":\"https:\/\/www.noticiasradioreflejos.com.ar\/2021\/#\/schema\/person\/ad82545263dcc5ec0996818884fd5fb1\"},\"breadcrumb\":{\"@id\":\"https:\/\/www.noticiasradioreflejos.com.ar\/2021\/en-sierra-de-la-ventana-se-hizo-oficial-la-presentacion-del-presupuesto-participativo\/#breadcrumb\"},\"inLanguage\":\"es\",\"potentialAction\":[{\"@type\":\"ReadAction\",\"target\":[\"https:\/\/www.noticiasradioreflejos.com.ar\/2021\/en-sierra-de-la-ventana-se-hizo-oficial-la-presentacion-del-presupuesto-participativo\/\"]}]},{\"@type\":\"ImageObject\",\"inLanguage\":\"es\",\"@id\":\"https:\/\/www.noticiasradioreflejos.com.ar\/2021\/en-sierra-de-la-ventana-se-hizo-oficial-la-presentacion-del-presupuesto-participativo\/#primaryimage\",\"url\":\"http:\/\/farm3.staticflickr.com\/2872\/34115635842_ccb6f81c92_c.jpg\",\"contentUrl\":\"http:\/\/farm3.staticflickr.com\/2872\/34115635842_ccb6f81c92_c.jpg\"},{\"@type\":\"BreadcrumbList\",\"@id\":\"https:\/\/www.noticiasradioreflejos.com.ar\/2021\/en-sierra-de-la-ventana-se-hizo-oficial-la-presentacion-del-presupuesto-participativo\/#breadcrumb\",\"itemListElement\":[{\"@type\":\"ListItem\",\"position\":1,\"name\":\"Portada\",\"item\":\"https:\/\/www.noticiasradioreflejos.com.ar\/2021\/\"},{\"@type\":\"ListItem\",\"position\":2,\"name\":\"En Sierra de la Ventana se hizo oficial la presentaci\u00f3n del Presupuesto Participativo\"}]},{\"@type\":\"WebSite\",\"@id\":\"https:\/\/www.noticiasradioreflejos.com.ar\/2021\/#website\",\"url\":\"https:\/\/www.noticiasradioreflejos.com.ar\/2021\/\",\"name\":\"Noticias Radio Reflejos\",\"description\":\"Las noticias de mi comarca\",\"potentialAction\":[{\"@type\":\"SearchAction\",\"target\":{\"@type\":\"EntryPoint\",\"urlTemplate\":\"https:\/\/www.noticiasradioreflejos.com.ar\/2021\/?s={search_term_string}\"},\"query-input\":{\"@type\":\"PropertyValueSpecification\",\"valueRequired\":true,\"valueName\":\"search_term_string\"}}],\"inLanguage\":\"es\"},{\"@type\":\"Person\",\"@id\":\"https:\/\/www.noticiasradioreflejos.com.ar\/2021\/#\/schema\/person\/ad82545263dcc5ec0996818884fd5fb1\",\"name\":\"Arnaldo Botto\",\"image\":{\"@type\":\"ImageObject\",\"inLanguage\":\"es\",\"@id\":\"https:\/\/www.noticiasradioreflejos.com.ar\/2021\/#\/schema\/person\/image\/\",\"url\":\"https:\/\/secure.gravatar.com\/avatar\/55cb5e37c1efa326397366e6974cb338056df65cb50e7d64d1cf314e87504837?s=96&d=mm&r=g\",\"contentUrl\":\"https:\/\/secure.gravatar.com\/avatar\/55cb5e37c1efa326397366e6974cb338056df65cb50e7d64d1cf314e87504837?s=96&d=mm&r=g\",\"caption\":\"Arnaldo Botto\"},\"url\":\"https:\/\/www.noticiasradioreflejos.com.ar\/2021\/author\/arnaldo\/\"}]}<\/script>\n<!-- \/ Yoast SEO plugin. -->","yoast_head_json":{"title":"En Sierra de la Ventana se hizo oficial la presentaci\u00f3n del Presupuesto Participativo - Noticias Radio Reflejos","robots":{"index":"index","follow":"follow","max-snippet":"max-snippet:-1","max-image-preview":"max-image-preview:large","max-video-preview":"max-video-preview:-1"},"canonical":"https:\/\/www.noticiasradioreflejos.com.ar\/2021\/en-sierra-de-la-ventana-se-hizo-oficial-la-presentacion-del-presupuesto-participativo\/","og_locale":"es_ES","og_type":"article","og_title":"En Sierra de la Ventana se hizo oficial la presentaci\u00f3n del Presupuesto Participativo - Noticias Radio Reflejos","og_description":"El Secretario de Planificaci\u00f3n de Tornquist Municipio, Gonzalo Iparraguirre nos describe como fue el primer encuentro y primer taller del Presupuesto Participativo, realizado este martes 24 de abril en Sierra de la Ventana.","og_url":"https:\/\/www.noticiasradioreflejos.com.ar\/2021\/en-sierra-de-la-ventana-se-hizo-oficial-la-presentacion-del-presupuesto-participativo\/","og_site_name":"Noticias Radio Reflejos","article_published_time":"2017-04-26T00:35:34+00:00","og_image":[{"url":"http:\/\/farm3.staticflickr.com\/2872\/34115635842_ccb6f81c92_c.jpg","type":"","width":"","height":""}],"author":"Arnaldo Botto","twitter_card":"summary_large_image","schema":{"@context":"https:\/\/schema.org","@graph":[{"@type":"WebPage","@id":"https:\/\/www.noticiasradioreflejos.com.ar\/2021\/en-sierra-de-la-ventana-se-hizo-oficial-la-presentacion-del-presupuesto-participativo\/","url":"https:\/\/www.noticiasradioreflejos.com.ar\/2021\/en-sierra-de-la-ventana-se-hizo-oficial-la-presentacion-del-presupuesto-participativo\/","name":"En Sierra de la Ventana se hizo oficial la presentaci\u00f3n del Presupuesto Participativo - Noticias Radio Reflejos","isPartOf":{"@id":"https:\/\/www.noticiasradioreflejos.com.ar\/2021\/#website"},"primaryImageOfPage":{"@id":"https:\/\/www.noticiasradioreflejos.com.ar\/2021\/en-sierra-de-la-ventana-se-hizo-oficial-la-presentacion-del-presupuesto-participativo\/#primaryimage"},"image":{"@id":"https:\/\/www.noticiasradioreflejos.com.ar\/2021\/en-sierra-de-la-ventana-se-hizo-oficial-la-presentacion-del-presupuesto-participativo\/#primaryimage"},"thumbnailUrl":"http:\/\/farm3.staticflickr.com\/2872\/34115635842_ccb6f81c92_c.jpg","datePublished":"2017-04-26T00:35:34+00:00","author":{"@id":"https:\/\/www.noticiasradioreflejos.com.ar\/2021\/#\/schema\/person\/ad82545263dcc5ec0996818884fd5fb1"},"breadcrumb":{"@id":"https:\/\/www.noticiasradioreflejos.com.ar\/2021\/en-sierra-de-la-ventana-se-hizo-oficial-la-presentacion-del-presupuesto-participativo\/#breadcrumb"},"inLanguage":"es","potentialAction":[{"@type":"ReadAction","target":["https:\/\/www.noticiasradioreflejos.com.ar\/2021\/en-sierra-de-la-ventana-se-hizo-oficial-la-presentacion-del-presupuesto-participativo\/"]}]},{"@type":"ImageObject","inLanguage":"es","@id":"https:\/\/www.noticiasradioreflejos.com.ar\/2021\/en-sierra-de-la-ventana-se-hizo-oficial-la-presentacion-del-presupuesto-participativo\/#primaryimage","url":"http:\/\/farm3.staticflickr.com\/2872\/34115635842_ccb6f81c92_c.jpg","contentUrl":"http:\/\/farm3.staticflickr.com\/2872\/34115635842_ccb6f81c92_c.jpg"},{"@type":"BreadcrumbList","@id":"https:\/\/www.noticiasradioreflejos.com.ar\/2021\/en-sierra-de-la-ventana-se-hizo-oficial-la-presentacion-del-presupuesto-participativo\/#breadcrumb","itemListElement":[{"@type":"ListItem","position":1,"name":"Portada","item":"https:\/\/www.noticiasradioreflejos.com.ar\/2021\/"},{"@type":"ListItem","position":2,"name":"En Sierra de la Ventana se hizo oficial la presentaci\u00f3n del Presupuesto Participativo"}]},{"@type":"WebSite","@id":"https:\/\/www.noticiasradioreflejos.com.ar\/2021\/#website","url":"https:\/\/www.noticiasradioreflejos.com.ar\/2021\/","name":"Noticias Radio Reflejos","description":"Las noticias de mi comarca","potentialAction":[{"@type":"SearchAction","target":{"@type":"EntryPoint","urlTemplate":"https:\/\/www.noticiasradioreflejos.com.ar\/2021\/?s={search_term_string}"},"query-input":{"@type":"PropertyValueSpecification","valueRequired":true,"valueName":"search_term_string"}}],"inLanguage":"es"},{"@type":"Person","@id":"https:\/\/www.noticiasradioreflejos.com.ar\/2021\/#\/schema\/person\/ad82545263dcc5ec0996818884fd5fb1","name":"Arnaldo Botto","image":{"@type":"ImageObject","inLanguage":"es","@id":"https:\/\/www.noticiasradioreflejos.com.ar\/2021\/#\/schema\/person\/image\/","url":"https:\/\/secure.gravatar.com\/avatar\/55cb5e37c1efa326397366e6974cb338056df65cb50e7d64d1cf314e87504837?s=96&d=mm&r=g","contentUrl":"https:\/\/secure.gravatar.com\/avatar\/55cb5e37c1efa326397366e6974cb338056df65cb50e7d64d1cf314e87504837?s=96&d=mm&r=g","caption":"Arnaldo Botto"},"url":"https:\/\/www.noticiasradioreflejos.com.ar\/2021\/author\/arnaldo\/"}]}},"_links":{"self":[{"href":"https:\/\/www.noticiasradioreflejos.com.ar\/2021\/wp-json\/wp\/v2\/posts\/9446","targetHints":{"allow":["GET"]}}],"collection":[{"href":"https:\/\/www.noticiasradioreflejos.com.ar\/2021\/wp-json\/wp\/v2\/posts"}],"about":[{"href":"https:\/\/www.noticiasradioreflejos.com.ar\/2021\/wp-json\/wp\/v2\/types\/post"}],"author":[{"embeddable":true,"href":"https:\/\/www.noticiasradioreflejos.com.ar\/2021\/wp-json\/wp\/v2\/users\/3"}],"replies":[{"embeddable":true,"href":"https:\/\/www.noticiasradioreflejos.com.ar\/2021\/wp-json\/wp\/v2\/comments?post=9446"}],"version-history":[{"count":0,"href":"https:\/\/www.noticiasradioreflejos.com.ar\/2021\/wp-json\/wp\/v2\/posts\/9446\/revisions"}],"wp:attachment":[{"href":"https:\/\/www.noticiasradioreflejos.com.ar\/2021\/wp-json\/wp\/v2\/media?parent=9446"}],"wp:term":[{"taxonomy":"category","embeddable":true,"href":"https:\/\/www.noticiasradioreflejos.com.ar\/2021\/wp-json\/wp\/v2\/categories?post=9446"},{"taxonomy":"post_tag","embeddable":true,"href":"https:\/\/www.noticiasradioreflejos.com.ar\/2021\/wp-json\/wp\/v2\/tags?post=9446"}],"curies":[{"name":"wp","href":"https:\/\/api.w.org\/{rel}","templated":true}]}}