{"id":94452,"date":"2023-10-25T23:42:53","date_gmt":"2023-10-25T23:42:53","guid":{"rendered":"https:\/\/www.noticiasradioreflejos.com.ar\/2021\/?p=94452"},"modified":"2023-10-25T23:42:53","modified_gmt":"2023-10-25T23:42:53","slug":"rodriguez-larreta-milei-es-un-salto-al-vacio","status":"publish","type":"post","link":"https:\/\/www.noticiasradioreflejos.com.ar\/2021\/rodriguez-larreta-milei-es-un-salto-al-vacio\/","title":{"rendered":"Rodr\u00edguez Larreta: \u201cMilei es un salto al vac\u00edo\u201d"},"content":{"rendered":"<p>El jefe de Gobierno porte\u00f1o remarc\u00f3 que \u00absiempre estar\u00e1 en contra del kirchnerismo\u00bb y neg\u00f3 que integre un eventual Gobierno de ese signo pol\u00edtico, y agreg\u00f3 tambi\u00e9n que el candidato de La Libertad Avanza \u00abes un nuevo populismo y un salto al vac\u00edo\u00bb.<!--more--><\/p>\n<div class=\"wrapper-editable-content\">\n<div>\n<div class=\"container-md\">\n<div class=\"row\">\n<div class=\"col-md-12 speak\">\n<div class=\"paragraph\">\n<figure class=\"mb-3\"><img decoding=\"async\" class=\" lazy \" src=\"https:\/\/www.telam.com.ar\/thumbs\/bluesteel\/advf\/imagenes\/2023\/10\/65399cf7e0e5a_1200.jpg\" alt=\"Foto Florencia Downes\" width=\"100%\" height=\"100%\" \/><\/p>\n<div class=\"media-icons\"><\/div><figcaption>Foto: Florencia Downes.<\/figcaption><\/figure>\n<p>El jefe de Gobierno porte\u00f1o, Horacio Rodr\u00edguez Larreta, consider\u00f3 que \u00ablas dos opciones\u00bb para el balotaje \u00abson muy malas\u00bb, por lo que evit\u00f3 pronunciarse por ninguno de los dos candidatos presidenciales.<\/p>\n<p>\u00abSufrimos una gran derrota de la que tenemos mucho para aprender; millones de argentinos que nos votaron hace dos a\u00f1os, ahora no, y eligieron otras opciones\u00bb, dijo en conferencia de prensa, y a\u00f1adi\u00f3: \u00abLo importante es la humildad, tenemos que reflexionar, reconocer errores y aprender\u00bb.<\/p>\n<p>Advirti\u00f3 que<strong>\u00a0\u00absiempre estar\u00e1 en contra del kirchnerismo\u00bb y neg\u00f3 que integre un eventual Gobierno de ese signo pol\u00edtico, y agreg\u00f3 tambi\u00e9n que el candidato de La Libertad Avanza (LLA), Javier Milei, \u00abes un nuevo populismo y un salto al vac\u00edo\u00bb<\/strong>, y que \u00abno cree en nada de lo que propone\u00bb.<\/p>\n<p>El mandatario porte\u00f1o abog\u00f3 por \u00absalir de la trampa de caer ante dos opciones catastr\u00f3ficas\u00bb y se manifest\u00f3 por \u00absostener a Juntos por el Cambio lo m\u00e1s fuerte para ser oposici\u00f3n\u00bb.<\/p>\n<h2 class=\"\">Sobre la interna en Juntos por el Cambio<\/h2>\n<p>Rodr\u00edguez Larreta, record\u00f3 que apoy\u00f3 a la candidata presidencial de Juntos por el Cambio \u00abhasta el final\u00bb y expres\u00f3 que se \u00abdesayun\u00f3 con mucha sorpresa\u00bb la reuni\u00f3n que mantuvieron Patricia Bullrich y Javier Milei del martes por la noche.<\/p>\n<p>\u00abApoy\u00e9 a Patricia hasta el final. Lo que es funcional es pelearnos entre nosotros mientras los argentinos sufren\u00bb, indic\u00f3 en conferencia de prensa y se\u00f1al\u00f3 que el encuentro Bullrich-Milei \u00abfue una reuni\u00f3n a medianoche y en secreto. Me desayun\u00e9 con mucha sorpresa de esa reuni\u00f3n. No s\u00e9 que hablaron ni qu\u00e9 acordaron\u00bb.<\/p>\n<p>En este sentido, e<strong>l dirigente le reproch\u00f3 al expresidente Mauricio Macri haberle dado \u00abaval\u00bb al candidato de la Libertad Avanza (LLA), Javier Milei<\/strong>, durante la campa\u00f1a electoral, un comportamiento que, dijo, fue observado incluso por la expostulante de Juntos por el Cambio (JxC) Patricia Bullrich.<\/p>\n<\/div>\n<\/div>\n<\/div>\n<\/div>\n<\/div>\n<\/div>\n","protected":false},"excerpt":{"rendered":"<p>El jefe de Gobierno porte\u00f1o remarc\u00f3 que \u00absiempre estar\u00e1 en contra del kirchnerismo\u00bb y neg\u00f3 que integre un eventual Gobierno de ese signo pol\u00edtico, y agreg\u00f3 tambi\u00e9n que el candidato de La Libertad Avanza \u00abes un nuevo populismo y un salto al vac\u00edo\u00bb.<\/p>\n","protected":false},"author":3,"featured_media":94453,"comment_status":"closed","ping_status":"closed","sticky":false,"template":"","format":"standard","meta":{"footnotes":""},"categories":[24],"tags":[],"class_list":["post-94452","post","type-post","status-publish","format-standard","has-post-thumbnail","hentry","category-politica"],"yoast_head":"<!-- This site is optimized with the Yoast SEO plugin v25.9 - https:\/\/yoast.com\/wordpress\/plugins\/seo\/ -->\n<title>Rodr\u00edguez Larreta: \u201cMilei es un salto al vac\u00edo\u201d - Noticias Radio Reflejos<\/title>\n<meta name=\"robots\" content=\"index, follow, max-snippet:-1, max-image-preview:large, max-video-preview:-1\" \/>\n<link rel=\"canonical\" href=\"https:\/\/www.noticiasradioreflejos.com.ar\/2021\/rodriguez-larreta-milei-es-un-salto-al-vacio\/\" \/>\n<meta property=\"og:locale\" content=\"es_ES\" \/>\n<meta property=\"og:type\" content=\"article\" \/>\n<meta property=\"og:title\" content=\"Rodr\u00edguez Larreta: \u201cMilei es un salto al vac\u00edo\u201d - Noticias Radio Reflejos\" \/>\n<meta property=\"og:description\" content=\"El jefe de Gobierno porte\u00f1o remarc\u00f3 que \u00absiempre estar\u00e1 en contra del kirchnerismo\u00bb y neg\u00f3 que integre un eventual Gobierno de ese signo pol\u00edtico, y agreg\u00f3 tambi\u00e9n que el candidato de La Libertad Avanza \u00abes un nuevo populismo y un salto al vac\u00edo\u00bb.\" \/>\n<meta property=\"og:url\" content=\"https:\/\/www.noticiasradioreflejos.com.ar\/2021\/rodriguez-larreta-milei-es-un-salto-al-vacio\/\" \/>\n<meta property=\"og:site_name\" content=\"Noticias Radio Reflejos\" \/>\n<meta property=\"article:published_time\" content=\"2023-10-25T23:42:53+00:00\" \/>\n<meta property=\"og:image\" content=\"https:\/\/www.noticiasradioreflejos.com.ar\/2021\/wp-content\/uploads\/2023\/10\/Larreta.jpg\" \/>\n\t<meta property=\"og:image:width\" content=\"1200\" \/>\n\t<meta property=\"og:image:height\" content=\"675\" \/>\n\t<meta property=\"og:image:type\" content=\"image\/jpeg\" \/>\n<meta name=\"author\" content=\"Arnaldo Botto\" \/>\n<meta name=\"twitter:card\" content=\"summary_large_image\" \/>\n<script type=\"application\/ld+json\" class=\"yoast-schema-graph\">{\"@context\":\"https:\/\/schema.org\",\"@graph\":[{\"@type\":\"WebPage\",\"@id\":\"https:\/\/www.noticiasradioreflejos.com.ar\/2021\/rodriguez-larreta-milei-es-un-salto-al-vacio\/\",\"url\":\"https:\/\/www.noticiasradioreflejos.com.ar\/2021\/rodriguez-larreta-milei-es-un-salto-al-vacio\/\",\"name\":\"Rodr\u00edguez Larreta: \u201cMilei es un salto al vac\u00edo\u201d - Noticias Radio Reflejos\",\"isPartOf\":{\"@id\":\"https:\/\/www.noticiasradioreflejos.com.ar\/2021\/#website\"},\"primaryImageOfPage\":{\"@id\":\"https:\/\/www.noticiasradioreflejos.com.ar\/2021\/rodriguez-larreta-milei-es-un-salto-al-vacio\/#primaryimage\"},\"image\":{\"@id\":\"https:\/\/www.noticiasradioreflejos.com.ar\/2021\/rodriguez-larreta-milei-es-un-salto-al-vacio\/#primaryimage\"},\"thumbnailUrl\":\"https:\/\/www.noticiasradioreflejos.com.ar\/2021\/wp-content\/uploads\/2023\/10\/Larreta.jpg\",\"datePublished\":\"2023-10-25T23:42:53+00:00\",\"author\":{\"@id\":\"https:\/\/www.noticiasradioreflejos.com.ar\/2021\/#\/schema\/person\/ad82545263dcc5ec0996818884fd5fb1\"},\"breadcrumb\":{\"@id\":\"https:\/\/www.noticiasradioreflejos.com.ar\/2021\/rodriguez-larreta-milei-es-un-salto-al-vacio\/#breadcrumb\"},\"inLanguage\":\"es\",\"potentialAction\":[{\"@type\":\"ReadAction\",\"target\":[\"https:\/\/www.noticiasradioreflejos.com.ar\/2021\/rodriguez-larreta-milei-es-un-salto-al-vacio\/\"]}]},{\"@type\":\"ImageObject\",\"inLanguage\":\"es\",\"@id\":\"https:\/\/www.noticiasradioreflejos.com.ar\/2021\/rodriguez-larreta-milei-es-un-salto-al-vacio\/#primaryimage\",\"url\":\"https:\/\/www.noticiasradioreflejos.com.ar\/2021\/wp-content\/uploads\/2023\/10\/Larreta.jpg\",\"contentUrl\":\"https:\/\/www.noticiasradioreflejos.com.ar\/2021\/wp-content\/uploads\/2023\/10\/Larreta.jpg\",\"width\":1200,\"height\":675},{\"@type\":\"BreadcrumbList\",\"@id\":\"https:\/\/www.noticiasradioreflejos.com.ar\/2021\/rodriguez-larreta-milei-es-un-salto-al-vacio\/#breadcrumb\",\"itemListElement\":[{\"@type\":\"ListItem\",\"position\":1,\"name\":\"Portada\",\"item\":\"https:\/\/www.noticiasradioreflejos.com.ar\/2021\/\"},{\"@type\":\"ListItem\",\"position\":2,\"name\":\"Rodr\u00edguez Larreta: \u201cMilei es un salto al vac\u00edo\u201d\"}]},{\"@type\":\"WebSite\",\"@id\":\"https:\/\/www.noticiasradioreflejos.com.ar\/2021\/#website\",\"url\":\"https:\/\/www.noticiasradioreflejos.com.ar\/2021\/\",\"name\":\"Noticias Radio Reflejos\",\"description\":\"Las noticias de mi comarca\",\"potentialAction\":[{\"@type\":\"SearchAction\",\"target\":{\"@type\":\"EntryPoint\",\"urlTemplate\":\"https:\/\/www.noticiasradioreflejos.com.ar\/2021\/?s={search_term_string}\"},\"query-input\":{\"@type\":\"PropertyValueSpecification\",\"valueRequired\":true,\"valueName\":\"search_term_string\"}}],\"inLanguage\":\"es\"},{\"@type\":\"Person\",\"@id\":\"https:\/\/www.noticiasradioreflejos.com.ar\/2021\/#\/schema\/person\/ad82545263dcc5ec0996818884fd5fb1\",\"name\":\"Arnaldo Botto\",\"image\":{\"@type\":\"ImageObject\",\"inLanguage\":\"es\",\"@id\":\"https:\/\/www.noticiasradioreflejos.com.ar\/2021\/#\/schema\/person\/image\/\",\"url\":\"https:\/\/secure.gravatar.com\/avatar\/55cb5e37c1efa326397366e6974cb338056df65cb50e7d64d1cf314e87504837?s=96&d=mm&r=g\",\"contentUrl\":\"https:\/\/secure.gravatar.com\/avatar\/55cb5e37c1efa326397366e6974cb338056df65cb50e7d64d1cf314e87504837?s=96&d=mm&r=g\",\"caption\":\"Arnaldo Botto\"},\"url\":\"https:\/\/www.noticiasradioreflejos.com.ar\/2021\/author\/arnaldo\/\"}]}<\/script>\n<!-- \/ Yoast SEO plugin. -->","yoast_head_json":{"title":"Rodr\u00edguez Larreta: \u201cMilei es un salto al vac\u00edo\u201d - Noticias Radio Reflejos","robots":{"index":"index","follow":"follow","max-snippet":"max-snippet:-1","max-image-preview":"max-image-preview:large","max-video-preview":"max-video-preview:-1"},"canonical":"https:\/\/www.noticiasradioreflejos.com.ar\/2021\/rodriguez-larreta-milei-es-un-salto-al-vacio\/","og_locale":"es_ES","og_type":"article","og_title":"Rodr\u00edguez Larreta: \u201cMilei es un salto al vac\u00edo\u201d - Noticias Radio Reflejos","og_description":"El jefe de Gobierno porte\u00f1o remarc\u00f3 que \u00absiempre estar\u00e1 en contra del kirchnerismo\u00bb y neg\u00f3 que integre un eventual Gobierno de ese signo pol\u00edtico, y agreg\u00f3 tambi\u00e9n que el candidato de La Libertad Avanza \u00abes un nuevo populismo y un salto al vac\u00edo\u00bb.","og_url":"https:\/\/www.noticiasradioreflejos.com.ar\/2021\/rodriguez-larreta-milei-es-un-salto-al-vacio\/","og_site_name":"Noticias Radio Reflejos","article_published_time":"2023-10-25T23:42:53+00:00","og_image":[{"width":1200,"height":675,"url":"https:\/\/www.noticiasradioreflejos.com.ar\/2021\/wp-content\/uploads\/2023\/10\/Larreta.jpg","type":"image\/jpeg"}],"author":"Arnaldo Botto","twitter_card":"summary_large_image","schema":{"@context":"https:\/\/schema.org","@graph":[{"@type":"WebPage","@id":"https:\/\/www.noticiasradioreflejos.com.ar\/2021\/rodriguez-larreta-milei-es-un-salto-al-vacio\/","url":"https:\/\/www.noticiasradioreflejos.com.ar\/2021\/rodriguez-larreta-milei-es-un-salto-al-vacio\/","name":"Rodr\u00edguez Larreta: \u201cMilei es un salto al vac\u00edo\u201d - Noticias Radio Reflejos","isPartOf":{"@id":"https:\/\/www.noticiasradioreflejos.com.ar\/2021\/#website"},"primaryImageOfPage":{"@id":"https:\/\/www.noticiasradioreflejos.com.ar\/2021\/rodriguez-larreta-milei-es-un-salto-al-vacio\/#primaryimage"},"image":{"@id":"https:\/\/www.noticiasradioreflejos.com.ar\/2021\/rodriguez-larreta-milei-es-un-salto-al-vacio\/#primaryimage"},"thumbnailUrl":"https:\/\/www.noticiasradioreflejos.com.ar\/2021\/wp-content\/uploads\/2023\/10\/Larreta.jpg","datePublished":"2023-10-25T23:42:53+00:00","author":{"@id":"https:\/\/www.noticiasradioreflejos.com.ar\/2021\/#\/schema\/person\/ad82545263dcc5ec0996818884fd5fb1"},"breadcrumb":{"@id":"https:\/\/www.noticiasradioreflejos.com.ar\/2021\/rodriguez-larreta-milei-es-un-salto-al-vacio\/#breadcrumb"},"inLanguage":"es","potentialAction":[{"@type":"ReadAction","target":["https:\/\/www.noticiasradioreflejos.com.ar\/2021\/rodriguez-larreta-milei-es-un-salto-al-vacio\/"]}]},{"@type":"ImageObject","inLanguage":"es","@id":"https:\/\/www.noticiasradioreflejos.com.ar\/2021\/rodriguez-larreta-milei-es-un-salto-al-vacio\/#primaryimage","url":"https:\/\/www.noticiasradioreflejos.com.ar\/2021\/wp-content\/uploads\/2023\/10\/Larreta.jpg","contentUrl":"https:\/\/www.noticiasradioreflejos.com.ar\/2021\/wp-content\/uploads\/2023\/10\/Larreta.jpg","width":1200,"height":675},{"@type":"BreadcrumbList","@id":"https:\/\/www.noticiasradioreflejos.com.ar\/2021\/rodriguez-larreta-milei-es-un-salto-al-vacio\/#breadcrumb","itemListElement":[{"@type":"ListItem","position":1,"name":"Portada","item":"https:\/\/www.noticiasradioreflejos.com.ar\/2021\/"},{"@type":"ListItem","position":2,"name":"Rodr\u00edguez Larreta: \u201cMilei es un salto al vac\u00edo\u201d"}]},{"@type":"WebSite","@id":"https:\/\/www.noticiasradioreflejos.com.ar\/2021\/#website","url":"https:\/\/www.noticiasradioreflejos.com.ar\/2021\/","name":"Noticias Radio Reflejos","description":"Las noticias de mi comarca","potentialAction":[{"@type":"SearchAction","target":{"@type":"EntryPoint","urlTemplate":"https:\/\/www.noticiasradioreflejos.com.ar\/2021\/?s={search_term_string}"},"query-input":{"@type":"PropertyValueSpecification","valueRequired":true,"valueName":"search_term_string"}}],"inLanguage":"es"},{"@type":"Person","@id":"https:\/\/www.noticiasradioreflejos.com.ar\/2021\/#\/schema\/person\/ad82545263dcc5ec0996818884fd5fb1","name":"Arnaldo Botto","image":{"@type":"ImageObject","inLanguage":"es","@id":"https:\/\/www.noticiasradioreflejos.com.ar\/2021\/#\/schema\/person\/image\/","url":"https:\/\/secure.gravatar.com\/avatar\/55cb5e37c1efa326397366e6974cb338056df65cb50e7d64d1cf314e87504837?s=96&d=mm&r=g","contentUrl":"https:\/\/secure.gravatar.com\/avatar\/55cb5e37c1efa326397366e6974cb338056df65cb50e7d64d1cf314e87504837?s=96&d=mm&r=g","caption":"Arnaldo Botto"},"url":"https:\/\/www.noticiasradioreflejos.com.ar\/2021\/author\/arnaldo\/"}]}},"_links":{"self":[{"href":"https:\/\/www.noticiasradioreflejos.com.ar\/2021\/wp-json\/wp\/v2\/posts\/94452","targetHints":{"allow":["GET"]}}],"collection":[{"href":"https:\/\/www.noticiasradioreflejos.com.ar\/2021\/wp-json\/wp\/v2\/posts"}],"about":[{"href":"https:\/\/www.noticiasradioreflejos.com.ar\/2021\/wp-json\/wp\/v2\/types\/post"}],"author":[{"embeddable":true,"href":"https:\/\/www.noticiasradioreflejos.com.ar\/2021\/wp-json\/wp\/v2\/users\/3"}],"replies":[{"embeddable":true,"href":"https:\/\/www.noticiasradioreflejos.com.ar\/2021\/wp-json\/wp\/v2\/comments?post=94452"}],"version-history":[{"count":1,"href":"https:\/\/www.noticiasradioreflejos.com.ar\/2021\/wp-json\/wp\/v2\/posts\/94452\/revisions"}],"predecessor-version":[{"id":94454,"href":"https:\/\/www.noticiasradioreflejos.com.ar\/2021\/wp-json\/wp\/v2\/posts\/94452\/revisions\/94454"}],"wp:featuredmedia":[{"embeddable":true,"href":"https:\/\/www.noticiasradioreflejos.com.ar\/2021\/wp-json\/wp\/v2\/media\/94453"}],"wp:attachment":[{"href":"https:\/\/www.noticiasradioreflejos.com.ar\/2021\/wp-json\/wp\/v2\/media?parent=94452"}],"wp:term":[{"taxonomy":"category","embeddable":true,"href":"https:\/\/www.noticiasradioreflejos.com.ar\/2021\/wp-json\/wp\/v2\/categories?post=94452"},{"taxonomy":"post_tag","embeddable":true,"href":"https:\/\/www.noticiasradioreflejos.com.ar\/2021\/wp-json\/wp\/v2\/tags?post=94452"}],"curies":[{"name":"wp","href":"https:\/\/api.w.org\/{rel}","templated":true}]}}