{"id":94449,"date":"2023-10-25T23:38:40","date_gmt":"2023-10-25T23:38:40","guid":{"rendered":"https:\/\/www.noticiasradioreflejos.com.ar\/2021\/?p=94449"},"modified":"2023-10-25T23:38:40","modified_gmt":"2023-10-25T23:38:40","slug":"el-radicalismo-toma-posicion-en-la-interna-y-se-distancia-de-macri-y-milei","status":"publish","type":"post","link":"https:\/\/www.noticiasradioreflejos.com.ar\/2021\/el-radicalismo-toma-posicion-en-la-interna-y-se-distancia-de-macri-y-milei\/","title":{"rendered":"El radicalismo toma posici\u00f3n en la interna y se distancia de Macri y Milei"},"content":{"rendered":"<div class=\"section-2-col article-header\">Gerardo Morales y Mart\u00edn Lousteau fueron los encargados de comunicar que la UCR no se pronunciar\u00e1 a favor de ning\u00fan candidato en el balotaje y critic\u00f3 duramente al expresidente y a Patricia Bullrich por haber hecho un \u00abacuerdo entre bastidores\u00bb con el l\u00edder de La Libertad Avanza. \u00abMilei es mi l\u00edmite\u00bb, expres\u00f3 el gobernador juje\u00f1o.<!--more-->El titular de la <b>UCR<\/b>, Gerardo Morales, y el senador radical Mart\u00edn Lousteau calificaron este mi\u00e9rcoles de \u00abvergonzosa\u00bb la decisi\u00f3n de la excandidata presidencial de Juntos por el Cambio, Patricia Bullrich, de\u00a0<a href=\"https:\/\/www.pagina12.com.ar\/606223-juntos-por-el-cargo-patricia-bullrich-anuncio-su-apoyo-a-jav\">apoyar al l\u00edder de La Libertad Avanza (LLA)<\/a>, Javier Milei, y adelantaron que el partido<b>\u00a0\u00abno acompa\u00f1ar\u00e1 a ninguno de los dos candidatos\u00bb\u00a0<\/b>que llegaron al balotaje.\u00a0<b>\u00abBullrich y Macri decidieron abandonar JxC\u00bb<\/b>, aseguraron y responsabilizaron al expresidente de ser \u00abel gran responsable de la derrota electoral\u00bb y de haber \u00abhecho campa\u00f1a\u00bb por el l\u00edder libertario.<\/div>\n<div class=\"section-2-col article-main-content\">\n<div class=\"col 2-col\">\n<div class=\"article-main-content article-text \">\n<p>El Comit\u00e9 Nacional de la UCR estuvo reunido esta tarde en un encuentro en el que estaba previsto debatir la posici\u00f3n del partido de cara al balotaje. La cita, sin embargo, tom\u00f3 otro rumbo luego de la\u00a0<b>decisi\u00f3n inconsulta<\/b>\u00a0de la exministra de Seguridad macrista\u00a0y de Luis Petri, excandidato a vicepresidente de JxC, de apoyar a Milei con el argumento de \u00abno ser neutrales ante el peligro de continuidad del kirchnerismo\u00bb.<\/p>\n<div id=\"ad-slot-video_inread\" class=\"ad-slot-video_inread ad-slot\" data-adzonerun=\"1\" data-adtype=\"video_inread\" data-google-query-id=\"COTsz5KukoIDFWIDuQYdarY2Eg\">\n<div id=\"google_ads_iframe_\/349353471\/p12\/nota_video_inread_0__container__\">Finalizado el c\u00f3nclave,<b>\u00a0Morales y Lousteau encabezaron una conferencia de prensa\u00a0<\/b>en la que leyeron un comunicado con la postura oficial de la UCR, que consiste en\u00a0no acompa\u00f1ar a ninguno de los dos candidatos durante el balotaje porque no garantizan el \u00abprogreso de la Argentina\u00bb.<\/div>\n<\/div>\n<h2>La traici\u00f3n de Bullrich<\/h2>\n<p>Tras la lectura del documento, Morales hizo un fuerte descargo contra Bullrich, su hist\u00f3rica aliada. \u00ab<b>A m\u00ed me sorprendi\u00f3 mucho lo de Patricia. Ni siquiera me llam\u00f3 por tel\u00e9fono para avisarme su posici\u00f3n<\/b>. Es de una gran irresponsabilidad lo que hizo, ella no es qui\u00e9n para hablar en representaci\u00f3n de los 6 millones de votantes que tuvimos\u00bb, afirm\u00f3.<\/p>\n<div id=\"ad-slot-inline2\" class=\"ad-slot-inline_grande ad-slot\" data-adzonerun=\"1\" data-adtype=\"inline_grande\"><\/div>\n<p>\u00abEsta actitud de Patricia es intolerable.\u00a0<b>No s\u00e9 qu\u00e9 acuerdos habr\u00e1 hecho ella con Milei. Ha sido raro y confuso lo que dijo, me dio verg\u00fcenza ajena<\/b>. Lo lamento mucho\u00bb, a\u00f1adi\u00f3 el gobernador juje\u00f1o, quien opin\u00f3 que \u00ablo que hizo Patricia\u00a0<b>es una falta de respeto que no perdonamos<\/b>, por todo lo que ha dicho Milei\u00bb sobre la UCR y sus referentes hist\u00f3ricos, como los expresidentes-Hip\u00f3lito Yirigoyen y Ra\u00fal Alfons\u00edn.<\/p>\n<p>Lousteau confirm\u00f3, a su turno, que el radicalismo reci\u00e9n se enter\u00f3 de que iba a ocurrir el anuncio de Bullrich y Petri \u00abmientras se estaba preparando, lo que habla de la falta de consideraci\u00f3n hacia adentro de la coalici\u00f3n\u00bb.<\/p>\n<p>Adem\u00e1s, a\u00f1adi\u00f3 el legislador, \u00abno existe la f\u00f3rmula<b>, no pueden ir dos personas a hablar en nombre de 6 millones de argentinos.<\/b>\u00a0Yo, al igual que Gerardo, la vot\u00e9 a Patricia y no estoy incluido en lo que ella dijo representar esta tarde\u00bb.<\/p>\n<h2>El futuro de Juntos por el Cambio<\/h2>\n<p>Respecto a una posible fractura dentro de la coalici\u00f3n, Morales consider\u00f3 que\u00a0<b>\u00abtanto Mauricio Macri como Patricia son responsables de poner en riesgo a Juntos por el Cambio\u00bb<\/b>\u00a0y por eso cree que \u00abest\u00e1n afuera\u00bb del espacio. \u00abSupongo, no lo s\u00e9. Seguramente en estas horas en el PRO haya un debate\u00bb, aclar\u00f3.<\/p>\n<p>\u00abLa usina de la toma de decisiones est\u00e1 quebrada, y este alejamiento de Patricia y Mauricio obviamente que pone en riesgo la continuidad de JxC.\u00a0<b>Pero nosotros vamos a seguir apostando a un espacio opositor, responsable, que tambi\u00e9n termine con la grieta,<\/b>\u00a0que acompa\u00f1e buenos proyectos y rechace malos proyectos en el Congreso. Ah\u00ed nos ha puesto la gente\u00bb, agreg\u00f3 el juje\u00f1o.<\/p>\n<div id=\"ad-slot-inline4\" class=\"ad-slot-inline ad-slot\" data-adzonerun=\"1\" data-adtype=\"inline\"><\/div>\n<p>Lousteau, en tanto, coincidi\u00f3 con que \u00ab<b>Bullrich y Macri decidieron abandonar Juntos por el Cambio\u00bb\u00a0<\/b>dado que\u00a0\u00abtodos\u00a0los partidos de la coalici\u00f3n menos el PRO hicieron el ejercicio que nosotros hicimos hoy: la Coalici\u00f3n C\u00edvica se reuni\u00f3 y dijo \u2018ninguno de los dos\u2019. Confianza P\u00fablica se reuni\u00f3 y dijo \u2018ninguno de los dos\u2019. Nosotros nos acabamos de reunir y dijimos \u2018ninguno de los dos\u2019\u00bb, enumer\u00f3.<\/p>\n<p>El PRO, en cambio, \u00abno se reuni\u00f3, sino que\u00a0<b>Macri y Bullrich tomaron una decisi\u00f3n unilateral: eso es abandonar JxC<\/b>, abandonar el mecanismo de toma de decisiones colectivas de una coalici\u00f3n\u00bb, insisti\u00f3.<\/p>\n<p>Consultados sobre la\u00a0<b>postura que la UCR adoptar\u00e1 respecto de Petri,<\/b>\u00a0Morales dijo que por el momento<b>\u00a0lo han \u00abanalizado bastante poco\u00bb\u00a0<\/b>y que<b>\u00a0\u00abse ver\u00e1 m\u00e1s adelante\u00bb,<\/b>\u00a0aunque \u00abla verdad es que Luis ha tenido un rol secundario en la elecci\u00f3n\u00bb, remarc\u00f3. \u00abEl tema es quienes han tenido la responsabilidad de comandar este a\u00f1o el tramo electoral, que son Mauricio y Patricia\u00bb, advirti\u00f3 Morales.<\/p>\n<p>En ese marco, el gobernador hizo una distinci\u00f3n entre Bullrich y Macri respecto del resto de los integrantes de ese partido. \u00ab<b>Hay sectores de PRO que no van a votar a Milei, que no se van a dejar llevar de las narices.\u00a0<\/b>Hay que hablar con los gobernadores que reportan al PRO, que tienen origen peronista. Esta noche vamos a tener una reuni\u00f3n con ellos y hablar bastante\u00bb, adelant\u00f3.<\/p>\n<p>\u00abLa verdad es que\u00a0<b>podr\u00eda haber puesto la cara<\/b>\u00a0<b>Mauricio\u00a0<\/b>porque es el generador de esta movida y es el<b>\u00a0gran responsable de la derrota de JxC<\/b>\u00ab, reflexion\u00f3 Morales. \u00abAntes de las PASO ya hac\u00eda campa\u00f1a por Milei. Despu\u00e9s de las PASO, estando nosotros segundos,\u00a0<b>se la pas\u00f3 haciendo campa\u00f1a para Milei, en contra de Patricia<\/b>\u00bb analiz\u00f3 el mandatario provincial, quien calific\u00f3 como \u00ablamentable, pat\u00e9tico e irresponsable\u00bb el rol que tuvo el expresidente en los \u00faltimos meses.<\/p>\n<h2>\u00abMilei es mi l\u00edmite\u00bb<\/h2>\n<p>En otro tramo de la conferencia,\u00a0<b>Morales descart\u00f3 formar parte del eventual gobierno nacional convocado por Sergio Massa<\/b>. \u00abPara plantear unidad nacional hay que tener actitud. Y no la hay hasta ac\u00e1. Y la unidad nacional por el rol que nos toca es en el Congreso, ah\u00ed tienen que debatirse proyectos para terminar con la joda\u00bb, explic\u00f3.<\/p>\n<p>\u00abNosotros no vamos a participar de un gobierno que est\u00e1 impregnado de kirchnerismo, que ha degradado culturalmente a la Rep\u00fablica Argentina en las \u00faltimas d\u00e9cadas\u00bb, subray\u00f3 en ese sentido.<\/p>\n<p>Luego de hacer esa aclaraci\u00f3n, el juje\u00f1o habl\u00f3 sobre el otro candidato que participar\u00e1 del balotaje, Javier Milei, con quien fue mucho m\u00e1s cr\u00edtico \u00bb\u00a0<b>Obviamente que lo que viene con Milei es peor, porque es la antidemocracia y el fin de la Rep\u00fablica.<\/b>\u00a0Es el salto al vac\u00edo y el camino hacia la noche m\u00e1s oscura de la Rep\u00fablica Argentina.\u00a0<b>Milei, y esto es a t\u00edtulo personal, es mi l\u00edmite<\/b>\u00ab, reforz\u00f3.<\/p>\n<p>\u00abNosotros no vamos a integrar ning\u00fan tipo de gobierno, a nosotros la gente nos ha puesto en rol de oposici\u00f3n\u00bb, insisti\u00f3 el titular de la UCR.<\/p>\n<p>\u00ab<b>El rol que nos asign\u00f3 la sociedad es ser opositores.\u00a0<\/b>Y ser opositores es acompa\u00f1ar lo que est\u00e1 bien, impedir lo que est\u00e1 mal, controlar y proponer. Nosotros no vamos a ir a ning\u00fan gobierno. Lo que vamos a hacer es desde los lugares institucionales que nos asign\u00f3 la sociedad\u00a0<b>velar por el cumplimiento de las cosas que creemos que pueden construir un mundo mejor<\/b>\u00ab, complet\u00f3 Lousteau.<\/p>\n<h2>El comunicado que ley\u00f3 Morales<\/h2>\n<p><i>La UCR no acompa\u00f1ar\u00e1 a ninguno de los dos candidatos.<\/i><\/p>\n<p><i>El pa\u00eds est\u00e1 viviendo una grave crisis econ\u00f3mica, pol\u00edtica, moral y social. Con una inflaci\u00f3n creciente, niveles de pobreza y corrupci\u00f3n alarmantes, y una incertidumbre que afecta el d\u00eda a dia y la visi\u00f3n de largo plazo de todos los argentinos.<\/i><\/p>\n<p><i>En ese estado de situaci\u00f3n y con el deseo de revertirlo colectivamente fuimos a las urnas. Y la ciudadan\u00eda se expres\u00f3: la propuesta pol\u00edtica de Juntos por el Cambio result\u00f3 tercera, quedando afuera del balotaje. Esto merece reflexi\u00f3n y autocr\u00edtica profunda de todos los partidos de Juntos por el Cambio, as\u00ed como de sus principales actores pol\u00edticos.<\/i><\/p>\n<p><i>La Uni\u00f3n C\u00edvica Radical agradece el acompa\u00f1amiento de los millones de argentinos que a lo largo de pa\u00eds acompa\u00f1aron nuestras propuestas y rechazamos posiciones unilaterales inconsultas que no expresan los valores de Juntos por el Cambio.<\/i><\/p>\n<p><i>Nuestro partido tiene una extensa historia en defensa de la democracia, del respeto de los derechos humanos, de la ampliaci\u00f3n de derechos sociales de manera sostenible, de compromiso con la educaci\u00f3n y la salud p\u00fablicas, as\u00ed como tambi\u00e9n de un posicionamiento soberano en materia de pol\u00edtica exterior.<\/i><\/p>\n<p><i>Los argentinos colocaron a nuestra coalici\u00f3n en un rol de oposici\u00f3n. Y eso es lo que debemos hacer. Esa responsabilidad es sumamente relevante, ya que contamos con 10 gobernadores, cientos de intendentes, 93 diputados y 24 senadores nacionales.<\/i><\/p>\n<p><i>Ese mandato de las urnas para con Juntos por el Cambio es el que vamos a honrar, reconstruyendo los liderazgos, los proyectos y las visiones que vuelvan a enamorar a los argentinos, al tiempo que controle y ponga los limites necesarios a quienes vayan ser gobierno nacional a partir del 10 de diciembre.<\/i><\/p>\n<p><i>Los argentinos votaron, y son los \u00fanicos due\u00f1os de los votos. Ning\u00fan dirigente lo es. Cada uno de ellos decidir\u00e1\u00a0en el balotaje por su preferencia.<\/i><\/p>\n<p><i>La UCR no apoyar\u00e1 a ninguno de los dos candidatos. Ninguno de los dos garantiza un futuro de progreso para la Argentina.<\/i><\/p>\n<p><i>Sergio Massa es tan responsable como Alberto Fern\u00e1ndez y Cristina Fern\u00e1ndez de Kirchner del estado del pa\u00eds, de su empobrecimiento, del proceso inflacionario, la corrupci\u00f3n y del deterioro social y econ\u00f3mico de Argentina.<\/i><\/p>\n<p><i>El extremismo demag\u00f3gico de Javier Milei se encuentra en las ant\u00edpodas de nuestro pensamiento. Su plataforma pol\u00edtica y la violencia que se desprende de sus palabras y gestos, atentando siempre contra la convivencia, no tienen nada que ver con nuestro partido. Jam\u00e1s podr\u00edamos tener nada que ver con su espacio.<\/i><\/p>\n<p><i>Tenemos la oportunidad hist\u00f3rica, a 40 a\u00f1os de recuperar la democracia, de terminar con las grietas que peligrosamente parecen multiplicarse y que s\u00f3lo han servido para r\u00e9dito personal y pol\u00edtico de algunos sectores y actores.<\/i><\/p>\n<p><i>Tenemos la responsabilidad de sacar el pa\u00eds adelante, desde el lugar que los argentinos nos han asignado. Y de construir un nuevo radicalismo, que sobre sus valores hist\u00f3ricos convoque nuevamente a las mayor\u00edas, que represente los intereses nacionales y rescate lo mejor de nuestra tradici\u00f3n institucional. Con banderas y liderazgos renovados que permitan explicitar un camino claro, un proyecto de pa\u00eds para construir un futuro mejor.<\/i><\/p>\n<p><i>A ese desaf\u00edo convocamos a los argentinos.\u00a0<\/i><\/p>\n<\/div>\n<p><em><strong>Fuente: P\u00e1gina 12<\/strong><\/em><\/p>\n<\/div>\n<\/div>\n","protected":false},"excerpt":{"rendered":"<p>Gerardo Morales y Mart\u00edn Lousteau fueron los encargados de comunicar que la UCR no se pronunciar\u00e1 a favor de ning\u00fan candidato en el balotaje y critic\u00f3 duramente al expresidente y a Patricia Bullrich por haber hecho un \u00abacuerdo entre bastidores\u00bb con el l\u00edder de La Libertad Avanza. \u00abMilei es mi l\u00edmite\u00bb, expres\u00f3 el gobernador juje\u00f1o.<\/p>\n","protected":false},"author":3,"featured_media":94450,"comment_status":"closed","ping_status":"closed","sticky":false,"template":"","format":"standard","meta":{"footnotes":""},"categories":[24],"tags":[],"class_list":["post-94449","post","type-post","status-publish","format-standard","has-post-thumbnail","hentry","category-politica"],"yoast_head":"<!-- This site is optimized with the Yoast SEO plugin v25.9 - https:\/\/yoast.com\/wordpress\/plugins\/seo\/ -->\n<title>El radicalismo toma posici\u00f3n en la interna y se distancia de Macri y Milei - Noticias Radio Reflejos<\/title>\n<meta name=\"robots\" content=\"index, follow, max-snippet:-1, max-image-preview:large, max-video-preview:-1\" \/>\n<link rel=\"canonical\" href=\"https:\/\/www.noticiasradioreflejos.com.ar\/2021\/el-radicalismo-toma-posicion-en-la-interna-y-se-distancia-de-macri-y-milei\/\" \/>\n<meta property=\"og:locale\" content=\"es_ES\" \/>\n<meta property=\"og:type\" content=\"article\" \/>\n<meta property=\"og:title\" content=\"El radicalismo toma posici\u00f3n en la interna y se distancia de Macri y Milei - Noticias Radio Reflejos\" \/>\n<meta property=\"og:description\" content=\"Gerardo Morales y Mart\u00edn Lousteau fueron los encargados de comunicar que la UCR no se pronunciar\u00e1 a favor de ning\u00fan candidato en el balotaje y critic\u00f3 duramente al expresidente y a Patricia Bullrich por haber hecho un \u00abacuerdo entre bastidores\u00bb con el l\u00edder de La Libertad Avanza. \u00abMilei es mi l\u00edmite\u00bb, expres\u00f3 el gobernador juje\u00f1o.\" \/>\n<meta property=\"og:url\" content=\"https:\/\/www.noticiasradioreflejos.com.ar\/2021\/el-radicalismo-toma-posicion-en-la-interna-y-se-distancia-de-macri-y-milei\/\" \/>\n<meta property=\"og:site_name\" content=\"Noticias Radio Reflejos\" \/>\n<meta property=\"article:published_time\" content=\"2023-10-25T23:38:40+00:00\" \/>\n<meta property=\"og:image\" content=\"https:\/\/www.noticiasradioreflejos.com.ar\/2021\/wp-content\/uploads\/2023\/10\/Morales-Lostau.jpeg\" \/>\n\t<meta property=\"og:image:width\" content=\"960\" \/>\n\t<meta property=\"og:image:height\" content=\"640\" \/>\n\t<meta property=\"og:image:type\" content=\"image\/jpeg\" \/>\n<meta name=\"author\" content=\"Arnaldo Botto\" \/>\n<meta name=\"twitter:card\" content=\"summary_large_image\" \/>\n<script type=\"application\/ld+json\" class=\"yoast-schema-graph\">{\"@context\":\"https:\/\/schema.org\",\"@graph\":[{\"@type\":\"WebPage\",\"@id\":\"https:\/\/www.noticiasradioreflejos.com.ar\/2021\/el-radicalismo-toma-posicion-en-la-interna-y-se-distancia-de-macri-y-milei\/\",\"url\":\"https:\/\/www.noticiasradioreflejos.com.ar\/2021\/el-radicalismo-toma-posicion-en-la-interna-y-se-distancia-de-macri-y-milei\/\",\"name\":\"El radicalismo toma posici\u00f3n en la interna y se distancia de Macri y Milei - Noticias Radio Reflejos\",\"isPartOf\":{\"@id\":\"https:\/\/www.noticiasradioreflejos.com.ar\/2021\/#website\"},\"primaryImageOfPage\":{\"@id\":\"https:\/\/www.noticiasradioreflejos.com.ar\/2021\/el-radicalismo-toma-posicion-en-la-interna-y-se-distancia-de-macri-y-milei\/#primaryimage\"},\"image\":{\"@id\":\"https:\/\/www.noticiasradioreflejos.com.ar\/2021\/el-radicalismo-toma-posicion-en-la-interna-y-se-distancia-de-macri-y-milei\/#primaryimage\"},\"thumbnailUrl\":\"https:\/\/www.noticiasradioreflejos.com.ar\/2021\/wp-content\/uploads\/2023\/10\/Morales-Lostau.jpeg\",\"datePublished\":\"2023-10-25T23:38:40+00:00\",\"author\":{\"@id\":\"https:\/\/www.noticiasradioreflejos.com.ar\/2021\/#\/schema\/person\/ad82545263dcc5ec0996818884fd5fb1\"},\"breadcrumb\":{\"@id\":\"https:\/\/www.noticiasradioreflejos.com.ar\/2021\/el-radicalismo-toma-posicion-en-la-interna-y-se-distancia-de-macri-y-milei\/#breadcrumb\"},\"inLanguage\":\"es\",\"potentialAction\":[{\"@type\":\"ReadAction\",\"target\":[\"https:\/\/www.noticiasradioreflejos.com.ar\/2021\/el-radicalismo-toma-posicion-en-la-interna-y-se-distancia-de-macri-y-milei\/\"]}]},{\"@type\":\"ImageObject\",\"inLanguage\":\"es\",\"@id\":\"https:\/\/www.noticiasradioreflejos.com.ar\/2021\/el-radicalismo-toma-posicion-en-la-interna-y-se-distancia-de-macri-y-milei\/#primaryimage\",\"url\":\"https:\/\/www.noticiasradioreflejos.com.ar\/2021\/wp-content\/uploads\/2023\/10\/Morales-Lostau.jpeg\",\"contentUrl\":\"https:\/\/www.noticiasradioreflejos.com.ar\/2021\/wp-content\/uploads\/2023\/10\/Morales-Lostau.jpeg\",\"width\":960,\"height\":640},{\"@type\":\"BreadcrumbList\",\"@id\":\"https:\/\/www.noticiasradioreflejos.com.ar\/2021\/el-radicalismo-toma-posicion-en-la-interna-y-se-distancia-de-macri-y-milei\/#breadcrumb\",\"itemListElement\":[{\"@type\":\"ListItem\",\"position\":1,\"name\":\"Portada\",\"item\":\"https:\/\/www.noticiasradioreflejos.com.ar\/2021\/\"},{\"@type\":\"ListItem\",\"position\":2,\"name\":\"El radicalismo toma posici\u00f3n en la interna y se distancia de Macri y Milei\"}]},{\"@type\":\"WebSite\",\"@id\":\"https:\/\/www.noticiasradioreflejos.com.ar\/2021\/#website\",\"url\":\"https:\/\/www.noticiasradioreflejos.com.ar\/2021\/\",\"name\":\"Noticias Radio Reflejos\",\"description\":\"Las noticias de mi comarca\",\"potentialAction\":[{\"@type\":\"SearchAction\",\"target\":{\"@type\":\"EntryPoint\",\"urlTemplate\":\"https:\/\/www.noticiasradioreflejos.com.ar\/2021\/?s={search_term_string}\"},\"query-input\":{\"@type\":\"PropertyValueSpecification\",\"valueRequired\":true,\"valueName\":\"search_term_string\"}}],\"inLanguage\":\"es\"},{\"@type\":\"Person\",\"@id\":\"https:\/\/www.noticiasradioreflejos.com.ar\/2021\/#\/schema\/person\/ad82545263dcc5ec0996818884fd5fb1\",\"name\":\"Arnaldo Botto\",\"image\":{\"@type\":\"ImageObject\",\"inLanguage\":\"es\",\"@id\":\"https:\/\/www.noticiasradioreflejos.com.ar\/2021\/#\/schema\/person\/image\/\",\"url\":\"https:\/\/secure.gravatar.com\/avatar\/55cb5e37c1efa326397366e6974cb338056df65cb50e7d64d1cf314e87504837?s=96&d=mm&r=g\",\"contentUrl\":\"https:\/\/secure.gravatar.com\/avatar\/55cb5e37c1efa326397366e6974cb338056df65cb50e7d64d1cf314e87504837?s=96&d=mm&r=g\",\"caption\":\"Arnaldo Botto\"},\"url\":\"https:\/\/www.noticiasradioreflejos.com.ar\/2021\/author\/arnaldo\/\"}]}<\/script>\n<!-- \/ Yoast SEO plugin. -->","yoast_head_json":{"title":"El radicalismo toma posici\u00f3n en la interna y se distancia de Macri y Milei - Noticias Radio Reflejos","robots":{"index":"index","follow":"follow","max-snippet":"max-snippet:-1","max-image-preview":"max-image-preview:large","max-video-preview":"max-video-preview:-1"},"canonical":"https:\/\/www.noticiasradioreflejos.com.ar\/2021\/el-radicalismo-toma-posicion-en-la-interna-y-se-distancia-de-macri-y-milei\/","og_locale":"es_ES","og_type":"article","og_title":"El radicalismo toma posici\u00f3n en la interna y se distancia de Macri y Milei - Noticias Radio Reflejos","og_description":"Gerardo Morales y Mart\u00edn Lousteau fueron los encargados de comunicar que la UCR no se pronunciar\u00e1 a favor de ning\u00fan candidato en el balotaje y critic\u00f3 duramente al expresidente y a Patricia Bullrich por haber hecho un \u00abacuerdo entre bastidores\u00bb con el l\u00edder de La Libertad Avanza. \u00abMilei es mi l\u00edmite\u00bb, expres\u00f3 el gobernador juje\u00f1o.","og_url":"https:\/\/www.noticiasradioreflejos.com.ar\/2021\/el-radicalismo-toma-posicion-en-la-interna-y-se-distancia-de-macri-y-milei\/","og_site_name":"Noticias Radio Reflejos","article_published_time":"2023-10-25T23:38:40+00:00","og_image":[{"width":960,"height":640,"url":"https:\/\/www.noticiasradioreflejos.com.ar\/2021\/wp-content\/uploads\/2023\/10\/Morales-Lostau.jpeg","type":"image\/jpeg"}],"author":"Arnaldo Botto","twitter_card":"summary_large_image","schema":{"@context":"https:\/\/schema.org","@graph":[{"@type":"WebPage","@id":"https:\/\/www.noticiasradioreflejos.com.ar\/2021\/el-radicalismo-toma-posicion-en-la-interna-y-se-distancia-de-macri-y-milei\/","url":"https:\/\/www.noticiasradioreflejos.com.ar\/2021\/el-radicalismo-toma-posicion-en-la-interna-y-se-distancia-de-macri-y-milei\/","name":"El radicalismo toma posici\u00f3n en la interna y se distancia de Macri y Milei - Noticias Radio Reflejos","isPartOf":{"@id":"https:\/\/www.noticiasradioreflejos.com.ar\/2021\/#website"},"primaryImageOfPage":{"@id":"https:\/\/www.noticiasradioreflejos.com.ar\/2021\/el-radicalismo-toma-posicion-en-la-interna-y-se-distancia-de-macri-y-milei\/#primaryimage"},"image":{"@id":"https:\/\/www.noticiasradioreflejos.com.ar\/2021\/el-radicalismo-toma-posicion-en-la-interna-y-se-distancia-de-macri-y-milei\/#primaryimage"},"thumbnailUrl":"https:\/\/www.noticiasradioreflejos.com.ar\/2021\/wp-content\/uploads\/2023\/10\/Morales-Lostau.jpeg","datePublished":"2023-10-25T23:38:40+00:00","author":{"@id":"https:\/\/www.noticiasradioreflejos.com.ar\/2021\/#\/schema\/person\/ad82545263dcc5ec0996818884fd5fb1"},"breadcrumb":{"@id":"https:\/\/www.noticiasradioreflejos.com.ar\/2021\/el-radicalismo-toma-posicion-en-la-interna-y-se-distancia-de-macri-y-milei\/#breadcrumb"},"inLanguage":"es","potentialAction":[{"@type":"ReadAction","target":["https:\/\/www.noticiasradioreflejos.com.ar\/2021\/el-radicalismo-toma-posicion-en-la-interna-y-se-distancia-de-macri-y-milei\/"]}]},{"@type":"ImageObject","inLanguage":"es","@id":"https:\/\/www.noticiasradioreflejos.com.ar\/2021\/el-radicalismo-toma-posicion-en-la-interna-y-se-distancia-de-macri-y-milei\/#primaryimage","url":"https:\/\/www.noticiasradioreflejos.com.ar\/2021\/wp-content\/uploads\/2023\/10\/Morales-Lostau.jpeg","contentUrl":"https:\/\/www.noticiasradioreflejos.com.ar\/2021\/wp-content\/uploads\/2023\/10\/Morales-Lostau.jpeg","width":960,"height":640},{"@type":"BreadcrumbList","@id":"https:\/\/www.noticiasradioreflejos.com.ar\/2021\/el-radicalismo-toma-posicion-en-la-interna-y-se-distancia-de-macri-y-milei\/#breadcrumb","itemListElement":[{"@type":"ListItem","position":1,"name":"Portada","item":"https:\/\/www.noticiasradioreflejos.com.ar\/2021\/"},{"@type":"ListItem","position":2,"name":"El radicalismo toma posici\u00f3n en la interna y se distancia de Macri y Milei"}]},{"@type":"WebSite","@id":"https:\/\/www.noticiasradioreflejos.com.ar\/2021\/#website","url":"https:\/\/www.noticiasradioreflejos.com.ar\/2021\/","name":"Noticias Radio Reflejos","description":"Las noticias de mi comarca","potentialAction":[{"@type":"SearchAction","target":{"@type":"EntryPoint","urlTemplate":"https:\/\/www.noticiasradioreflejos.com.ar\/2021\/?s={search_term_string}"},"query-input":{"@type":"PropertyValueSpecification","valueRequired":true,"valueName":"search_term_string"}}],"inLanguage":"es"},{"@type":"Person","@id":"https:\/\/www.noticiasradioreflejos.com.ar\/2021\/#\/schema\/person\/ad82545263dcc5ec0996818884fd5fb1","name":"Arnaldo Botto","image":{"@type":"ImageObject","inLanguage":"es","@id":"https:\/\/www.noticiasradioreflejos.com.ar\/2021\/#\/schema\/person\/image\/","url":"https:\/\/secure.gravatar.com\/avatar\/55cb5e37c1efa326397366e6974cb338056df65cb50e7d64d1cf314e87504837?s=96&d=mm&r=g","contentUrl":"https:\/\/secure.gravatar.com\/avatar\/55cb5e37c1efa326397366e6974cb338056df65cb50e7d64d1cf314e87504837?s=96&d=mm&r=g","caption":"Arnaldo Botto"},"url":"https:\/\/www.noticiasradioreflejos.com.ar\/2021\/author\/arnaldo\/"}]}},"_links":{"self":[{"href":"https:\/\/www.noticiasradioreflejos.com.ar\/2021\/wp-json\/wp\/v2\/posts\/94449","targetHints":{"allow":["GET"]}}],"collection":[{"href":"https:\/\/www.noticiasradioreflejos.com.ar\/2021\/wp-json\/wp\/v2\/posts"}],"about":[{"href":"https:\/\/www.noticiasradioreflejos.com.ar\/2021\/wp-json\/wp\/v2\/types\/post"}],"author":[{"embeddable":true,"href":"https:\/\/www.noticiasradioreflejos.com.ar\/2021\/wp-json\/wp\/v2\/users\/3"}],"replies":[{"embeddable":true,"href":"https:\/\/www.noticiasradioreflejos.com.ar\/2021\/wp-json\/wp\/v2\/comments?post=94449"}],"version-history":[{"count":1,"href":"https:\/\/www.noticiasradioreflejos.com.ar\/2021\/wp-json\/wp\/v2\/posts\/94449\/revisions"}],"predecessor-version":[{"id":94451,"href":"https:\/\/www.noticiasradioreflejos.com.ar\/2021\/wp-json\/wp\/v2\/posts\/94449\/revisions\/94451"}],"wp:featuredmedia":[{"embeddable":true,"href":"https:\/\/www.noticiasradioreflejos.com.ar\/2021\/wp-json\/wp\/v2\/media\/94450"}],"wp:attachment":[{"href":"https:\/\/www.noticiasradioreflejos.com.ar\/2021\/wp-json\/wp\/v2\/media?parent=94449"}],"wp:term":[{"taxonomy":"category","embeddable":true,"href":"https:\/\/www.noticiasradioreflejos.com.ar\/2021\/wp-json\/wp\/v2\/categories?post=94449"},{"taxonomy":"post_tag","embeddable":true,"href":"https:\/\/www.noticiasradioreflejos.com.ar\/2021\/wp-json\/wp\/v2\/tags?post=94449"}],"curies":[{"name":"wp","href":"https:\/\/api.w.org\/{rel}","templated":true}]}}