{"id":94425,"date":"2023-10-25T15:11:26","date_gmt":"2023-10-25T15:11:26","guid":{"rendered":"https:\/\/www.noticiasradioreflejos.com.ar\/2021\/?p=94425"},"modified":"2023-10-25T15:11:26","modified_gmt":"2023-10-25T15:11:26","slug":"velan-los-restos-del-cantante-ricardo-iorio-en-una-colonia-alemana-de-coronel-suarez","status":"publish","type":"post","link":"https:\/\/www.noticiasradioreflejos.com.ar\/2021\/velan-los-restos-del-cantante-ricardo-iorio-en-una-colonia-alemana-de-coronel-suarez\/","title":{"rendered":"Velan los restos del cantante Ricardo Iorio en una colonia alemana de Coronel Su\u00e1rez"},"content":{"rendered":"<div class=\"td-post-header\">\n<header class=\"td-post-title\">\n<p class=\"td-post-sub-title\">La ceremonia tiene lugar en las dependencias de la Cooperativa El\u00e9ctrica del pueblo de San Jos\u00e9.<\/p>\n<\/header>\n<\/div>\n<p><!--more--><\/p>\n<div class=\"td-post-content tagdiv-type\">\n<div class=\"td-post-featured-image\">\n<figure><a class=\"td-modal-image\" href=\"https:\/\/dib.com.ar\/wp-content\/uploads\/2023\/10\/ricardo-iorio-2.jpg\" data-caption=\"Ricardo Iorio falleci\u00f3 a los 61 a\u00f1os. (Radio Nacional)\"><img loading=\"lazy\" decoding=\"async\" class=\"entry-thumb\" title=\"Ricardo Iorio falleci\u00f3 a los 61 a\u00f1os. (Radio Nacional)\" src=\"https:\/\/dib.com.ar\/wp-content\/uploads\/2023\/10\/ricardo-iorio-2-696x390.jpg\" sizes=\"auto, (max-width: 696px) 100vw, 696px\" srcset=\"https:\/\/dib.com.ar\/wp-content\/uploads\/2023\/10\/ricardo-iorio-2-696x390.jpg 696w, https:\/\/dib.com.ar\/wp-content\/uploads\/2023\/10\/ricardo-iorio-2-300x168.jpg 300w, https:\/\/dib.com.ar\/wp-content\/uploads\/2023\/10\/ricardo-iorio-2-1024x574.jpg 1024w, https:\/\/dib.com.ar\/wp-content\/uploads\/2023\/10\/ricardo-iorio-2-768x430.jpg 768w, https:\/\/dib.com.ar\/wp-content\/uploads\/2023\/10\/ricardo-iorio-2-500x280.jpg 500w, https:\/\/dib.com.ar\/wp-content\/uploads\/2023\/10\/ricardo-iorio-2-800x448.jpg 800w, https:\/\/dib.com.ar\/wp-content\/uploads\/2023\/10\/ricardo-iorio-2-1280x717.jpg 1280w, https:\/\/dib.com.ar\/wp-content\/uploads\/2023\/10\/ricardo-iorio-2-1068x599.jpg 1068w, https:\/\/dib.com.ar\/wp-content\/uploads\/2023\/10\/ricardo-iorio-2-749x420.jpg 749w, https:\/\/dib.com.ar\/wp-content\/uploads\/2023\/10\/ricardo-iorio-2.jpg 1440w\" alt=\"Ricardo Iorio falleci\u00f3 a los 61 a\u00f1os. (Radio Nacional)\" width=\"696\" height=\"390\" \/><\/a><figcaption class=\"wp-caption-text\">Ricardo Iorio falleci\u00f3 a los 61 a\u00f1os. (Radio Nacional)<\/figcaption><\/figure>\n<\/div>\n<p>Los restos de Ricardo Iorio, m\u00e1xima figura del heavy metal argentino que falleci\u00f3 ayer tras un infarto, son velados este mi\u00e9rcoles en una sala de una de las colonias alemanas ubicadas en el partido bonaerense de Coronel Su\u00e1rez.<\/p>\n<p>El velatorio, seg\u00fan indicaron allegados y medios locales, se lleva a cabo a pedido de la mujer del cantante y de sus familiares a partir de las 11 y hasta las 17 en las dependencias de la Cooperativa El\u00e9ctrica San Jos\u00e9, en el pueblo de San Jos\u00e9, una de las colonias alemanas del distrito de Coronel Su\u00e1rez, donde Iorio vivi\u00f3 muchos a\u00f1os en un establecimiento rural.<\/p>\n<p>Luego del velatorio, y por propio pedido del cantante, sus restos ser\u00e1n trasladados a la ciudad de Bah\u00eda Blanca para ser cremados.<\/p>\n<p>Fuentes policiales se\u00f1alaron que debido a ello se llevar\u00e1 a cabo un operativo en el lugar debido a la posibilidad de que se hagan presentes numerosos seguidores desde distintos puntos del pa\u00eds.<\/p>\n<h4 class=\"wp-block-heading\">Descanso<\/h4>\n<p>La municipalidad de Coronel Su\u00e1rez se\u00f1al\u00f3 en un comunicado que el intendente, Ricardo Moccero, junto a su gabinete \u201clamentan el fallecimiento de Iorio, \u00edcono del rock nacional, elevando una plegaria por su eterno descanso\u201d.<\/p>\n<p>Tambi\u00e9n el intendente de Tornquist Sergio Bordoni se expres\u00f3 a trav\u00e9s de<a href=\"https:\/\/www.noticiasradioreflejos.com.ar\/2021\/comunicado-de-tornquist-municipio\/\"> un comunicado<\/a>:<\/p>\n<p>\u00abEl intendente municipal Sergio Bordoni, expresa sus m\u00e1s sinceras condolencias a los familiares y seguidores del reconocido artista, Ricardo Iorio, quien ha sido nuestro vecino en los \u00faltimos a\u00f1os. Rogando a Dios por su alma.<span id=\"more-94406\"><\/span><\/p>\n<p>As\u00ed mismo, ante los hechos ocurridos en horas de esta ma\u00f1ana, la Secretaria de Salud desea aclarar p\u00fablicamente que el personal de salud del Hospital Menor \u201cDr. Emilio Aldaya\u201d de Sierra de la Ventana, luego de recibir una llamada de emergencia, se dirige hasta la zona rural, donde los profesionales realizaron la asistencia correspondiente, constatando el fallecimiento del paciente, y luego aguardaron la llegada del personal de la jurisdicci\u00f3n correspondiente (Coronel Suarez).<\/p>\n<p>Es importante aclarar, que en ninguno de los profesionales traslad\u00f3 al paciente al nosocomio de la localidad.\u00bb<\/p>\n<p>Iorio, fundador de bandas emblem\u00e1ticas como V8, Herm\u00e9tica y Almafuerte, falleci\u00f3 ayer en su establecimiento rural cercano a Sierra de la Ventana, por un ataque al coraz\u00f3n.<\/p>\n<p>Tras el hecho y por orden de la Justicia se llev\u00f3 a cabo la autopsia, que determin\u00f3 que sufri\u00f3 un infarto y fue una muerte natural.<\/p>\n<p>\u201cEmpez\u00f3 a sentirse mal en la casa, tuvo un fuerte dolor en el pecho. Se acost\u00f3, llamaron a la ambulancia y falleci\u00f3 en el trayecto. Se desconoc\u00eda si hab\u00eda tenido alg\u00fan problema anterior. Es muy sorpresivo todo. Estaba todo bien, solo sinti\u00f3 ese dolor en el pecho\u201d, declar\u00f3 su abogado\u00a0Juan Ignacio Vitalini\u00a0minutos despu\u00e9s de ocurrido el deceso en una entrevista radial. (DIB) MM<\/p>\n<\/div>\n","protected":false},"excerpt":{"rendered":"<p>La ceremonia tiene lugar en las dependencias de la Cooperativa El\u00e9ctrica del pueblo de San Jos\u00e9.<\/p>\n","protected":false},"author":3,"featured_media":94426,"comment_status":"closed","ping_status":"closed","sticky":false,"template":"","format":"standard","meta":{"footnotes":""},"categories":[26],"tags":[48],"class_list":["post-94425","post","type-post","status-publish","format-standard","has-post-thumbnail","hentry","category-sociedad","tag-destacada"],"yoast_head":"<!-- This site is optimized with the Yoast SEO plugin v25.9 - https:\/\/yoast.com\/wordpress\/plugins\/seo\/ -->\n<title>Velan los restos del cantante Ricardo Iorio en una colonia alemana de Coronel Su\u00e1rez - Noticias Radio Reflejos<\/title>\n<meta name=\"robots\" content=\"index, follow, max-snippet:-1, max-image-preview:large, max-video-preview:-1\" \/>\n<link rel=\"canonical\" href=\"https:\/\/www.noticiasradioreflejos.com.ar\/2021\/velan-los-restos-del-cantante-ricardo-iorio-en-una-colonia-alemana-de-coronel-suarez\/\" \/>\n<meta property=\"og:locale\" content=\"es_ES\" \/>\n<meta property=\"og:type\" content=\"article\" \/>\n<meta property=\"og:title\" content=\"Velan los restos del cantante Ricardo Iorio en una colonia alemana de Coronel Su\u00e1rez - Noticias Radio Reflejos\" \/>\n<meta property=\"og:description\" content=\"La ceremonia tiene lugar en las dependencias de la Cooperativa El\u00e9ctrica del pueblo de San Jos\u00e9.\" \/>\n<meta property=\"og:url\" content=\"https:\/\/www.noticiasradioreflejos.com.ar\/2021\/velan-los-restos-del-cantante-ricardo-iorio-en-una-colonia-alemana-de-coronel-suarez\/\" \/>\n<meta property=\"og:site_name\" content=\"Noticias Radio Reflejos\" \/>\n<meta property=\"article:published_time\" content=\"2023-10-25T15:11:26+00:00\" \/>\n<meta property=\"og:image\" content=\"https:\/\/www.noticiasradioreflejos.com.ar\/2021\/wp-content\/uploads\/2023\/10\/ricardo-iorio-2-696x390-1.jpg\" \/>\n\t<meta property=\"og:image:width\" content=\"696\" \/>\n\t<meta property=\"og:image:height\" content=\"390\" \/>\n\t<meta property=\"og:image:type\" content=\"image\/jpeg\" \/>\n<meta name=\"author\" content=\"Arnaldo Botto\" \/>\n<meta name=\"twitter:card\" content=\"summary_large_image\" \/>\n<script type=\"application\/ld+json\" class=\"yoast-schema-graph\">{\"@context\":\"https:\/\/schema.org\",\"@graph\":[{\"@type\":\"WebPage\",\"@id\":\"https:\/\/www.noticiasradioreflejos.com.ar\/2021\/velan-los-restos-del-cantante-ricardo-iorio-en-una-colonia-alemana-de-coronel-suarez\/\",\"url\":\"https:\/\/www.noticiasradioreflejos.com.ar\/2021\/velan-los-restos-del-cantante-ricardo-iorio-en-una-colonia-alemana-de-coronel-suarez\/\",\"name\":\"Velan los restos del cantante Ricardo Iorio en una colonia alemana de Coronel Su\u00e1rez - Noticias Radio Reflejos\",\"isPartOf\":{\"@id\":\"https:\/\/www.noticiasradioreflejos.com.ar\/2021\/#website\"},\"primaryImageOfPage\":{\"@id\":\"https:\/\/www.noticiasradioreflejos.com.ar\/2021\/velan-los-restos-del-cantante-ricardo-iorio-en-una-colonia-alemana-de-coronel-suarez\/#primaryimage\"},\"image\":{\"@id\":\"https:\/\/www.noticiasradioreflejos.com.ar\/2021\/velan-los-restos-del-cantante-ricardo-iorio-en-una-colonia-alemana-de-coronel-suarez\/#primaryimage\"},\"thumbnailUrl\":\"https:\/\/www.noticiasradioreflejos.com.ar\/2021\/wp-content\/uploads\/2023\/10\/ricardo-iorio-2-696x390-1.jpg\",\"datePublished\":\"2023-10-25T15:11:26+00:00\",\"author\":{\"@id\":\"https:\/\/www.noticiasradioreflejos.com.ar\/2021\/#\/schema\/person\/ad82545263dcc5ec0996818884fd5fb1\"},\"breadcrumb\":{\"@id\":\"https:\/\/www.noticiasradioreflejos.com.ar\/2021\/velan-los-restos-del-cantante-ricardo-iorio-en-una-colonia-alemana-de-coronel-suarez\/#breadcrumb\"},\"inLanguage\":\"es\",\"potentialAction\":[{\"@type\":\"ReadAction\",\"target\":[\"https:\/\/www.noticiasradioreflejos.com.ar\/2021\/velan-los-restos-del-cantante-ricardo-iorio-en-una-colonia-alemana-de-coronel-suarez\/\"]}]},{\"@type\":\"ImageObject\",\"inLanguage\":\"es\",\"@id\":\"https:\/\/www.noticiasradioreflejos.com.ar\/2021\/velan-los-restos-del-cantante-ricardo-iorio-en-una-colonia-alemana-de-coronel-suarez\/#primaryimage\",\"url\":\"https:\/\/www.noticiasradioreflejos.com.ar\/2021\/wp-content\/uploads\/2023\/10\/ricardo-iorio-2-696x390-1.jpg\",\"contentUrl\":\"https:\/\/www.noticiasradioreflejos.com.ar\/2021\/wp-content\/uploads\/2023\/10\/ricardo-iorio-2-696x390-1.jpg\",\"width\":696,\"height\":390},{\"@type\":\"BreadcrumbList\",\"@id\":\"https:\/\/www.noticiasradioreflejos.com.ar\/2021\/velan-los-restos-del-cantante-ricardo-iorio-en-una-colonia-alemana-de-coronel-suarez\/#breadcrumb\",\"itemListElement\":[{\"@type\":\"ListItem\",\"position\":1,\"name\":\"Portada\",\"item\":\"https:\/\/www.noticiasradioreflejos.com.ar\/2021\/\"},{\"@type\":\"ListItem\",\"position\":2,\"name\":\"Velan los restos del cantante Ricardo Iorio en una colonia alemana de Coronel Su\u00e1rez\"}]},{\"@type\":\"WebSite\",\"@id\":\"https:\/\/www.noticiasradioreflejos.com.ar\/2021\/#website\",\"url\":\"https:\/\/www.noticiasradioreflejos.com.ar\/2021\/\",\"name\":\"Noticias Radio Reflejos\",\"description\":\"Las noticias de mi comarca\",\"potentialAction\":[{\"@type\":\"SearchAction\",\"target\":{\"@type\":\"EntryPoint\",\"urlTemplate\":\"https:\/\/www.noticiasradioreflejos.com.ar\/2021\/?s={search_term_string}\"},\"query-input\":{\"@type\":\"PropertyValueSpecification\",\"valueRequired\":true,\"valueName\":\"search_term_string\"}}],\"inLanguage\":\"es\"},{\"@type\":\"Person\",\"@id\":\"https:\/\/www.noticiasradioreflejos.com.ar\/2021\/#\/schema\/person\/ad82545263dcc5ec0996818884fd5fb1\",\"name\":\"Arnaldo Botto\",\"image\":{\"@type\":\"ImageObject\",\"inLanguage\":\"es\",\"@id\":\"https:\/\/www.noticiasradioreflejos.com.ar\/2021\/#\/schema\/person\/image\/\",\"url\":\"https:\/\/secure.gravatar.com\/avatar\/55cb5e37c1efa326397366e6974cb338056df65cb50e7d64d1cf314e87504837?s=96&d=mm&r=g\",\"contentUrl\":\"https:\/\/secure.gravatar.com\/avatar\/55cb5e37c1efa326397366e6974cb338056df65cb50e7d64d1cf314e87504837?s=96&d=mm&r=g\",\"caption\":\"Arnaldo Botto\"},\"url\":\"https:\/\/www.noticiasradioreflejos.com.ar\/2021\/author\/arnaldo\/\"}]}<\/script>\n<!-- \/ Yoast SEO plugin. -->","yoast_head_json":{"title":"Velan los restos del cantante Ricardo Iorio en una colonia alemana de Coronel Su\u00e1rez - Noticias Radio Reflejos","robots":{"index":"index","follow":"follow","max-snippet":"max-snippet:-1","max-image-preview":"max-image-preview:large","max-video-preview":"max-video-preview:-1"},"canonical":"https:\/\/www.noticiasradioreflejos.com.ar\/2021\/velan-los-restos-del-cantante-ricardo-iorio-en-una-colonia-alemana-de-coronel-suarez\/","og_locale":"es_ES","og_type":"article","og_title":"Velan los restos del cantante Ricardo Iorio en una colonia alemana de Coronel Su\u00e1rez - Noticias Radio Reflejos","og_description":"La ceremonia tiene lugar en las dependencias de la Cooperativa El\u00e9ctrica del pueblo de San Jos\u00e9.","og_url":"https:\/\/www.noticiasradioreflejos.com.ar\/2021\/velan-los-restos-del-cantante-ricardo-iorio-en-una-colonia-alemana-de-coronel-suarez\/","og_site_name":"Noticias Radio Reflejos","article_published_time":"2023-10-25T15:11:26+00:00","og_image":[{"width":696,"height":390,"url":"https:\/\/www.noticiasradioreflejos.com.ar\/2021\/wp-content\/uploads\/2023\/10\/ricardo-iorio-2-696x390-1.jpg","type":"image\/jpeg"}],"author":"Arnaldo Botto","twitter_card":"summary_large_image","schema":{"@context":"https:\/\/schema.org","@graph":[{"@type":"WebPage","@id":"https:\/\/www.noticiasradioreflejos.com.ar\/2021\/velan-los-restos-del-cantante-ricardo-iorio-en-una-colonia-alemana-de-coronel-suarez\/","url":"https:\/\/www.noticiasradioreflejos.com.ar\/2021\/velan-los-restos-del-cantante-ricardo-iorio-en-una-colonia-alemana-de-coronel-suarez\/","name":"Velan los restos del cantante Ricardo Iorio en una colonia alemana de Coronel Su\u00e1rez - Noticias Radio Reflejos","isPartOf":{"@id":"https:\/\/www.noticiasradioreflejos.com.ar\/2021\/#website"},"primaryImageOfPage":{"@id":"https:\/\/www.noticiasradioreflejos.com.ar\/2021\/velan-los-restos-del-cantante-ricardo-iorio-en-una-colonia-alemana-de-coronel-suarez\/#primaryimage"},"image":{"@id":"https:\/\/www.noticiasradioreflejos.com.ar\/2021\/velan-los-restos-del-cantante-ricardo-iorio-en-una-colonia-alemana-de-coronel-suarez\/#primaryimage"},"thumbnailUrl":"https:\/\/www.noticiasradioreflejos.com.ar\/2021\/wp-content\/uploads\/2023\/10\/ricardo-iorio-2-696x390-1.jpg","datePublished":"2023-10-25T15:11:26+00:00","author":{"@id":"https:\/\/www.noticiasradioreflejos.com.ar\/2021\/#\/schema\/person\/ad82545263dcc5ec0996818884fd5fb1"},"breadcrumb":{"@id":"https:\/\/www.noticiasradioreflejos.com.ar\/2021\/velan-los-restos-del-cantante-ricardo-iorio-en-una-colonia-alemana-de-coronel-suarez\/#breadcrumb"},"inLanguage":"es","potentialAction":[{"@type":"ReadAction","target":["https:\/\/www.noticiasradioreflejos.com.ar\/2021\/velan-los-restos-del-cantante-ricardo-iorio-en-una-colonia-alemana-de-coronel-suarez\/"]}]},{"@type":"ImageObject","inLanguage":"es","@id":"https:\/\/www.noticiasradioreflejos.com.ar\/2021\/velan-los-restos-del-cantante-ricardo-iorio-en-una-colonia-alemana-de-coronel-suarez\/#primaryimage","url":"https:\/\/www.noticiasradioreflejos.com.ar\/2021\/wp-content\/uploads\/2023\/10\/ricardo-iorio-2-696x390-1.jpg","contentUrl":"https:\/\/www.noticiasradioreflejos.com.ar\/2021\/wp-content\/uploads\/2023\/10\/ricardo-iorio-2-696x390-1.jpg","width":696,"height":390},{"@type":"BreadcrumbList","@id":"https:\/\/www.noticiasradioreflejos.com.ar\/2021\/velan-los-restos-del-cantante-ricardo-iorio-en-una-colonia-alemana-de-coronel-suarez\/#breadcrumb","itemListElement":[{"@type":"ListItem","position":1,"name":"Portada","item":"https:\/\/www.noticiasradioreflejos.com.ar\/2021\/"},{"@type":"ListItem","position":2,"name":"Velan los restos del cantante Ricardo Iorio en una colonia alemana de Coronel Su\u00e1rez"}]},{"@type":"WebSite","@id":"https:\/\/www.noticiasradioreflejos.com.ar\/2021\/#website","url":"https:\/\/www.noticiasradioreflejos.com.ar\/2021\/","name":"Noticias Radio Reflejos","description":"Las noticias de mi comarca","potentialAction":[{"@type":"SearchAction","target":{"@type":"EntryPoint","urlTemplate":"https:\/\/www.noticiasradioreflejos.com.ar\/2021\/?s={search_term_string}"},"query-input":{"@type":"PropertyValueSpecification","valueRequired":true,"valueName":"search_term_string"}}],"inLanguage":"es"},{"@type":"Person","@id":"https:\/\/www.noticiasradioreflejos.com.ar\/2021\/#\/schema\/person\/ad82545263dcc5ec0996818884fd5fb1","name":"Arnaldo Botto","image":{"@type":"ImageObject","inLanguage":"es","@id":"https:\/\/www.noticiasradioreflejos.com.ar\/2021\/#\/schema\/person\/image\/","url":"https:\/\/secure.gravatar.com\/avatar\/55cb5e37c1efa326397366e6974cb338056df65cb50e7d64d1cf314e87504837?s=96&d=mm&r=g","contentUrl":"https:\/\/secure.gravatar.com\/avatar\/55cb5e37c1efa326397366e6974cb338056df65cb50e7d64d1cf314e87504837?s=96&d=mm&r=g","caption":"Arnaldo Botto"},"url":"https:\/\/www.noticiasradioreflejos.com.ar\/2021\/author\/arnaldo\/"}]}},"_links":{"self":[{"href":"https:\/\/www.noticiasradioreflejos.com.ar\/2021\/wp-json\/wp\/v2\/posts\/94425","targetHints":{"allow":["GET"]}}],"collection":[{"href":"https:\/\/www.noticiasradioreflejos.com.ar\/2021\/wp-json\/wp\/v2\/posts"}],"about":[{"href":"https:\/\/www.noticiasradioreflejos.com.ar\/2021\/wp-json\/wp\/v2\/types\/post"}],"author":[{"embeddable":true,"href":"https:\/\/www.noticiasradioreflejos.com.ar\/2021\/wp-json\/wp\/v2\/users\/3"}],"replies":[{"embeddable":true,"href":"https:\/\/www.noticiasradioreflejos.com.ar\/2021\/wp-json\/wp\/v2\/comments?post=94425"}],"version-history":[{"count":1,"href":"https:\/\/www.noticiasradioreflejos.com.ar\/2021\/wp-json\/wp\/v2\/posts\/94425\/revisions"}],"predecessor-version":[{"id":94427,"href":"https:\/\/www.noticiasradioreflejos.com.ar\/2021\/wp-json\/wp\/v2\/posts\/94425\/revisions\/94427"}],"wp:featuredmedia":[{"embeddable":true,"href":"https:\/\/www.noticiasradioreflejos.com.ar\/2021\/wp-json\/wp\/v2\/media\/94426"}],"wp:attachment":[{"href":"https:\/\/www.noticiasradioreflejos.com.ar\/2021\/wp-json\/wp\/v2\/media?parent=94425"}],"wp:term":[{"taxonomy":"category","embeddable":true,"href":"https:\/\/www.noticiasradioreflejos.com.ar\/2021\/wp-json\/wp\/v2\/categories?post=94425"},{"taxonomy":"post_tag","embeddable":true,"href":"https:\/\/www.noticiasradioreflejos.com.ar\/2021\/wp-json\/wp\/v2\/tags?post=94425"}],"curies":[{"name":"wp","href":"https:\/\/api.w.org\/{rel}","templated":true}]}}