{"id":94410,"date":"2023-10-24T21:15:45","date_gmt":"2023-10-24T21:15:45","guid":{"rendered":"https:\/\/www.noticiasradioreflejos.com.ar\/2021\/?p=94410"},"modified":"2023-10-24T21:15:45","modified_gmt":"2023-10-24T21:15:45","slug":"con-la-declinacion-de-santoro-jorge-macri-se-convirtio-en-el-proximo-jefe-de-gobierno-porteno","status":"publish","type":"post","link":"https:\/\/www.noticiasradioreflejos.com.ar\/2021\/con-la-declinacion-de-santoro-jorge-macri-se-convirtio-en-el-proximo-jefe-de-gobierno-porteno\/","title":{"rendered":"Con la declinaci\u00f3n de Santoro, Jorge Macri se convirti\u00f3 en el pr\u00f3ximo jefe de Gobierno porte\u00f1o"},"content":{"rendered":"<p id=\"titulo_cable\" class=\"title\">El dirigente Jorge Macri, de Juntos por el Cambio (JxC), qued\u00f3 confirmado hoy como el pr\u00f3ximo jefe de Gobierno porte\u00f1o, que reemplazar\u00e1 desde el 10 de diciembre a Horacio Rodr\u00edguez Larreta, tras la declinaci\u00f3n de la postulaci\u00f3n de Leandro Santoro, de Uni\u00f3n por la Patria (UxP), a competir en el balotaje para \u00abconcentrar los esfuerzos\u00bb en la campa\u00f1a por la presidencia que lidera Sergio Massa.<!--more--><\/p>\n<p>\u00abSer\u00eda insensato forzar un balotaje\u00bb, sostuvo UXP en el comunicado en el que se anunci\u00f3 la decisi\u00f3n del frente de bajar la candidatura de Santoro en la ciudad de Buenos Aires tras los resultados provisorios del domingo \u00faltimo, que lo ubicaron en el segundo lugar con 32,2% de los votos detr\u00e1s de Macri, que consigui\u00f3 49,61%.<\/p>\n<p>Para evitar el balotaje, de acuerdo a la Constituci\u00f3n local, un candidato debe obtener la mayor\u00eda absoluta de los votos emitidos durante los comicios generales -con exclusi\u00f3n de los votos en blanco y nulos-, lo que requiere m\u00e1s del 50% de apoyo de la ciudadan\u00eda en las urnas.<\/p>\n<p>Frente a eso, UxP explic\u00f3 que \u00aba pocas horas de comenzar el escrutinio definitivo\u00bb previsto para ma\u00f1ana en la Legislatura porte\u00f1a, hay actas que muestran que \u00abel resultado que obtenga Jorge Macri estar\u00e1 a muy pocos votos de alcanzar el n\u00famero establecido para ser electo\u00bb.<\/p>\n<p>\u00abUna lectura realista del resultado electoral, sumado al apoyo expl\u00edcito de Javier MIlei a Jorge Macri, nos dan la pauta de que ser\u00eda insensato forzar un balotaje\u00bb, expres\u00f3 UxP.<\/p>\n<p>El anuncio desde la fuerza opositora porte\u00f1a de no competir en segunda vuelta determin\u00f3 la proclamaci\u00f3n del primo del expresidente Mauricio Macri como pr\u00f3ximo jefe de Gobierno y de Clara Muzzio como vicejefa, en un t\u00e1ndem que asumir\u00e1 el 10 de diciembre.<\/p>\n<p>Por la tarde, Jorge Macri ponder\u00f3 la determinaci\u00f3n de Santoro al se\u00f1alar que fue \u00abun gesto de un dirigente al que valoro y respeto, que tuvo un gran compromiso durante la campa\u00f1a y actu\u00f3 con lealtad\u00bb.<\/p>\n<p>\u00abMe alegra esta decisi\u00f3n que evita realizar una nueva elecci\u00f3n en la Ciudad cuando los resultados ya hab\u00edan expresado la opini\u00f3n mayoritaria de los porte\u00f1os\u00bb, agreg\u00f3, y agradeci\u00f3 a los votantes que \u00abconfiaron\u00bb en su candidatura, a quienes les dijo que asume \u00abel compromiso que significa\u00bb.<\/p>\n<p>Al conocerse la decisi\u00f3n del candidato de UxP, el presidente Alberto Fern\u00e1ndez expres\u00f3 su \u00absaludo\u00bb a Jorge Macri y a \u00abcada porte\u00f1a y porte\u00f1o que el domingo asisti\u00f3 a votar\u00bb.<\/p>\n<p>En su cuenta de X, el mandatario le agradeci\u00f3 a Santoro y a Mat\u00edas Lammens, legislador porte\u00f1o electo, por \u00abla campa\u00f1a que han llevado adelante y por la gran elecci\u00f3n que han hecho\u00bb en la Capital Federal.<\/p>\n<p>En la misma l\u00ednea, el candidato presidencial de UxP, Sergio Massa, consider\u00f3 \u00abmuy valiente y sensata\u00bb la decisi\u00f3n de Santoro y anticip\u00f3 que lo convocar\u00e1 para un eventual gobierno suyo a partir del 10 de diciembre.<\/p>\n<p>Massa plante\u00f3 que si bien \u00absiempre est\u00e1n los que dicen que hay que pelear hasta el final\u00bb, el resultado en la Ciudad fue de \u00ab49,80%\u00bb de los votos a favor de Jorge Macri, por lo que \u00abera innecesario poner a la Ciudad en un gasto electoral de semejante magnitud con una elecci\u00f3n que ya estaba definida\u00bb.<\/p>\n<p>Para el candidato presidencial oficialista, la decisi\u00f3n de Santoro es de \u00abmucha madurez y car\u00e1cter\u00bb y \u00abas\u00ed se construyen los dirigentes a lo largo del tiempo; a veces se gana, a veces se pierde\u00bb, complet\u00f3.<\/p>\n<p>Entre otros saludos expresados a Jorge Macri por referentes de JxC estuvo el del propio expresidente Macri, quien dijo sentir una \u00abgran alegr\u00eda\u00bb y que est\u00e1 seguro que su \u00abempuje y experiencia llevar\u00e1n a la Ciudad a un nuevo nivel\u00bb.<\/p>\n<p>Tambi\u00e9n se sum\u00f3 Rodr\u00edguez Larreta, quien en redes indic\u00f3 que \u00abeste equipo est\u00e1 listo para seguir transformando y haciendo de Buenos Aires la mejor ciudad del mundo, teniendo siempre a cada vecino como protagonista principal\u00bb.<\/p>\n<p>En tanto, en UxP tambi\u00e9n existieron manifestaciones de acompa\u00f1amiento a la decisi\u00f3n de Santoro, entre ellas la legisladora porte\u00f1a Claudia Neira, que dijo estar \u00abmuy orgullosa de la gran elecci\u00f3n\u00bb hecha el domingo pasado y adelant\u00f3 que con \u00abcon Leandro a la cabeza se abre una etapa nueva en la Ciudad, donde vamos a trabajar cada d\u00eda para resolver los problemas de los porte\u00f1os y porte\u00f1as y ser gobierno en cuatro a\u00f1os\u00bb.<\/p>\n<p>En el comunicado, desde UxP consideraron tambi\u00e9n que \u00abla estrategia correcta en este momento hist\u00f3rico es concentrar los esfuerzos en defender la democracia frente a la amenaza autoritaria\u00bb, en alusi\u00f3n al postulante de La Libertad Avanza (LLA), Javier Milei, \u00abcontribuyendo a que Massa gane en la Ciudad y sea electo Presidente de la Naci\u00f3n\u00bb.<\/p>\n<p>\u00abRatificamos nuestro compromiso de seguir trabajando para lograr una Ciudad m\u00e1s justa, sensible y humana\u00bb, expres\u00f3 la coalici\u00f3n peronista, que tambi\u00e9n agradeci\u00f3 a \u00ablos casi 600.000 porte\u00f1os y porte\u00f1as\u00bb que apoyaron la lista encabezada por Santoro.<\/p>\n<p>El comunicado lleva la firma de Santoro y de su compa\u00f1era de f\u00f3rmula B\u00e1rbara Rossen, adem\u00e1s de los dirigentes e integrantes de la lista Paula Penacca, Eduardo Vald\u00e9s, Lorena Pokoik, Ita\u00ed Hagman, Mat\u00edas Lammens, Mar\u00eda Bielli, Mat\u00edas Barroteave\u00f1a, Claudia Neira, Alejandro Grillo, Victoria Freire, Claudio Ferre\u00f1o, Graciana Pe\u00f1afort, Andr\u00e9s Lablunda, Delfina Vel\u00e1zquez, Mariano Recalde, Juan Manuel Olmos y V\u00edctor Santa Mar\u00eda.<\/p>\n","protected":false},"excerpt":{"rendered":"<p>El dirigente Jorge Macri, de Juntos por el Cambio (JxC), qued\u00f3 confirmado hoy como el pr\u00f3ximo jefe de Gobierno porte\u00f1o, que reemplazar\u00e1 desde el 10 de diciembre a Horacio Rodr\u00edguez Larreta, tras la declinaci\u00f3n de la postulaci\u00f3n de Leandro Santoro, de Uni\u00f3n por la Patria (UxP), a competir en el balotaje para \u00abconcentrar los esfuerzos\u00bb [&hellip;]<\/p>\n","protected":false},"author":3,"featured_media":0,"comment_status":"closed","ping_status":"closed","sticky":false,"template":"","format":"standard","meta":{"footnotes":""},"categories":[24],"tags":[],"class_list":["post-94410","post","type-post","status-publish","format-standard","hentry","category-politica"],"yoast_head":"<!-- This site is optimized with the Yoast SEO plugin v25.9 - https:\/\/yoast.com\/wordpress\/plugins\/seo\/ -->\n<title>Con la declinaci\u00f3n de Santoro, Jorge Macri se convirti\u00f3 en el pr\u00f3ximo jefe de Gobierno porte\u00f1o - Noticias Radio Reflejos<\/title>\n<meta name=\"robots\" content=\"index, follow, max-snippet:-1, max-image-preview:large, max-video-preview:-1\" \/>\n<link rel=\"canonical\" href=\"https:\/\/www.noticiasradioreflejos.com.ar\/2021\/con-la-declinacion-de-santoro-jorge-macri-se-convirtio-en-el-proximo-jefe-de-gobierno-porteno\/\" \/>\n<meta property=\"og:locale\" content=\"es_ES\" \/>\n<meta property=\"og:type\" content=\"article\" \/>\n<meta property=\"og:title\" content=\"Con la declinaci\u00f3n de Santoro, Jorge Macri se convirti\u00f3 en el pr\u00f3ximo jefe de Gobierno porte\u00f1o - Noticias Radio Reflejos\" \/>\n<meta property=\"og:description\" content=\"El dirigente Jorge Macri, de Juntos por el Cambio (JxC), qued\u00f3 confirmado hoy como el pr\u00f3ximo jefe de Gobierno porte\u00f1o, que reemplazar\u00e1 desde el 10 de diciembre a Horacio Rodr\u00edguez Larreta, tras la declinaci\u00f3n de la postulaci\u00f3n de Leandro Santoro, de Uni\u00f3n por la Patria (UxP), a competir en el balotaje para \u00abconcentrar los esfuerzos\u00bb [&hellip;]\" \/>\n<meta property=\"og:url\" content=\"https:\/\/www.noticiasradioreflejos.com.ar\/2021\/con-la-declinacion-de-santoro-jorge-macri-se-convirtio-en-el-proximo-jefe-de-gobierno-porteno\/\" \/>\n<meta property=\"og:site_name\" content=\"Noticias Radio Reflejos\" \/>\n<meta property=\"article:published_time\" content=\"2023-10-24T21:15:45+00:00\" \/>\n<meta property=\"og:image\" content=\"https:\/\/www.noticiasradioreflejos.com.ar\/2021\/wp-content\/uploads\/2021\/07\/logosol300x200.png\" \/>\n\t<meta property=\"og:image:width\" content=\"300\" \/>\n\t<meta property=\"og:image:height\" content=\"200\" \/>\n\t<meta property=\"og:image:type\" content=\"image\/png\" \/>\n<meta name=\"author\" content=\"Arnaldo Botto\" \/>\n<meta name=\"twitter:card\" content=\"summary_large_image\" \/>\n<script type=\"application\/ld+json\" class=\"yoast-schema-graph\">{\"@context\":\"https:\/\/schema.org\",\"@graph\":[{\"@type\":\"WebPage\",\"@id\":\"https:\/\/www.noticiasradioreflejos.com.ar\/2021\/con-la-declinacion-de-santoro-jorge-macri-se-convirtio-en-el-proximo-jefe-de-gobierno-porteno\/\",\"url\":\"https:\/\/www.noticiasradioreflejos.com.ar\/2021\/con-la-declinacion-de-santoro-jorge-macri-se-convirtio-en-el-proximo-jefe-de-gobierno-porteno\/\",\"name\":\"Con la declinaci\u00f3n de Santoro, Jorge Macri se convirti\u00f3 en el pr\u00f3ximo jefe de Gobierno porte\u00f1o - Noticias Radio Reflejos\",\"isPartOf\":{\"@id\":\"https:\/\/www.noticiasradioreflejos.com.ar\/2021\/#website\"},\"datePublished\":\"2023-10-24T21:15:45+00:00\",\"author\":{\"@id\":\"https:\/\/www.noticiasradioreflejos.com.ar\/2021\/#\/schema\/person\/ad82545263dcc5ec0996818884fd5fb1\"},\"breadcrumb\":{\"@id\":\"https:\/\/www.noticiasradioreflejos.com.ar\/2021\/con-la-declinacion-de-santoro-jorge-macri-se-convirtio-en-el-proximo-jefe-de-gobierno-porteno\/#breadcrumb\"},\"inLanguage\":\"es\",\"potentialAction\":[{\"@type\":\"ReadAction\",\"target\":[\"https:\/\/www.noticiasradioreflejos.com.ar\/2021\/con-la-declinacion-de-santoro-jorge-macri-se-convirtio-en-el-proximo-jefe-de-gobierno-porteno\/\"]}]},{\"@type\":\"BreadcrumbList\",\"@id\":\"https:\/\/www.noticiasradioreflejos.com.ar\/2021\/con-la-declinacion-de-santoro-jorge-macri-se-convirtio-en-el-proximo-jefe-de-gobierno-porteno\/#breadcrumb\",\"itemListElement\":[{\"@type\":\"ListItem\",\"position\":1,\"name\":\"Portada\",\"item\":\"https:\/\/www.noticiasradioreflejos.com.ar\/2021\/\"},{\"@type\":\"ListItem\",\"position\":2,\"name\":\"Con la declinaci\u00f3n de Santoro, Jorge Macri se convirti\u00f3 en el pr\u00f3ximo jefe de Gobierno porte\u00f1o\"}]},{\"@type\":\"WebSite\",\"@id\":\"https:\/\/www.noticiasradioreflejos.com.ar\/2021\/#website\",\"url\":\"https:\/\/www.noticiasradioreflejos.com.ar\/2021\/\",\"name\":\"Noticias Radio Reflejos\",\"description\":\"Las noticias de mi comarca\",\"potentialAction\":[{\"@type\":\"SearchAction\",\"target\":{\"@type\":\"EntryPoint\",\"urlTemplate\":\"https:\/\/www.noticiasradioreflejos.com.ar\/2021\/?s={search_term_string}\"},\"query-input\":{\"@type\":\"PropertyValueSpecification\",\"valueRequired\":true,\"valueName\":\"search_term_string\"}}],\"inLanguage\":\"es\"},{\"@type\":\"Person\",\"@id\":\"https:\/\/www.noticiasradioreflejos.com.ar\/2021\/#\/schema\/person\/ad82545263dcc5ec0996818884fd5fb1\",\"name\":\"Arnaldo Botto\",\"image\":{\"@type\":\"ImageObject\",\"inLanguage\":\"es\",\"@id\":\"https:\/\/www.noticiasradioreflejos.com.ar\/2021\/#\/schema\/person\/image\/\",\"url\":\"https:\/\/secure.gravatar.com\/avatar\/55cb5e37c1efa326397366e6974cb338056df65cb50e7d64d1cf314e87504837?s=96&d=mm&r=g\",\"contentUrl\":\"https:\/\/secure.gravatar.com\/avatar\/55cb5e37c1efa326397366e6974cb338056df65cb50e7d64d1cf314e87504837?s=96&d=mm&r=g\",\"caption\":\"Arnaldo Botto\"},\"url\":\"https:\/\/www.noticiasradioreflejos.com.ar\/2021\/author\/arnaldo\/\"}]}<\/script>\n<!-- \/ Yoast SEO plugin. -->","yoast_head_json":{"title":"Con la declinaci\u00f3n de Santoro, Jorge Macri se convirti\u00f3 en el pr\u00f3ximo jefe de Gobierno porte\u00f1o - Noticias Radio Reflejos","robots":{"index":"index","follow":"follow","max-snippet":"max-snippet:-1","max-image-preview":"max-image-preview:large","max-video-preview":"max-video-preview:-1"},"canonical":"https:\/\/www.noticiasradioreflejos.com.ar\/2021\/con-la-declinacion-de-santoro-jorge-macri-se-convirtio-en-el-proximo-jefe-de-gobierno-porteno\/","og_locale":"es_ES","og_type":"article","og_title":"Con la declinaci\u00f3n de Santoro, Jorge Macri se convirti\u00f3 en el pr\u00f3ximo jefe de Gobierno porte\u00f1o - Noticias Radio Reflejos","og_description":"El dirigente Jorge Macri, de Juntos por el Cambio (JxC), qued\u00f3 confirmado hoy como el pr\u00f3ximo jefe de Gobierno porte\u00f1o, que reemplazar\u00e1 desde el 10 de diciembre a Horacio Rodr\u00edguez Larreta, tras la declinaci\u00f3n de la postulaci\u00f3n de Leandro Santoro, de Uni\u00f3n por la Patria (UxP), a competir en el balotaje para \u00abconcentrar los esfuerzos\u00bb [&hellip;]","og_url":"https:\/\/www.noticiasradioreflejos.com.ar\/2021\/con-la-declinacion-de-santoro-jorge-macri-se-convirtio-en-el-proximo-jefe-de-gobierno-porteno\/","og_site_name":"Noticias Radio Reflejos","article_published_time":"2023-10-24T21:15:45+00:00","og_image":[{"width":300,"height":200,"url":"https:\/\/www.noticiasradioreflejos.com.ar\/2021\/wp-content\/uploads\/2021\/07\/logosol300x200.png","type":"image\/png"}],"author":"Arnaldo Botto","twitter_card":"summary_large_image","schema":{"@context":"https:\/\/schema.org","@graph":[{"@type":"WebPage","@id":"https:\/\/www.noticiasradioreflejos.com.ar\/2021\/con-la-declinacion-de-santoro-jorge-macri-se-convirtio-en-el-proximo-jefe-de-gobierno-porteno\/","url":"https:\/\/www.noticiasradioreflejos.com.ar\/2021\/con-la-declinacion-de-santoro-jorge-macri-se-convirtio-en-el-proximo-jefe-de-gobierno-porteno\/","name":"Con la declinaci\u00f3n de Santoro, Jorge Macri se convirti\u00f3 en el pr\u00f3ximo jefe de Gobierno porte\u00f1o - Noticias Radio Reflejos","isPartOf":{"@id":"https:\/\/www.noticiasradioreflejos.com.ar\/2021\/#website"},"datePublished":"2023-10-24T21:15:45+00:00","author":{"@id":"https:\/\/www.noticiasradioreflejos.com.ar\/2021\/#\/schema\/person\/ad82545263dcc5ec0996818884fd5fb1"},"breadcrumb":{"@id":"https:\/\/www.noticiasradioreflejos.com.ar\/2021\/con-la-declinacion-de-santoro-jorge-macri-se-convirtio-en-el-proximo-jefe-de-gobierno-porteno\/#breadcrumb"},"inLanguage":"es","potentialAction":[{"@type":"ReadAction","target":["https:\/\/www.noticiasradioreflejos.com.ar\/2021\/con-la-declinacion-de-santoro-jorge-macri-se-convirtio-en-el-proximo-jefe-de-gobierno-porteno\/"]}]},{"@type":"BreadcrumbList","@id":"https:\/\/www.noticiasradioreflejos.com.ar\/2021\/con-la-declinacion-de-santoro-jorge-macri-se-convirtio-en-el-proximo-jefe-de-gobierno-porteno\/#breadcrumb","itemListElement":[{"@type":"ListItem","position":1,"name":"Portada","item":"https:\/\/www.noticiasradioreflejos.com.ar\/2021\/"},{"@type":"ListItem","position":2,"name":"Con la declinaci\u00f3n de Santoro, Jorge Macri se convirti\u00f3 en el pr\u00f3ximo jefe de Gobierno porte\u00f1o"}]},{"@type":"WebSite","@id":"https:\/\/www.noticiasradioreflejos.com.ar\/2021\/#website","url":"https:\/\/www.noticiasradioreflejos.com.ar\/2021\/","name":"Noticias Radio Reflejos","description":"Las noticias de mi comarca","potentialAction":[{"@type":"SearchAction","target":{"@type":"EntryPoint","urlTemplate":"https:\/\/www.noticiasradioreflejos.com.ar\/2021\/?s={search_term_string}"},"query-input":{"@type":"PropertyValueSpecification","valueRequired":true,"valueName":"search_term_string"}}],"inLanguage":"es"},{"@type":"Person","@id":"https:\/\/www.noticiasradioreflejos.com.ar\/2021\/#\/schema\/person\/ad82545263dcc5ec0996818884fd5fb1","name":"Arnaldo Botto","image":{"@type":"ImageObject","inLanguage":"es","@id":"https:\/\/www.noticiasradioreflejos.com.ar\/2021\/#\/schema\/person\/image\/","url":"https:\/\/secure.gravatar.com\/avatar\/55cb5e37c1efa326397366e6974cb338056df65cb50e7d64d1cf314e87504837?s=96&d=mm&r=g","contentUrl":"https:\/\/secure.gravatar.com\/avatar\/55cb5e37c1efa326397366e6974cb338056df65cb50e7d64d1cf314e87504837?s=96&d=mm&r=g","caption":"Arnaldo Botto"},"url":"https:\/\/www.noticiasradioreflejos.com.ar\/2021\/author\/arnaldo\/"}]}},"_links":{"self":[{"href":"https:\/\/www.noticiasradioreflejos.com.ar\/2021\/wp-json\/wp\/v2\/posts\/94410","targetHints":{"allow":["GET"]}}],"collection":[{"href":"https:\/\/www.noticiasradioreflejos.com.ar\/2021\/wp-json\/wp\/v2\/posts"}],"about":[{"href":"https:\/\/www.noticiasradioreflejos.com.ar\/2021\/wp-json\/wp\/v2\/types\/post"}],"author":[{"embeddable":true,"href":"https:\/\/www.noticiasradioreflejos.com.ar\/2021\/wp-json\/wp\/v2\/users\/3"}],"replies":[{"embeddable":true,"href":"https:\/\/www.noticiasradioreflejos.com.ar\/2021\/wp-json\/wp\/v2\/comments?post=94410"}],"version-history":[{"count":1,"href":"https:\/\/www.noticiasradioreflejos.com.ar\/2021\/wp-json\/wp\/v2\/posts\/94410\/revisions"}],"predecessor-version":[{"id":94412,"href":"https:\/\/www.noticiasradioreflejos.com.ar\/2021\/wp-json\/wp\/v2\/posts\/94410\/revisions\/94412"}],"wp:attachment":[{"href":"https:\/\/www.noticiasradioreflejos.com.ar\/2021\/wp-json\/wp\/v2\/media?parent=94410"}],"wp:term":[{"taxonomy":"category","embeddable":true,"href":"https:\/\/www.noticiasradioreflejos.com.ar\/2021\/wp-json\/wp\/v2\/categories?post=94410"},{"taxonomy":"post_tag","embeddable":true,"href":"https:\/\/www.noticiasradioreflejos.com.ar\/2021\/wp-json\/wp\/v2\/tags?post=94410"}],"curies":[{"name":"wp","href":"https:\/\/api.w.org\/{rel}","templated":true}]}}