{"id":94381,"date":"2023-10-24T17:45:27","date_gmt":"2023-10-24T17:45:27","guid":{"rendered":"https:\/\/www.noticiasradioreflejos.com.ar\/2021\/?p=94381"},"modified":"2023-10-24T17:45:27","modified_gmt":"2023-10-24T17:45:27","slug":"el-diagnostico-ayurveda-para-equilibrar-tu-vida","status":"publish","type":"post","link":"https:\/\/www.noticiasradioreflejos.com.ar\/2021\/el-diagnostico-ayurveda-para-equilibrar-tu-vida\/","title":{"rendered":"El diagn\u00f3stico ayurveda para equilibrar tu vida"},"content":{"rendered":"<p>La especialista en medicina natural, Anabella Botto, hizo un primer acercamiento sobre este fascinante tema, que se relaciona de manera directo con el auto conocimiento.<!--more--><\/p>\n<p>En una nueva entrega del micro de bienestar personal, la especialista en medicina natural, Anabella Botto, se refiri\u00f3 al diagn\u00f3stico ayurveda.<\/p>\n<p>Para comenzar explic\u00f3 que \u201chay tres pilares claves en los que hace foco la medicina ayurveda. El primero, la alimentaci\u00f3n saludable y nutritiva; el segundo, las rutinas de auto cuidado, como son la aroma terapia, el ejercicio f\u00edsico, la meditaci\u00f3n, la respiraci\u00f3n, las t\u00e9cnicas de auto masaje\u2026 porque de nada sirve comer saludable si vivimos estresados y a las corridas, sin cuestionarnos c\u00f3mo elegimos vivir\u201d.<\/p>\n<p>Agregando que \u201cel tercer pilar es la fitoterapia. Es el uso de plantas medicinales para acompa\u00f1ar procesos de salud. Para la ayurveda son herramientas principales. Actualmente tenemos un abanico enorme de posibilidades en este sentido, porque adem\u00e1s est\u00e1n los suplementos con activos espec\u00edficos de plantos. Est\u00e1n los prebi\u00f3ticos, los neutrac\u00e9ntricos, los adapt\u00f3genos, que son los hongos medicinales\u201d.<\/p>\n<p>Seg\u00fan acot\u00f3, \u201chace algunos a\u00f1os se ha corrido el foco, porque lo que pasaba con las plantas medicinales es que se las pon\u00eda por toxicidad en vez de ponerlas en sus beneficios, que es lo que se hace hoy. Incluso hoy el propio sitio de la OMS tiene su archivo de plantas medicinales. Su gran ventaja es que no tienen efectos secundarios como los f\u00e1rmacos\u201d.<\/p>\n<p>De la mano con esto afirm\u00f3 que \u201cpara la ayurveda, todo lo que existe es naturaleza. Es a partir de la teor\u00eda de los cinco elementos de la naturaleza, pero cada persona tiene en mayor o menor grado m\u00e1s de un elemento que de otro. Estos son, el agua, el aire, el fuego, la tierra y el \u00e9ter. El \u00e9ter es ese espacio en el que no hay materia, ni siquiera ox\u00edgeno. Esto nos gu\u00eda sobre nuestra respuesta al entorno\u201d.<\/p>\n<p>Por \u00faltimo reconoci\u00f3 que \u201ccomo cada persona es \u00fanica, descubrir cu\u00e1l es tu porcentaje de elementos te va a dar un gran poder para regular tu vida hacia un mayor estado de bienestar. Esto es perfectamente aplicable a nuestros hijos\u201d.<\/p>\n<p><iframe loading=\"lazy\" width=\"100%\" height=\"166\" scrolling=\"no\" frameborder=\"no\" allow=\"autoplay\" src=\"https:\/\/w.soundcloud.com\/player\/?url=https%3A\/\/api.soundcloud.com\/tracks\/1648251846&#038;color=%23ff5500&#038;auto_play=false&#038;hide_related=false&#038;show_comments=true&#038;show_user=true&#038;show_reposts=false&#038;show_teaser=true\"><\/iframe><\/p>\n<div style=\"font-size: 10px; color: #cccccc;line-break: anywhere;word-break: normal;overflow: hidden;white-space: nowrap;text-overflow: ellipsis; font-family: Interstate,Lucida Grande,Lucida Sans Unicode,Lucida Sans,Garuda,Verdana,Tahoma,sans-serif;font-weight: 100;\"><a href=\"https:\/\/soundcloud.com\/fmreflejos-103-7\" title=\"fmreflejos 103.7\" target=\"_blank\" style=\"color: #cccccc; text-decoration: none;\" rel=\"noopener\">fmreflejos 103.7<\/a> \u00b7 <a href=\"https:\/\/soundcloud.com\/fmreflejos-103-7\/de-que-se-trata-tener-un-diagnostico-ayur\" title=\"De qu\u00e9 se trata tener un diagn\u00f3stico ayur\" target=\"_blank\" style=\"color: #cccccc; text-decoration: none;\" rel=\"noopener\">De qu\u00e9 se trata tener un diagn\u00f3stico ayur<\/a><\/div>\n","protected":false},"excerpt":{"rendered":"<p>La especialista en medicina natural, Anabella Botto, hizo un primer acercamiento sobre este fascinante tema, que se relaciona de manera directo con el auto conocimiento.<\/p>\n","protected":false},"author":3,"featured_media":94116,"comment_status":"closed","ping_status":"closed","sticky":false,"template":"","format":"standard","meta":{"footnotes":""},"categories":[35,30],"tags":[48],"class_list":["post-94381","post","type-post","status-publish","format-standard","has-post-thumbnail","hentry","category-cultura","category-salud","tag-destacada"],"yoast_head":"<!-- This site is optimized with the Yoast SEO plugin v25.9 - https:\/\/yoast.com\/wordpress\/plugins\/seo\/ -->\n<title>El diagn\u00f3stico ayurveda para equilibrar tu vida - Noticias Radio Reflejos<\/title>\n<meta name=\"robots\" content=\"index, follow, max-snippet:-1, max-image-preview:large, max-video-preview:-1\" \/>\n<link rel=\"canonical\" href=\"https:\/\/www.noticiasradioreflejos.com.ar\/2021\/el-diagnostico-ayurveda-para-equilibrar-tu-vida\/\" \/>\n<meta property=\"og:locale\" content=\"es_ES\" \/>\n<meta property=\"og:type\" content=\"article\" \/>\n<meta property=\"og:title\" content=\"El diagn\u00f3stico ayurveda para equilibrar tu vida - Noticias Radio Reflejos\" \/>\n<meta property=\"og:description\" content=\"La especialista en medicina natural, Anabella Botto, hizo un primer acercamiento sobre este fascinante tema, que se relaciona de manera directo con el auto conocimiento.\" \/>\n<meta property=\"og:url\" content=\"https:\/\/www.noticiasradioreflejos.com.ar\/2021\/el-diagnostico-ayurveda-para-equilibrar-tu-vida\/\" \/>\n<meta property=\"og:site_name\" content=\"Noticias Radio Reflejos\" \/>\n<meta property=\"article:published_time\" content=\"2023-10-24T17:45:27+00:00\" \/>\n<meta property=\"og:image\" content=\"https:\/\/www.noticiasradioreflejos.com.ar\/2021\/wp-content\/uploads\/2023\/10\/Anabella-ayurveda-1-1.jpg\" \/>\n\t<meta property=\"og:image:width\" content=\"1000\" \/>\n\t<meta property=\"og:image:height\" content=\"667\" \/>\n\t<meta property=\"og:image:type\" content=\"image\/jpeg\" \/>\n<meta name=\"author\" content=\"Arnaldo Botto\" \/>\n<meta name=\"twitter:card\" content=\"summary_large_image\" \/>\n<script type=\"application\/ld+json\" class=\"yoast-schema-graph\">{\"@context\":\"https:\/\/schema.org\",\"@graph\":[{\"@type\":\"WebPage\",\"@id\":\"https:\/\/www.noticiasradioreflejos.com.ar\/2021\/el-diagnostico-ayurveda-para-equilibrar-tu-vida\/\",\"url\":\"https:\/\/www.noticiasradioreflejos.com.ar\/2021\/el-diagnostico-ayurveda-para-equilibrar-tu-vida\/\",\"name\":\"El diagn\u00f3stico ayurveda para equilibrar tu vida - Noticias Radio Reflejos\",\"isPartOf\":{\"@id\":\"https:\/\/www.noticiasradioreflejos.com.ar\/2021\/#website\"},\"primaryImageOfPage\":{\"@id\":\"https:\/\/www.noticiasradioreflejos.com.ar\/2021\/el-diagnostico-ayurveda-para-equilibrar-tu-vida\/#primaryimage\"},\"image\":{\"@id\":\"https:\/\/www.noticiasradioreflejos.com.ar\/2021\/el-diagnostico-ayurveda-para-equilibrar-tu-vida\/#primaryimage\"},\"thumbnailUrl\":\"https:\/\/www.noticiasradioreflejos.com.ar\/2021\/wp-content\/uploads\/2023\/10\/Anabella-ayurveda-1-1.jpg\",\"datePublished\":\"2023-10-24T17:45:27+00:00\",\"author\":{\"@id\":\"https:\/\/www.noticiasradioreflejos.com.ar\/2021\/#\/schema\/person\/ad82545263dcc5ec0996818884fd5fb1\"},\"breadcrumb\":{\"@id\":\"https:\/\/www.noticiasradioreflejos.com.ar\/2021\/el-diagnostico-ayurveda-para-equilibrar-tu-vida\/#breadcrumb\"},\"inLanguage\":\"es\",\"potentialAction\":[{\"@type\":\"ReadAction\",\"target\":[\"https:\/\/www.noticiasradioreflejos.com.ar\/2021\/el-diagnostico-ayurveda-para-equilibrar-tu-vida\/\"]}]},{\"@type\":\"ImageObject\",\"inLanguage\":\"es\",\"@id\":\"https:\/\/www.noticiasradioreflejos.com.ar\/2021\/el-diagnostico-ayurveda-para-equilibrar-tu-vida\/#primaryimage\",\"url\":\"https:\/\/www.noticiasradioreflejos.com.ar\/2021\/wp-content\/uploads\/2023\/10\/Anabella-ayurveda-1-1.jpg\",\"contentUrl\":\"https:\/\/www.noticiasradioreflejos.com.ar\/2021\/wp-content\/uploads\/2023\/10\/Anabella-ayurveda-1-1.jpg\",\"width\":1000,\"height\":667},{\"@type\":\"BreadcrumbList\",\"@id\":\"https:\/\/www.noticiasradioreflejos.com.ar\/2021\/el-diagnostico-ayurveda-para-equilibrar-tu-vida\/#breadcrumb\",\"itemListElement\":[{\"@type\":\"ListItem\",\"position\":1,\"name\":\"Portada\",\"item\":\"https:\/\/www.noticiasradioreflejos.com.ar\/2021\/\"},{\"@type\":\"ListItem\",\"position\":2,\"name\":\"El diagn\u00f3stico ayurveda para equilibrar tu vida\"}]},{\"@type\":\"WebSite\",\"@id\":\"https:\/\/www.noticiasradioreflejos.com.ar\/2021\/#website\",\"url\":\"https:\/\/www.noticiasradioreflejos.com.ar\/2021\/\",\"name\":\"Noticias Radio Reflejos\",\"description\":\"Las noticias de mi comarca\",\"potentialAction\":[{\"@type\":\"SearchAction\",\"target\":{\"@type\":\"EntryPoint\",\"urlTemplate\":\"https:\/\/www.noticiasradioreflejos.com.ar\/2021\/?s={search_term_string}\"},\"query-input\":{\"@type\":\"PropertyValueSpecification\",\"valueRequired\":true,\"valueName\":\"search_term_string\"}}],\"inLanguage\":\"es\"},{\"@type\":\"Person\",\"@id\":\"https:\/\/www.noticiasradioreflejos.com.ar\/2021\/#\/schema\/person\/ad82545263dcc5ec0996818884fd5fb1\",\"name\":\"Arnaldo Botto\",\"image\":{\"@type\":\"ImageObject\",\"inLanguage\":\"es\",\"@id\":\"https:\/\/www.noticiasradioreflejos.com.ar\/2021\/#\/schema\/person\/image\/\",\"url\":\"https:\/\/secure.gravatar.com\/avatar\/55cb5e37c1efa326397366e6974cb338056df65cb50e7d64d1cf314e87504837?s=96&d=mm&r=g\",\"contentUrl\":\"https:\/\/secure.gravatar.com\/avatar\/55cb5e37c1efa326397366e6974cb338056df65cb50e7d64d1cf314e87504837?s=96&d=mm&r=g\",\"caption\":\"Arnaldo Botto\"},\"url\":\"https:\/\/www.noticiasradioreflejos.com.ar\/2021\/author\/arnaldo\/\"}]}<\/script>\n<!-- \/ Yoast SEO plugin. -->","yoast_head_json":{"title":"El diagn\u00f3stico ayurveda para equilibrar tu vida - Noticias Radio Reflejos","robots":{"index":"index","follow":"follow","max-snippet":"max-snippet:-1","max-image-preview":"max-image-preview:large","max-video-preview":"max-video-preview:-1"},"canonical":"https:\/\/www.noticiasradioreflejos.com.ar\/2021\/el-diagnostico-ayurveda-para-equilibrar-tu-vida\/","og_locale":"es_ES","og_type":"article","og_title":"El diagn\u00f3stico ayurveda para equilibrar tu vida - Noticias Radio Reflejos","og_description":"La especialista en medicina natural, Anabella Botto, hizo un primer acercamiento sobre este fascinante tema, que se relaciona de manera directo con el auto conocimiento.","og_url":"https:\/\/www.noticiasradioreflejos.com.ar\/2021\/el-diagnostico-ayurveda-para-equilibrar-tu-vida\/","og_site_name":"Noticias Radio Reflejos","article_published_time":"2023-10-24T17:45:27+00:00","og_image":[{"width":1000,"height":667,"url":"https:\/\/www.noticiasradioreflejos.com.ar\/2021\/wp-content\/uploads\/2023\/10\/Anabella-ayurveda-1-1.jpg","type":"image\/jpeg"}],"author":"Arnaldo Botto","twitter_card":"summary_large_image","schema":{"@context":"https:\/\/schema.org","@graph":[{"@type":"WebPage","@id":"https:\/\/www.noticiasradioreflejos.com.ar\/2021\/el-diagnostico-ayurveda-para-equilibrar-tu-vida\/","url":"https:\/\/www.noticiasradioreflejos.com.ar\/2021\/el-diagnostico-ayurveda-para-equilibrar-tu-vida\/","name":"El diagn\u00f3stico ayurveda para equilibrar tu vida - Noticias Radio Reflejos","isPartOf":{"@id":"https:\/\/www.noticiasradioreflejos.com.ar\/2021\/#website"},"primaryImageOfPage":{"@id":"https:\/\/www.noticiasradioreflejos.com.ar\/2021\/el-diagnostico-ayurveda-para-equilibrar-tu-vida\/#primaryimage"},"image":{"@id":"https:\/\/www.noticiasradioreflejos.com.ar\/2021\/el-diagnostico-ayurveda-para-equilibrar-tu-vida\/#primaryimage"},"thumbnailUrl":"https:\/\/www.noticiasradioreflejos.com.ar\/2021\/wp-content\/uploads\/2023\/10\/Anabella-ayurveda-1-1.jpg","datePublished":"2023-10-24T17:45:27+00:00","author":{"@id":"https:\/\/www.noticiasradioreflejos.com.ar\/2021\/#\/schema\/person\/ad82545263dcc5ec0996818884fd5fb1"},"breadcrumb":{"@id":"https:\/\/www.noticiasradioreflejos.com.ar\/2021\/el-diagnostico-ayurveda-para-equilibrar-tu-vida\/#breadcrumb"},"inLanguage":"es","potentialAction":[{"@type":"ReadAction","target":["https:\/\/www.noticiasradioreflejos.com.ar\/2021\/el-diagnostico-ayurveda-para-equilibrar-tu-vida\/"]}]},{"@type":"ImageObject","inLanguage":"es","@id":"https:\/\/www.noticiasradioreflejos.com.ar\/2021\/el-diagnostico-ayurveda-para-equilibrar-tu-vida\/#primaryimage","url":"https:\/\/www.noticiasradioreflejos.com.ar\/2021\/wp-content\/uploads\/2023\/10\/Anabella-ayurveda-1-1.jpg","contentUrl":"https:\/\/www.noticiasradioreflejos.com.ar\/2021\/wp-content\/uploads\/2023\/10\/Anabella-ayurveda-1-1.jpg","width":1000,"height":667},{"@type":"BreadcrumbList","@id":"https:\/\/www.noticiasradioreflejos.com.ar\/2021\/el-diagnostico-ayurveda-para-equilibrar-tu-vida\/#breadcrumb","itemListElement":[{"@type":"ListItem","position":1,"name":"Portada","item":"https:\/\/www.noticiasradioreflejos.com.ar\/2021\/"},{"@type":"ListItem","position":2,"name":"El diagn\u00f3stico ayurveda para equilibrar tu vida"}]},{"@type":"WebSite","@id":"https:\/\/www.noticiasradioreflejos.com.ar\/2021\/#website","url":"https:\/\/www.noticiasradioreflejos.com.ar\/2021\/","name":"Noticias Radio Reflejos","description":"Las noticias de mi comarca","potentialAction":[{"@type":"SearchAction","target":{"@type":"EntryPoint","urlTemplate":"https:\/\/www.noticiasradioreflejos.com.ar\/2021\/?s={search_term_string}"},"query-input":{"@type":"PropertyValueSpecification","valueRequired":true,"valueName":"search_term_string"}}],"inLanguage":"es"},{"@type":"Person","@id":"https:\/\/www.noticiasradioreflejos.com.ar\/2021\/#\/schema\/person\/ad82545263dcc5ec0996818884fd5fb1","name":"Arnaldo Botto","image":{"@type":"ImageObject","inLanguage":"es","@id":"https:\/\/www.noticiasradioreflejos.com.ar\/2021\/#\/schema\/person\/image\/","url":"https:\/\/secure.gravatar.com\/avatar\/55cb5e37c1efa326397366e6974cb338056df65cb50e7d64d1cf314e87504837?s=96&d=mm&r=g","contentUrl":"https:\/\/secure.gravatar.com\/avatar\/55cb5e37c1efa326397366e6974cb338056df65cb50e7d64d1cf314e87504837?s=96&d=mm&r=g","caption":"Arnaldo Botto"},"url":"https:\/\/www.noticiasradioreflejos.com.ar\/2021\/author\/arnaldo\/"}]}},"_links":{"self":[{"href":"https:\/\/www.noticiasradioreflejos.com.ar\/2021\/wp-json\/wp\/v2\/posts\/94381","targetHints":{"allow":["GET"]}}],"collection":[{"href":"https:\/\/www.noticiasradioreflejos.com.ar\/2021\/wp-json\/wp\/v2\/posts"}],"about":[{"href":"https:\/\/www.noticiasradioreflejos.com.ar\/2021\/wp-json\/wp\/v2\/types\/post"}],"author":[{"embeddable":true,"href":"https:\/\/www.noticiasradioreflejos.com.ar\/2021\/wp-json\/wp\/v2\/users\/3"}],"replies":[{"embeddable":true,"href":"https:\/\/www.noticiasradioreflejos.com.ar\/2021\/wp-json\/wp\/v2\/comments?post=94381"}],"version-history":[{"count":2,"href":"https:\/\/www.noticiasradioreflejos.com.ar\/2021\/wp-json\/wp\/v2\/posts\/94381\/revisions"}],"predecessor-version":[{"id":94383,"href":"https:\/\/www.noticiasradioreflejos.com.ar\/2021\/wp-json\/wp\/v2\/posts\/94381\/revisions\/94383"}],"wp:featuredmedia":[{"embeddable":true,"href":"https:\/\/www.noticiasradioreflejos.com.ar\/2021\/wp-json\/wp\/v2\/media\/94116"}],"wp:attachment":[{"href":"https:\/\/www.noticiasradioreflejos.com.ar\/2021\/wp-json\/wp\/v2\/media?parent=94381"}],"wp:term":[{"taxonomy":"category","embeddable":true,"href":"https:\/\/www.noticiasradioreflejos.com.ar\/2021\/wp-json\/wp\/v2\/categories?post=94381"},{"taxonomy":"post_tag","embeddable":true,"href":"https:\/\/www.noticiasradioreflejos.com.ar\/2021\/wp-json\/wp\/v2\/tags?post=94381"}],"curies":[{"name":"wp","href":"https:\/\/api.w.org\/{rel}","templated":true}]}}