{"id":94377,"date":"2023-10-24T21:05:15","date_gmt":"2023-10-24T21:05:15","guid":{"rendered":"https:\/\/www.noticiasradioreflejos.com.ar\/2021\/?p=94377"},"modified":"2023-10-24T21:05:15","modified_gmt":"2023-10-24T21:05:15","slug":"carmen-soverchia-la-idea-es-que-el-peronismo-este-unido","status":"publish","type":"post","link":"https:\/\/www.noticiasradioreflejos.com.ar\/2021\/carmen-soverchia-la-idea-es-que-el-peronismo-este-unido\/","title":{"rendered":"Carmen Soverchia: \u201cLa idea es que el peronismo est\u00e9 unido\u201d"},"content":{"rendered":"<p>La cardenal Samor\u00e9 del PJ del distrito analiz\u00f3 lo dejado en las \u00faltimas elecciones y afirm\u00f3 que \u201ctenemos que sentarnos a dialogar para pensar en lo colectivo por encima de lo individual\u201d.<!--more--><\/p>\n<p>Aunque ser\u00eda hilar muy fino bajo un gran manto de potencialidad y susceptibilidad, m\u00e1s de uno podr\u00eda asentar al leer que la gran art\u00edfice de la reunificaci\u00f3n del PJ en el distrito fue Carmen Soverchia.<\/p>\n<p>La actual titular del PAMI distrital fue pieza clave para unir posiciones entre Trankels y Bordoni, y a trav\u00e9s de ello, obtener un nuevo triunfo para el espacio.<\/p>\n<p><a title=\"CARMEN SOVERCHIA (3)\" href=\"https:\/\/www.flickr.com\/photos\/182279889@N02\/53283200756\/in\/dateposted-public\/\" data-flickr-embed=\"true\"><img loading=\"lazy\" decoding=\"async\" src=\"https:\/\/live.staticflickr.com\/65535\/53283200756_f6f3abe571_c.jpg\" alt=\"CARMEN SOVERCHIA (3)\" width=\"800\" height=\"711\" \/><\/a><\/p>\n<p>&nbsp;<\/p>\n<p>Sobre los resultados del domingo, afirm\u00f3 que \u201cestoy muy contenta con los resultados, muy agradecida con la gente tambi\u00e9n, porque acompa\u00f1\u00f3 una vez m\u00e1s a Uni\u00f3n por la Patria. Felices y ya prepar\u00e1ndonos para empezar a trabajar fuerte a partir del diez de diciembre\u201d.<\/p>\n<p>De igual manera remarc\u00f3 que \u201cla militancia la hacemos todos los d\u00edas. No se trata de un a\u00f1o eleccionario. Hace much\u00edsimos a\u00f1os que milito en el PJ. Ahora a ponernos de forma formal como concejal a partir del diez de diciembre, pero la militancia no cambia\u201d.<\/p>\n<p>Viendo su d\u00eda a d\u00eda admiti\u00f3 que \u201cel trabajo con la gente es continuo. Ya sea por PAMI o porque la gente tiene confianza en uno y nos comenta ciertos temas, que muchas veces no tienen que ver con el trabajo, pero uno trata de dar una mano\u201d.<\/p>\n<p>Recordando c\u00f3mo se gest\u00f3 todo, coment\u00f3 que \u201cnosotros hab\u00edamos perdido las PASO. Uni\u00f3n por la Patria de igual forma hab\u00eda tenido una muy buena elecci\u00f3n. Estaba primera en la lista de concejales en la lista de Trankels, as\u00ed que me tocaba integrar la lista de Bordoni, pero en el s\u00e9ptimo lugar, como primer suplente. Eso era lo que correspond\u00eda desde lo que se hab\u00eda dictaminado a nivel provincial\u201d.<\/p>\n<p>En esa l\u00ednea acot\u00f3 que \u201cdespu\u00e9s el intendente nos ofreci\u00f3 un lugar mejor, tanto para m\u00ed como a Mat\u00edas Rojas, y decidimos aceptarlo. No era lo mismo ser suplente que titular. Uno nunca sabe c\u00f3mo va a ser el resultado hasta tener los resultados\u201d.<\/p>\n<p>Por \u00faltimo reconoci\u00f3 que \u201cla idea de este nuevo comienzo es justamente que el peronismo est\u00e9 unido. Que trabajemos juntos. La gente est\u00e1 cansada de esta divisi\u00f3n. Tenemos que sentarnos a dialogar para pensar en lo colectivo por encima de lo individual. Es un dicho del general, primero la patria, despu\u00e9s el movimiento y por \u00faltimo los hombres\u201d.<\/p>\n<p><iframe loading=\"lazy\" src=\"https:\/\/w.soundcloud.com\/player\/?url=https%3A\/\/api.soundcloud.com\/tracks\/1648224672&amp;color=%23ff5500&amp;auto_play=false&amp;hide_related=false&amp;show_comments=true&amp;show_user=true&amp;show_reposts=false&amp;show_teaser=true\" width=\"100%\" height=\"166\" frameborder=\"no\" scrolling=\"no\"><\/iframe><\/p>\n<div style=\"font-size: 10px; color: #cccccc; line-break: anywhere; word-break: normal; overflow: hidden; white-space: nowrap; text-overflow: ellipsis; font-family: Interstate,Lucida Grande,Lucida Sans Unicode,Lucida Sans,Garuda,Verdana,Tahoma,sans-serif; font-weight: 100;\"><a style=\"color: #cccccc; text-decoration: none;\" title=\"fmreflejos 103.7\" href=\"https:\/\/soundcloud.com\/fmreflejos-103-7\" target=\"_blank\" rel=\"noopener\">fmreflejos 103.7<\/a> \u00b7 <a style=\"color: #cccccc; text-decoration: none;\" title=\"Carmen Soverchia 24 - 10\" href=\"https:\/\/soundcloud.com\/fmreflejos-103-7\/carmen-soverchia-24-10\" target=\"_blank\" rel=\"noopener\">Carmen Soverchia 24 &#8211; 10<\/a><\/div>\n","protected":false},"excerpt":{"rendered":"<p>La cardenal Samor\u00e9 del PJ del distrito analiz\u00f3 lo dejado en las \u00faltimas elecciones y afirm\u00f3 que \u201ctenemos que sentarnos a dialogar para pensar en lo colectivo por encima de lo individual\u201d.<\/p>\n","protected":false},"author":3,"featured_media":94408,"comment_status":"closed","ping_status":"closed","sticky":false,"template":"","format":"standard","meta":{"footnotes":""},"categories":[24],"tags":[48],"class_list":["post-94377","post","type-post","status-publish","format-standard","has-post-thumbnail","hentry","category-politica","tag-destacada"],"yoast_head":"<!-- This site is optimized with the Yoast SEO plugin v25.9 - https:\/\/yoast.com\/wordpress\/plugins\/seo\/ -->\n<title>Carmen Soverchia: \u201cLa idea es que el peronismo est\u00e9 unido\u201d - Noticias Radio Reflejos<\/title>\n<meta name=\"robots\" content=\"index, follow, max-snippet:-1, max-image-preview:large, max-video-preview:-1\" \/>\n<link rel=\"canonical\" href=\"https:\/\/www.noticiasradioreflejos.com.ar\/2021\/carmen-soverchia-la-idea-es-que-el-peronismo-este-unido\/\" \/>\n<meta property=\"og:locale\" content=\"es_ES\" \/>\n<meta property=\"og:type\" content=\"article\" \/>\n<meta property=\"og:title\" content=\"Carmen Soverchia: \u201cLa idea es que el peronismo est\u00e9 unido\u201d - Noticias Radio Reflejos\" \/>\n<meta property=\"og:description\" content=\"La cardenal Samor\u00e9 del PJ del distrito analiz\u00f3 lo dejado en las \u00faltimas elecciones y afirm\u00f3 que \u201ctenemos que sentarnos a dialogar para pensar en lo colectivo por encima de lo individual\u201d.\" \/>\n<meta property=\"og:url\" content=\"https:\/\/www.noticiasradioreflejos.com.ar\/2021\/carmen-soverchia-la-idea-es-que-el-peronismo-este-unido\/\" \/>\n<meta property=\"og:site_name\" content=\"Noticias Radio Reflejos\" \/>\n<meta property=\"article:published_time\" content=\"2023-10-24T21:05:15+00:00\" \/>\n<meta property=\"og:image\" content=\"https:\/\/www.noticiasradioreflejos.com.ar\/2021\/wp-content\/uploads\/2023\/10\/CARMEN-SOVERCHIA-2.jpg\" \/>\n\t<meta property=\"og:image:width\" content=\"1162\" \/>\n\t<meta property=\"og:image:height\" content=\"773\" \/>\n\t<meta property=\"og:image:type\" content=\"image\/jpeg\" \/>\n<meta name=\"author\" content=\"Arnaldo Botto\" \/>\n<meta name=\"twitter:card\" content=\"summary_large_image\" \/>\n<script type=\"application\/ld+json\" class=\"yoast-schema-graph\">{\"@context\":\"https:\/\/schema.org\",\"@graph\":[{\"@type\":\"WebPage\",\"@id\":\"https:\/\/www.noticiasradioreflejos.com.ar\/2021\/carmen-soverchia-la-idea-es-que-el-peronismo-este-unido\/\",\"url\":\"https:\/\/www.noticiasradioreflejos.com.ar\/2021\/carmen-soverchia-la-idea-es-que-el-peronismo-este-unido\/\",\"name\":\"Carmen Soverchia: \u201cLa idea es que el peronismo est\u00e9 unido\u201d - Noticias Radio Reflejos\",\"isPartOf\":{\"@id\":\"https:\/\/www.noticiasradioreflejos.com.ar\/2021\/#website\"},\"primaryImageOfPage\":{\"@id\":\"https:\/\/www.noticiasradioreflejos.com.ar\/2021\/carmen-soverchia-la-idea-es-que-el-peronismo-este-unido\/#primaryimage\"},\"image\":{\"@id\":\"https:\/\/www.noticiasradioreflejos.com.ar\/2021\/carmen-soverchia-la-idea-es-que-el-peronismo-este-unido\/#primaryimage\"},\"thumbnailUrl\":\"https:\/\/www.noticiasradioreflejos.com.ar\/2021\/wp-content\/uploads\/2023\/10\/CARMEN-SOVERCHIA-2.jpg\",\"datePublished\":\"2023-10-24T21:05:15+00:00\",\"author\":{\"@id\":\"https:\/\/www.noticiasradioreflejos.com.ar\/2021\/#\/schema\/person\/ad82545263dcc5ec0996818884fd5fb1\"},\"breadcrumb\":{\"@id\":\"https:\/\/www.noticiasradioreflejos.com.ar\/2021\/carmen-soverchia-la-idea-es-que-el-peronismo-este-unido\/#breadcrumb\"},\"inLanguage\":\"es\",\"potentialAction\":[{\"@type\":\"ReadAction\",\"target\":[\"https:\/\/www.noticiasradioreflejos.com.ar\/2021\/carmen-soverchia-la-idea-es-que-el-peronismo-este-unido\/\"]}]},{\"@type\":\"ImageObject\",\"inLanguage\":\"es\",\"@id\":\"https:\/\/www.noticiasradioreflejos.com.ar\/2021\/carmen-soverchia-la-idea-es-que-el-peronismo-este-unido\/#primaryimage\",\"url\":\"https:\/\/www.noticiasradioreflejos.com.ar\/2021\/wp-content\/uploads\/2023\/10\/CARMEN-SOVERCHIA-2.jpg\",\"contentUrl\":\"https:\/\/www.noticiasradioreflejos.com.ar\/2021\/wp-content\/uploads\/2023\/10\/CARMEN-SOVERCHIA-2.jpg\",\"width\":1162,\"height\":773},{\"@type\":\"BreadcrumbList\",\"@id\":\"https:\/\/www.noticiasradioreflejos.com.ar\/2021\/carmen-soverchia-la-idea-es-que-el-peronismo-este-unido\/#breadcrumb\",\"itemListElement\":[{\"@type\":\"ListItem\",\"position\":1,\"name\":\"Portada\",\"item\":\"https:\/\/www.noticiasradioreflejos.com.ar\/2021\/\"},{\"@type\":\"ListItem\",\"position\":2,\"name\":\"Carmen Soverchia: \u201cLa idea es que el peronismo est\u00e9 unido\u201d\"}]},{\"@type\":\"WebSite\",\"@id\":\"https:\/\/www.noticiasradioreflejos.com.ar\/2021\/#website\",\"url\":\"https:\/\/www.noticiasradioreflejos.com.ar\/2021\/\",\"name\":\"Noticias Radio Reflejos\",\"description\":\"Las noticias de mi comarca\",\"potentialAction\":[{\"@type\":\"SearchAction\",\"target\":{\"@type\":\"EntryPoint\",\"urlTemplate\":\"https:\/\/www.noticiasradioreflejos.com.ar\/2021\/?s={search_term_string}\"},\"query-input\":{\"@type\":\"PropertyValueSpecification\",\"valueRequired\":true,\"valueName\":\"search_term_string\"}}],\"inLanguage\":\"es\"},{\"@type\":\"Person\",\"@id\":\"https:\/\/www.noticiasradioreflejos.com.ar\/2021\/#\/schema\/person\/ad82545263dcc5ec0996818884fd5fb1\",\"name\":\"Arnaldo Botto\",\"image\":{\"@type\":\"ImageObject\",\"inLanguage\":\"es\",\"@id\":\"https:\/\/www.noticiasradioreflejos.com.ar\/2021\/#\/schema\/person\/image\/\",\"url\":\"https:\/\/secure.gravatar.com\/avatar\/55cb5e37c1efa326397366e6974cb338056df65cb50e7d64d1cf314e87504837?s=96&d=mm&r=g\",\"contentUrl\":\"https:\/\/secure.gravatar.com\/avatar\/55cb5e37c1efa326397366e6974cb338056df65cb50e7d64d1cf314e87504837?s=96&d=mm&r=g\",\"caption\":\"Arnaldo Botto\"},\"url\":\"https:\/\/www.noticiasradioreflejos.com.ar\/2021\/author\/arnaldo\/\"}]}<\/script>\n<!-- \/ Yoast SEO plugin. -->","yoast_head_json":{"title":"Carmen Soverchia: \u201cLa idea es que el peronismo est\u00e9 unido\u201d - Noticias Radio Reflejos","robots":{"index":"index","follow":"follow","max-snippet":"max-snippet:-1","max-image-preview":"max-image-preview:large","max-video-preview":"max-video-preview:-1"},"canonical":"https:\/\/www.noticiasradioreflejos.com.ar\/2021\/carmen-soverchia-la-idea-es-que-el-peronismo-este-unido\/","og_locale":"es_ES","og_type":"article","og_title":"Carmen Soverchia: \u201cLa idea es que el peronismo est\u00e9 unido\u201d - Noticias Radio Reflejos","og_description":"La cardenal Samor\u00e9 del PJ del distrito analiz\u00f3 lo dejado en las \u00faltimas elecciones y afirm\u00f3 que \u201ctenemos que sentarnos a dialogar para pensar en lo colectivo por encima de lo individual\u201d.","og_url":"https:\/\/www.noticiasradioreflejos.com.ar\/2021\/carmen-soverchia-la-idea-es-que-el-peronismo-este-unido\/","og_site_name":"Noticias Radio Reflejos","article_published_time":"2023-10-24T21:05:15+00:00","og_image":[{"width":1162,"height":773,"url":"https:\/\/www.noticiasradioreflejos.com.ar\/2021\/wp-content\/uploads\/2023\/10\/CARMEN-SOVERCHIA-2.jpg","type":"image\/jpeg"}],"author":"Arnaldo Botto","twitter_card":"summary_large_image","schema":{"@context":"https:\/\/schema.org","@graph":[{"@type":"WebPage","@id":"https:\/\/www.noticiasradioreflejos.com.ar\/2021\/carmen-soverchia-la-idea-es-que-el-peronismo-este-unido\/","url":"https:\/\/www.noticiasradioreflejos.com.ar\/2021\/carmen-soverchia-la-idea-es-que-el-peronismo-este-unido\/","name":"Carmen Soverchia: \u201cLa idea es que el peronismo est\u00e9 unido\u201d - Noticias Radio Reflejos","isPartOf":{"@id":"https:\/\/www.noticiasradioreflejos.com.ar\/2021\/#website"},"primaryImageOfPage":{"@id":"https:\/\/www.noticiasradioreflejos.com.ar\/2021\/carmen-soverchia-la-idea-es-que-el-peronismo-este-unido\/#primaryimage"},"image":{"@id":"https:\/\/www.noticiasradioreflejos.com.ar\/2021\/carmen-soverchia-la-idea-es-que-el-peronismo-este-unido\/#primaryimage"},"thumbnailUrl":"https:\/\/www.noticiasradioreflejos.com.ar\/2021\/wp-content\/uploads\/2023\/10\/CARMEN-SOVERCHIA-2.jpg","datePublished":"2023-10-24T21:05:15+00:00","author":{"@id":"https:\/\/www.noticiasradioreflejos.com.ar\/2021\/#\/schema\/person\/ad82545263dcc5ec0996818884fd5fb1"},"breadcrumb":{"@id":"https:\/\/www.noticiasradioreflejos.com.ar\/2021\/carmen-soverchia-la-idea-es-que-el-peronismo-este-unido\/#breadcrumb"},"inLanguage":"es","potentialAction":[{"@type":"ReadAction","target":["https:\/\/www.noticiasradioreflejos.com.ar\/2021\/carmen-soverchia-la-idea-es-que-el-peronismo-este-unido\/"]}]},{"@type":"ImageObject","inLanguage":"es","@id":"https:\/\/www.noticiasradioreflejos.com.ar\/2021\/carmen-soverchia-la-idea-es-que-el-peronismo-este-unido\/#primaryimage","url":"https:\/\/www.noticiasradioreflejos.com.ar\/2021\/wp-content\/uploads\/2023\/10\/CARMEN-SOVERCHIA-2.jpg","contentUrl":"https:\/\/www.noticiasradioreflejos.com.ar\/2021\/wp-content\/uploads\/2023\/10\/CARMEN-SOVERCHIA-2.jpg","width":1162,"height":773},{"@type":"BreadcrumbList","@id":"https:\/\/www.noticiasradioreflejos.com.ar\/2021\/carmen-soverchia-la-idea-es-que-el-peronismo-este-unido\/#breadcrumb","itemListElement":[{"@type":"ListItem","position":1,"name":"Portada","item":"https:\/\/www.noticiasradioreflejos.com.ar\/2021\/"},{"@type":"ListItem","position":2,"name":"Carmen Soverchia: \u201cLa idea es que el peronismo est\u00e9 unido\u201d"}]},{"@type":"WebSite","@id":"https:\/\/www.noticiasradioreflejos.com.ar\/2021\/#website","url":"https:\/\/www.noticiasradioreflejos.com.ar\/2021\/","name":"Noticias Radio Reflejos","description":"Las noticias de mi comarca","potentialAction":[{"@type":"SearchAction","target":{"@type":"EntryPoint","urlTemplate":"https:\/\/www.noticiasradioreflejos.com.ar\/2021\/?s={search_term_string}"},"query-input":{"@type":"PropertyValueSpecification","valueRequired":true,"valueName":"search_term_string"}}],"inLanguage":"es"},{"@type":"Person","@id":"https:\/\/www.noticiasradioreflejos.com.ar\/2021\/#\/schema\/person\/ad82545263dcc5ec0996818884fd5fb1","name":"Arnaldo Botto","image":{"@type":"ImageObject","inLanguage":"es","@id":"https:\/\/www.noticiasradioreflejos.com.ar\/2021\/#\/schema\/person\/image\/","url":"https:\/\/secure.gravatar.com\/avatar\/55cb5e37c1efa326397366e6974cb338056df65cb50e7d64d1cf314e87504837?s=96&d=mm&r=g","contentUrl":"https:\/\/secure.gravatar.com\/avatar\/55cb5e37c1efa326397366e6974cb338056df65cb50e7d64d1cf314e87504837?s=96&d=mm&r=g","caption":"Arnaldo Botto"},"url":"https:\/\/www.noticiasradioreflejos.com.ar\/2021\/author\/arnaldo\/"}]}},"_links":{"self":[{"href":"https:\/\/www.noticiasradioreflejos.com.ar\/2021\/wp-json\/wp\/v2\/posts\/94377","targetHints":{"allow":["GET"]}}],"collection":[{"href":"https:\/\/www.noticiasradioreflejos.com.ar\/2021\/wp-json\/wp\/v2\/posts"}],"about":[{"href":"https:\/\/www.noticiasradioreflejos.com.ar\/2021\/wp-json\/wp\/v2\/types\/post"}],"author":[{"embeddable":true,"href":"https:\/\/www.noticiasradioreflejos.com.ar\/2021\/wp-json\/wp\/v2\/users\/3"}],"replies":[{"embeddable":true,"href":"https:\/\/www.noticiasradioreflejos.com.ar\/2021\/wp-json\/wp\/v2\/comments?post=94377"}],"version-history":[{"count":2,"href":"https:\/\/www.noticiasradioreflejos.com.ar\/2021\/wp-json\/wp\/v2\/posts\/94377\/revisions"}],"predecessor-version":[{"id":94409,"href":"https:\/\/www.noticiasradioreflejos.com.ar\/2021\/wp-json\/wp\/v2\/posts\/94377\/revisions\/94409"}],"wp:featuredmedia":[{"embeddable":true,"href":"https:\/\/www.noticiasradioreflejos.com.ar\/2021\/wp-json\/wp\/v2\/media\/94408"}],"wp:attachment":[{"href":"https:\/\/www.noticiasradioreflejos.com.ar\/2021\/wp-json\/wp\/v2\/media?parent=94377"}],"wp:term":[{"taxonomy":"category","embeddable":true,"href":"https:\/\/www.noticiasradioreflejos.com.ar\/2021\/wp-json\/wp\/v2\/categories?post=94377"},{"taxonomy":"post_tag","embeddable":true,"href":"https:\/\/www.noticiasradioreflejos.com.ar\/2021\/wp-json\/wp\/v2\/tags?post=94377"}],"curies":[{"name":"wp","href":"https:\/\/api.w.org\/{rel}","templated":true}]}}