{"id":94352,"date":"2023-10-24T12:05:24","date_gmt":"2023-10-24T12:05:24","guid":{"rendered":"https:\/\/www.noticiasradioreflejos.com.ar\/2021\/?p=94352"},"modified":"2023-10-24T17:25:00","modified_gmt":"2023-10-24T17:25:00","slug":"murio-ricardo-iorio","status":"publish","type":"post","link":"https:\/\/www.noticiasradioreflejos.com.ar\/2021\/murio-ricardo-iorio\/","title":{"rendered":"Muri\u00f3 Ricardo Iorio"},"content":{"rendered":"<header id=\"mvp-post-head\" class=\"left relative\">Sufri\u00f3 un infarto. Falleci\u00f3 camino al Hospital de Coronel Su\u00e1rez, luego de un infarto. Fue un referente del heavy metal en el pa\u00eds.<\/header>\n<p><!--more--><\/p>\n<div class=\"mvp-post-main-out left relative\">\n<div class=\"mvp-post-main-in\">\n<div id=\"mvp-post-content\" class=\"left relative\">\n<div id=\"mvp-post-feat-img\" class=\"left relative mvp-post-feat-img-wide2\">\n<div id=\"standard_1\" class=\"st-placement standard_1 inImage\">\n<div class=\"st-adunit st-adunit-tagged st-reset st-show\"><\/div>\n<\/div>\n<p><img loading=\"lazy\" decoding=\"async\" class=\"attachment- size- wp-post-image\" src=\"https:\/\/www.labrujula24.com\/wp-content\/uploads\/2021\/04\/iorioo.jpg\" sizes=\"auto, (max-width: 1200px) 100vw, 1200px\" srcset=\"https:\/\/www.labrujula24.com\/wp-content\/uploads\/2021\/04\/iorioo.jpg 1200w, https:\/\/www.labrujula24.com\/wp-content\/uploads\/2021\/04\/iorioo-768x461.jpg 768w, https:\/\/www.labrujula24.com\/wp-content\/uploads\/2021\/04\/iorioo-1000x600.jpg 1000w, https:\/\/www.labrujula24.com\/wp-content\/uploads\/2021\/04\/iorioo-590x354.jpg 590w, https:\/\/www.labrujula24.com\/wp-content\/uploads\/2021\/04\/iorioo-400x240.jpg 400w\" alt=\"\" width=\"1200\" height=\"720\" \/><\/p>\n<\/div>\n<div id=\"mvp-content-wrap\" class=\"left relative\">\n<div class=\"mvp-post-soc-out right relative\">\n<div class=\"mvp-post-soc-in\">\n<div id=\"mvp-content-body\" class=\"left relative\">\n<div id=\"mvp-content-body-top\" class=\"left relative\">\n<div id=\"mvp-content-main\" class=\"left relative\">\n<div id=\"mow-display-general-103892532157908\">\n<div id=\"mow-dsb-719026202569593\">\n<div data-mow_video=\"ar-mmdll00ob47\" data-mow_init=\"true\">\n<div id=\"mar-mmdll00ob47-480758115991353\" class=\"mowplayer mowplayer-container mowplayer23-theme-dark\" data-ar_header_title_desktop=\"Escuchar el art\u00edculo dando click al reproductor:\" data-ar_header_title_mobile=\"Escuchar el art\u00edculo:\">\n<div class=\"mow mow__playlist-wrapper mow-wait_play mow-hide-controls mow-type_audio mow-provider_html5 mow__playlist_type_audio mow-ui_enabled mow__theme_light mw-script mow__layout-audio_slim mow-paused mow-stopped mow_audio_reader mw_size_300\">\n<div class=\"mow__contextmenu\"><\/div>\n<div class=\"mow__responsive-wrapper audio-reader-responsive-c\">\n<div class=\"mow__audio-no-playlist-wrapper\">\n<div class=\"mow__layout-row mow__layout-va_audio-reader\">\n<div class=\"mow__layout-row mow__layout-va_audio_logo\">\n<div class=\"mow__logo default_logo\">Ricardo Iorio, el popular m\u00fasico que viv\u00eda desde hace varios a\u00f1os en la comarca serrana, falleci\u00f3 a los 61 a\u00f1os de un infarto.<\/div>\n<\/div>\n<\/div>\n<\/div>\n<\/div>\n<\/div>\n<\/div>\n<\/div>\n<\/div>\n<\/div>\n<div id=\"textbody\">\n<div id=\"standard_4\" class=\"st-placement standard_4 inArticle\">\n<div class=\"st-adunit-inarticle st-inarticle-slot\">\n<div class=\"st-adunit st-adunit-tagged st-reset st-show\">\n<div class=\"st-adunit-ad st-reset\">\n<div class=\"st-display-render st-reset open 728x90\">\n<div class=\"st-canvas st-reset horizontal-static\"><\/div>\n<\/div>\n<\/div>\n<\/div>\n<\/div>\n<\/div>\n<p>Lo confirm\u00f3 su abogado en Bah\u00eda Blanca, Juan Ignacio Vitalini, quien lo asisti\u00f3 en diferentes causas penales que tramitaban en Bah\u00eda Blanca, se comunic\u00f3 con su pareja, la cual le confirm\u00f3 el dato.<\/p>\n<p>Seg\u00fan pudo confirmar, Iorio muri\u00f3 camino al hospital de Coronel Su\u00e1rez, m\u00e1s all\u00e1 de los intentos de reanimarlo.<\/p>\n<p>\u00abFue en la ambulancia efectivamente, empez\u00f3 a sentirse mal en la casa, le dol\u00eda el pecho, se acost\u00f3, llamaron a la ambulancia y falleci\u00f3 en el trayecto\u00bb, confirm\u00f3 su abogado Juan Vitalini en di\u00e1logo con Radio Rock and Pop.<\/p>\n<p class=\" aBigClassNameToAvoidCollisionInText\">La carrera del cantante y compositor fue el fundador de bandas ic\u00f3nicas como V8, Herm\u00e9tica y Almafuerte. Luego, hab\u00eda comenzado con su carrera como solista y hasta hace pocos d\u00edas se encontraba en medio de la gira nacional.<\/p>\n<p>&nbsp;<\/p>\n<p style=\"margin: 12px auto 6px auto; font-family: Helvetica,Arial,Sans-serif; font-style: normal; font-variant: normal; font-weight: normal; font-size: 14px; line-height: normal; font-size-adjust: none; font-stretch: normal; -x-system-font: none; display: block;\"><a style=\"text-decoration: underline;\" title=\"View Fallecimiento Sr Iorio on Scribd\" href=\"https:\/\/www.scribd.com\/document\/679768758\/Fallecimiento-Sr-Iorio#from_embed\">Fallecimiento Sr Iorio<\/a> by <a style=\"text-decoration: underline;\" title=\"View FM Reflejos Sierra de la Ventana's profile on Scribd\" href=\"https:\/\/es.scribd.com\/user\/128459674\/FM-Reflejos-Sierra-de-la-Ventana#from_embed\">FM Reflejos Sierra de la Ventana<\/a> on Scribd<\/p>\n<p><script type=\"text\/javascript\">(function() { var scribd = document.createElement(\"script\"); scribd.type = \"text\/javascript\"; scribd.async = true; scribd.src = \"https:\/\/es.scribd.com\/javascripts\/embed_code\/inject.js\"; var s = document.getElementsByTagName(\"script\")[0]; s.parentNode.insertBefore(scribd, s); })();<\/script><\/p>\n<\/div>\n<p class=\"paragraph\" data-mrf-recirculation=\"Links inline\">En ese sentido, aclararon: \u201cEl personal del hospital de Ra\u00fal Caccavo de Coronel Su\u00e1rez\u00a0<b>solo actu\u00f3 como apoyo a la ambulancia del municipio de Tornquist<\/b>\u201d. Y cierra: \u201cExtendemos nuestras condolencias a la familia y admiradores del conocido cantante\u201d.<\/p>\n<div class=\"visual__image\"><img loading=\"lazy\" decoding=\"async\" class=\" lazyload\" src=\"https:\/\/www.infobae.com\/new-resizer\/79R9ZwnP2uAWo4qJ1q5z56IUpSg=\/arc-anglerfish-arc2-prod-infobae\/public\/NRASQYBWXFDBPIUUX3TIUHY7EA.jpg\" sizes=\"auto, (min-width: 800px) 50vw, 90vw\" srcset=\"https:\/\/www.infobae.com\/new-resizer\/cmoGYEzdq_MQVaLmsA1Yj4xrwE4=\/992x850\/filters:format(webp):quality(85)\/cloudfront-us-east-1.images.arcpublishing.com\/infobae\/NRASQYBWXFDBPIUUX3TIUHY7EA.jpg 992w\" alt=\"Parte m\u00e9dico oficial tras el fallecimiento de Ricardo Iorio\" width=\"901\" height=\"756\" data-src=\"https:\/\/www.infobae.com\/new-resizer\/79R9ZwnP2uAWo4qJ1q5z56IUpSg=\/arc-anglerfish-arc2-prod-infobae\/public\/NRASQYBWXFDBPIUUX3TIUHY7EA.jpg\" \/><em>Parte m\u00e9dico oficial tras el fallecimiento de Ricardo Iorio<\/em><\/div>\n<p class=\"paragraph\" data-mrf-recirculation=\"Links inline\">Ricardo Iorio se encontraba en estas semanas en medio de una gira nacional denominada\u00a0<i>Unas estrofas m\u00e1s<\/i>. Ya se hab\u00eda presentado en Neuqu\u00e9n, Trelew y Tucum\u00e1n. La \u00faltima fecha fue el pasado 14 de octubre en el Anfiteatro Municipal de Rosario, donde durante casi dos horas el m\u00fasico despleg\u00f3 una catarata de hits, esos temas que lo posicionaron como un referente de la m\u00fasica y el metal nacional.<\/p>\n<p class=\"paragraph\" data-mrf-recirculation=\"Links inline\">Incluso su amigo\u00a0<b>Juanchi Baleir\u00f3n<\/b>, l\u00edder de Los Pericos, detall\u00f3 en sus redes sociales, minutos despu\u00e9s de conocerse la noticia, que Iorio iba a grabar en noviembre el disco nuevo. \u201cNo lo puedo creer, ven\u00edamos charlando cada tanto, estaba lleno de proyectos, giras\u201d, lament\u00f3.<\/p>\n<p class=\"paragraph\" data-mrf-recirculation=\"Links inline\">Su \u00faltimo trabajo,\u00a0<i>Atesorando los cielos,<\/i>\u00a0databa de 2015, editado por su propio sello discogr\u00e1fico. En el \u00e1lbum, adem\u00e1s de temas nuevos y versiones de temas de otros artistas originalmente en ingl\u00e9s, adaptadas al espa\u00f1ol por el propio Iorio, tambi\u00e9n era posible redescubrir versiones de cl\u00e1sicos de sus bandas anteriores: de Herm\u00e9tica se encuentran \u201cRob\u00f3 un auto\u201d y \u201dOtro d\u00eda para ser\u201d, y de V8, \u201cIdeando la fuga\u201d, con la voz de\u00a0<b>Alberto Zamarbide<\/b>, cantante original de dicha banda. El \u00e1lbum cierra con una versi\u00f3n instrumental del tango \u201cUno\u201d, de\u00a0<b>Enrique Santos Disc\u00e9polo\u00a0<\/b>y\u00a0<b>Mariano Mores<\/b>.<\/p>\n<\/div>\n<\/div>\n<\/div>\n<\/div>\n<\/div>\n<\/div>\n<\/div>\n<\/div>\n<\/div>\n","protected":false},"excerpt":{"rendered":"<p>Sufri\u00f3 un infarto. Falleci\u00f3 camino al Hospital de Coronel Su\u00e1rez, luego de un infarto. Fue un referente del heavy metal en el pa\u00eds.<\/p>\n","protected":false},"author":3,"featured_media":94353,"comment_status":"closed","ping_status":"closed","sticky":false,"template":"","format":"standard","meta":{"footnotes":""},"categories":[26],"tags":[48],"class_list":["post-94352","post","type-post","status-publish","format-standard","has-post-thumbnail","hentry","category-sociedad","tag-destacada"],"yoast_head":"<!-- This site is optimized with the Yoast SEO plugin v25.9 - https:\/\/yoast.com\/wordpress\/plugins\/seo\/ -->\n<title>Muri\u00f3 Ricardo Iorio - Noticias Radio Reflejos<\/title>\n<meta name=\"robots\" content=\"index, follow, max-snippet:-1, max-image-preview:large, max-video-preview:-1\" \/>\n<link rel=\"canonical\" href=\"https:\/\/www.noticiasradioreflejos.com.ar\/2021\/murio-ricardo-iorio\/\" \/>\n<meta property=\"og:locale\" content=\"es_ES\" \/>\n<meta property=\"og:type\" content=\"article\" \/>\n<meta property=\"og:title\" content=\"Muri\u00f3 Ricardo Iorio - Noticias Radio Reflejos\" \/>\n<meta property=\"og:description\" content=\"Sufri\u00f3 un infarto. Falleci\u00f3 camino al Hospital de Coronel Su\u00e1rez, luego de un infarto. Fue un referente del heavy metal en el pa\u00eds.\" \/>\n<meta property=\"og:url\" content=\"https:\/\/www.noticiasradioreflejos.com.ar\/2021\/murio-ricardo-iorio\/\" \/>\n<meta property=\"og:site_name\" content=\"Noticias Radio Reflejos\" \/>\n<meta property=\"article:published_time\" content=\"2023-10-24T12:05:24+00:00\" \/>\n<meta property=\"article:modified_time\" content=\"2023-10-24T17:25:00+00:00\" \/>\n<meta property=\"og:image\" content=\"https:\/\/www.noticiasradioreflejos.com.ar\/2021\/wp-content\/uploads\/2023\/10\/iorioo-1000x600-1.jpg\" \/>\n\t<meta property=\"og:image:width\" content=\"1000\" \/>\n\t<meta property=\"og:image:height\" content=\"600\" \/>\n\t<meta property=\"og:image:type\" content=\"image\/jpeg\" \/>\n<meta name=\"author\" content=\"Arnaldo Botto\" \/>\n<meta name=\"twitter:card\" content=\"summary_large_image\" \/>\n<script type=\"application\/ld+json\" class=\"yoast-schema-graph\">{\"@context\":\"https:\/\/schema.org\",\"@graph\":[{\"@type\":\"WebPage\",\"@id\":\"https:\/\/www.noticiasradioreflejos.com.ar\/2021\/murio-ricardo-iorio\/\",\"url\":\"https:\/\/www.noticiasradioreflejos.com.ar\/2021\/murio-ricardo-iorio\/\",\"name\":\"Muri\u00f3 Ricardo Iorio - Noticias Radio Reflejos\",\"isPartOf\":{\"@id\":\"https:\/\/www.noticiasradioreflejos.com.ar\/2021\/#website\"},\"primaryImageOfPage\":{\"@id\":\"https:\/\/www.noticiasradioreflejos.com.ar\/2021\/murio-ricardo-iorio\/#primaryimage\"},\"image\":{\"@id\":\"https:\/\/www.noticiasradioreflejos.com.ar\/2021\/murio-ricardo-iorio\/#primaryimage\"},\"thumbnailUrl\":\"https:\/\/www.noticiasradioreflejos.com.ar\/2021\/wp-content\/uploads\/2023\/10\/iorioo-1000x600-1.jpg\",\"datePublished\":\"2023-10-24T12:05:24+00:00\",\"dateModified\":\"2023-10-24T17:25:00+00:00\",\"author\":{\"@id\":\"https:\/\/www.noticiasradioreflejos.com.ar\/2021\/#\/schema\/person\/ad82545263dcc5ec0996818884fd5fb1\"},\"breadcrumb\":{\"@id\":\"https:\/\/www.noticiasradioreflejos.com.ar\/2021\/murio-ricardo-iorio\/#breadcrumb\"},\"inLanguage\":\"es\",\"potentialAction\":[{\"@type\":\"ReadAction\",\"target\":[\"https:\/\/www.noticiasradioreflejos.com.ar\/2021\/murio-ricardo-iorio\/\"]}]},{\"@type\":\"ImageObject\",\"inLanguage\":\"es\",\"@id\":\"https:\/\/www.noticiasradioreflejos.com.ar\/2021\/murio-ricardo-iorio\/#primaryimage\",\"url\":\"https:\/\/www.noticiasradioreflejos.com.ar\/2021\/wp-content\/uploads\/2023\/10\/iorioo-1000x600-1.jpg\",\"contentUrl\":\"https:\/\/www.noticiasradioreflejos.com.ar\/2021\/wp-content\/uploads\/2023\/10\/iorioo-1000x600-1.jpg\",\"width\":1000,\"height\":600},{\"@type\":\"BreadcrumbList\",\"@id\":\"https:\/\/www.noticiasradioreflejos.com.ar\/2021\/murio-ricardo-iorio\/#breadcrumb\",\"itemListElement\":[{\"@type\":\"ListItem\",\"position\":1,\"name\":\"Portada\",\"item\":\"https:\/\/www.noticiasradioreflejos.com.ar\/2021\/\"},{\"@type\":\"ListItem\",\"position\":2,\"name\":\"Muri\u00f3 Ricardo Iorio\"}]},{\"@type\":\"WebSite\",\"@id\":\"https:\/\/www.noticiasradioreflejos.com.ar\/2021\/#website\",\"url\":\"https:\/\/www.noticiasradioreflejos.com.ar\/2021\/\",\"name\":\"Noticias Radio Reflejos\",\"description\":\"Las noticias de mi comarca\",\"potentialAction\":[{\"@type\":\"SearchAction\",\"target\":{\"@type\":\"EntryPoint\",\"urlTemplate\":\"https:\/\/www.noticiasradioreflejos.com.ar\/2021\/?s={search_term_string}\"},\"query-input\":{\"@type\":\"PropertyValueSpecification\",\"valueRequired\":true,\"valueName\":\"search_term_string\"}}],\"inLanguage\":\"es\"},{\"@type\":\"Person\",\"@id\":\"https:\/\/www.noticiasradioreflejos.com.ar\/2021\/#\/schema\/person\/ad82545263dcc5ec0996818884fd5fb1\",\"name\":\"Arnaldo Botto\",\"image\":{\"@type\":\"ImageObject\",\"inLanguage\":\"es\",\"@id\":\"https:\/\/www.noticiasradioreflejos.com.ar\/2021\/#\/schema\/person\/image\/\",\"url\":\"https:\/\/secure.gravatar.com\/avatar\/55cb5e37c1efa326397366e6974cb338056df65cb50e7d64d1cf314e87504837?s=96&d=mm&r=g\",\"contentUrl\":\"https:\/\/secure.gravatar.com\/avatar\/55cb5e37c1efa326397366e6974cb338056df65cb50e7d64d1cf314e87504837?s=96&d=mm&r=g\",\"caption\":\"Arnaldo Botto\"},\"url\":\"https:\/\/www.noticiasradioreflejos.com.ar\/2021\/author\/arnaldo\/\"}]}<\/script>\n<!-- \/ Yoast SEO plugin. -->","yoast_head_json":{"title":"Muri\u00f3 Ricardo Iorio - Noticias Radio Reflejos","robots":{"index":"index","follow":"follow","max-snippet":"max-snippet:-1","max-image-preview":"max-image-preview:large","max-video-preview":"max-video-preview:-1"},"canonical":"https:\/\/www.noticiasradioreflejos.com.ar\/2021\/murio-ricardo-iorio\/","og_locale":"es_ES","og_type":"article","og_title":"Muri\u00f3 Ricardo Iorio - Noticias Radio Reflejos","og_description":"Sufri\u00f3 un infarto. Falleci\u00f3 camino al Hospital de Coronel Su\u00e1rez, luego de un infarto. Fue un referente del heavy metal en el pa\u00eds.","og_url":"https:\/\/www.noticiasradioreflejos.com.ar\/2021\/murio-ricardo-iorio\/","og_site_name":"Noticias Radio Reflejos","article_published_time":"2023-10-24T12:05:24+00:00","article_modified_time":"2023-10-24T17:25:00+00:00","og_image":[{"width":1000,"height":600,"url":"https:\/\/www.noticiasradioreflejos.com.ar\/2021\/wp-content\/uploads\/2023\/10\/iorioo-1000x600-1.jpg","type":"image\/jpeg"}],"author":"Arnaldo Botto","twitter_card":"summary_large_image","schema":{"@context":"https:\/\/schema.org","@graph":[{"@type":"WebPage","@id":"https:\/\/www.noticiasradioreflejos.com.ar\/2021\/murio-ricardo-iorio\/","url":"https:\/\/www.noticiasradioreflejos.com.ar\/2021\/murio-ricardo-iorio\/","name":"Muri\u00f3 Ricardo Iorio - Noticias Radio Reflejos","isPartOf":{"@id":"https:\/\/www.noticiasradioreflejos.com.ar\/2021\/#website"},"primaryImageOfPage":{"@id":"https:\/\/www.noticiasradioreflejos.com.ar\/2021\/murio-ricardo-iorio\/#primaryimage"},"image":{"@id":"https:\/\/www.noticiasradioreflejos.com.ar\/2021\/murio-ricardo-iorio\/#primaryimage"},"thumbnailUrl":"https:\/\/www.noticiasradioreflejos.com.ar\/2021\/wp-content\/uploads\/2023\/10\/iorioo-1000x600-1.jpg","datePublished":"2023-10-24T12:05:24+00:00","dateModified":"2023-10-24T17:25:00+00:00","author":{"@id":"https:\/\/www.noticiasradioreflejos.com.ar\/2021\/#\/schema\/person\/ad82545263dcc5ec0996818884fd5fb1"},"breadcrumb":{"@id":"https:\/\/www.noticiasradioreflejos.com.ar\/2021\/murio-ricardo-iorio\/#breadcrumb"},"inLanguage":"es","potentialAction":[{"@type":"ReadAction","target":["https:\/\/www.noticiasradioreflejos.com.ar\/2021\/murio-ricardo-iorio\/"]}]},{"@type":"ImageObject","inLanguage":"es","@id":"https:\/\/www.noticiasradioreflejos.com.ar\/2021\/murio-ricardo-iorio\/#primaryimage","url":"https:\/\/www.noticiasradioreflejos.com.ar\/2021\/wp-content\/uploads\/2023\/10\/iorioo-1000x600-1.jpg","contentUrl":"https:\/\/www.noticiasradioreflejos.com.ar\/2021\/wp-content\/uploads\/2023\/10\/iorioo-1000x600-1.jpg","width":1000,"height":600},{"@type":"BreadcrumbList","@id":"https:\/\/www.noticiasradioreflejos.com.ar\/2021\/murio-ricardo-iorio\/#breadcrumb","itemListElement":[{"@type":"ListItem","position":1,"name":"Portada","item":"https:\/\/www.noticiasradioreflejos.com.ar\/2021\/"},{"@type":"ListItem","position":2,"name":"Muri\u00f3 Ricardo Iorio"}]},{"@type":"WebSite","@id":"https:\/\/www.noticiasradioreflejos.com.ar\/2021\/#website","url":"https:\/\/www.noticiasradioreflejos.com.ar\/2021\/","name":"Noticias Radio Reflejos","description":"Las noticias de mi comarca","potentialAction":[{"@type":"SearchAction","target":{"@type":"EntryPoint","urlTemplate":"https:\/\/www.noticiasradioreflejos.com.ar\/2021\/?s={search_term_string}"},"query-input":{"@type":"PropertyValueSpecification","valueRequired":true,"valueName":"search_term_string"}}],"inLanguage":"es"},{"@type":"Person","@id":"https:\/\/www.noticiasradioreflejos.com.ar\/2021\/#\/schema\/person\/ad82545263dcc5ec0996818884fd5fb1","name":"Arnaldo Botto","image":{"@type":"ImageObject","inLanguage":"es","@id":"https:\/\/www.noticiasradioreflejos.com.ar\/2021\/#\/schema\/person\/image\/","url":"https:\/\/secure.gravatar.com\/avatar\/55cb5e37c1efa326397366e6974cb338056df65cb50e7d64d1cf314e87504837?s=96&d=mm&r=g","contentUrl":"https:\/\/secure.gravatar.com\/avatar\/55cb5e37c1efa326397366e6974cb338056df65cb50e7d64d1cf314e87504837?s=96&d=mm&r=g","caption":"Arnaldo Botto"},"url":"https:\/\/www.noticiasradioreflejos.com.ar\/2021\/author\/arnaldo\/"}]}},"_links":{"self":[{"href":"https:\/\/www.noticiasradioreflejos.com.ar\/2021\/wp-json\/wp\/v2\/posts\/94352","targetHints":{"allow":["GET"]}}],"collection":[{"href":"https:\/\/www.noticiasradioreflejos.com.ar\/2021\/wp-json\/wp\/v2\/posts"}],"about":[{"href":"https:\/\/www.noticiasradioreflejos.com.ar\/2021\/wp-json\/wp\/v2\/types\/post"}],"author":[{"embeddable":true,"href":"https:\/\/www.noticiasradioreflejos.com.ar\/2021\/wp-json\/wp\/v2\/users\/3"}],"replies":[{"embeddable":true,"href":"https:\/\/www.noticiasradioreflejos.com.ar\/2021\/wp-json\/wp\/v2\/comments?post=94352"}],"version-history":[{"count":5,"href":"https:\/\/www.noticiasradioreflejos.com.ar\/2021\/wp-json\/wp\/v2\/posts\/94352\/revisions"}],"predecessor-version":[{"id":94360,"href":"https:\/\/www.noticiasradioreflejos.com.ar\/2021\/wp-json\/wp\/v2\/posts\/94352\/revisions\/94360"}],"wp:featuredmedia":[{"embeddable":true,"href":"https:\/\/www.noticiasradioreflejos.com.ar\/2021\/wp-json\/wp\/v2\/media\/94353"}],"wp:attachment":[{"href":"https:\/\/www.noticiasradioreflejos.com.ar\/2021\/wp-json\/wp\/v2\/media?parent=94352"}],"wp:term":[{"taxonomy":"category","embeddable":true,"href":"https:\/\/www.noticiasradioreflejos.com.ar\/2021\/wp-json\/wp\/v2\/categories?post=94352"},{"taxonomy":"post_tag","embeddable":true,"href":"https:\/\/www.noticiasradioreflejos.com.ar\/2021\/wp-json\/wp\/v2\/tags?post=94352"}],"curies":[{"name":"wp","href":"https:\/\/api.w.org\/{rel}","templated":true}]}}