{"id":94331,"date":"2023-10-24T00:08:01","date_gmt":"2023-10-24T00:08:01","guid":{"rendered":"https:\/\/www.noticiasradioreflejos.com.ar\/2021\/?p=94331"},"modified":"2023-10-24T00:08:01","modified_gmt":"2023-10-24T00:08:01","slug":"sierra-de-la-ventana-detuvieron-a-tres-delincuentes-que-poseian-pedidos-de-captura-activas","status":"publish","type":"post","link":"https:\/\/www.noticiasradioreflejos.com.ar\/2021\/sierra-de-la-ventana-detuvieron-a-tres-delincuentes-que-poseian-pedidos-de-captura-activas\/","title":{"rendered":"SIERRA DE LA VENTANA: detuvieron a tres delincuentes que pose\u00edan pedidos de captura activas."},"content":{"rendered":"<p>Los detenidos estaban trabajando en una obra en construcci\u00f3n en el Barrio Golf.<!--more--><\/p>\n<p>En el d\u00eda de la fecha se informa que personal de la Sub Estaci\u00f3n de Polic\u00eda Comunal de Sierra de la Ventana, al mando del Jefe de la policial local Lic. Oficial Principal Franco Rodrigo Ragni en conjunto con personal encargado de tareas investigativas, en el marco de Control de Obras de Construcci\u00f3n de este medio, m\u00e1s precisamente en el barrio golf procedieron a la identificaci\u00f3n del ciudadano ARAGON FEDERICO ALEJANDRO de 32 a\u00f1os de edad (NO RESIDENTE) quien posee: 1) Pedido de Captura con Intervenci\u00f3n del Juzgado Correccional Nro. 2 del Departamento Judicial de Bah\u00eda Blanca y Paradero Activo.<br \/>\nSeguidamente se procedi\u00f3 a la identificaci\u00f3n del ciudadano GUERRERO LUCAS OSCAR de 36 a\u00f1os de edad (NO RESIDENTE) quien posee Pedido de Paradero Activo con Intervenci\u00f3n del Juzgado de Familia N\u00b03. <\/p>\n<p>Continuando con el procedimiento se procedi\u00f3 a la identificaci\u00f3n del ciudadano IVANSICH JULIAN EMANUEL de 23 a\u00f1os de edad (NO RESIDENTE) quien posee Pedido de Comparendo Compulsivo con Intervenci\u00f3n del Juzgado de Garant\u00edas N\u00b03 del Departamento Judicial de Bah\u00eda Blanca. <\/p>\n<p>Que dichos sujetos fueron trasladados a la comisar\u00eda local y se encuentran a disposici\u00f3n del magistrado de intervenci\u00f3n.-<\/p>\n<p>FDO. LIC. OFICIAL PRINCIPAL FRANCO RODRIGO RAGNI-JEFE DE SUBESTACION DE POLICIA SEGURIDAD COMUNAL DE SIERRA DE LA VENTANA.-<\/p>\n","protected":false},"excerpt":{"rendered":"<p>Los detenidos estaban trabajando en una obra en construcci\u00f3n en el Barrio Golf.<\/p>\n","protected":false},"author":3,"featured_media":94332,"comment_status":"closed","ping_status":"closed","sticky":false,"template":"","format":"standard","meta":{"footnotes":""},"categories":[29],"tags":[48],"class_list":["post-94331","post","type-post","status-publish","format-standard","has-post-thumbnail","hentry","category-policiales","tag-destacada"],"yoast_head":"<!-- This site is optimized with the Yoast SEO plugin v25.9 - https:\/\/yoast.com\/wordpress\/plugins\/seo\/ -->\n<title>SIERRA DE LA VENTANA: detuvieron a tres delincuentes que pose\u00edan pedidos de captura activas. - Noticias Radio Reflejos<\/title>\n<meta name=\"robots\" content=\"index, follow, max-snippet:-1, max-image-preview:large, max-video-preview:-1\" \/>\n<link rel=\"canonical\" href=\"https:\/\/www.noticiasradioreflejos.com.ar\/2021\/sierra-de-la-ventana-detuvieron-a-tres-delincuentes-que-poseian-pedidos-de-captura-activas\/\" \/>\n<meta property=\"og:locale\" content=\"es_ES\" \/>\n<meta property=\"og:type\" content=\"article\" \/>\n<meta property=\"og:title\" content=\"SIERRA DE LA VENTANA: detuvieron a tres delincuentes que pose\u00edan pedidos de captura activas. - Noticias Radio Reflejos\" \/>\n<meta property=\"og:description\" content=\"Los detenidos estaban trabajando en una obra en construcci\u00f3n en el Barrio Golf.\" \/>\n<meta property=\"og:url\" content=\"https:\/\/www.noticiasradioreflejos.com.ar\/2021\/sierra-de-la-ventana-detuvieron-a-tres-delincuentes-que-poseian-pedidos-de-captura-activas\/\" \/>\n<meta property=\"og:site_name\" content=\"Noticias Radio Reflejos\" \/>\n<meta property=\"article:published_time\" content=\"2023-10-24T00:08:01+00:00\" \/>\n<meta property=\"og:image\" content=\"https:\/\/www.noticiasradioreflejos.com.ar\/2021\/wp-content\/uploads\/2023\/10\/detenido.png\" \/>\n\t<meta property=\"og:image:width\" content=\"1141\" \/>\n\t<meta property=\"og:image:height\" content=\"513\" \/>\n\t<meta property=\"og:image:type\" content=\"image\/png\" \/>\n<meta name=\"author\" content=\"Arnaldo Botto\" \/>\n<meta name=\"twitter:card\" content=\"summary_large_image\" \/>\n<script type=\"application\/ld+json\" class=\"yoast-schema-graph\">{\"@context\":\"https:\/\/schema.org\",\"@graph\":[{\"@type\":\"WebPage\",\"@id\":\"https:\/\/www.noticiasradioreflejos.com.ar\/2021\/sierra-de-la-ventana-detuvieron-a-tres-delincuentes-que-poseian-pedidos-de-captura-activas\/\",\"url\":\"https:\/\/www.noticiasradioreflejos.com.ar\/2021\/sierra-de-la-ventana-detuvieron-a-tres-delincuentes-que-poseian-pedidos-de-captura-activas\/\",\"name\":\"SIERRA DE LA VENTANA: detuvieron a tres delincuentes que pose\u00edan pedidos de captura activas. - Noticias Radio Reflejos\",\"isPartOf\":{\"@id\":\"https:\/\/www.noticiasradioreflejos.com.ar\/2021\/#website\"},\"primaryImageOfPage\":{\"@id\":\"https:\/\/www.noticiasradioreflejos.com.ar\/2021\/sierra-de-la-ventana-detuvieron-a-tres-delincuentes-que-poseian-pedidos-de-captura-activas\/#primaryimage\"},\"image\":{\"@id\":\"https:\/\/www.noticiasradioreflejos.com.ar\/2021\/sierra-de-la-ventana-detuvieron-a-tres-delincuentes-que-poseian-pedidos-de-captura-activas\/#primaryimage\"},\"thumbnailUrl\":\"https:\/\/www.noticiasradioreflejos.com.ar\/2021\/wp-content\/uploads\/2023\/10\/detenido.png\",\"datePublished\":\"2023-10-24T00:08:01+00:00\",\"author\":{\"@id\":\"https:\/\/www.noticiasradioreflejos.com.ar\/2021\/#\/schema\/person\/ad82545263dcc5ec0996818884fd5fb1\"},\"breadcrumb\":{\"@id\":\"https:\/\/www.noticiasradioreflejos.com.ar\/2021\/sierra-de-la-ventana-detuvieron-a-tres-delincuentes-que-poseian-pedidos-de-captura-activas\/#breadcrumb\"},\"inLanguage\":\"es\",\"potentialAction\":[{\"@type\":\"ReadAction\",\"target\":[\"https:\/\/www.noticiasradioreflejos.com.ar\/2021\/sierra-de-la-ventana-detuvieron-a-tres-delincuentes-que-poseian-pedidos-de-captura-activas\/\"]}]},{\"@type\":\"ImageObject\",\"inLanguage\":\"es\",\"@id\":\"https:\/\/www.noticiasradioreflejos.com.ar\/2021\/sierra-de-la-ventana-detuvieron-a-tres-delincuentes-que-poseian-pedidos-de-captura-activas\/#primaryimage\",\"url\":\"https:\/\/www.noticiasradioreflejos.com.ar\/2021\/wp-content\/uploads\/2023\/10\/detenido.png\",\"contentUrl\":\"https:\/\/www.noticiasradioreflejos.com.ar\/2021\/wp-content\/uploads\/2023\/10\/detenido.png\",\"width\":1141,\"height\":513},{\"@type\":\"BreadcrumbList\",\"@id\":\"https:\/\/www.noticiasradioreflejos.com.ar\/2021\/sierra-de-la-ventana-detuvieron-a-tres-delincuentes-que-poseian-pedidos-de-captura-activas\/#breadcrumb\",\"itemListElement\":[{\"@type\":\"ListItem\",\"position\":1,\"name\":\"Portada\",\"item\":\"https:\/\/www.noticiasradioreflejos.com.ar\/2021\/\"},{\"@type\":\"ListItem\",\"position\":2,\"name\":\"SIERRA DE LA VENTANA: detuvieron a tres delincuentes que pose\u00edan pedidos de captura activas.\"}]},{\"@type\":\"WebSite\",\"@id\":\"https:\/\/www.noticiasradioreflejos.com.ar\/2021\/#website\",\"url\":\"https:\/\/www.noticiasradioreflejos.com.ar\/2021\/\",\"name\":\"Noticias Radio Reflejos\",\"description\":\"Las noticias de mi comarca\",\"potentialAction\":[{\"@type\":\"SearchAction\",\"target\":{\"@type\":\"EntryPoint\",\"urlTemplate\":\"https:\/\/www.noticiasradioreflejos.com.ar\/2021\/?s={search_term_string}\"},\"query-input\":{\"@type\":\"PropertyValueSpecification\",\"valueRequired\":true,\"valueName\":\"search_term_string\"}}],\"inLanguage\":\"es\"},{\"@type\":\"Person\",\"@id\":\"https:\/\/www.noticiasradioreflejos.com.ar\/2021\/#\/schema\/person\/ad82545263dcc5ec0996818884fd5fb1\",\"name\":\"Arnaldo Botto\",\"image\":{\"@type\":\"ImageObject\",\"inLanguage\":\"es\",\"@id\":\"https:\/\/www.noticiasradioreflejos.com.ar\/2021\/#\/schema\/person\/image\/\",\"url\":\"https:\/\/secure.gravatar.com\/avatar\/55cb5e37c1efa326397366e6974cb338056df65cb50e7d64d1cf314e87504837?s=96&d=mm&r=g\",\"contentUrl\":\"https:\/\/secure.gravatar.com\/avatar\/55cb5e37c1efa326397366e6974cb338056df65cb50e7d64d1cf314e87504837?s=96&d=mm&r=g\",\"caption\":\"Arnaldo Botto\"},\"url\":\"https:\/\/www.noticiasradioreflejos.com.ar\/2021\/author\/arnaldo\/\"}]}<\/script>\n<!-- \/ Yoast SEO plugin. -->","yoast_head_json":{"title":"SIERRA DE LA VENTANA: detuvieron a tres delincuentes que pose\u00edan pedidos de captura activas. - Noticias Radio Reflejos","robots":{"index":"index","follow":"follow","max-snippet":"max-snippet:-1","max-image-preview":"max-image-preview:large","max-video-preview":"max-video-preview:-1"},"canonical":"https:\/\/www.noticiasradioreflejos.com.ar\/2021\/sierra-de-la-ventana-detuvieron-a-tres-delincuentes-que-poseian-pedidos-de-captura-activas\/","og_locale":"es_ES","og_type":"article","og_title":"SIERRA DE LA VENTANA: detuvieron a tres delincuentes que pose\u00edan pedidos de captura activas. - Noticias Radio Reflejos","og_description":"Los detenidos estaban trabajando en una obra en construcci\u00f3n en el Barrio Golf.","og_url":"https:\/\/www.noticiasradioreflejos.com.ar\/2021\/sierra-de-la-ventana-detuvieron-a-tres-delincuentes-que-poseian-pedidos-de-captura-activas\/","og_site_name":"Noticias Radio Reflejos","article_published_time":"2023-10-24T00:08:01+00:00","og_image":[{"width":1141,"height":513,"url":"https:\/\/www.noticiasradioreflejos.com.ar\/2021\/wp-content\/uploads\/2023\/10\/detenido.png","type":"image\/png"}],"author":"Arnaldo Botto","twitter_card":"summary_large_image","schema":{"@context":"https:\/\/schema.org","@graph":[{"@type":"WebPage","@id":"https:\/\/www.noticiasradioreflejos.com.ar\/2021\/sierra-de-la-ventana-detuvieron-a-tres-delincuentes-que-poseian-pedidos-de-captura-activas\/","url":"https:\/\/www.noticiasradioreflejos.com.ar\/2021\/sierra-de-la-ventana-detuvieron-a-tres-delincuentes-que-poseian-pedidos-de-captura-activas\/","name":"SIERRA DE LA VENTANA: detuvieron a tres delincuentes que pose\u00edan pedidos de captura activas. - Noticias Radio Reflejos","isPartOf":{"@id":"https:\/\/www.noticiasradioreflejos.com.ar\/2021\/#website"},"primaryImageOfPage":{"@id":"https:\/\/www.noticiasradioreflejos.com.ar\/2021\/sierra-de-la-ventana-detuvieron-a-tres-delincuentes-que-poseian-pedidos-de-captura-activas\/#primaryimage"},"image":{"@id":"https:\/\/www.noticiasradioreflejos.com.ar\/2021\/sierra-de-la-ventana-detuvieron-a-tres-delincuentes-que-poseian-pedidos-de-captura-activas\/#primaryimage"},"thumbnailUrl":"https:\/\/www.noticiasradioreflejos.com.ar\/2021\/wp-content\/uploads\/2023\/10\/detenido.png","datePublished":"2023-10-24T00:08:01+00:00","author":{"@id":"https:\/\/www.noticiasradioreflejos.com.ar\/2021\/#\/schema\/person\/ad82545263dcc5ec0996818884fd5fb1"},"breadcrumb":{"@id":"https:\/\/www.noticiasradioreflejos.com.ar\/2021\/sierra-de-la-ventana-detuvieron-a-tres-delincuentes-que-poseian-pedidos-de-captura-activas\/#breadcrumb"},"inLanguage":"es","potentialAction":[{"@type":"ReadAction","target":["https:\/\/www.noticiasradioreflejos.com.ar\/2021\/sierra-de-la-ventana-detuvieron-a-tres-delincuentes-que-poseian-pedidos-de-captura-activas\/"]}]},{"@type":"ImageObject","inLanguage":"es","@id":"https:\/\/www.noticiasradioreflejos.com.ar\/2021\/sierra-de-la-ventana-detuvieron-a-tres-delincuentes-que-poseian-pedidos-de-captura-activas\/#primaryimage","url":"https:\/\/www.noticiasradioreflejos.com.ar\/2021\/wp-content\/uploads\/2023\/10\/detenido.png","contentUrl":"https:\/\/www.noticiasradioreflejos.com.ar\/2021\/wp-content\/uploads\/2023\/10\/detenido.png","width":1141,"height":513},{"@type":"BreadcrumbList","@id":"https:\/\/www.noticiasradioreflejos.com.ar\/2021\/sierra-de-la-ventana-detuvieron-a-tres-delincuentes-que-poseian-pedidos-de-captura-activas\/#breadcrumb","itemListElement":[{"@type":"ListItem","position":1,"name":"Portada","item":"https:\/\/www.noticiasradioreflejos.com.ar\/2021\/"},{"@type":"ListItem","position":2,"name":"SIERRA DE LA VENTANA: detuvieron a tres delincuentes que pose\u00edan pedidos de captura activas."}]},{"@type":"WebSite","@id":"https:\/\/www.noticiasradioreflejos.com.ar\/2021\/#website","url":"https:\/\/www.noticiasradioreflejos.com.ar\/2021\/","name":"Noticias Radio Reflejos","description":"Las noticias de mi comarca","potentialAction":[{"@type":"SearchAction","target":{"@type":"EntryPoint","urlTemplate":"https:\/\/www.noticiasradioreflejos.com.ar\/2021\/?s={search_term_string}"},"query-input":{"@type":"PropertyValueSpecification","valueRequired":true,"valueName":"search_term_string"}}],"inLanguage":"es"},{"@type":"Person","@id":"https:\/\/www.noticiasradioreflejos.com.ar\/2021\/#\/schema\/person\/ad82545263dcc5ec0996818884fd5fb1","name":"Arnaldo Botto","image":{"@type":"ImageObject","inLanguage":"es","@id":"https:\/\/www.noticiasradioreflejos.com.ar\/2021\/#\/schema\/person\/image\/","url":"https:\/\/secure.gravatar.com\/avatar\/55cb5e37c1efa326397366e6974cb338056df65cb50e7d64d1cf314e87504837?s=96&d=mm&r=g","contentUrl":"https:\/\/secure.gravatar.com\/avatar\/55cb5e37c1efa326397366e6974cb338056df65cb50e7d64d1cf314e87504837?s=96&d=mm&r=g","caption":"Arnaldo Botto"},"url":"https:\/\/www.noticiasradioreflejos.com.ar\/2021\/author\/arnaldo\/"}]}},"_links":{"self":[{"href":"https:\/\/www.noticiasradioreflejos.com.ar\/2021\/wp-json\/wp\/v2\/posts\/94331","targetHints":{"allow":["GET"]}}],"collection":[{"href":"https:\/\/www.noticiasradioreflejos.com.ar\/2021\/wp-json\/wp\/v2\/posts"}],"about":[{"href":"https:\/\/www.noticiasradioreflejos.com.ar\/2021\/wp-json\/wp\/v2\/types\/post"}],"author":[{"embeddable":true,"href":"https:\/\/www.noticiasradioreflejos.com.ar\/2021\/wp-json\/wp\/v2\/users\/3"}],"replies":[{"embeddable":true,"href":"https:\/\/www.noticiasradioreflejos.com.ar\/2021\/wp-json\/wp\/v2\/comments?post=94331"}],"version-history":[{"count":1,"href":"https:\/\/www.noticiasradioreflejos.com.ar\/2021\/wp-json\/wp\/v2\/posts\/94331\/revisions"}],"predecessor-version":[{"id":94333,"href":"https:\/\/www.noticiasradioreflejos.com.ar\/2021\/wp-json\/wp\/v2\/posts\/94331\/revisions\/94333"}],"wp:featuredmedia":[{"embeddable":true,"href":"https:\/\/www.noticiasradioreflejos.com.ar\/2021\/wp-json\/wp\/v2\/media\/94332"}],"wp:attachment":[{"href":"https:\/\/www.noticiasradioreflejos.com.ar\/2021\/wp-json\/wp\/v2\/media?parent=94331"}],"wp:term":[{"taxonomy":"category","embeddable":true,"href":"https:\/\/www.noticiasradioreflejos.com.ar\/2021\/wp-json\/wp\/v2\/categories?post=94331"},{"taxonomy":"post_tag","embeddable":true,"href":"https:\/\/www.noticiasradioreflejos.com.ar\/2021\/wp-json\/wp\/v2\/tags?post=94331"}],"curies":[{"name":"wp","href":"https:\/\/api.w.org\/{rel}","templated":true}]}}