{"id":94314,"date":"2023-10-23T17:36:47","date_gmt":"2023-10-23T17:36:47","guid":{"rendered":"https:\/\/www.noticiasradioreflejos.com.ar\/2021\/?p=94314"},"modified":"2023-10-23T17:36:47","modified_gmt":"2023-10-23T17:36:47","slug":"vtv-en-tornquist-ya-se-puede-reservar-turno","status":"publish","type":"post","link":"https:\/\/www.noticiasradioreflejos.com.ar\/2021\/vtv-en-tornquist-ya-se-puede-reservar-turno\/","title":{"rendered":"VTV en Tornquist: Ya se puede reservar turno"},"content":{"rendered":"<p>La planta m\u00f3vil de la Verificaci\u00f3n T\u00e9cnica Vehicular comenzar\u00e1 a atender en el Parque Lineal de la ciudad cabecera el pr\u00f3ximo 27 de octubre.<!--more--><\/p>\n<p>De acuerdo a lo indicado por el personal a cargo de la unidad m\u00f3vil N\u00b0 65 de la VTV, a partir de las 14 horas de hoy ya se habilit\u00f3 la turnera on line para reservar los turnos.<br \/>\nLa Verificaci\u00f3n T\u00e9cnica Vehicular es el control peri\u00f3dico del estado mec\u00e1nico y de la emisi\u00f3n de gases contaminantes de los automotores. En todo el mundo, millones de veh\u00edculos la realizan obligatoriamente como requisito para circular.<\/p>\n<div class=\"tresbotoness\">\n<div class=\"tresbotoness\">\n<h2 class=\"titulosenlace\">Costos<\/h2>\n<div class=\"texto\">\n<div class=\"texto\">\n<table cellspacing=\"0\" cellpadding=\"0\">\n<tbody>\n<tr>\n<td align=\"center\"><strong>TIPO DE VEH\u00cdCULO<\/strong><\/td>\n<td align=\"center\"><strong>COSTO VERIFICACI\u00d3N<\/strong><\/td>\n<\/tr>\n<tr>\n<td align=\"left\">MOTOS<\/td>\n<td align=\"right\">$ 2.961,10<\/td>\n<\/tr>\n<tr>\n<td align=\"left\">VEH\u00cdCULOS LIVIANOS hasta 2.500 Kg<\/td>\n<td align=\"right\">$ 9.870,35<\/td>\n<\/tr>\n<tr>\n<td align=\"left\">VEH\u00cdCULOS PESADOS m\u00e1s 2.500 Kg<\/td>\n<td align=\"right\">$ 17.766,62<\/td>\n<\/tr>\n<tr>\n<td align=\"left\">REMOLQUES, SEMIREMOLQUES y ACOPLADOS hasta 2.500 Kg<\/td>\n<td align=\"right\">$ 4.935,17<\/td>\n<\/tr>\n<tr>\n<td align=\"left\">REMOLQUES, SEMIREMOLQUES y ACOPLADOS m\u00e1s 2.500 Kg<\/td>\n<td align=\"right\">$ 8.883,31<\/td>\n<\/tr>\n<\/tbody>\n<\/table>\n<p>* Las tarifas indicadas incluyen IVA<\/p>\n<\/div>\n<\/div>\n<\/div>\n<\/div>\n<ul>\n<li>Los valores rigen a partir del 22 de Septiembre de 2023.<\/li>\n<\/ul>\n<div class=\"tresbotoness\">\n<div class=\"tresbotoness\">\n<div class=\"texto\">\n<div class=\"texto\"><\/div>\n<\/div>\n<\/div>\n<\/div>\n<ul>\n<li>Los veh\u00edculos de uso MUNICIPAL y BOMBEROS verifican sin costo.<\/li>\n<\/ul>\n<div class=\"tresbotoness\">\n<div class=\"tresbotoness\">\n<div class=\"texto\">\n<div class=\"texto\"><\/div>\n<\/div>\n<\/div>\n<\/div>\n<ul>\n<li>Para los veh\u00edculos de discapacitados, la verificaci\u00f3n es\u00a0<strong>GRATUITA<\/strong>.<\/li>\n<\/ul>\n<div class=\"tresbotoness\">\n<div class=\"tresbotoness\">\n<div class=\"texto\">\n<div class=\"texto\">\n<h3>EXENCION DISCAPACIDAD MOTRIZ<\/h3>\n<\/div>\n<\/div>\n<\/div>\n<\/div>\n<ul>\n<li>Eximici\u00f3n del pago de ARBA<\/li>\n<\/ul>\n<div class=\"tresbotoness\">\n<div class=\"tresbotoness\">\n<div class=\"texto\">\n<div class=\"texto\"><\/div>\n<\/div>\n<\/div>\n<\/div>\n<ul>\n<li>Uso de s\u00edmbolo<\/li>\n<\/ul>\n<div class=\"tresbotoness\">\n<div class=\"tresbotoness\">\n<div class=\"texto\">\n<div class=\"texto\"><\/div>\n<\/div>\n<\/div>\n<\/div>\n<ul>\n<li>Certificado de discapacidad emitido por Ministerio de Salud de Provincia o Naci\u00f3n<\/li>\n<\/ul>\n<div class=\"tresbotoness\">\n<div class=\"tresbotoness\">\n<div class=\"texto\">\n<div class=\"texto\"><\/div>\n<\/div>\n<\/div>\n<\/div>\n<ul>\n<li>El veh\u00edculo debe estar a nombre de un familiar de hasta 2do grado<\/li>\n<\/ul>\n<div class=\"tresbotoness\">\n<div class=\"tresbotoness\">\n<div class=\"texto\">\n<div class=\"texto\"><\/div>\n<\/div>\n<\/div>\n<\/div>\n<ul>\n<li>Se otorga a un (1) s\u00f3lo veh\u00edculo por a\u00f1o<\/li>\n<\/ul>\n<div class=\"tresbotoness\">\n<div class=\"texto\">\n<div class=\"texto\"><\/div>\n<\/div>\n<\/div>\n","protected":false},"excerpt":{"rendered":"<p>La planta m\u00f3vil de la Verificaci\u00f3n T\u00e9cnica Vehicular comenzar\u00e1 a atender en el Parque Lineal de la ciudad cabecera el pr\u00f3ximo 27 de octubre.<\/p>\n","protected":false},"author":3,"featured_media":86945,"comment_status":"closed","ping_status":"closed","sticky":false,"template":"","format":"standard","meta":{"footnotes":""},"categories":[26],"tags":[48],"class_list":["post-94314","post","type-post","status-publish","format-standard","has-post-thumbnail","hentry","category-sociedad","tag-destacada"],"yoast_head":"<!-- This site is optimized with the Yoast SEO plugin v25.9 - https:\/\/yoast.com\/wordpress\/plugins\/seo\/ -->\n<title>VTV en Tornquist: Ya se puede reservar turno - Noticias Radio Reflejos<\/title>\n<meta name=\"robots\" content=\"index, follow, max-snippet:-1, max-image-preview:large, max-video-preview:-1\" \/>\n<link rel=\"canonical\" href=\"https:\/\/www.noticiasradioreflejos.com.ar\/2021\/vtv-en-tornquist-ya-se-puede-reservar-turno\/\" \/>\n<meta property=\"og:locale\" content=\"es_ES\" \/>\n<meta property=\"og:type\" content=\"article\" \/>\n<meta property=\"og:title\" content=\"VTV en Tornquist: Ya se puede reservar turno - Noticias Radio Reflejos\" \/>\n<meta property=\"og:description\" content=\"La planta m\u00f3vil de la Verificaci\u00f3n T\u00e9cnica Vehicular comenzar\u00e1 a atender en el Parque Lineal de la ciudad cabecera el pr\u00f3ximo 27 de octubre.\" \/>\n<meta property=\"og:url\" content=\"https:\/\/www.noticiasradioreflejos.com.ar\/2021\/vtv-en-tornquist-ya-se-puede-reservar-turno\/\" \/>\n<meta property=\"og:site_name\" content=\"Noticias Radio Reflejos\" \/>\n<meta property=\"article:published_time\" content=\"2023-10-23T17:36:47+00:00\" \/>\n<meta property=\"og:image\" content=\"https:\/\/www.noticiasradioreflejos.com.ar\/2021\/wp-content\/uploads\/2023\/04\/vtvv-va.jpg_811.jpg\" \/>\n\t<meta property=\"og:image:width\" content=\"811\" \/>\n\t<meta property=\"og:image:height\" content=\"608\" \/>\n\t<meta property=\"og:image:type\" content=\"image\/jpeg\" \/>\n<meta name=\"author\" content=\"Arnaldo Botto\" \/>\n<meta name=\"twitter:card\" content=\"summary_large_image\" \/>\n<script type=\"application\/ld+json\" class=\"yoast-schema-graph\">{\"@context\":\"https:\/\/schema.org\",\"@graph\":[{\"@type\":\"WebPage\",\"@id\":\"https:\/\/www.noticiasradioreflejos.com.ar\/2021\/vtv-en-tornquist-ya-se-puede-reservar-turno\/\",\"url\":\"https:\/\/www.noticiasradioreflejos.com.ar\/2021\/vtv-en-tornquist-ya-se-puede-reservar-turno\/\",\"name\":\"VTV en Tornquist: Ya se puede reservar turno - Noticias Radio Reflejos\",\"isPartOf\":{\"@id\":\"https:\/\/www.noticiasradioreflejos.com.ar\/2021\/#website\"},\"primaryImageOfPage\":{\"@id\":\"https:\/\/www.noticiasradioreflejos.com.ar\/2021\/vtv-en-tornquist-ya-se-puede-reservar-turno\/#primaryimage\"},\"image\":{\"@id\":\"https:\/\/www.noticiasradioreflejos.com.ar\/2021\/vtv-en-tornquist-ya-se-puede-reservar-turno\/#primaryimage\"},\"thumbnailUrl\":\"https:\/\/www.noticiasradioreflejos.com.ar\/2021\/wp-content\/uploads\/2023\/04\/vtvv-va.jpg_811.jpg\",\"datePublished\":\"2023-10-23T17:36:47+00:00\",\"author\":{\"@id\":\"https:\/\/www.noticiasradioreflejos.com.ar\/2021\/#\/schema\/person\/ad82545263dcc5ec0996818884fd5fb1\"},\"breadcrumb\":{\"@id\":\"https:\/\/www.noticiasradioreflejos.com.ar\/2021\/vtv-en-tornquist-ya-se-puede-reservar-turno\/#breadcrumb\"},\"inLanguage\":\"es\",\"potentialAction\":[{\"@type\":\"ReadAction\",\"target\":[\"https:\/\/www.noticiasradioreflejos.com.ar\/2021\/vtv-en-tornquist-ya-se-puede-reservar-turno\/\"]}]},{\"@type\":\"ImageObject\",\"inLanguage\":\"es\",\"@id\":\"https:\/\/www.noticiasradioreflejos.com.ar\/2021\/vtv-en-tornquist-ya-se-puede-reservar-turno\/#primaryimage\",\"url\":\"https:\/\/www.noticiasradioreflejos.com.ar\/2021\/wp-content\/uploads\/2023\/04\/vtvv-va.jpg_811.jpg\",\"contentUrl\":\"https:\/\/www.noticiasradioreflejos.com.ar\/2021\/wp-content\/uploads\/2023\/04\/vtvv-va.jpg_811.jpg\",\"width\":811,\"height\":608},{\"@type\":\"BreadcrumbList\",\"@id\":\"https:\/\/www.noticiasradioreflejos.com.ar\/2021\/vtv-en-tornquist-ya-se-puede-reservar-turno\/#breadcrumb\",\"itemListElement\":[{\"@type\":\"ListItem\",\"position\":1,\"name\":\"Portada\",\"item\":\"https:\/\/www.noticiasradioreflejos.com.ar\/2021\/\"},{\"@type\":\"ListItem\",\"position\":2,\"name\":\"VTV en Tornquist: Ya se puede reservar turno\"}]},{\"@type\":\"WebSite\",\"@id\":\"https:\/\/www.noticiasradioreflejos.com.ar\/2021\/#website\",\"url\":\"https:\/\/www.noticiasradioreflejos.com.ar\/2021\/\",\"name\":\"Noticias Radio Reflejos\",\"description\":\"Las noticias de mi comarca\",\"potentialAction\":[{\"@type\":\"SearchAction\",\"target\":{\"@type\":\"EntryPoint\",\"urlTemplate\":\"https:\/\/www.noticiasradioreflejos.com.ar\/2021\/?s={search_term_string}\"},\"query-input\":{\"@type\":\"PropertyValueSpecification\",\"valueRequired\":true,\"valueName\":\"search_term_string\"}}],\"inLanguage\":\"es\"},{\"@type\":\"Person\",\"@id\":\"https:\/\/www.noticiasradioreflejos.com.ar\/2021\/#\/schema\/person\/ad82545263dcc5ec0996818884fd5fb1\",\"name\":\"Arnaldo Botto\",\"image\":{\"@type\":\"ImageObject\",\"inLanguage\":\"es\",\"@id\":\"https:\/\/www.noticiasradioreflejos.com.ar\/2021\/#\/schema\/person\/image\/\",\"url\":\"https:\/\/secure.gravatar.com\/avatar\/55cb5e37c1efa326397366e6974cb338056df65cb50e7d64d1cf314e87504837?s=96&d=mm&r=g\",\"contentUrl\":\"https:\/\/secure.gravatar.com\/avatar\/55cb5e37c1efa326397366e6974cb338056df65cb50e7d64d1cf314e87504837?s=96&d=mm&r=g\",\"caption\":\"Arnaldo Botto\"},\"url\":\"https:\/\/www.noticiasradioreflejos.com.ar\/2021\/author\/arnaldo\/\"}]}<\/script>\n<!-- \/ Yoast SEO plugin. -->","yoast_head_json":{"title":"VTV en Tornquist: Ya se puede reservar turno - Noticias Radio Reflejos","robots":{"index":"index","follow":"follow","max-snippet":"max-snippet:-1","max-image-preview":"max-image-preview:large","max-video-preview":"max-video-preview:-1"},"canonical":"https:\/\/www.noticiasradioreflejos.com.ar\/2021\/vtv-en-tornquist-ya-se-puede-reservar-turno\/","og_locale":"es_ES","og_type":"article","og_title":"VTV en Tornquist: Ya se puede reservar turno - Noticias Radio Reflejos","og_description":"La planta m\u00f3vil de la Verificaci\u00f3n T\u00e9cnica Vehicular comenzar\u00e1 a atender en el Parque Lineal de la ciudad cabecera el pr\u00f3ximo 27 de octubre.","og_url":"https:\/\/www.noticiasradioreflejos.com.ar\/2021\/vtv-en-tornquist-ya-se-puede-reservar-turno\/","og_site_name":"Noticias Radio Reflejos","article_published_time":"2023-10-23T17:36:47+00:00","og_image":[{"width":811,"height":608,"url":"https:\/\/www.noticiasradioreflejos.com.ar\/2021\/wp-content\/uploads\/2023\/04\/vtvv-va.jpg_811.jpg","type":"image\/jpeg"}],"author":"Arnaldo Botto","twitter_card":"summary_large_image","schema":{"@context":"https:\/\/schema.org","@graph":[{"@type":"WebPage","@id":"https:\/\/www.noticiasradioreflejos.com.ar\/2021\/vtv-en-tornquist-ya-se-puede-reservar-turno\/","url":"https:\/\/www.noticiasradioreflejos.com.ar\/2021\/vtv-en-tornquist-ya-se-puede-reservar-turno\/","name":"VTV en Tornquist: Ya se puede reservar turno - Noticias Radio Reflejos","isPartOf":{"@id":"https:\/\/www.noticiasradioreflejos.com.ar\/2021\/#website"},"primaryImageOfPage":{"@id":"https:\/\/www.noticiasradioreflejos.com.ar\/2021\/vtv-en-tornquist-ya-se-puede-reservar-turno\/#primaryimage"},"image":{"@id":"https:\/\/www.noticiasradioreflejos.com.ar\/2021\/vtv-en-tornquist-ya-se-puede-reservar-turno\/#primaryimage"},"thumbnailUrl":"https:\/\/www.noticiasradioreflejos.com.ar\/2021\/wp-content\/uploads\/2023\/04\/vtvv-va.jpg_811.jpg","datePublished":"2023-10-23T17:36:47+00:00","author":{"@id":"https:\/\/www.noticiasradioreflejos.com.ar\/2021\/#\/schema\/person\/ad82545263dcc5ec0996818884fd5fb1"},"breadcrumb":{"@id":"https:\/\/www.noticiasradioreflejos.com.ar\/2021\/vtv-en-tornquist-ya-se-puede-reservar-turno\/#breadcrumb"},"inLanguage":"es","potentialAction":[{"@type":"ReadAction","target":["https:\/\/www.noticiasradioreflejos.com.ar\/2021\/vtv-en-tornquist-ya-se-puede-reservar-turno\/"]}]},{"@type":"ImageObject","inLanguage":"es","@id":"https:\/\/www.noticiasradioreflejos.com.ar\/2021\/vtv-en-tornquist-ya-se-puede-reservar-turno\/#primaryimage","url":"https:\/\/www.noticiasradioreflejos.com.ar\/2021\/wp-content\/uploads\/2023\/04\/vtvv-va.jpg_811.jpg","contentUrl":"https:\/\/www.noticiasradioreflejos.com.ar\/2021\/wp-content\/uploads\/2023\/04\/vtvv-va.jpg_811.jpg","width":811,"height":608},{"@type":"BreadcrumbList","@id":"https:\/\/www.noticiasradioreflejos.com.ar\/2021\/vtv-en-tornquist-ya-se-puede-reservar-turno\/#breadcrumb","itemListElement":[{"@type":"ListItem","position":1,"name":"Portada","item":"https:\/\/www.noticiasradioreflejos.com.ar\/2021\/"},{"@type":"ListItem","position":2,"name":"VTV en Tornquist: Ya se puede reservar turno"}]},{"@type":"WebSite","@id":"https:\/\/www.noticiasradioreflejos.com.ar\/2021\/#website","url":"https:\/\/www.noticiasradioreflejos.com.ar\/2021\/","name":"Noticias Radio Reflejos","description":"Las noticias de mi comarca","potentialAction":[{"@type":"SearchAction","target":{"@type":"EntryPoint","urlTemplate":"https:\/\/www.noticiasradioreflejos.com.ar\/2021\/?s={search_term_string}"},"query-input":{"@type":"PropertyValueSpecification","valueRequired":true,"valueName":"search_term_string"}}],"inLanguage":"es"},{"@type":"Person","@id":"https:\/\/www.noticiasradioreflejos.com.ar\/2021\/#\/schema\/person\/ad82545263dcc5ec0996818884fd5fb1","name":"Arnaldo Botto","image":{"@type":"ImageObject","inLanguage":"es","@id":"https:\/\/www.noticiasradioreflejos.com.ar\/2021\/#\/schema\/person\/image\/","url":"https:\/\/secure.gravatar.com\/avatar\/55cb5e37c1efa326397366e6974cb338056df65cb50e7d64d1cf314e87504837?s=96&d=mm&r=g","contentUrl":"https:\/\/secure.gravatar.com\/avatar\/55cb5e37c1efa326397366e6974cb338056df65cb50e7d64d1cf314e87504837?s=96&d=mm&r=g","caption":"Arnaldo Botto"},"url":"https:\/\/www.noticiasradioreflejos.com.ar\/2021\/author\/arnaldo\/"}]}},"_links":{"self":[{"href":"https:\/\/www.noticiasradioreflejos.com.ar\/2021\/wp-json\/wp\/v2\/posts\/94314","targetHints":{"allow":["GET"]}}],"collection":[{"href":"https:\/\/www.noticiasradioreflejos.com.ar\/2021\/wp-json\/wp\/v2\/posts"}],"about":[{"href":"https:\/\/www.noticiasradioreflejos.com.ar\/2021\/wp-json\/wp\/v2\/types\/post"}],"author":[{"embeddable":true,"href":"https:\/\/www.noticiasradioreflejos.com.ar\/2021\/wp-json\/wp\/v2\/users\/3"}],"replies":[{"embeddable":true,"href":"https:\/\/www.noticiasradioreflejos.com.ar\/2021\/wp-json\/wp\/v2\/comments?post=94314"}],"version-history":[{"count":1,"href":"https:\/\/www.noticiasradioreflejos.com.ar\/2021\/wp-json\/wp\/v2\/posts\/94314\/revisions"}],"predecessor-version":[{"id":94317,"href":"https:\/\/www.noticiasradioreflejos.com.ar\/2021\/wp-json\/wp\/v2\/posts\/94314\/revisions\/94317"}],"wp:featuredmedia":[{"embeddable":true,"href":"https:\/\/www.noticiasradioreflejos.com.ar\/2021\/wp-json\/wp\/v2\/media\/86945"}],"wp:attachment":[{"href":"https:\/\/www.noticiasradioreflejos.com.ar\/2021\/wp-json\/wp\/v2\/media?parent=94314"}],"wp:term":[{"taxonomy":"category","embeddable":true,"href":"https:\/\/www.noticiasradioreflejos.com.ar\/2021\/wp-json\/wp\/v2\/categories?post=94314"},{"taxonomy":"post_tag","embeddable":true,"href":"https:\/\/www.noticiasradioreflejos.com.ar\/2021\/wp-json\/wp\/v2\/tags?post=94314"}],"curies":[{"name":"wp","href":"https:\/\/api.w.org\/{rel}","templated":true}]}}