{"id":94309,"date":"2023-10-23T18:10:31","date_gmt":"2023-10-23T18:10:31","guid":{"rendered":"https:\/\/www.noticiasradioreflejos.com.ar\/2021\/?p=94309"},"modified":"2023-10-23T18:10:31","modified_gmt":"2023-10-23T18:10:31","slug":"federico-labarthe-sobrevivimos-al-menem-del-95-asi-que-habra-que-sobrevivir-a-todo-esto","status":"publish","type":"post","link":"https:\/\/www.noticiasradioreflejos.com.ar\/2021\/federico-labarthe-sobrevivimos-al-menem-del-95-asi-que-habra-que-sobrevivir-a-todo-esto\/","title":{"rendered":"Federico Labarthe: \u201cSobrevivimos al Menem del 95, as\u00ed que habr\u00e1 que sobrevivir a todo esto\u201d"},"content":{"rendered":"<p>El candidato a intendente por Juntos por el Cambio analiz\u00f3 la elecci\u00f3n y se mostr\u00f3 tajante: \u201cabrirnos de Juntos ser\u00eda hacerle el juego al kirchnerismo\u201d.<\/p>\n<p><!--more--><\/p>\n<p>A\u00fan golpeado por los resultados de anoche, <strong>Federico Labarthe<\/strong> no esquiv\u00f3 el llamado y en FM Reflejos analiz\u00f3 lo sucedido. El candidato de Juntos por el Cambio comenz\u00f3 hablando del plano local.<\/p>\n<p><a href=\"https:\/\/www.noticiasradioreflejos.com.ar\/2021\/federico-labarthe-en-octubre-estaremos-palo-a-palo-con-bordoni-por-la-gobernacion\/marcolini-fede-facu\/\" rel=\"attachment wp-att-91624\"><img loading=\"lazy\" decoding=\"async\" class=\"aligncenter size-full wp-image-91624\" src=\"https:\/\/www.noticiasradioreflejos.com.ar\/2021\/wp-content\/uploads\/2023\/08\/Marcolini-Fede-Facu.jpeg\" alt=\"\" width=\"720\" height=\"519\" \/><\/a><\/p>\n<p>Al respecto dijo que \u201clo primero que uno tiene que hacer es no flagelarse por no llegar al objetivo. A veces hay imponderables. Hay una realidad; las veces que Bordoni le gan\u00f3 a Trankels fue mano a mano. Esta vez lo enfrentamos con dos partidos en oposici\u00f3n y un Milei que ven\u00eda muy fuerte\u201d.<\/p>\n<p>Seg\u00fan su visi\u00f3n \u201ccreo que hubo dos opciones para la ciudadan\u00eda y ninguno de los dos supimos despegarnos. Ellos trabajaron, estuvieron en la calle, pusieron propuestas. No podemos hablar solo de arrastre de Milei. Con esto de no despegarnos fuimos funcionales al oficialismo\u201d.<\/p>\n<p>Pasando al plano nacional \u201cposiblemente Patricia Bullrich no fue la mejor, pero tampoco hay que caerla a cada candidato porque s\u00ed. Hay una realidad al momento de votar. Si yo te digo que el mejor candidato es el que te llev\u00f3 la inflaci\u00f3n al 150%, vos me dec\u00eds est\u00e1s loco, y sin embargo se vot\u00f3. Del otro lado te dec\u00edan que te iban a sacar derechos y tambi\u00e9n se lo vot\u00f3. No s\u00e9 si se puede aplicar una l\u00f3gica\u201d.<\/p>\n<p>Sobre las sensaciones previas, agreg\u00f3 que \u201ca nosotros nos sorprend\u00eda en los \u00faltimos d\u00edas el silencio de mucha gente. Eso s\u00ed lo vimos. En general. Uno ve\u00eda que hab\u00eda mucho silencio y en esos casos no sabes para donde disparan. Sobrevivimos al Menem del 95, as\u00ed que habr\u00e1 que sobrevivir a todo esto. Pero siempre hay que apostar a que pueda ser mejor\u201d.<\/p>\n<p>Por \u00faltimo asegur\u00f3 que \u201cel kirchnerismo est\u00e1 jugando a que el radicalismo le haga el favor y se abra de Juntos. Ser\u00eda muy facilitador del kirchnerismo y yo no me voy a prestar a eso. Yo, no s\u00e9 el resto del radicalismo. No me corresponde esa representaci\u00f3n. Es una discusi\u00f3n que el partido tiene que dar y hacer lo que se crea mejor para el pa\u00eds, m\u00e1s all\u00e1 de los nombres o el propio partido\u201d.<\/p>\n<p><iframe loading=\"lazy\" src=\"https:\/\/w.soundcloud.com\/player\/?url=https%3A\/\/api.soundcloud.com\/tracks\/1647385477&amp;color=%23ff5500&amp;auto_play=false&amp;hide_related=false&amp;show_comments=true&amp;show_user=true&amp;show_reposts=false&amp;show_teaser=true\" width=\"100%\" height=\"166\" frameborder=\"no\" scrolling=\"no\"><\/iframe><\/p>\n<div style=\"font-size: 10px; color: #cccccc; line-break: anywhere; word-break: normal; overflow: hidden; white-space: nowrap; text-overflow: ellipsis; font-family: Interstate,Lucida Grande,Lucida Sans Unicode,Lucida Sans,Garuda,Verdana,Tahoma,sans-serif; font-weight: 100;\"><a style=\"color: #cccccc; text-decoration: none;\" title=\"fmreflejos 103.7\" href=\"https:\/\/soundcloud.com\/fmreflejos-103-7\" target=\"_blank\" rel=\"noopener\">fmreflejos 103.7<\/a> \u00b7 <a style=\"color: #cccccc; text-decoration: none;\" title=\"Federico Labarthe 23 - 10\" href=\"https:\/\/soundcloud.com\/fmreflejos-103-7\/federico-lavarthe-23-10\" target=\"_blank\" rel=\"noopener\">Federico Labarthe 23 &#8211; 10<\/a><\/div>\n","protected":false},"excerpt":{"rendered":"<p>El candidato a intendente por Juntos por el Cambio analiz\u00f3 la elecci\u00f3n y se mostr\u00f3 tajante: \u201cabrirnos de Juntos ser\u00eda hacerle el juego al kirchnerismo\u201d.<\/p>\n","protected":false},"author":3,"featured_media":85461,"comment_status":"closed","ping_status":"closed","sticky":false,"template":"","format":"standard","meta":{"footnotes":""},"categories":[24],"tags":[48],"class_list":["post-94309","post","type-post","status-publish","format-standard","has-post-thumbnail","hentry","category-politica","tag-destacada"],"yoast_head":"<!-- This site is optimized with the Yoast SEO plugin v25.9 - https:\/\/yoast.com\/wordpress\/plugins\/seo\/ -->\n<title>Federico Labarthe: \u201cSobrevivimos al Menem del 95, as\u00ed que habr\u00e1 que sobrevivir a todo esto\u201d - Noticias Radio Reflejos<\/title>\n<meta name=\"robots\" content=\"index, follow, max-snippet:-1, max-image-preview:large, max-video-preview:-1\" \/>\n<link rel=\"canonical\" href=\"https:\/\/www.noticiasradioreflejos.com.ar\/2021\/federico-labarthe-sobrevivimos-al-menem-del-95-asi-que-habra-que-sobrevivir-a-todo-esto\/\" \/>\n<meta property=\"og:locale\" content=\"es_ES\" \/>\n<meta property=\"og:type\" content=\"article\" \/>\n<meta property=\"og:title\" content=\"Federico Labarthe: \u201cSobrevivimos al Menem del 95, as\u00ed que habr\u00e1 que sobrevivir a todo esto\u201d - Noticias Radio Reflejos\" \/>\n<meta property=\"og:description\" content=\"El candidato a intendente por Juntos por el Cambio analiz\u00f3 la elecci\u00f3n y se mostr\u00f3 tajante: \u201cabrirnos de Juntos ser\u00eda hacerle el juego al kirchnerismo\u201d.\" \/>\n<meta property=\"og:url\" content=\"https:\/\/www.noticiasradioreflejos.com.ar\/2021\/federico-labarthe-sobrevivimos-al-menem-del-95-asi-que-habra-que-sobrevivir-a-todo-esto\/\" \/>\n<meta property=\"og:site_name\" content=\"Noticias Radio Reflejos\" \/>\n<meta property=\"article:published_time\" content=\"2023-10-23T18:10:31+00:00\" \/>\n<meta property=\"og:image\" content=\"https:\/\/www.noticiasradioreflejos.com.ar\/2021\/wp-content\/uploads\/2023\/03\/Labarthe.webp\" \/>\n\t<meta property=\"og:image:width\" content=\"1121\" \/>\n\t<meta property=\"og:image:height\" content=\"633\" \/>\n\t<meta property=\"og:image:type\" content=\"image\/webp\" \/>\n<meta name=\"author\" content=\"Arnaldo Botto\" \/>\n<meta name=\"twitter:card\" content=\"summary_large_image\" \/>\n<script type=\"application\/ld+json\" class=\"yoast-schema-graph\">{\"@context\":\"https:\/\/schema.org\",\"@graph\":[{\"@type\":\"WebPage\",\"@id\":\"https:\/\/www.noticiasradioreflejos.com.ar\/2021\/federico-labarthe-sobrevivimos-al-menem-del-95-asi-que-habra-que-sobrevivir-a-todo-esto\/\",\"url\":\"https:\/\/www.noticiasradioreflejos.com.ar\/2021\/federico-labarthe-sobrevivimos-al-menem-del-95-asi-que-habra-que-sobrevivir-a-todo-esto\/\",\"name\":\"Federico Labarthe: \u201cSobrevivimos al Menem del 95, as\u00ed que habr\u00e1 que sobrevivir a todo esto\u201d - Noticias Radio Reflejos\",\"isPartOf\":{\"@id\":\"https:\/\/www.noticiasradioreflejos.com.ar\/2021\/#website\"},\"primaryImageOfPage\":{\"@id\":\"https:\/\/www.noticiasradioreflejos.com.ar\/2021\/federico-labarthe-sobrevivimos-al-menem-del-95-asi-que-habra-que-sobrevivir-a-todo-esto\/#primaryimage\"},\"image\":{\"@id\":\"https:\/\/www.noticiasradioreflejos.com.ar\/2021\/federico-labarthe-sobrevivimos-al-menem-del-95-asi-que-habra-que-sobrevivir-a-todo-esto\/#primaryimage\"},\"thumbnailUrl\":\"https:\/\/www.noticiasradioreflejos.com.ar\/2021\/wp-content\/uploads\/2023\/03\/Labarthe.webp\",\"datePublished\":\"2023-10-23T18:10:31+00:00\",\"author\":{\"@id\":\"https:\/\/www.noticiasradioreflejos.com.ar\/2021\/#\/schema\/person\/ad82545263dcc5ec0996818884fd5fb1\"},\"breadcrumb\":{\"@id\":\"https:\/\/www.noticiasradioreflejos.com.ar\/2021\/federico-labarthe-sobrevivimos-al-menem-del-95-asi-que-habra-que-sobrevivir-a-todo-esto\/#breadcrumb\"},\"inLanguage\":\"es\",\"potentialAction\":[{\"@type\":\"ReadAction\",\"target\":[\"https:\/\/www.noticiasradioreflejos.com.ar\/2021\/federico-labarthe-sobrevivimos-al-menem-del-95-asi-que-habra-que-sobrevivir-a-todo-esto\/\"]}]},{\"@type\":\"ImageObject\",\"inLanguage\":\"es\",\"@id\":\"https:\/\/www.noticiasradioreflejos.com.ar\/2021\/federico-labarthe-sobrevivimos-al-menem-del-95-asi-que-habra-que-sobrevivir-a-todo-esto\/#primaryimage\",\"url\":\"https:\/\/www.noticiasradioreflejos.com.ar\/2021\/wp-content\/uploads\/2023\/03\/Labarthe.webp\",\"contentUrl\":\"https:\/\/www.noticiasradioreflejos.com.ar\/2021\/wp-content\/uploads\/2023\/03\/Labarthe.webp\",\"width\":1121,\"height\":633},{\"@type\":\"BreadcrumbList\",\"@id\":\"https:\/\/www.noticiasradioreflejos.com.ar\/2021\/federico-labarthe-sobrevivimos-al-menem-del-95-asi-que-habra-que-sobrevivir-a-todo-esto\/#breadcrumb\",\"itemListElement\":[{\"@type\":\"ListItem\",\"position\":1,\"name\":\"Portada\",\"item\":\"https:\/\/www.noticiasradioreflejos.com.ar\/2021\/\"},{\"@type\":\"ListItem\",\"position\":2,\"name\":\"Federico Labarthe: \u201cSobrevivimos al Menem del 95, as\u00ed que habr\u00e1 que sobrevivir a todo esto\u201d\"}]},{\"@type\":\"WebSite\",\"@id\":\"https:\/\/www.noticiasradioreflejos.com.ar\/2021\/#website\",\"url\":\"https:\/\/www.noticiasradioreflejos.com.ar\/2021\/\",\"name\":\"Noticias Radio Reflejos\",\"description\":\"Las noticias de mi comarca\",\"potentialAction\":[{\"@type\":\"SearchAction\",\"target\":{\"@type\":\"EntryPoint\",\"urlTemplate\":\"https:\/\/www.noticiasradioreflejos.com.ar\/2021\/?s={search_term_string}\"},\"query-input\":{\"@type\":\"PropertyValueSpecification\",\"valueRequired\":true,\"valueName\":\"search_term_string\"}}],\"inLanguage\":\"es\"},{\"@type\":\"Person\",\"@id\":\"https:\/\/www.noticiasradioreflejos.com.ar\/2021\/#\/schema\/person\/ad82545263dcc5ec0996818884fd5fb1\",\"name\":\"Arnaldo Botto\",\"image\":{\"@type\":\"ImageObject\",\"inLanguage\":\"es\",\"@id\":\"https:\/\/www.noticiasradioreflejos.com.ar\/2021\/#\/schema\/person\/image\/\",\"url\":\"https:\/\/secure.gravatar.com\/avatar\/55cb5e37c1efa326397366e6974cb338056df65cb50e7d64d1cf314e87504837?s=96&d=mm&r=g\",\"contentUrl\":\"https:\/\/secure.gravatar.com\/avatar\/55cb5e37c1efa326397366e6974cb338056df65cb50e7d64d1cf314e87504837?s=96&d=mm&r=g\",\"caption\":\"Arnaldo Botto\"},\"url\":\"https:\/\/www.noticiasradioreflejos.com.ar\/2021\/author\/arnaldo\/\"}]}<\/script>\n<!-- \/ Yoast SEO plugin. -->","yoast_head_json":{"title":"Federico Labarthe: \u201cSobrevivimos al Menem del 95, as\u00ed que habr\u00e1 que sobrevivir a todo esto\u201d - Noticias Radio Reflejos","robots":{"index":"index","follow":"follow","max-snippet":"max-snippet:-1","max-image-preview":"max-image-preview:large","max-video-preview":"max-video-preview:-1"},"canonical":"https:\/\/www.noticiasradioreflejos.com.ar\/2021\/federico-labarthe-sobrevivimos-al-menem-del-95-asi-que-habra-que-sobrevivir-a-todo-esto\/","og_locale":"es_ES","og_type":"article","og_title":"Federico Labarthe: \u201cSobrevivimos al Menem del 95, as\u00ed que habr\u00e1 que sobrevivir a todo esto\u201d - Noticias Radio Reflejos","og_description":"El candidato a intendente por Juntos por el Cambio analiz\u00f3 la elecci\u00f3n y se mostr\u00f3 tajante: \u201cabrirnos de Juntos ser\u00eda hacerle el juego al kirchnerismo\u201d.","og_url":"https:\/\/www.noticiasradioreflejos.com.ar\/2021\/federico-labarthe-sobrevivimos-al-menem-del-95-asi-que-habra-que-sobrevivir-a-todo-esto\/","og_site_name":"Noticias Radio Reflejos","article_published_time":"2023-10-23T18:10:31+00:00","og_image":[{"width":1121,"height":633,"url":"https:\/\/www.noticiasradioreflejos.com.ar\/2021\/wp-content\/uploads\/2023\/03\/Labarthe.webp","type":"image\/webp"}],"author":"Arnaldo Botto","twitter_card":"summary_large_image","schema":{"@context":"https:\/\/schema.org","@graph":[{"@type":"WebPage","@id":"https:\/\/www.noticiasradioreflejos.com.ar\/2021\/federico-labarthe-sobrevivimos-al-menem-del-95-asi-que-habra-que-sobrevivir-a-todo-esto\/","url":"https:\/\/www.noticiasradioreflejos.com.ar\/2021\/federico-labarthe-sobrevivimos-al-menem-del-95-asi-que-habra-que-sobrevivir-a-todo-esto\/","name":"Federico Labarthe: \u201cSobrevivimos al Menem del 95, as\u00ed que habr\u00e1 que sobrevivir a todo esto\u201d - Noticias Radio Reflejos","isPartOf":{"@id":"https:\/\/www.noticiasradioreflejos.com.ar\/2021\/#website"},"primaryImageOfPage":{"@id":"https:\/\/www.noticiasradioreflejos.com.ar\/2021\/federico-labarthe-sobrevivimos-al-menem-del-95-asi-que-habra-que-sobrevivir-a-todo-esto\/#primaryimage"},"image":{"@id":"https:\/\/www.noticiasradioreflejos.com.ar\/2021\/federico-labarthe-sobrevivimos-al-menem-del-95-asi-que-habra-que-sobrevivir-a-todo-esto\/#primaryimage"},"thumbnailUrl":"https:\/\/www.noticiasradioreflejos.com.ar\/2021\/wp-content\/uploads\/2023\/03\/Labarthe.webp","datePublished":"2023-10-23T18:10:31+00:00","author":{"@id":"https:\/\/www.noticiasradioreflejos.com.ar\/2021\/#\/schema\/person\/ad82545263dcc5ec0996818884fd5fb1"},"breadcrumb":{"@id":"https:\/\/www.noticiasradioreflejos.com.ar\/2021\/federico-labarthe-sobrevivimos-al-menem-del-95-asi-que-habra-que-sobrevivir-a-todo-esto\/#breadcrumb"},"inLanguage":"es","potentialAction":[{"@type":"ReadAction","target":["https:\/\/www.noticiasradioreflejos.com.ar\/2021\/federico-labarthe-sobrevivimos-al-menem-del-95-asi-que-habra-que-sobrevivir-a-todo-esto\/"]}]},{"@type":"ImageObject","inLanguage":"es","@id":"https:\/\/www.noticiasradioreflejos.com.ar\/2021\/federico-labarthe-sobrevivimos-al-menem-del-95-asi-que-habra-que-sobrevivir-a-todo-esto\/#primaryimage","url":"https:\/\/www.noticiasradioreflejos.com.ar\/2021\/wp-content\/uploads\/2023\/03\/Labarthe.webp","contentUrl":"https:\/\/www.noticiasradioreflejos.com.ar\/2021\/wp-content\/uploads\/2023\/03\/Labarthe.webp","width":1121,"height":633},{"@type":"BreadcrumbList","@id":"https:\/\/www.noticiasradioreflejos.com.ar\/2021\/federico-labarthe-sobrevivimos-al-menem-del-95-asi-que-habra-que-sobrevivir-a-todo-esto\/#breadcrumb","itemListElement":[{"@type":"ListItem","position":1,"name":"Portada","item":"https:\/\/www.noticiasradioreflejos.com.ar\/2021\/"},{"@type":"ListItem","position":2,"name":"Federico Labarthe: \u201cSobrevivimos al Menem del 95, as\u00ed que habr\u00e1 que sobrevivir a todo esto\u201d"}]},{"@type":"WebSite","@id":"https:\/\/www.noticiasradioreflejos.com.ar\/2021\/#website","url":"https:\/\/www.noticiasradioreflejos.com.ar\/2021\/","name":"Noticias Radio Reflejos","description":"Las noticias de mi comarca","potentialAction":[{"@type":"SearchAction","target":{"@type":"EntryPoint","urlTemplate":"https:\/\/www.noticiasradioreflejos.com.ar\/2021\/?s={search_term_string}"},"query-input":{"@type":"PropertyValueSpecification","valueRequired":true,"valueName":"search_term_string"}}],"inLanguage":"es"},{"@type":"Person","@id":"https:\/\/www.noticiasradioreflejos.com.ar\/2021\/#\/schema\/person\/ad82545263dcc5ec0996818884fd5fb1","name":"Arnaldo Botto","image":{"@type":"ImageObject","inLanguage":"es","@id":"https:\/\/www.noticiasradioreflejos.com.ar\/2021\/#\/schema\/person\/image\/","url":"https:\/\/secure.gravatar.com\/avatar\/55cb5e37c1efa326397366e6974cb338056df65cb50e7d64d1cf314e87504837?s=96&d=mm&r=g","contentUrl":"https:\/\/secure.gravatar.com\/avatar\/55cb5e37c1efa326397366e6974cb338056df65cb50e7d64d1cf314e87504837?s=96&d=mm&r=g","caption":"Arnaldo Botto"},"url":"https:\/\/www.noticiasradioreflejos.com.ar\/2021\/author\/arnaldo\/"}]}},"_links":{"self":[{"href":"https:\/\/www.noticiasradioreflejos.com.ar\/2021\/wp-json\/wp\/v2\/posts\/94309","targetHints":{"allow":["GET"]}}],"collection":[{"href":"https:\/\/www.noticiasradioreflejos.com.ar\/2021\/wp-json\/wp\/v2\/posts"}],"about":[{"href":"https:\/\/www.noticiasradioreflejos.com.ar\/2021\/wp-json\/wp\/v2\/types\/post"}],"author":[{"embeddable":true,"href":"https:\/\/www.noticiasradioreflejos.com.ar\/2021\/wp-json\/wp\/v2\/users\/3"}],"replies":[{"embeddable":true,"href":"https:\/\/www.noticiasradioreflejos.com.ar\/2021\/wp-json\/wp\/v2\/comments?post=94309"}],"version-history":[{"count":2,"href":"https:\/\/www.noticiasradioreflejos.com.ar\/2021\/wp-json\/wp\/v2\/posts\/94309\/revisions"}],"predecessor-version":[{"id":94320,"href":"https:\/\/www.noticiasradioreflejos.com.ar\/2021\/wp-json\/wp\/v2\/posts\/94309\/revisions\/94320"}],"wp:featuredmedia":[{"embeddable":true,"href":"https:\/\/www.noticiasradioreflejos.com.ar\/2021\/wp-json\/wp\/v2\/media\/85461"}],"wp:attachment":[{"href":"https:\/\/www.noticiasradioreflejos.com.ar\/2021\/wp-json\/wp\/v2\/media?parent=94309"}],"wp:term":[{"taxonomy":"category","embeddable":true,"href":"https:\/\/www.noticiasradioreflejos.com.ar\/2021\/wp-json\/wp\/v2\/categories?post=94309"},{"taxonomy":"post_tag","embeddable":true,"href":"https:\/\/www.noticiasradioreflejos.com.ar\/2021\/wp-json\/wp\/v2\/tags?post=94309"}],"curies":[{"name":"wp","href":"https:\/\/api.w.org\/{rel}","templated":true}]}}