{"id":94300,"date":"2023-10-23T18:21:15","date_gmt":"2023-10-23T18:21:15","guid":{"rendered":"https:\/\/www.noticiasradioreflejos.com.ar\/2021\/?p=94300"},"modified":"2023-10-23T18:21:16","modified_gmt":"2023-10-23T18:21:16","slug":"sergio-bordoni-sigo-trabajando-para-unir-al-pj","status":"publish","type":"post","link":"https:\/\/www.noticiasradioreflejos.com.ar\/2021\/sergio-bordoni-sigo-trabajando-para-unir-al-pj\/","title":{"rendered":"Sergio Bordoni: \u201cSigo trabajando para unir al PJ\u201d"},"content":{"rendered":"<p>El intendente reelecto se mostr\u00f3 feliz por el resultado de los comicios. \u201cNo nos esper\u00e1bamos el resultado en Sierra\u201d asegur\u00f3.<!--more--><\/p>\n<p>El actual intendente, y al mismo tiempo, reelecto en su funci\u00f3n Sergio Bordoni se mostr\u00f3 feliz tras los resultados obtenidos anoche, los cuales le permiten continuar cono jefe comunal por cuatro a\u00f1os m\u00e1s.<\/p>\n<p>Al respecto afirm\u00f3 que \u201csab\u00edamos que \u00edbamos a andar bien en Tornquist, Saldungaray y Villa\u2026 no nos esper\u00e1bamos el resultado de Sierra, la verdad que la gente acompa\u00f1\u00f3 muy bien dentro de lo previsible. Esper\u00e1bamos menos votos. Eso hizo que hoy estemos festejando\u201d.<\/p>\n<p>&nbsp;<\/p>\n<p><iframe loading=\"lazy\" style=\"border: none; overflow: hidden;\" src=\"https:\/\/www.facebook.com\/plugins\/video.php?height=476&amp;href=https%3A%2F%2Fwww.facebook.com%2Fsergio.bordoni.5%2Fvideos%2F1357645905170554%2F&amp;show_text=false&amp;width=267&amp;t=0\" width=\"267\" height=\"476\" frameborder=\"0\" scrolling=\"no\" allowfullscreen=\"allowfullscreen\"><\/iframe><br \/>\nEn esa l\u00ednea agreg\u00f3 que \u201cqueremos seguir transformando el distrito, para seguir creciendo en Tornquist con un gobernador como es Axel y un presidente como va a ser Sergio Massa. Tenemos cuatro a\u00f1os de mucha prosperidad para el distrito\u201d.<\/p>\n<p>Avalentonado, desliz\u00f3 que \u201cMilei despu\u00e9s de este resultado, del cual se cre\u00eda ganador, creo que se va a bajar. No hay forma de que Massa pierda la presidencia. Creo que no va a haber balotaje, se va a bajar Milei, y ansiamos cada vez m\u00e1s eso. Hay que ponerse a trabajar ya en la Argentina\u201d.<\/p>\n<p>&nbsp;<\/p>\n<p><a href=\"https:\/\/www.noticiasradioreflejos.com.ar\/2021\/sergio-bordoni-sigo-trabajando-para-unir-al-pj\/bordoni-festejos-22-10-3\/\" rel=\"attachment wp-att-94321\"><img loading=\"lazy\" decoding=\"async\" class=\"aligncenter size-full wp-image-94321\" src=\"https:\/\/www.noticiasradioreflejos.com.ar\/2021\/wp-content\/uploads\/2023\/10\/Bordoni-festejos-22-10-3-scaled.jpg\" alt=\"\" width=\"2560\" height=\"2142\" srcset=\"https:\/\/www.noticiasradioreflejos.com.ar\/2021\/wp-content\/uploads\/2023\/10\/Bordoni-festejos-22-10-3-scaled.jpg 2560w, https:\/\/www.noticiasradioreflejos.com.ar\/2021\/wp-content\/uploads\/2023\/10\/Bordoni-festejos-22-10-3-300x251.jpg 300w, https:\/\/www.noticiasradioreflejos.com.ar\/2021\/wp-content\/uploads\/2023\/10\/Bordoni-festejos-22-10-3-1024x857.jpg 1024w, https:\/\/www.noticiasradioreflejos.com.ar\/2021\/wp-content\/uploads\/2023\/10\/Bordoni-festejos-22-10-3-768x643.jpg 768w, https:\/\/www.noticiasradioreflejos.com.ar\/2021\/wp-content\/uploads\/2023\/10\/Bordoni-festejos-22-10-3-1536x1285.jpg 1536w, https:\/\/www.noticiasradioreflejos.com.ar\/2021\/wp-content\/uploads\/2023\/10\/Bordoni-festejos-22-10-3-2048x1714.jpg 2048w, https:\/\/www.noticiasradioreflejos.com.ar\/2021\/wp-content\/uploads\/2023\/10\/Bordoni-festejos-22-10-3-750x628.jpg 750w, https:\/\/www.noticiasradioreflejos.com.ar\/2021\/wp-content\/uploads\/2023\/10\/Bordoni-festejos-22-10-3-1140x954.jpg 1140w\" sizes=\"auto, (max-width: 2560px) 100vw, 2560px\" \/><\/a><\/p>\n<p>&nbsp;<\/p>\n<p>Sobre los saludos que recibi\u00f3 del arco opositor e incluso de miembros de su partido que no acompa\u00f1aron como esperaba, Bordoni fue filoso y apunt\u00f3 que \u201clo bueno ser\u00eda despu\u00e9s llevarlo a la pr\u00e1ctica, del consenso, de trabajar en forma conjunta y de tantos palos en la rueda sin ninguna raz\u00f3n. Lo mismo en la pol\u00edtica, si Gustavo dice que va a acompa\u00f1ar, estoy feliz. Esto es una fiesta de la democracia\u201d.<\/p>\n<p>&nbsp;<\/p>\n<p><a title=\"Bordoni Trankels\" href=\"https:\/\/www.flickr.com\/photos\/182279889@N02\/53279582709\/in\/dateposted-public\/\" data-flickr-embed=\"true\"><img loading=\"lazy\" decoding=\"async\" src=\"https:\/\/live.staticflickr.com\/65535\/53279582709_0cc1b84e22_c.jpg\" alt=\"Bordoni Trankels\" width=\"800\" height=\"450\" \/><\/a><\/p>\n<p>&nbsp;<\/p>\n<p>Por \u00faltimo mencion\u00f3 que \u201chay heridas que se tienen que cerrar con el tiempo. Ojal\u00e1 podamos tener un PJ unido. Buscamos unir el PJ en Tornquist y ojal\u00e1 que sigamos con ese camino. Fui elegido por el radicalismo primero y ahora con el PJ. Eso habla de que la gente vota a personas\u201d.<\/p>\n<p>&nbsp;<\/p>\n<p><iframe loading=\"lazy\" src=\"https:\/\/w.soundcloud.com\/player\/?url=https%3A\/\/api.soundcloud.com\/tracks\/1647362599&amp;color=%23ff5500&amp;auto_play=false&amp;hide_related=false&amp;show_comments=true&amp;show_user=true&amp;show_reposts=false&amp;show_teaser=true\" width=\"100%\" height=\"166\" frameborder=\"no\" scrolling=\"no\"><\/iframe><\/p>\n<div style=\"font-size: 10px; color: #cccccc; line-break: anywhere; word-break: normal; overflow: hidden; white-space: nowrap; text-overflow: ellipsis; font-family: Interstate,Lucida Grande,Lucida Sans Unicode,Lucida Sans,Garuda,Verdana,Tahoma,sans-serif; font-weight: 100;\"><a style=\"color: #cccccc; text-decoration: none;\" title=\"fmreflejos 103.7\" href=\"https:\/\/soundcloud.com\/fmreflejos-103-7\" target=\"_blank\" rel=\"noopener\">fmreflejos 103.7<\/a> \u00b7 <a style=\"color: #cccccc; text-decoration: none;\" title=\"Sergio Bordoni 23 - 10\" href=\"https:\/\/soundcloud.com\/fmreflejos-103-7\/sergio-bordoni-23-10\" target=\"_blank\" rel=\"noopener\">Sergio Bordoni 23 &#8211; 10<\/a><\/div>\n","protected":false},"excerpt":{"rendered":"<p>El intendente reelecto se mostr\u00f3 feliz por el resultado de los comicios. \u201cNo nos esper\u00e1bamos el resultado en Sierra\u201d asegur\u00f3.<\/p>\n","protected":false},"author":3,"featured_media":94323,"comment_status":"closed","ping_status":"closed","sticky":false,"template":"","format":"standard","meta":{"footnotes":""},"categories":[24],"tags":[48],"class_list":["post-94300","post","type-post","status-publish","format-standard","has-post-thumbnail","hentry","category-politica","tag-destacada"],"yoast_head":"<!-- This site is optimized with the Yoast SEO plugin v25.9 - https:\/\/yoast.com\/wordpress\/plugins\/seo\/ -->\n<title>Sergio Bordoni: \u201cSigo trabajando para unir al PJ\u201d - Noticias Radio Reflejos<\/title>\n<meta name=\"robots\" content=\"index, follow, max-snippet:-1, max-image-preview:large, max-video-preview:-1\" \/>\n<link rel=\"canonical\" href=\"https:\/\/www.noticiasradioreflejos.com.ar\/2021\/sergio-bordoni-sigo-trabajando-para-unir-al-pj\/\" \/>\n<meta property=\"og:locale\" content=\"es_ES\" \/>\n<meta property=\"og:type\" content=\"article\" \/>\n<meta property=\"og:title\" content=\"Sergio Bordoni: \u201cSigo trabajando para unir al PJ\u201d - Noticias Radio Reflejos\" \/>\n<meta property=\"og:description\" content=\"El intendente reelecto se mostr\u00f3 feliz por el resultado de los comicios. \u201cNo nos esper\u00e1bamos el resultado en Sierra\u201d asegur\u00f3.\" \/>\n<meta property=\"og:url\" content=\"https:\/\/www.noticiasradioreflejos.com.ar\/2021\/sergio-bordoni-sigo-trabajando-para-unir-al-pj\/\" \/>\n<meta property=\"og:site_name\" content=\"Noticias Radio Reflejos\" \/>\n<meta property=\"article:published_time\" content=\"2023-10-23T18:21:15+00:00\" \/>\n<meta property=\"article:modified_time\" content=\"2023-10-23T18:21:16+00:00\" \/>\n<meta property=\"og:image\" content=\"https:\/\/www.noticiasradioreflejos.com.ar\/2021\/wp-content\/uploads\/2023\/10\/NIK_4567-scaled.jpg\" \/>\n\t<meta property=\"og:image:width\" content=\"2560\" \/>\n\t<meta property=\"og:image:height\" content=\"1766\" \/>\n\t<meta property=\"og:image:type\" content=\"image\/jpeg\" \/>\n<meta name=\"author\" content=\"Arnaldo Botto\" \/>\n<meta name=\"twitter:card\" content=\"summary_large_image\" \/>\n<script type=\"application\/ld+json\" class=\"yoast-schema-graph\">{\"@context\":\"https:\/\/schema.org\",\"@graph\":[{\"@type\":\"WebPage\",\"@id\":\"https:\/\/www.noticiasradioreflejos.com.ar\/2021\/sergio-bordoni-sigo-trabajando-para-unir-al-pj\/\",\"url\":\"https:\/\/www.noticiasradioreflejos.com.ar\/2021\/sergio-bordoni-sigo-trabajando-para-unir-al-pj\/\",\"name\":\"Sergio Bordoni: \u201cSigo trabajando para unir al PJ\u201d - Noticias Radio Reflejos\",\"isPartOf\":{\"@id\":\"https:\/\/www.noticiasradioreflejos.com.ar\/2021\/#website\"},\"primaryImageOfPage\":{\"@id\":\"https:\/\/www.noticiasradioreflejos.com.ar\/2021\/sergio-bordoni-sigo-trabajando-para-unir-al-pj\/#primaryimage\"},\"image\":{\"@id\":\"https:\/\/www.noticiasradioreflejos.com.ar\/2021\/sergio-bordoni-sigo-trabajando-para-unir-al-pj\/#primaryimage\"},\"thumbnailUrl\":\"https:\/\/www.noticiasradioreflejos.com.ar\/2021\/wp-content\/uploads\/2023\/10\/NIK_4567-scaled.jpg\",\"datePublished\":\"2023-10-23T18:21:15+00:00\",\"dateModified\":\"2023-10-23T18:21:16+00:00\",\"author\":{\"@id\":\"https:\/\/www.noticiasradioreflejos.com.ar\/2021\/#\/schema\/person\/ad82545263dcc5ec0996818884fd5fb1\"},\"breadcrumb\":{\"@id\":\"https:\/\/www.noticiasradioreflejos.com.ar\/2021\/sergio-bordoni-sigo-trabajando-para-unir-al-pj\/#breadcrumb\"},\"inLanguage\":\"es\",\"potentialAction\":[{\"@type\":\"ReadAction\",\"target\":[\"https:\/\/www.noticiasradioreflejos.com.ar\/2021\/sergio-bordoni-sigo-trabajando-para-unir-al-pj\/\"]}]},{\"@type\":\"ImageObject\",\"inLanguage\":\"es\",\"@id\":\"https:\/\/www.noticiasradioreflejos.com.ar\/2021\/sergio-bordoni-sigo-trabajando-para-unir-al-pj\/#primaryimage\",\"url\":\"https:\/\/www.noticiasradioreflejos.com.ar\/2021\/wp-content\/uploads\/2023\/10\/NIK_4567-scaled.jpg\",\"contentUrl\":\"https:\/\/www.noticiasradioreflejos.com.ar\/2021\/wp-content\/uploads\/2023\/10\/NIK_4567-scaled.jpg\",\"width\":2560,\"height\":1766},{\"@type\":\"BreadcrumbList\",\"@id\":\"https:\/\/www.noticiasradioreflejos.com.ar\/2021\/sergio-bordoni-sigo-trabajando-para-unir-al-pj\/#breadcrumb\",\"itemListElement\":[{\"@type\":\"ListItem\",\"position\":1,\"name\":\"Portada\",\"item\":\"https:\/\/www.noticiasradioreflejos.com.ar\/2021\/\"},{\"@type\":\"ListItem\",\"position\":2,\"name\":\"Sergio Bordoni: \u201cSigo trabajando para unir al PJ\u201d\"}]},{\"@type\":\"WebSite\",\"@id\":\"https:\/\/www.noticiasradioreflejos.com.ar\/2021\/#website\",\"url\":\"https:\/\/www.noticiasradioreflejos.com.ar\/2021\/\",\"name\":\"Noticias Radio Reflejos\",\"description\":\"Las noticias de mi comarca\",\"potentialAction\":[{\"@type\":\"SearchAction\",\"target\":{\"@type\":\"EntryPoint\",\"urlTemplate\":\"https:\/\/www.noticiasradioreflejos.com.ar\/2021\/?s={search_term_string}\"},\"query-input\":{\"@type\":\"PropertyValueSpecification\",\"valueRequired\":true,\"valueName\":\"search_term_string\"}}],\"inLanguage\":\"es\"},{\"@type\":\"Person\",\"@id\":\"https:\/\/www.noticiasradioreflejos.com.ar\/2021\/#\/schema\/person\/ad82545263dcc5ec0996818884fd5fb1\",\"name\":\"Arnaldo Botto\",\"image\":{\"@type\":\"ImageObject\",\"inLanguage\":\"es\",\"@id\":\"https:\/\/www.noticiasradioreflejos.com.ar\/2021\/#\/schema\/person\/image\/\",\"url\":\"https:\/\/secure.gravatar.com\/avatar\/55cb5e37c1efa326397366e6974cb338056df65cb50e7d64d1cf314e87504837?s=96&d=mm&r=g\",\"contentUrl\":\"https:\/\/secure.gravatar.com\/avatar\/55cb5e37c1efa326397366e6974cb338056df65cb50e7d64d1cf314e87504837?s=96&d=mm&r=g\",\"caption\":\"Arnaldo Botto\"},\"url\":\"https:\/\/www.noticiasradioreflejos.com.ar\/2021\/author\/arnaldo\/\"}]}<\/script>\n<!-- \/ Yoast SEO plugin. -->","yoast_head_json":{"title":"Sergio Bordoni: \u201cSigo trabajando para unir al PJ\u201d - Noticias Radio Reflejos","robots":{"index":"index","follow":"follow","max-snippet":"max-snippet:-1","max-image-preview":"max-image-preview:large","max-video-preview":"max-video-preview:-1"},"canonical":"https:\/\/www.noticiasradioreflejos.com.ar\/2021\/sergio-bordoni-sigo-trabajando-para-unir-al-pj\/","og_locale":"es_ES","og_type":"article","og_title":"Sergio Bordoni: \u201cSigo trabajando para unir al PJ\u201d - Noticias Radio Reflejos","og_description":"El intendente reelecto se mostr\u00f3 feliz por el resultado de los comicios. \u201cNo nos esper\u00e1bamos el resultado en Sierra\u201d asegur\u00f3.","og_url":"https:\/\/www.noticiasradioreflejos.com.ar\/2021\/sergio-bordoni-sigo-trabajando-para-unir-al-pj\/","og_site_name":"Noticias Radio Reflejos","article_published_time":"2023-10-23T18:21:15+00:00","article_modified_time":"2023-10-23T18:21:16+00:00","og_image":[{"width":2560,"height":1766,"url":"https:\/\/www.noticiasradioreflejos.com.ar\/2021\/wp-content\/uploads\/2023\/10\/NIK_4567-scaled.jpg","type":"image\/jpeg"}],"author":"Arnaldo Botto","twitter_card":"summary_large_image","schema":{"@context":"https:\/\/schema.org","@graph":[{"@type":"WebPage","@id":"https:\/\/www.noticiasradioreflejos.com.ar\/2021\/sergio-bordoni-sigo-trabajando-para-unir-al-pj\/","url":"https:\/\/www.noticiasradioreflejos.com.ar\/2021\/sergio-bordoni-sigo-trabajando-para-unir-al-pj\/","name":"Sergio Bordoni: \u201cSigo trabajando para unir al PJ\u201d - Noticias Radio Reflejos","isPartOf":{"@id":"https:\/\/www.noticiasradioreflejos.com.ar\/2021\/#website"},"primaryImageOfPage":{"@id":"https:\/\/www.noticiasradioreflejos.com.ar\/2021\/sergio-bordoni-sigo-trabajando-para-unir-al-pj\/#primaryimage"},"image":{"@id":"https:\/\/www.noticiasradioreflejos.com.ar\/2021\/sergio-bordoni-sigo-trabajando-para-unir-al-pj\/#primaryimage"},"thumbnailUrl":"https:\/\/www.noticiasradioreflejos.com.ar\/2021\/wp-content\/uploads\/2023\/10\/NIK_4567-scaled.jpg","datePublished":"2023-10-23T18:21:15+00:00","dateModified":"2023-10-23T18:21:16+00:00","author":{"@id":"https:\/\/www.noticiasradioreflejos.com.ar\/2021\/#\/schema\/person\/ad82545263dcc5ec0996818884fd5fb1"},"breadcrumb":{"@id":"https:\/\/www.noticiasradioreflejos.com.ar\/2021\/sergio-bordoni-sigo-trabajando-para-unir-al-pj\/#breadcrumb"},"inLanguage":"es","potentialAction":[{"@type":"ReadAction","target":["https:\/\/www.noticiasradioreflejos.com.ar\/2021\/sergio-bordoni-sigo-trabajando-para-unir-al-pj\/"]}]},{"@type":"ImageObject","inLanguage":"es","@id":"https:\/\/www.noticiasradioreflejos.com.ar\/2021\/sergio-bordoni-sigo-trabajando-para-unir-al-pj\/#primaryimage","url":"https:\/\/www.noticiasradioreflejos.com.ar\/2021\/wp-content\/uploads\/2023\/10\/NIK_4567-scaled.jpg","contentUrl":"https:\/\/www.noticiasradioreflejos.com.ar\/2021\/wp-content\/uploads\/2023\/10\/NIK_4567-scaled.jpg","width":2560,"height":1766},{"@type":"BreadcrumbList","@id":"https:\/\/www.noticiasradioreflejos.com.ar\/2021\/sergio-bordoni-sigo-trabajando-para-unir-al-pj\/#breadcrumb","itemListElement":[{"@type":"ListItem","position":1,"name":"Portada","item":"https:\/\/www.noticiasradioreflejos.com.ar\/2021\/"},{"@type":"ListItem","position":2,"name":"Sergio Bordoni: \u201cSigo trabajando para unir al PJ\u201d"}]},{"@type":"WebSite","@id":"https:\/\/www.noticiasradioreflejos.com.ar\/2021\/#website","url":"https:\/\/www.noticiasradioreflejos.com.ar\/2021\/","name":"Noticias Radio Reflejos","description":"Las noticias de mi comarca","potentialAction":[{"@type":"SearchAction","target":{"@type":"EntryPoint","urlTemplate":"https:\/\/www.noticiasradioreflejos.com.ar\/2021\/?s={search_term_string}"},"query-input":{"@type":"PropertyValueSpecification","valueRequired":true,"valueName":"search_term_string"}}],"inLanguage":"es"},{"@type":"Person","@id":"https:\/\/www.noticiasradioreflejos.com.ar\/2021\/#\/schema\/person\/ad82545263dcc5ec0996818884fd5fb1","name":"Arnaldo Botto","image":{"@type":"ImageObject","inLanguage":"es","@id":"https:\/\/www.noticiasradioreflejos.com.ar\/2021\/#\/schema\/person\/image\/","url":"https:\/\/secure.gravatar.com\/avatar\/55cb5e37c1efa326397366e6974cb338056df65cb50e7d64d1cf314e87504837?s=96&d=mm&r=g","contentUrl":"https:\/\/secure.gravatar.com\/avatar\/55cb5e37c1efa326397366e6974cb338056df65cb50e7d64d1cf314e87504837?s=96&d=mm&r=g","caption":"Arnaldo Botto"},"url":"https:\/\/www.noticiasradioreflejos.com.ar\/2021\/author\/arnaldo\/"}]}},"_links":{"self":[{"href":"https:\/\/www.noticiasradioreflejos.com.ar\/2021\/wp-json\/wp\/v2\/posts\/94300","targetHints":{"allow":["GET"]}}],"collection":[{"href":"https:\/\/www.noticiasradioreflejos.com.ar\/2021\/wp-json\/wp\/v2\/posts"}],"about":[{"href":"https:\/\/www.noticiasradioreflejos.com.ar\/2021\/wp-json\/wp\/v2\/types\/post"}],"author":[{"embeddable":true,"href":"https:\/\/www.noticiasradioreflejos.com.ar\/2021\/wp-json\/wp\/v2\/users\/3"}],"replies":[{"embeddable":true,"href":"https:\/\/www.noticiasradioreflejos.com.ar\/2021\/wp-json\/wp\/v2\/comments?post=94300"}],"version-history":[{"count":4,"href":"https:\/\/www.noticiasradioreflejos.com.ar\/2021\/wp-json\/wp\/v2\/posts\/94300\/revisions"}],"predecessor-version":[{"id":94325,"href":"https:\/\/www.noticiasradioreflejos.com.ar\/2021\/wp-json\/wp\/v2\/posts\/94300\/revisions\/94325"}],"wp:featuredmedia":[{"embeddable":true,"href":"https:\/\/www.noticiasradioreflejos.com.ar\/2021\/wp-json\/wp\/v2\/media\/94323"}],"wp:attachment":[{"href":"https:\/\/www.noticiasradioreflejos.com.ar\/2021\/wp-json\/wp\/v2\/media?parent=94300"}],"wp:term":[{"taxonomy":"category","embeddable":true,"href":"https:\/\/www.noticiasradioreflejos.com.ar\/2021\/wp-json\/wp\/v2\/categories?post=94300"},{"taxonomy":"post_tag","embeddable":true,"href":"https:\/\/www.noticiasradioreflejos.com.ar\/2021\/wp-json\/wp\/v2\/tags?post=94300"}],"curies":[{"name":"wp","href":"https:\/\/api.w.org\/{rel}","templated":true}]}}