{"id":94277,"date":"2023-10-23T11:54:49","date_gmt":"2023-10-23T11:54:49","guid":{"rendered":"https:\/\/www.noticiasradioreflejos.com.ar\/2021\/?p=94277"},"modified":"2023-10-23T11:54:49","modified_gmt":"2023-10-23T11:54:49","slug":"schiaretti-duplico-sus-votos-y-logro-tres-diputados-nacionales","status":"publish","type":"post","link":"https:\/\/www.noticiasradioreflejos.com.ar\/2021\/schiaretti-duplico-sus-votos-y-logro-tres-diputados-nacionales\/","title":{"rendered":"Schiaretti duplic\u00f3 sus votos y logr\u00f2 tres diputados nacionales"},"content":{"rendered":"<p>El gobernador de C\u00f3rdoba y candidato presidencial de Hacemos por Nuestro Pa\u00eds, Juan Schiaretti, obtuvo hoy el 6,86 por ciento de los votos en las Elecciones Nacionales y qued\u00f3 en cuarto lugar, al tiempo que felicit\u00f3 a los dos candidatos que competir\u00e1n en el balotaje, tras conocerse los resultados oficiales.<!--more--><\/p>\n<p>La f\u00f3rmula integrada por Schiaretti y Florencio Randazzo casi duplic\u00f3 el resultado de las PASO, ya que hab\u00edan obtenido un 3,83 por ciento.<\/p>\n<p>Con el 95,54 por ciento de las mesas escrutadas el gobernador cordob\u00e9s obtuvo un total de 1.754.307 de votos.<\/p>\n<p>Adem\u00e1s, Hacemos por Nuestro Pa\u00eds logr\u00f3 tres bancas de diputados nacionales, dos m\u00e1s de las que hab\u00edan arrojado los resultados de agosto pasado.<\/p>\n<p>\u00abQuiero agradecer a los cordobeses que me apoyaron y apoyaron el modelo de gesti\u00f3n C\u00f3rdoba que nos permite de pasar de un diputado a tres diputados. Hicimos una diputaci\u00f3n en juego y ganamos tres y quiero decirles tambi\u00e9n que nuestra coalici\u00f3n en el orden nacional expreso el federalismo. Fuimos las voces del interior productivo, con Florencio Randazzo que es de Chivilcoy y yo desde aqu\u00ed, desde nuestra C\u00f3rdoba. Gracias Florencio\u00bb, dijo el gobernador desde el Hotel Qu\u00f3rum de la capital cordobesa.<\/p>\n<p>Si bien Schiaretti felicit\u00f3 a los candidatos Sergio Massa y Javier Milei por lograr llegar al balotaje, antes de hacerlo, sostuvo: \u00abNadie va a tener una mayor\u00eda n\u00edtida en el Congreso, y ah\u00ed estaremos nosotros, junto a otros fuerzas planteando la Agenda Federal. Ahora que nadie tiene mayor\u00eda, va a ser la hora de que nos juntemos aquellos que queremos federalismo en serio y desde el Congreso planteemos esta Agenda Federal\u00bb.<\/p>\n<p>\u00abYa no podr\u00e1n ignorar las demandas de federalismo, del interior de la patria. Ning\u00fan gobierno podr\u00e1 ignorarlo. Y nosotros estaremos siempre all\u00ed, con los cinco diputados cordobeses, m\u00e1s otros diputados del interior, m\u00e1s los de CABA y de Provincia de Buenos Aires que se sumen, planteando esta Agenda Federal\u00bb, agreg\u00f3 Schiaretti.<\/p>\n<p>Antes de finalizar su discurso, \u00abel Gringo\u00bb, como lo llaman, se\u00f1al\u00f3: \u00abQueremos felicitar a los dos candidatos que van a competir en el balotaje. Felicito a Sergio Massa y a Javier Mieli porque uno de ellos ser\u00e1 el presidente de nuestra Argentina\u00bb.<\/p>\n","protected":false},"excerpt":{"rendered":"<p>El gobernador de C\u00f3rdoba y candidato presidencial de Hacemos por Nuestro Pa\u00eds, Juan Schiaretti, obtuvo hoy el 6,86 por ciento de los votos en las Elecciones Nacionales y qued\u00f3 en cuarto lugar, al tiempo que felicit\u00f3 a los dos candidatos que competir\u00e1n en el balotaje, tras conocerse los resultados oficiales.<\/p>\n","protected":false},"author":3,"featured_media":94278,"comment_status":"closed","ping_status":"closed","sticky":false,"template":"","format":"standard","meta":{"footnotes":""},"categories":[24],"tags":[],"class_list":["post-94277","post","type-post","status-publish","format-standard","has-post-thumbnail","hentry","category-politica"],"yoast_head":"<!-- This site is optimized with the Yoast SEO plugin v25.9 - https:\/\/yoast.com\/wordpress\/plugins\/seo\/ -->\n<title>Schiaretti duplic\u00f3 sus votos y logr\u00f2 tres diputados nacionales - Noticias Radio Reflejos<\/title>\n<meta name=\"robots\" content=\"index, follow, max-snippet:-1, max-image-preview:large, max-video-preview:-1\" \/>\n<link rel=\"canonical\" href=\"https:\/\/www.noticiasradioreflejos.com.ar\/2021\/schiaretti-duplico-sus-votos-y-logro-tres-diputados-nacionales\/\" \/>\n<meta property=\"og:locale\" content=\"es_ES\" \/>\n<meta property=\"og:type\" content=\"article\" \/>\n<meta property=\"og:title\" content=\"Schiaretti duplic\u00f3 sus votos y logr\u00f2 tres diputados nacionales - Noticias Radio Reflejos\" \/>\n<meta property=\"og:description\" content=\"El gobernador de C\u00f3rdoba y candidato presidencial de Hacemos por Nuestro Pa\u00eds, Juan Schiaretti, obtuvo hoy el 6,86 por ciento de los votos en las Elecciones Nacionales y qued\u00f3 en cuarto lugar, al tiempo que felicit\u00f3 a los dos candidatos que competir\u00e1n en el balotaje, tras conocerse los resultados oficiales.\" \/>\n<meta property=\"og:url\" content=\"https:\/\/www.noticiasradioreflejos.com.ar\/2021\/schiaretti-duplico-sus-votos-y-logro-tres-diputados-nacionales\/\" \/>\n<meta property=\"og:site_name\" content=\"Noticias Radio Reflejos\" \/>\n<meta property=\"article:published_time\" content=\"2023-10-23T11:54:49+00:00\" \/>\n<meta property=\"og:image\" content=\"https:\/\/www.noticiasradioreflejos.com.ar\/2021\/wp-content\/uploads\/2023\/10\/schiarra.jpg_1599.jpg\" \/>\n\t<meta property=\"og:image:width\" content=\"1599\" \/>\n\t<meta property=\"og:image:height\" content=\"1066\" \/>\n\t<meta property=\"og:image:type\" content=\"image\/jpeg\" \/>\n<meta name=\"author\" content=\"Arnaldo Botto\" \/>\n<meta name=\"twitter:card\" content=\"summary_large_image\" \/>\n<script type=\"application\/ld+json\" class=\"yoast-schema-graph\">{\"@context\":\"https:\/\/schema.org\",\"@graph\":[{\"@type\":\"WebPage\",\"@id\":\"https:\/\/www.noticiasradioreflejos.com.ar\/2021\/schiaretti-duplico-sus-votos-y-logro-tres-diputados-nacionales\/\",\"url\":\"https:\/\/www.noticiasradioreflejos.com.ar\/2021\/schiaretti-duplico-sus-votos-y-logro-tres-diputados-nacionales\/\",\"name\":\"Schiaretti duplic\u00f3 sus votos y logr\u00f2 tres diputados nacionales - Noticias Radio Reflejos\",\"isPartOf\":{\"@id\":\"https:\/\/www.noticiasradioreflejos.com.ar\/2021\/#website\"},\"primaryImageOfPage\":{\"@id\":\"https:\/\/www.noticiasradioreflejos.com.ar\/2021\/schiaretti-duplico-sus-votos-y-logro-tres-diputados-nacionales\/#primaryimage\"},\"image\":{\"@id\":\"https:\/\/www.noticiasradioreflejos.com.ar\/2021\/schiaretti-duplico-sus-votos-y-logro-tres-diputados-nacionales\/#primaryimage\"},\"thumbnailUrl\":\"https:\/\/www.noticiasradioreflejos.com.ar\/2021\/wp-content\/uploads\/2023\/10\/schiarra.jpg_1599.jpg\",\"datePublished\":\"2023-10-23T11:54:49+00:00\",\"author\":{\"@id\":\"https:\/\/www.noticiasradioreflejos.com.ar\/2021\/#\/schema\/person\/ad82545263dcc5ec0996818884fd5fb1\"},\"breadcrumb\":{\"@id\":\"https:\/\/www.noticiasradioreflejos.com.ar\/2021\/schiaretti-duplico-sus-votos-y-logro-tres-diputados-nacionales\/#breadcrumb\"},\"inLanguage\":\"es\",\"potentialAction\":[{\"@type\":\"ReadAction\",\"target\":[\"https:\/\/www.noticiasradioreflejos.com.ar\/2021\/schiaretti-duplico-sus-votos-y-logro-tres-diputados-nacionales\/\"]}]},{\"@type\":\"ImageObject\",\"inLanguage\":\"es\",\"@id\":\"https:\/\/www.noticiasradioreflejos.com.ar\/2021\/schiaretti-duplico-sus-votos-y-logro-tres-diputados-nacionales\/#primaryimage\",\"url\":\"https:\/\/www.noticiasradioreflejos.com.ar\/2021\/wp-content\/uploads\/2023\/10\/schiarra.jpg_1599.jpg\",\"contentUrl\":\"https:\/\/www.noticiasradioreflejos.com.ar\/2021\/wp-content\/uploads\/2023\/10\/schiarra.jpg_1599.jpg\",\"width\":1599,\"height\":1066},{\"@type\":\"BreadcrumbList\",\"@id\":\"https:\/\/www.noticiasradioreflejos.com.ar\/2021\/schiaretti-duplico-sus-votos-y-logro-tres-diputados-nacionales\/#breadcrumb\",\"itemListElement\":[{\"@type\":\"ListItem\",\"position\":1,\"name\":\"Portada\",\"item\":\"https:\/\/www.noticiasradioreflejos.com.ar\/2021\/\"},{\"@type\":\"ListItem\",\"position\":2,\"name\":\"Schiaretti duplic\u00f3 sus votos y logr\u00f2 tres diputados nacionales\"}]},{\"@type\":\"WebSite\",\"@id\":\"https:\/\/www.noticiasradioreflejos.com.ar\/2021\/#website\",\"url\":\"https:\/\/www.noticiasradioreflejos.com.ar\/2021\/\",\"name\":\"Noticias Radio Reflejos\",\"description\":\"Las noticias de mi comarca\",\"potentialAction\":[{\"@type\":\"SearchAction\",\"target\":{\"@type\":\"EntryPoint\",\"urlTemplate\":\"https:\/\/www.noticiasradioreflejos.com.ar\/2021\/?s={search_term_string}\"},\"query-input\":{\"@type\":\"PropertyValueSpecification\",\"valueRequired\":true,\"valueName\":\"search_term_string\"}}],\"inLanguage\":\"es\"},{\"@type\":\"Person\",\"@id\":\"https:\/\/www.noticiasradioreflejos.com.ar\/2021\/#\/schema\/person\/ad82545263dcc5ec0996818884fd5fb1\",\"name\":\"Arnaldo Botto\",\"image\":{\"@type\":\"ImageObject\",\"inLanguage\":\"es\",\"@id\":\"https:\/\/www.noticiasradioreflejos.com.ar\/2021\/#\/schema\/person\/image\/\",\"url\":\"https:\/\/secure.gravatar.com\/avatar\/55cb5e37c1efa326397366e6974cb338056df65cb50e7d64d1cf314e87504837?s=96&d=mm&r=g\",\"contentUrl\":\"https:\/\/secure.gravatar.com\/avatar\/55cb5e37c1efa326397366e6974cb338056df65cb50e7d64d1cf314e87504837?s=96&d=mm&r=g\",\"caption\":\"Arnaldo Botto\"},\"url\":\"https:\/\/www.noticiasradioreflejos.com.ar\/2021\/author\/arnaldo\/\"}]}<\/script>\n<!-- \/ Yoast SEO plugin. -->","yoast_head_json":{"title":"Schiaretti duplic\u00f3 sus votos y logr\u00f2 tres diputados nacionales - Noticias Radio Reflejos","robots":{"index":"index","follow":"follow","max-snippet":"max-snippet:-1","max-image-preview":"max-image-preview:large","max-video-preview":"max-video-preview:-1"},"canonical":"https:\/\/www.noticiasradioreflejos.com.ar\/2021\/schiaretti-duplico-sus-votos-y-logro-tres-diputados-nacionales\/","og_locale":"es_ES","og_type":"article","og_title":"Schiaretti duplic\u00f3 sus votos y logr\u00f2 tres diputados nacionales - Noticias Radio Reflejos","og_description":"El gobernador de C\u00f3rdoba y candidato presidencial de Hacemos por Nuestro Pa\u00eds, Juan Schiaretti, obtuvo hoy el 6,86 por ciento de los votos en las Elecciones Nacionales y qued\u00f3 en cuarto lugar, al tiempo que felicit\u00f3 a los dos candidatos que competir\u00e1n en el balotaje, tras conocerse los resultados oficiales.","og_url":"https:\/\/www.noticiasradioreflejos.com.ar\/2021\/schiaretti-duplico-sus-votos-y-logro-tres-diputados-nacionales\/","og_site_name":"Noticias Radio Reflejos","article_published_time":"2023-10-23T11:54:49+00:00","og_image":[{"width":1599,"height":1066,"url":"https:\/\/www.noticiasradioreflejos.com.ar\/2021\/wp-content\/uploads\/2023\/10\/schiarra.jpg_1599.jpg","type":"image\/jpeg"}],"author":"Arnaldo Botto","twitter_card":"summary_large_image","schema":{"@context":"https:\/\/schema.org","@graph":[{"@type":"WebPage","@id":"https:\/\/www.noticiasradioreflejos.com.ar\/2021\/schiaretti-duplico-sus-votos-y-logro-tres-diputados-nacionales\/","url":"https:\/\/www.noticiasradioreflejos.com.ar\/2021\/schiaretti-duplico-sus-votos-y-logro-tres-diputados-nacionales\/","name":"Schiaretti duplic\u00f3 sus votos y logr\u00f2 tres diputados nacionales - Noticias Radio Reflejos","isPartOf":{"@id":"https:\/\/www.noticiasradioreflejos.com.ar\/2021\/#website"},"primaryImageOfPage":{"@id":"https:\/\/www.noticiasradioreflejos.com.ar\/2021\/schiaretti-duplico-sus-votos-y-logro-tres-diputados-nacionales\/#primaryimage"},"image":{"@id":"https:\/\/www.noticiasradioreflejos.com.ar\/2021\/schiaretti-duplico-sus-votos-y-logro-tres-diputados-nacionales\/#primaryimage"},"thumbnailUrl":"https:\/\/www.noticiasradioreflejos.com.ar\/2021\/wp-content\/uploads\/2023\/10\/schiarra.jpg_1599.jpg","datePublished":"2023-10-23T11:54:49+00:00","author":{"@id":"https:\/\/www.noticiasradioreflejos.com.ar\/2021\/#\/schema\/person\/ad82545263dcc5ec0996818884fd5fb1"},"breadcrumb":{"@id":"https:\/\/www.noticiasradioreflejos.com.ar\/2021\/schiaretti-duplico-sus-votos-y-logro-tres-diputados-nacionales\/#breadcrumb"},"inLanguage":"es","potentialAction":[{"@type":"ReadAction","target":["https:\/\/www.noticiasradioreflejos.com.ar\/2021\/schiaretti-duplico-sus-votos-y-logro-tres-diputados-nacionales\/"]}]},{"@type":"ImageObject","inLanguage":"es","@id":"https:\/\/www.noticiasradioreflejos.com.ar\/2021\/schiaretti-duplico-sus-votos-y-logro-tres-diputados-nacionales\/#primaryimage","url":"https:\/\/www.noticiasradioreflejos.com.ar\/2021\/wp-content\/uploads\/2023\/10\/schiarra.jpg_1599.jpg","contentUrl":"https:\/\/www.noticiasradioreflejos.com.ar\/2021\/wp-content\/uploads\/2023\/10\/schiarra.jpg_1599.jpg","width":1599,"height":1066},{"@type":"BreadcrumbList","@id":"https:\/\/www.noticiasradioreflejos.com.ar\/2021\/schiaretti-duplico-sus-votos-y-logro-tres-diputados-nacionales\/#breadcrumb","itemListElement":[{"@type":"ListItem","position":1,"name":"Portada","item":"https:\/\/www.noticiasradioreflejos.com.ar\/2021\/"},{"@type":"ListItem","position":2,"name":"Schiaretti duplic\u00f3 sus votos y logr\u00f2 tres diputados nacionales"}]},{"@type":"WebSite","@id":"https:\/\/www.noticiasradioreflejos.com.ar\/2021\/#website","url":"https:\/\/www.noticiasradioreflejos.com.ar\/2021\/","name":"Noticias Radio Reflejos","description":"Las noticias de mi comarca","potentialAction":[{"@type":"SearchAction","target":{"@type":"EntryPoint","urlTemplate":"https:\/\/www.noticiasradioreflejos.com.ar\/2021\/?s={search_term_string}"},"query-input":{"@type":"PropertyValueSpecification","valueRequired":true,"valueName":"search_term_string"}}],"inLanguage":"es"},{"@type":"Person","@id":"https:\/\/www.noticiasradioreflejos.com.ar\/2021\/#\/schema\/person\/ad82545263dcc5ec0996818884fd5fb1","name":"Arnaldo Botto","image":{"@type":"ImageObject","inLanguage":"es","@id":"https:\/\/www.noticiasradioreflejos.com.ar\/2021\/#\/schema\/person\/image\/","url":"https:\/\/secure.gravatar.com\/avatar\/55cb5e37c1efa326397366e6974cb338056df65cb50e7d64d1cf314e87504837?s=96&d=mm&r=g","contentUrl":"https:\/\/secure.gravatar.com\/avatar\/55cb5e37c1efa326397366e6974cb338056df65cb50e7d64d1cf314e87504837?s=96&d=mm&r=g","caption":"Arnaldo Botto"},"url":"https:\/\/www.noticiasradioreflejos.com.ar\/2021\/author\/arnaldo\/"}]}},"_links":{"self":[{"href":"https:\/\/www.noticiasradioreflejos.com.ar\/2021\/wp-json\/wp\/v2\/posts\/94277","targetHints":{"allow":["GET"]}}],"collection":[{"href":"https:\/\/www.noticiasradioreflejos.com.ar\/2021\/wp-json\/wp\/v2\/posts"}],"about":[{"href":"https:\/\/www.noticiasradioreflejos.com.ar\/2021\/wp-json\/wp\/v2\/types\/post"}],"author":[{"embeddable":true,"href":"https:\/\/www.noticiasradioreflejos.com.ar\/2021\/wp-json\/wp\/v2\/users\/3"}],"replies":[{"embeddable":true,"href":"https:\/\/www.noticiasradioreflejos.com.ar\/2021\/wp-json\/wp\/v2\/comments?post=94277"}],"version-history":[{"count":1,"href":"https:\/\/www.noticiasradioreflejos.com.ar\/2021\/wp-json\/wp\/v2\/posts\/94277\/revisions"}],"predecessor-version":[{"id":94279,"href":"https:\/\/www.noticiasradioreflejos.com.ar\/2021\/wp-json\/wp\/v2\/posts\/94277\/revisions\/94279"}],"wp:featuredmedia":[{"embeddable":true,"href":"https:\/\/www.noticiasradioreflejos.com.ar\/2021\/wp-json\/wp\/v2\/media\/94278"}],"wp:attachment":[{"href":"https:\/\/www.noticiasradioreflejos.com.ar\/2021\/wp-json\/wp\/v2\/media?parent=94277"}],"wp:term":[{"taxonomy":"category","embeddable":true,"href":"https:\/\/www.noticiasradioreflejos.com.ar\/2021\/wp-json\/wp\/v2\/categories?post=94277"},{"taxonomy":"post_tag","embeddable":true,"href":"https:\/\/www.noticiasradioreflejos.com.ar\/2021\/wp-json\/wp\/v2\/tags?post=94277"}],"curies":[{"name":"wp","href":"https:\/\/api.w.org\/{rel}","templated":true}]}}