{"id":94274,"date":"2023-10-23T11:48:36","date_gmt":"2023-10-23T11:48:36","guid":{"rendered":"https:\/\/www.noticiasradioreflejos.com.ar\/2021\/?p=94274"},"modified":"2023-10-23T11:48:36","modified_gmt":"2023-10-23T11:48:36","slug":"milei-convoco-para-el-balotaje-a-todos-los-sectores-que-quieran-sacar-al-kirchnerismo","status":"publish","type":"post","link":"https:\/\/www.noticiasradioreflejos.com.ar\/2021\/milei-convoco-para-el-balotaje-a-todos-los-sectores-que-quieran-sacar-al-kirchnerismo\/","title":{"rendered":"Milei convoc\u00f3 para el balotaje \u00aba todos los sectores que quieran sacar al kirchnerismo\u00bb"},"content":{"rendered":"<p>El candidato presidencial de La Libertad Avanza (LLA), Javier Milei, convoc\u00f3 hoy a \u00abtodos los sectores que quieran sacar al kirchnerismo\u00bb a ponerse del lado del espacio que encabeza de cara al balotaje que disputar\u00e1 el pr\u00f3ximo 19 de noviembre con el postulante de Uni\u00f3n por la Patria (UxP), Sergio Massa, quien fue el dirigente m\u00e1s votado en las elecciones generales de este domingo.<!--more--><\/p>\n<p>\u00abTodos los que quieran ponerse de nuestro lado para sacar al kirchnerismo son bienvenidos. Hubo mucha campa\u00f1a sucia, como nunca se hizo en Argentina. Llegamos hasta ac\u00e1. Ahora es tiempo de barajar y dar de nuevo para empezar una nueva etapa y dar la pelea\u00bb, se\u00f1al\u00f3 Milei a Radio Continental.<\/p>\n<p>Con el 98,51% de los votos escrutados, Massa result\u00f3 el candidato m\u00e1s votado en las elecciones generales de ayer al cosechar un 36,68% de los votos, mientras que Milei alcanz\u00f3 el segundo lugar con el 29,98% y Patricia Bullrich, de Juntos por el Cambio, sum\u00f3 23,83% de las voluntades emitidas.<\/p>\n<p>En clave de cosechar adhesiones de Juntos por el Cambio de cara a una segunda vuelta, Milei destac\u00f3 tambi\u00e9n la performance de Jorge Macri en la ciudad de Buenos Aires con su candidatura como jefe de Gobierno, donde si bien gan\u00f3 a\u00fan espera el escrutinio definitivo que determinar\u00e1 si accede al cargo en primera vuelta; y del exministro de Interior Rogelio Frigerio, quien fue elegido gobernador de Entre R\u00edos.<\/p>\n<p>\u00abTengo una buena relaci\u00f3n con Frigerio y Tambi\u00e9n con Jorge Macri (el primo del expresidente Mauricio Macri), que est\u00e1 dando en la ciudad de Buenos Aires la misma pelea que daremos nosotros en las elecciones generales. De ac\u00e1 para adelante, nosotros tenemos todo para crecer. Dos tercios de la poblaci\u00f3n no quiere m\u00e1s que el kirchnerismo gobierne Argentina\u00bb, remarc\u00f3 el diputado nacional de LLA.<\/p>\n<p>En cuanto a los sondeos electorales que mostraban que pod\u00eda obtener un triunfo en los comicios de ayer, Milei prefiri\u00f3 tomar distancia y consider\u00f3 que las empresas que elaboran encuestas \u00abson tambi\u00e9n parte de la casta pol\u00edtica\u00bb, y evalu\u00f3 que los comicios mostraron que Massa alcanz\u00f3 su techo electoral.<\/p>\n<p>\u00bbNo tengo dudas que soy el candidato m\u00e1s pro mercado, no s\u00f3lo de ahora, sino de la historia Argentina. Al gobierno nacional lo \u00fanico que le importa es sostener el poder, y para eso est\u00e1n dispuestos a hacer lo que sea. De ac\u00e1 en m\u00e1s tenemos que crecer para llegar al balotaje\u00bb, remarc\u00f3 el candidato.<\/p><\/div>\n<p><!--more--><\/p>\n","protected":false},"excerpt":{"rendered":"<p>El candidato presidencial de La Libertad Avanza (LLA), Javier Milei, convoc\u00f3 hoy a \u00abtodos los sectores que quieran sacar al kirchnerismo\u00bb a ponerse del lado del espacio que encabeza de cara al balotaje que disputar\u00e1 el pr\u00f3ximo 19 de noviembre con el postulante de Uni\u00f3n por la Patria (UxP), Sergio Massa, quien fue el dirigente [&hellip;]<\/p>\n","protected":false},"author":3,"featured_media":0,"comment_status":"closed","ping_status":"closed","sticky":false,"template":"","format":"standard","meta":{"footnotes":""},"categories":[24],"tags":[],"class_list":["post-94274","post","type-post","status-publish","format-standard","hentry","category-politica"],"yoast_head":"<!-- This site is optimized with the Yoast SEO plugin v25.9 - https:\/\/yoast.com\/wordpress\/plugins\/seo\/ -->\n<title>Milei convoc\u00f3 para el balotaje &quot;a todos los sectores que quieran sacar al kirchnerismo&quot; - Noticias Radio Reflejos<\/title>\n<meta name=\"robots\" content=\"index, follow, max-snippet:-1, max-image-preview:large, max-video-preview:-1\" \/>\n<link rel=\"canonical\" href=\"https:\/\/www.noticiasradioreflejos.com.ar\/2021\/milei-convoco-para-el-balotaje-a-todos-los-sectores-que-quieran-sacar-al-kirchnerismo\/\" \/>\n<meta property=\"og:locale\" content=\"es_ES\" \/>\n<meta property=\"og:type\" content=\"article\" \/>\n<meta property=\"og:title\" content=\"Milei convoc\u00f3 para el balotaje &quot;a todos los sectores que quieran sacar al kirchnerismo&quot; - Noticias Radio Reflejos\" \/>\n<meta property=\"og:description\" content=\"El candidato presidencial de La Libertad Avanza (LLA), Javier Milei, convoc\u00f3 hoy a \u00abtodos los sectores que quieran sacar al kirchnerismo\u00bb a ponerse del lado del espacio que encabeza de cara al balotaje que disputar\u00e1 el pr\u00f3ximo 19 de noviembre con el postulante de Uni\u00f3n por la Patria (UxP), Sergio Massa, quien fue el dirigente [&hellip;]\" \/>\n<meta property=\"og:url\" content=\"https:\/\/www.noticiasradioreflejos.com.ar\/2021\/milei-convoco-para-el-balotaje-a-todos-los-sectores-que-quieran-sacar-al-kirchnerismo\/\" \/>\n<meta property=\"og:site_name\" content=\"Noticias Radio Reflejos\" \/>\n<meta property=\"article:published_time\" content=\"2023-10-23T11:48:36+00:00\" \/>\n<meta property=\"og:image\" content=\"https:\/\/www.noticiasradioreflejos.com.ar\/2021\/wp-content\/uploads\/2021\/07\/logosol300x200.png\" \/>\n\t<meta property=\"og:image:width\" content=\"300\" \/>\n\t<meta property=\"og:image:height\" content=\"200\" \/>\n\t<meta property=\"og:image:type\" content=\"image\/png\" \/>\n<meta name=\"author\" content=\"Arnaldo Botto\" \/>\n<meta name=\"twitter:card\" content=\"summary_large_image\" \/>\n<script type=\"application\/ld+json\" class=\"yoast-schema-graph\">{\"@context\":\"https:\/\/schema.org\",\"@graph\":[{\"@type\":\"WebPage\",\"@id\":\"https:\/\/www.noticiasradioreflejos.com.ar\/2021\/milei-convoco-para-el-balotaje-a-todos-los-sectores-que-quieran-sacar-al-kirchnerismo\/\",\"url\":\"https:\/\/www.noticiasradioreflejos.com.ar\/2021\/milei-convoco-para-el-balotaje-a-todos-los-sectores-que-quieran-sacar-al-kirchnerismo\/\",\"name\":\"Milei convoc\u00f3 para el balotaje \\\"a todos los sectores que quieran sacar al kirchnerismo\\\" - Noticias Radio Reflejos\",\"isPartOf\":{\"@id\":\"https:\/\/www.noticiasradioreflejos.com.ar\/2021\/#website\"},\"datePublished\":\"2023-10-23T11:48:36+00:00\",\"author\":{\"@id\":\"https:\/\/www.noticiasradioreflejos.com.ar\/2021\/#\/schema\/person\/ad82545263dcc5ec0996818884fd5fb1\"},\"breadcrumb\":{\"@id\":\"https:\/\/www.noticiasradioreflejos.com.ar\/2021\/milei-convoco-para-el-balotaje-a-todos-los-sectores-que-quieran-sacar-al-kirchnerismo\/#breadcrumb\"},\"inLanguage\":\"es\",\"potentialAction\":[{\"@type\":\"ReadAction\",\"target\":[\"https:\/\/www.noticiasradioreflejos.com.ar\/2021\/milei-convoco-para-el-balotaje-a-todos-los-sectores-que-quieran-sacar-al-kirchnerismo\/\"]}]},{\"@type\":\"BreadcrumbList\",\"@id\":\"https:\/\/www.noticiasradioreflejos.com.ar\/2021\/milei-convoco-para-el-balotaje-a-todos-los-sectores-que-quieran-sacar-al-kirchnerismo\/#breadcrumb\",\"itemListElement\":[{\"@type\":\"ListItem\",\"position\":1,\"name\":\"Portada\",\"item\":\"https:\/\/www.noticiasradioreflejos.com.ar\/2021\/\"},{\"@type\":\"ListItem\",\"position\":2,\"name\":\"Milei convoc\u00f3 para el balotaje \u00aba todos los sectores que quieran sacar al kirchnerismo\u00bb\"}]},{\"@type\":\"WebSite\",\"@id\":\"https:\/\/www.noticiasradioreflejos.com.ar\/2021\/#website\",\"url\":\"https:\/\/www.noticiasradioreflejos.com.ar\/2021\/\",\"name\":\"Noticias Radio Reflejos\",\"description\":\"Las noticias de mi comarca\",\"potentialAction\":[{\"@type\":\"SearchAction\",\"target\":{\"@type\":\"EntryPoint\",\"urlTemplate\":\"https:\/\/www.noticiasradioreflejos.com.ar\/2021\/?s={search_term_string}\"},\"query-input\":{\"@type\":\"PropertyValueSpecification\",\"valueRequired\":true,\"valueName\":\"search_term_string\"}}],\"inLanguage\":\"es\"},{\"@type\":\"Person\",\"@id\":\"https:\/\/www.noticiasradioreflejos.com.ar\/2021\/#\/schema\/person\/ad82545263dcc5ec0996818884fd5fb1\",\"name\":\"Arnaldo Botto\",\"image\":{\"@type\":\"ImageObject\",\"inLanguage\":\"es\",\"@id\":\"https:\/\/www.noticiasradioreflejos.com.ar\/2021\/#\/schema\/person\/image\/\",\"url\":\"https:\/\/secure.gravatar.com\/avatar\/55cb5e37c1efa326397366e6974cb338056df65cb50e7d64d1cf314e87504837?s=96&d=mm&r=g\",\"contentUrl\":\"https:\/\/secure.gravatar.com\/avatar\/55cb5e37c1efa326397366e6974cb338056df65cb50e7d64d1cf314e87504837?s=96&d=mm&r=g\",\"caption\":\"Arnaldo Botto\"},\"url\":\"https:\/\/www.noticiasradioreflejos.com.ar\/2021\/author\/arnaldo\/\"}]}<\/script>\n<!-- \/ Yoast SEO plugin. -->","yoast_head_json":{"title":"Milei convoc\u00f3 para el balotaje \"a todos los sectores que quieran sacar al kirchnerismo\" - Noticias Radio Reflejos","robots":{"index":"index","follow":"follow","max-snippet":"max-snippet:-1","max-image-preview":"max-image-preview:large","max-video-preview":"max-video-preview:-1"},"canonical":"https:\/\/www.noticiasradioreflejos.com.ar\/2021\/milei-convoco-para-el-balotaje-a-todos-los-sectores-que-quieran-sacar-al-kirchnerismo\/","og_locale":"es_ES","og_type":"article","og_title":"Milei convoc\u00f3 para el balotaje \"a todos los sectores que quieran sacar al kirchnerismo\" - Noticias Radio Reflejos","og_description":"El candidato presidencial de La Libertad Avanza (LLA), Javier Milei, convoc\u00f3 hoy a \u00abtodos los sectores que quieran sacar al kirchnerismo\u00bb a ponerse del lado del espacio que encabeza de cara al balotaje que disputar\u00e1 el pr\u00f3ximo 19 de noviembre con el postulante de Uni\u00f3n por la Patria (UxP), Sergio Massa, quien fue el dirigente [&hellip;]","og_url":"https:\/\/www.noticiasradioreflejos.com.ar\/2021\/milei-convoco-para-el-balotaje-a-todos-los-sectores-que-quieran-sacar-al-kirchnerismo\/","og_site_name":"Noticias Radio Reflejos","article_published_time":"2023-10-23T11:48:36+00:00","og_image":[{"width":300,"height":200,"url":"https:\/\/www.noticiasradioreflejos.com.ar\/2021\/wp-content\/uploads\/2021\/07\/logosol300x200.png","type":"image\/png"}],"author":"Arnaldo Botto","twitter_card":"summary_large_image","schema":{"@context":"https:\/\/schema.org","@graph":[{"@type":"WebPage","@id":"https:\/\/www.noticiasradioreflejos.com.ar\/2021\/milei-convoco-para-el-balotaje-a-todos-los-sectores-que-quieran-sacar-al-kirchnerismo\/","url":"https:\/\/www.noticiasradioreflejos.com.ar\/2021\/milei-convoco-para-el-balotaje-a-todos-los-sectores-que-quieran-sacar-al-kirchnerismo\/","name":"Milei convoc\u00f3 para el balotaje \"a todos los sectores que quieran sacar al kirchnerismo\" - Noticias Radio Reflejos","isPartOf":{"@id":"https:\/\/www.noticiasradioreflejos.com.ar\/2021\/#website"},"datePublished":"2023-10-23T11:48:36+00:00","author":{"@id":"https:\/\/www.noticiasradioreflejos.com.ar\/2021\/#\/schema\/person\/ad82545263dcc5ec0996818884fd5fb1"},"breadcrumb":{"@id":"https:\/\/www.noticiasradioreflejos.com.ar\/2021\/milei-convoco-para-el-balotaje-a-todos-los-sectores-que-quieran-sacar-al-kirchnerismo\/#breadcrumb"},"inLanguage":"es","potentialAction":[{"@type":"ReadAction","target":["https:\/\/www.noticiasradioreflejos.com.ar\/2021\/milei-convoco-para-el-balotaje-a-todos-los-sectores-que-quieran-sacar-al-kirchnerismo\/"]}]},{"@type":"BreadcrumbList","@id":"https:\/\/www.noticiasradioreflejos.com.ar\/2021\/milei-convoco-para-el-balotaje-a-todos-los-sectores-que-quieran-sacar-al-kirchnerismo\/#breadcrumb","itemListElement":[{"@type":"ListItem","position":1,"name":"Portada","item":"https:\/\/www.noticiasradioreflejos.com.ar\/2021\/"},{"@type":"ListItem","position":2,"name":"Milei convoc\u00f3 para el balotaje \u00aba todos los sectores que quieran sacar al kirchnerismo\u00bb"}]},{"@type":"WebSite","@id":"https:\/\/www.noticiasradioreflejos.com.ar\/2021\/#website","url":"https:\/\/www.noticiasradioreflejos.com.ar\/2021\/","name":"Noticias Radio Reflejos","description":"Las noticias de mi comarca","potentialAction":[{"@type":"SearchAction","target":{"@type":"EntryPoint","urlTemplate":"https:\/\/www.noticiasradioreflejos.com.ar\/2021\/?s={search_term_string}"},"query-input":{"@type":"PropertyValueSpecification","valueRequired":true,"valueName":"search_term_string"}}],"inLanguage":"es"},{"@type":"Person","@id":"https:\/\/www.noticiasradioreflejos.com.ar\/2021\/#\/schema\/person\/ad82545263dcc5ec0996818884fd5fb1","name":"Arnaldo Botto","image":{"@type":"ImageObject","inLanguage":"es","@id":"https:\/\/www.noticiasradioreflejos.com.ar\/2021\/#\/schema\/person\/image\/","url":"https:\/\/secure.gravatar.com\/avatar\/55cb5e37c1efa326397366e6974cb338056df65cb50e7d64d1cf314e87504837?s=96&d=mm&r=g","contentUrl":"https:\/\/secure.gravatar.com\/avatar\/55cb5e37c1efa326397366e6974cb338056df65cb50e7d64d1cf314e87504837?s=96&d=mm&r=g","caption":"Arnaldo Botto"},"url":"https:\/\/www.noticiasradioreflejos.com.ar\/2021\/author\/arnaldo\/"}]}},"_links":{"self":[{"href":"https:\/\/www.noticiasradioreflejos.com.ar\/2021\/wp-json\/wp\/v2\/posts\/94274","targetHints":{"allow":["GET"]}}],"collection":[{"href":"https:\/\/www.noticiasradioreflejos.com.ar\/2021\/wp-json\/wp\/v2\/posts"}],"about":[{"href":"https:\/\/www.noticiasradioreflejos.com.ar\/2021\/wp-json\/wp\/v2\/types\/post"}],"author":[{"embeddable":true,"href":"https:\/\/www.noticiasradioreflejos.com.ar\/2021\/wp-json\/wp\/v2\/users\/3"}],"replies":[{"embeddable":true,"href":"https:\/\/www.noticiasradioreflejos.com.ar\/2021\/wp-json\/wp\/v2\/comments?post=94274"}],"version-history":[{"count":1,"href":"https:\/\/www.noticiasradioreflejos.com.ar\/2021\/wp-json\/wp\/v2\/posts\/94274\/revisions"}],"predecessor-version":[{"id":94276,"href":"https:\/\/www.noticiasradioreflejos.com.ar\/2021\/wp-json\/wp\/v2\/posts\/94274\/revisions\/94276"}],"wp:attachment":[{"href":"https:\/\/www.noticiasradioreflejos.com.ar\/2021\/wp-json\/wp\/v2\/media?parent=94274"}],"wp:term":[{"taxonomy":"category","embeddable":true,"href":"https:\/\/www.noticiasradioreflejos.com.ar\/2021\/wp-json\/wp\/v2\/categories?post=94274"},{"taxonomy":"post_tag","embeddable":true,"href":"https:\/\/www.noticiasradioreflejos.com.ar\/2021\/wp-json\/wp\/v2\/tags?post=94274"}],"curies":[{"name":"wp","href":"https:\/\/api.w.org\/{rel}","templated":true}]}}