{"id":94271,"date":"2023-10-23T11:01:23","date_gmt":"2023-10-23T11:01:23","guid":{"rendered":"https:\/\/www.noticiasradioreflejos.com.ar\/2021\/?p=94271"},"modified":"2023-10-23T11:18:38","modified_gmt":"2023-10-23T11:18:38","slug":"federico-susbielles-de-union-por-la-patria-sera-el-nuevo-intendente-de-bahia-blanca","status":"publish","type":"post","link":"https:\/\/www.noticiasradioreflejos.com.ar\/2021\/federico-susbielles-de-union-por-la-patria-sera-el-nuevo-intendente-de-bahia-blanca\/","title":{"rendered":"Federico Susbielles, de Uni\u00f3n por la Patria, ser\u00e1 el nuevo intendente de Bah\u00eda Blanca"},"content":{"rendered":"<p>Susbielles ser\u00e1 el sucesor de H\u00e9ctor Gay, de Juntos por el Cambio, quien estuvo al frente del municipio durante ocho a\u00f1os.<!--more--><\/p>\n<p>El actual presidente del Consorcio de Gesti\u00f3n del Puerto de Bah\u00eda Blanca, Federico Susbielles (Uni\u00f3n por la Patria), se impon\u00eda esta noche con el 36,61% de los votos y es el intendente electo del partido de Bah\u00eda Blanca, el m\u00e1s grande de la Sexta Secci\u00f3n Electoral de la provincia de Buenos Aires.<\/p>\n<p>Susbielles ser\u00e1 el sucesor de H\u00e9ctor Gay, de Juntos por el Cambio, quien estuvo al frente del municipio durante ocho a\u00f1os.<\/p>\n<p>En segundo lugar se ubicaba el economista Oscar Liberman, de la Libertad Avanza, con 32,23% de los votos, mientras tercera quedaba la senadora provincial Nidia Moirano, de Juntos por el Cambio, con 25,22%.<\/p>\n<p>Pasadas las 21.40 la propia Moirano reconoci\u00f3 la derrota al indicar que \u00abfelicit\u00e9 a Susbielles porque los n\u00fameros lo dan ganador\u00bb.<\/p>\n<p>\u00abSeguiremos trabajando por la ciudad\u00bb, afirm\u00f3 Moirano, al indicar que se deja una ciudad \u00abordenada, transparente y esperemos que siga as\u00ed\u00bb.<\/p>\n<p>Liberman dijo que \u00abnos consolidamos como una nueva fuerza en Bah\u00eda Blanca\u00bb pese a los resultados y que \u00abno llegamos\u00bb y justific\u00f3: \u00abNo tenemos aparato, hicimos todo lo que hicimos a nuestro alcance\u00bb.<\/p>\n<p>El intendente electo expres\u00f3 que \u00abes un d\u00eda especial, se cumplen 40 a\u00f1os de democracia\u00bb.<\/p>\n<p>Susbielles agradeci\u00f3 a los vecinos y vecinas \u00abque expresaron lo que Bah\u00eda Blanca es: una ciudad de respeto, armon\u00eda, de buena convivencia y de siempre aceptar al que piensa distinto\u00bb.<\/p>\n<p>\u00abSobre esas bases vamos a construir Bah\u00eda Blanca\u00bb, agreg\u00f3, tras agradecer a su familia, a sus abuelos y a sus padres porque \u00abme formaron con valores muy firmes\u00bb.<\/p>\n<p>Susbielles, adem\u00e1s de haber sido jugador de b\u00e1squet, fue senador provincial por el Frente para la Victoria en 2015, y se desempe\u00f1o como presidente de la Confederaci\u00f3n Argentina de B\u00e0squetbol (CAB).<\/p>\n<p>En las elecciones del 2019 fue candidato a intendente y perdi\u00f3 con Gay, quien obtuvo la reelecci\u00f3n.<\/p>\n<p>Tras su paso por la CAB, Susbielles asumi\u00f3 el directorio del Consorcio de Gesti\u00f3n del Puerto de Bah\u00eda Blanca por pedido del gobernador Axel Kicillof.(Telam)<\/p>\n<p>Foto: La Nueva<\/p>\n","protected":false},"excerpt":{"rendered":"<p>Susbielles ser\u00e1 el sucesor de H\u00e9ctor Gay, de Juntos por el Cambio, quien estuvo al frente del municipio durante ocho a\u00f1os.<\/p>\n","protected":false},"author":3,"featured_media":94272,"comment_status":"closed","ping_status":"closed","sticky":false,"template":"","format":"standard","meta":{"footnotes":""},"categories":[24],"tags":[],"class_list":["post-94271","post","type-post","status-publish","format-standard","has-post-thumbnail","hentry","category-politica"],"yoast_head":"<!-- This site is optimized with the Yoast SEO plugin v25.9 - https:\/\/yoast.com\/wordpress\/plugins\/seo\/ -->\n<title>Federico Susbielles, de Uni\u00f3n por la Patria, ser\u00e1 el nuevo intendente de Bah\u00eda Blanca - Noticias Radio Reflejos<\/title>\n<meta name=\"robots\" content=\"index, follow, max-snippet:-1, max-image-preview:large, max-video-preview:-1\" \/>\n<link rel=\"canonical\" href=\"https:\/\/www.noticiasradioreflejos.com.ar\/2021\/federico-susbielles-de-union-por-la-patria-sera-el-nuevo-intendente-de-bahia-blanca\/\" \/>\n<meta property=\"og:locale\" content=\"es_ES\" \/>\n<meta property=\"og:type\" content=\"article\" \/>\n<meta property=\"og:title\" content=\"Federico Susbielles, de Uni\u00f3n por la Patria, ser\u00e1 el nuevo intendente de Bah\u00eda Blanca - Noticias Radio Reflejos\" \/>\n<meta property=\"og:description\" content=\"Susbielles ser\u00e1 el sucesor de H\u00e9ctor Gay, de Juntos por el Cambio, quien estuvo al frente del municipio durante ocho a\u00f1os.\" \/>\n<meta property=\"og:url\" content=\"https:\/\/www.noticiasradioreflejos.com.ar\/2021\/federico-susbielles-de-union-por-la-patria-sera-el-nuevo-intendente-de-bahia-blanca\/\" \/>\n<meta property=\"og:site_name\" content=\"Noticias Radio Reflejos\" \/>\n<meta property=\"article:published_time\" content=\"2023-10-23T11:01:23+00:00\" \/>\n<meta property=\"article:modified_time\" content=\"2023-10-23T11:18:38+00:00\" \/>\n<meta property=\"og:image\" content=\"https:\/\/www.noticiasradioreflejos.com.ar\/2021\/wp-content\/uploads\/2023\/10\/susbie.jpg_621.jpg\" \/>\n\t<meta property=\"og:image:width\" content=\"621\" \/>\n\t<meta property=\"og:image:height\" content=\"330\" \/>\n\t<meta property=\"og:image:type\" content=\"image\/jpeg\" \/>\n<meta name=\"author\" content=\"Arnaldo Botto\" \/>\n<meta name=\"twitter:card\" content=\"summary_large_image\" \/>\n<script type=\"application\/ld+json\" class=\"yoast-schema-graph\">{\"@context\":\"https:\/\/schema.org\",\"@graph\":[{\"@type\":\"WebPage\",\"@id\":\"https:\/\/www.noticiasradioreflejos.com.ar\/2021\/federico-susbielles-de-union-por-la-patria-sera-el-nuevo-intendente-de-bahia-blanca\/\",\"url\":\"https:\/\/www.noticiasradioreflejos.com.ar\/2021\/federico-susbielles-de-union-por-la-patria-sera-el-nuevo-intendente-de-bahia-blanca\/\",\"name\":\"Federico Susbielles, de Uni\u00f3n por la Patria, ser\u00e1 el nuevo intendente de Bah\u00eda Blanca - Noticias Radio Reflejos\",\"isPartOf\":{\"@id\":\"https:\/\/www.noticiasradioreflejos.com.ar\/2021\/#website\"},\"primaryImageOfPage\":{\"@id\":\"https:\/\/www.noticiasradioreflejos.com.ar\/2021\/federico-susbielles-de-union-por-la-patria-sera-el-nuevo-intendente-de-bahia-blanca\/#primaryimage\"},\"image\":{\"@id\":\"https:\/\/www.noticiasradioreflejos.com.ar\/2021\/federico-susbielles-de-union-por-la-patria-sera-el-nuevo-intendente-de-bahia-blanca\/#primaryimage\"},\"thumbnailUrl\":\"https:\/\/www.noticiasradioreflejos.com.ar\/2021\/wp-content\/uploads\/2023\/10\/susbie.jpg_621.jpg\",\"datePublished\":\"2023-10-23T11:01:23+00:00\",\"dateModified\":\"2023-10-23T11:18:38+00:00\",\"author\":{\"@id\":\"https:\/\/www.noticiasradioreflejos.com.ar\/2021\/#\/schema\/person\/ad82545263dcc5ec0996818884fd5fb1\"},\"breadcrumb\":{\"@id\":\"https:\/\/www.noticiasradioreflejos.com.ar\/2021\/federico-susbielles-de-union-por-la-patria-sera-el-nuevo-intendente-de-bahia-blanca\/#breadcrumb\"},\"inLanguage\":\"es\",\"potentialAction\":[{\"@type\":\"ReadAction\",\"target\":[\"https:\/\/www.noticiasradioreflejos.com.ar\/2021\/federico-susbielles-de-union-por-la-patria-sera-el-nuevo-intendente-de-bahia-blanca\/\"]}]},{\"@type\":\"ImageObject\",\"inLanguage\":\"es\",\"@id\":\"https:\/\/www.noticiasradioreflejos.com.ar\/2021\/federico-susbielles-de-union-por-la-patria-sera-el-nuevo-intendente-de-bahia-blanca\/#primaryimage\",\"url\":\"https:\/\/www.noticiasradioreflejos.com.ar\/2021\/wp-content\/uploads\/2023\/10\/susbie.jpg_621.jpg\",\"contentUrl\":\"https:\/\/www.noticiasradioreflejos.com.ar\/2021\/wp-content\/uploads\/2023\/10\/susbie.jpg_621.jpg\",\"width\":621,\"height\":330},{\"@type\":\"BreadcrumbList\",\"@id\":\"https:\/\/www.noticiasradioreflejos.com.ar\/2021\/federico-susbielles-de-union-por-la-patria-sera-el-nuevo-intendente-de-bahia-blanca\/#breadcrumb\",\"itemListElement\":[{\"@type\":\"ListItem\",\"position\":1,\"name\":\"Portada\",\"item\":\"https:\/\/www.noticiasradioreflejos.com.ar\/2021\/\"},{\"@type\":\"ListItem\",\"position\":2,\"name\":\"Federico Susbielles, de Uni\u00f3n por la Patria, ser\u00e1 el nuevo intendente de Bah\u00eda Blanca\"}]},{\"@type\":\"WebSite\",\"@id\":\"https:\/\/www.noticiasradioreflejos.com.ar\/2021\/#website\",\"url\":\"https:\/\/www.noticiasradioreflejos.com.ar\/2021\/\",\"name\":\"Noticias Radio Reflejos\",\"description\":\"Las noticias de mi comarca\",\"potentialAction\":[{\"@type\":\"SearchAction\",\"target\":{\"@type\":\"EntryPoint\",\"urlTemplate\":\"https:\/\/www.noticiasradioreflejos.com.ar\/2021\/?s={search_term_string}\"},\"query-input\":{\"@type\":\"PropertyValueSpecification\",\"valueRequired\":true,\"valueName\":\"search_term_string\"}}],\"inLanguage\":\"es\"},{\"@type\":\"Person\",\"@id\":\"https:\/\/www.noticiasradioreflejos.com.ar\/2021\/#\/schema\/person\/ad82545263dcc5ec0996818884fd5fb1\",\"name\":\"Arnaldo Botto\",\"image\":{\"@type\":\"ImageObject\",\"inLanguage\":\"es\",\"@id\":\"https:\/\/www.noticiasradioreflejos.com.ar\/2021\/#\/schema\/person\/image\/\",\"url\":\"https:\/\/secure.gravatar.com\/avatar\/55cb5e37c1efa326397366e6974cb338056df65cb50e7d64d1cf314e87504837?s=96&d=mm&r=g\",\"contentUrl\":\"https:\/\/secure.gravatar.com\/avatar\/55cb5e37c1efa326397366e6974cb338056df65cb50e7d64d1cf314e87504837?s=96&d=mm&r=g\",\"caption\":\"Arnaldo Botto\"},\"url\":\"https:\/\/www.noticiasradioreflejos.com.ar\/2021\/author\/arnaldo\/\"}]}<\/script>\n<!-- \/ Yoast SEO plugin. -->","yoast_head_json":{"title":"Federico Susbielles, de Uni\u00f3n por la Patria, ser\u00e1 el nuevo intendente de Bah\u00eda Blanca - Noticias Radio Reflejos","robots":{"index":"index","follow":"follow","max-snippet":"max-snippet:-1","max-image-preview":"max-image-preview:large","max-video-preview":"max-video-preview:-1"},"canonical":"https:\/\/www.noticiasradioreflejos.com.ar\/2021\/federico-susbielles-de-union-por-la-patria-sera-el-nuevo-intendente-de-bahia-blanca\/","og_locale":"es_ES","og_type":"article","og_title":"Federico Susbielles, de Uni\u00f3n por la Patria, ser\u00e1 el nuevo intendente de Bah\u00eda Blanca - Noticias Radio Reflejos","og_description":"Susbielles ser\u00e1 el sucesor de H\u00e9ctor Gay, de Juntos por el Cambio, quien estuvo al frente del municipio durante ocho a\u00f1os.","og_url":"https:\/\/www.noticiasradioreflejos.com.ar\/2021\/federico-susbielles-de-union-por-la-patria-sera-el-nuevo-intendente-de-bahia-blanca\/","og_site_name":"Noticias Radio Reflejos","article_published_time":"2023-10-23T11:01:23+00:00","article_modified_time":"2023-10-23T11:18:38+00:00","og_image":[{"width":621,"height":330,"url":"https:\/\/www.noticiasradioreflejos.com.ar\/2021\/wp-content\/uploads\/2023\/10\/susbie.jpg_621.jpg","type":"image\/jpeg"}],"author":"Arnaldo Botto","twitter_card":"summary_large_image","schema":{"@context":"https:\/\/schema.org","@graph":[{"@type":"WebPage","@id":"https:\/\/www.noticiasradioreflejos.com.ar\/2021\/federico-susbielles-de-union-por-la-patria-sera-el-nuevo-intendente-de-bahia-blanca\/","url":"https:\/\/www.noticiasradioreflejos.com.ar\/2021\/federico-susbielles-de-union-por-la-patria-sera-el-nuevo-intendente-de-bahia-blanca\/","name":"Federico Susbielles, de Uni\u00f3n por la Patria, ser\u00e1 el nuevo intendente de Bah\u00eda Blanca - Noticias Radio Reflejos","isPartOf":{"@id":"https:\/\/www.noticiasradioreflejos.com.ar\/2021\/#website"},"primaryImageOfPage":{"@id":"https:\/\/www.noticiasradioreflejos.com.ar\/2021\/federico-susbielles-de-union-por-la-patria-sera-el-nuevo-intendente-de-bahia-blanca\/#primaryimage"},"image":{"@id":"https:\/\/www.noticiasradioreflejos.com.ar\/2021\/federico-susbielles-de-union-por-la-patria-sera-el-nuevo-intendente-de-bahia-blanca\/#primaryimage"},"thumbnailUrl":"https:\/\/www.noticiasradioreflejos.com.ar\/2021\/wp-content\/uploads\/2023\/10\/susbie.jpg_621.jpg","datePublished":"2023-10-23T11:01:23+00:00","dateModified":"2023-10-23T11:18:38+00:00","author":{"@id":"https:\/\/www.noticiasradioreflejos.com.ar\/2021\/#\/schema\/person\/ad82545263dcc5ec0996818884fd5fb1"},"breadcrumb":{"@id":"https:\/\/www.noticiasradioreflejos.com.ar\/2021\/federico-susbielles-de-union-por-la-patria-sera-el-nuevo-intendente-de-bahia-blanca\/#breadcrumb"},"inLanguage":"es","potentialAction":[{"@type":"ReadAction","target":["https:\/\/www.noticiasradioreflejos.com.ar\/2021\/federico-susbielles-de-union-por-la-patria-sera-el-nuevo-intendente-de-bahia-blanca\/"]}]},{"@type":"ImageObject","inLanguage":"es","@id":"https:\/\/www.noticiasradioreflejos.com.ar\/2021\/federico-susbielles-de-union-por-la-patria-sera-el-nuevo-intendente-de-bahia-blanca\/#primaryimage","url":"https:\/\/www.noticiasradioreflejos.com.ar\/2021\/wp-content\/uploads\/2023\/10\/susbie.jpg_621.jpg","contentUrl":"https:\/\/www.noticiasradioreflejos.com.ar\/2021\/wp-content\/uploads\/2023\/10\/susbie.jpg_621.jpg","width":621,"height":330},{"@type":"BreadcrumbList","@id":"https:\/\/www.noticiasradioreflejos.com.ar\/2021\/federico-susbielles-de-union-por-la-patria-sera-el-nuevo-intendente-de-bahia-blanca\/#breadcrumb","itemListElement":[{"@type":"ListItem","position":1,"name":"Portada","item":"https:\/\/www.noticiasradioreflejos.com.ar\/2021\/"},{"@type":"ListItem","position":2,"name":"Federico Susbielles, de Uni\u00f3n por la Patria, ser\u00e1 el nuevo intendente de Bah\u00eda Blanca"}]},{"@type":"WebSite","@id":"https:\/\/www.noticiasradioreflejos.com.ar\/2021\/#website","url":"https:\/\/www.noticiasradioreflejos.com.ar\/2021\/","name":"Noticias Radio Reflejos","description":"Las noticias de mi comarca","potentialAction":[{"@type":"SearchAction","target":{"@type":"EntryPoint","urlTemplate":"https:\/\/www.noticiasradioreflejos.com.ar\/2021\/?s={search_term_string}"},"query-input":{"@type":"PropertyValueSpecification","valueRequired":true,"valueName":"search_term_string"}}],"inLanguage":"es"},{"@type":"Person","@id":"https:\/\/www.noticiasradioreflejos.com.ar\/2021\/#\/schema\/person\/ad82545263dcc5ec0996818884fd5fb1","name":"Arnaldo Botto","image":{"@type":"ImageObject","inLanguage":"es","@id":"https:\/\/www.noticiasradioreflejos.com.ar\/2021\/#\/schema\/person\/image\/","url":"https:\/\/secure.gravatar.com\/avatar\/55cb5e37c1efa326397366e6974cb338056df65cb50e7d64d1cf314e87504837?s=96&d=mm&r=g","contentUrl":"https:\/\/secure.gravatar.com\/avatar\/55cb5e37c1efa326397366e6974cb338056df65cb50e7d64d1cf314e87504837?s=96&d=mm&r=g","caption":"Arnaldo Botto"},"url":"https:\/\/www.noticiasradioreflejos.com.ar\/2021\/author\/arnaldo\/"}]}},"_links":{"self":[{"href":"https:\/\/www.noticiasradioreflejos.com.ar\/2021\/wp-json\/wp\/v2\/posts\/94271","targetHints":{"allow":["GET"]}}],"collection":[{"href":"https:\/\/www.noticiasradioreflejos.com.ar\/2021\/wp-json\/wp\/v2\/posts"}],"about":[{"href":"https:\/\/www.noticiasradioreflejos.com.ar\/2021\/wp-json\/wp\/v2\/types\/post"}],"author":[{"embeddable":true,"href":"https:\/\/www.noticiasradioreflejos.com.ar\/2021\/wp-json\/wp\/v2\/users\/3"}],"replies":[{"embeddable":true,"href":"https:\/\/www.noticiasradioreflejos.com.ar\/2021\/wp-json\/wp\/v2\/comments?post=94271"}],"version-history":[{"count":1,"href":"https:\/\/www.noticiasradioreflejos.com.ar\/2021\/wp-json\/wp\/v2\/posts\/94271\/revisions"}],"predecessor-version":[{"id":94273,"href":"https:\/\/www.noticiasradioreflejos.com.ar\/2021\/wp-json\/wp\/v2\/posts\/94271\/revisions\/94273"}],"wp:featuredmedia":[{"embeddable":true,"href":"https:\/\/www.noticiasradioreflejos.com.ar\/2021\/wp-json\/wp\/v2\/media\/94272"}],"wp:attachment":[{"href":"https:\/\/www.noticiasradioreflejos.com.ar\/2021\/wp-json\/wp\/v2\/media?parent=94271"}],"wp:term":[{"taxonomy":"category","embeddable":true,"href":"https:\/\/www.noticiasradioreflejos.com.ar\/2021\/wp-json\/wp\/v2\/categories?post=94271"},{"taxonomy":"post_tag","embeddable":true,"href":"https:\/\/www.noticiasradioreflejos.com.ar\/2021\/wp-json\/wp\/v2\/tags?post=94271"}],"curies":[{"name":"wp","href":"https:\/\/api.w.org\/{rel}","templated":true}]}}