{"id":94265,"date":"2023-10-23T10:05:22","date_gmt":"2023-10-23T10:05:22","guid":{"rendered":"https:\/\/www.noticiasradioreflejos.com.ar\/2021\/?p=94265"},"modified":"2023-10-23T10:05:22","modified_gmt":"2023-10-23T10:05:22","slug":"kicillof-se-impuso-en-7-de-las-8-secciones-electorales-bonaerenses-y-logro-la-reeleccion","status":"publish","type":"post","link":"https:\/\/www.noticiasradioreflejos.com.ar\/2021\/kicillof-se-impuso-en-7-de-las-8-secciones-electorales-bonaerenses-y-logro-la-reeleccion\/","title":{"rendered":"Kicillof se impuso en 7 de las 8 secciones electorales bonaerenses y logr\u00f3 la reelecci\u00f3n"},"content":{"rendered":"<p>El gobernador bonaerense, Axel Kicillof (Uni\u00f3n por la Patria), fue reelecto este domingo tras imponerse en siete de las ocho secciones electorales en que se divide pol\u00edticamente la provincia de Buenos Aires, escrutado m\u00e1s del 95% de los votos.<!--more--><\/p>\n<p>El peronismo triunf\u00f3 as\u00ed en la Primera, Segunda, Tercera, Cuarta, Quinta, S\u00e9ptima y Octava secciones, mientras que Juntos por el Cambio gan\u00f3 en la Sexta.<\/p>\n<p>En la Primera, que componen los distritos del norte y oeste del Gran Buenos Aires, Axel Kicillof y Ver\u00f3nica Magario cosecharon un 44,61% frente al 26,40% de N\u00e9stor Grindetti (Juntos por el Cambio), el 24,79% de Carolina P\u00edparo (La Libertad Avanza) y el 4,18% de Rub\u00e9n \u201cPollo\u201d Sobrero (Frente de Izquierda y de los Trabajadores).<\/p>\n<p>En la Segunda, que integran los municipios del norte de la provincia, UxP lleg\u00f3 al 37,95%; Juntos por el Cambio 31,50%; LLA 28,18% y el FIT 2,35%.<\/p>\n<p>Mientras que en la Tercera secci\u00f3n, que componen los distritos del sur del Conurbano bonaerense, el justicialismo alcanz\u00f3 m\u00e1s de 31 puntos de diferencia al cosechar un 51,57% frente a un 21,30% del macrismo; un 22,72% de los libertarios y un 4,38% de la Izquierda<\/p>\n<p>En tanto, en la Cuarta, integrada por los distritos del oeste de la provincia, el peronismo logr\u00f3 el 37,07%, Juntos 35,16%, LLA 26,05% y el FIT 1,69%.<\/p>\n<p>En la Quinta, que componen los distritos del centro-este, Kicillof obtuvo un triunfo con el 35,83%, contra 34,36% de Grindetti, 26,65% de P\u00edparo, 3,14% de Sobrero.<\/p>\n<p>Paralelamente, en la Sexta secci\u00f3n, que conforman los municipios del sur, triunf\u00f3 JxC con el 33,35%; Uni\u00f3n por la Patria lleg\u00f3 al 32,45%, LLA alcanz\u00f3 un 31,31% y el FIT, 2,87%.<\/p>\n<p>En la S\u00e9ptima secci\u00f3n, compuesta por los distritos del suroeste, el peronismo lleg\u00f3 a 36,01%; Juntos por el Cambio 33,60%; La Libertad Avanza obtuvo 28,13% y el FIT, 2,23%.<\/p>\n<p>En la Octava, secci\u00f3n que integra La Plata como distrito \u00fanico, el justicialismo trep\u00f3 al 42,18%; Juntos lleg\u00f3 a 32,75%; LLA 20.73% y FIT 4,31%.<\/p>\n<p><!--more--><\/p>\n","protected":false},"excerpt":{"rendered":"<p>El gobernador bonaerense, Axel Kicillof (Uni\u00f3n por la Patria), fue reelecto este domingo tras imponerse en siete de las ocho secciones electorales en que se divide pol\u00edticamente la provincia de Buenos Aires, escrutado m\u00e1s del 95% de los votos.<\/p>\n","protected":false},"author":3,"featured_media":0,"comment_status":"closed","ping_status":"closed","sticky":false,"template":"","format":"standard","meta":{"footnotes":""},"categories":[24],"tags":[48],"class_list":["post-94265","post","type-post","status-publish","format-standard","hentry","category-politica","tag-destacada"],"yoast_head":"<!-- This site is optimized with the Yoast SEO plugin v25.9 - https:\/\/yoast.com\/wordpress\/plugins\/seo\/ -->\n<title>Kicillof se impuso en 7 de las 8 secciones electorales bonaerenses y logr\u00f3 la reelecci\u00f3n - Noticias Radio Reflejos<\/title>\n<meta name=\"robots\" content=\"index, follow, max-snippet:-1, max-image-preview:large, max-video-preview:-1\" \/>\n<link rel=\"canonical\" href=\"https:\/\/www.noticiasradioreflejos.com.ar\/2021\/kicillof-se-impuso-en-7-de-las-8-secciones-electorales-bonaerenses-y-logro-la-reeleccion\/\" \/>\n<meta property=\"og:locale\" content=\"es_ES\" \/>\n<meta property=\"og:type\" content=\"article\" \/>\n<meta property=\"og:title\" content=\"Kicillof se impuso en 7 de las 8 secciones electorales bonaerenses y logr\u00f3 la reelecci\u00f3n - Noticias Radio Reflejos\" \/>\n<meta property=\"og:description\" content=\"El gobernador bonaerense, Axel Kicillof (Uni\u00f3n por la Patria), fue reelecto este domingo tras imponerse en siete de las ocho secciones electorales en que se divide pol\u00edticamente la provincia de Buenos Aires, escrutado m\u00e1s del 95% de los votos.\" \/>\n<meta property=\"og:url\" content=\"https:\/\/www.noticiasradioreflejos.com.ar\/2021\/kicillof-se-impuso-en-7-de-las-8-secciones-electorales-bonaerenses-y-logro-la-reeleccion\/\" \/>\n<meta property=\"og:site_name\" content=\"Noticias Radio Reflejos\" \/>\n<meta property=\"article:published_time\" content=\"2023-10-23T10:05:22+00:00\" \/>\n<meta property=\"og:image\" content=\"https:\/\/www.noticiasradioreflejos.com.ar\/2021\/wp-content\/uploads\/2021\/07\/logosol300x200.png\" \/>\n\t<meta property=\"og:image:width\" content=\"300\" \/>\n\t<meta property=\"og:image:height\" content=\"200\" \/>\n\t<meta property=\"og:image:type\" content=\"image\/png\" \/>\n<meta name=\"author\" content=\"Arnaldo Botto\" \/>\n<meta name=\"twitter:card\" content=\"summary_large_image\" \/>\n<script type=\"application\/ld+json\" class=\"yoast-schema-graph\">{\"@context\":\"https:\/\/schema.org\",\"@graph\":[{\"@type\":\"WebPage\",\"@id\":\"https:\/\/www.noticiasradioreflejos.com.ar\/2021\/kicillof-se-impuso-en-7-de-las-8-secciones-electorales-bonaerenses-y-logro-la-reeleccion\/\",\"url\":\"https:\/\/www.noticiasradioreflejos.com.ar\/2021\/kicillof-se-impuso-en-7-de-las-8-secciones-electorales-bonaerenses-y-logro-la-reeleccion\/\",\"name\":\"Kicillof se impuso en 7 de las 8 secciones electorales bonaerenses y logr\u00f3 la reelecci\u00f3n - Noticias Radio Reflejos\",\"isPartOf\":{\"@id\":\"https:\/\/www.noticiasradioreflejos.com.ar\/2021\/#website\"},\"datePublished\":\"2023-10-23T10:05:22+00:00\",\"author\":{\"@id\":\"https:\/\/www.noticiasradioreflejos.com.ar\/2021\/#\/schema\/person\/ad82545263dcc5ec0996818884fd5fb1\"},\"breadcrumb\":{\"@id\":\"https:\/\/www.noticiasradioreflejos.com.ar\/2021\/kicillof-se-impuso-en-7-de-las-8-secciones-electorales-bonaerenses-y-logro-la-reeleccion\/#breadcrumb\"},\"inLanguage\":\"es\",\"potentialAction\":[{\"@type\":\"ReadAction\",\"target\":[\"https:\/\/www.noticiasradioreflejos.com.ar\/2021\/kicillof-se-impuso-en-7-de-las-8-secciones-electorales-bonaerenses-y-logro-la-reeleccion\/\"]}]},{\"@type\":\"BreadcrumbList\",\"@id\":\"https:\/\/www.noticiasradioreflejos.com.ar\/2021\/kicillof-se-impuso-en-7-de-las-8-secciones-electorales-bonaerenses-y-logro-la-reeleccion\/#breadcrumb\",\"itemListElement\":[{\"@type\":\"ListItem\",\"position\":1,\"name\":\"Portada\",\"item\":\"https:\/\/www.noticiasradioreflejos.com.ar\/2021\/\"},{\"@type\":\"ListItem\",\"position\":2,\"name\":\"Kicillof se impuso en 7 de las 8 secciones electorales bonaerenses y logr\u00f3 la reelecci\u00f3n\"}]},{\"@type\":\"WebSite\",\"@id\":\"https:\/\/www.noticiasradioreflejos.com.ar\/2021\/#website\",\"url\":\"https:\/\/www.noticiasradioreflejos.com.ar\/2021\/\",\"name\":\"Noticias Radio Reflejos\",\"description\":\"Las noticias de mi comarca\",\"potentialAction\":[{\"@type\":\"SearchAction\",\"target\":{\"@type\":\"EntryPoint\",\"urlTemplate\":\"https:\/\/www.noticiasradioreflejos.com.ar\/2021\/?s={search_term_string}\"},\"query-input\":{\"@type\":\"PropertyValueSpecification\",\"valueRequired\":true,\"valueName\":\"search_term_string\"}}],\"inLanguage\":\"es\"},{\"@type\":\"Person\",\"@id\":\"https:\/\/www.noticiasradioreflejos.com.ar\/2021\/#\/schema\/person\/ad82545263dcc5ec0996818884fd5fb1\",\"name\":\"Arnaldo Botto\",\"image\":{\"@type\":\"ImageObject\",\"inLanguage\":\"es\",\"@id\":\"https:\/\/www.noticiasradioreflejos.com.ar\/2021\/#\/schema\/person\/image\/\",\"url\":\"https:\/\/secure.gravatar.com\/avatar\/55cb5e37c1efa326397366e6974cb338056df65cb50e7d64d1cf314e87504837?s=96&d=mm&r=g\",\"contentUrl\":\"https:\/\/secure.gravatar.com\/avatar\/55cb5e37c1efa326397366e6974cb338056df65cb50e7d64d1cf314e87504837?s=96&d=mm&r=g\",\"caption\":\"Arnaldo Botto\"},\"url\":\"https:\/\/www.noticiasradioreflejos.com.ar\/2021\/author\/arnaldo\/\"}]}<\/script>\n<!-- \/ Yoast SEO plugin. -->","yoast_head_json":{"title":"Kicillof se impuso en 7 de las 8 secciones electorales bonaerenses y logr\u00f3 la reelecci\u00f3n - Noticias Radio Reflejos","robots":{"index":"index","follow":"follow","max-snippet":"max-snippet:-1","max-image-preview":"max-image-preview:large","max-video-preview":"max-video-preview:-1"},"canonical":"https:\/\/www.noticiasradioreflejos.com.ar\/2021\/kicillof-se-impuso-en-7-de-las-8-secciones-electorales-bonaerenses-y-logro-la-reeleccion\/","og_locale":"es_ES","og_type":"article","og_title":"Kicillof se impuso en 7 de las 8 secciones electorales bonaerenses y logr\u00f3 la reelecci\u00f3n - Noticias Radio Reflejos","og_description":"El gobernador bonaerense, Axel Kicillof (Uni\u00f3n por la Patria), fue reelecto este domingo tras imponerse en siete de las ocho secciones electorales en que se divide pol\u00edticamente la provincia de Buenos Aires, escrutado m\u00e1s del 95% de los votos.","og_url":"https:\/\/www.noticiasradioreflejos.com.ar\/2021\/kicillof-se-impuso-en-7-de-las-8-secciones-electorales-bonaerenses-y-logro-la-reeleccion\/","og_site_name":"Noticias Radio Reflejos","article_published_time":"2023-10-23T10:05:22+00:00","og_image":[{"width":300,"height":200,"url":"https:\/\/www.noticiasradioreflejos.com.ar\/2021\/wp-content\/uploads\/2021\/07\/logosol300x200.png","type":"image\/png"}],"author":"Arnaldo Botto","twitter_card":"summary_large_image","schema":{"@context":"https:\/\/schema.org","@graph":[{"@type":"WebPage","@id":"https:\/\/www.noticiasradioreflejos.com.ar\/2021\/kicillof-se-impuso-en-7-de-las-8-secciones-electorales-bonaerenses-y-logro-la-reeleccion\/","url":"https:\/\/www.noticiasradioreflejos.com.ar\/2021\/kicillof-se-impuso-en-7-de-las-8-secciones-electorales-bonaerenses-y-logro-la-reeleccion\/","name":"Kicillof se impuso en 7 de las 8 secciones electorales bonaerenses y logr\u00f3 la reelecci\u00f3n - Noticias Radio Reflejos","isPartOf":{"@id":"https:\/\/www.noticiasradioreflejos.com.ar\/2021\/#website"},"datePublished":"2023-10-23T10:05:22+00:00","author":{"@id":"https:\/\/www.noticiasradioreflejos.com.ar\/2021\/#\/schema\/person\/ad82545263dcc5ec0996818884fd5fb1"},"breadcrumb":{"@id":"https:\/\/www.noticiasradioreflejos.com.ar\/2021\/kicillof-se-impuso-en-7-de-las-8-secciones-electorales-bonaerenses-y-logro-la-reeleccion\/#breadcrumb"},"inLanguage":"es","potentialAction":[{"@type":"ReadAction","target":["https:\/\/www.noticiasradioreflejos.com.ar\/2021\/kicillof-se-impuso-en-7-de-las-8-secciones-electorales-bonaerenses-y-logro-la-reeleccion\/"]}]},{"@type":"BreadcrumbList","@id":"https:\/\/www.noticiasradioreflejos.com.ar\/2021\/kicillof-se-impuso-en-7-de-las-8-secciones-electorales-bonaerenses-y-logro-la-reeleccion\/#breadcrumb","itemListElement":[{"@type":"ListItem","position":1,"name":"Portada","item":"https:\/\/www.noticiasradioreflejos.com.ar\/2021\/"},{"@type":"ListItem","position":2,"name":"Kicillof se impuso en 7 de las 8 secciones electorales bonaerenses y logr\u00f3 la reelecci\u00f3n"}]},{"@type":"WebSite","@id":"https:\/\/www.noticiasradioreflejos.com.ar\/2021\/#website","url":"https:\/\/www.noticiasradioreflejos.com.ar\/2021\/","name":"Noticias Radio Reflejos","description":"Las noticias de mi comarca","potentialAction":[{"@type":"SearchAction","target":{"@type":"EntryPoint","urlTemplate":"https:\/\/www.noticiasradioreflejos.com.ar\/2021\/?s={search_term_string}"},"query-input":{"@type":"PropertyValueSpecification","valueRequired":true,"valueName":"search_term_string"}}],"inLanguage":"es"},{"@type":"Person","@id":"https:\/\/www.noticiasradioreflejos.com.ar\/2021\/#\/schema\/person\/ad82545263dcc5ec0996818884fd5fb1","name":"Arnaldo Botto","image":{"@type":"ImageObject","inLanguage":"es","@id":"https:\/\/www.noticiasradioreflejos.com.ar\/2021\/#\/schema\/person\/image\/","url":"https:\/\/secure.gravatar.com\/avatar\/55cb5e37c1efa326397366e6974cb338056df65cb50e7d64d1cf314e87504837?s=96&d=mm&r=g","contentUrl":"https:\/\/secure.gravatar.com\/avatar\/55cb5e37c1efa326397366e6974cb338056df65cb50e7d64d1cf314e87504837?s=96&d=mm&r=g","caption":"Arnaldo Botto"},"url":"https:\/\/www.noticiasradioreflejos.com.ar\/2021\/author\/arnaldo\/"}]}},"_links":{"self":[{"href":"https:\/\/www.noticiasradioreflejos.com.ar\/2021\/wp-json\/wp\/v2\/posts\/94265","targetHints":{"allow":["GET"]}}],"collection":[{"href":"https:\/\/www.noticiasradioreflejos.com.ar\/2021\/wp-json\/wp\/v2\/posts"}],"about":[{"href":"https:\/\/www.noticiasradioreflejos.com.ar\/2021\/wp-json\/wp\/v2\/types\/post"}],"author":[{"embeddable":true,"href":"https:\/\/www.noticiasradioreflejos.com.ar\/2021\/wp-json\/wp\/v2\/users\/3"}],"replies":[{"embeddable":true,"href":"https:\/\/www.noticiasradioreflejos.com.ar\/2021\/wp-json\/wp\/v2\/comments?post=94265"}],"version-history":[{"count":1,"href":"https:\/\/www.noticiasradioreflejos.com.ar\/2021\/wp-json\/wp\/v2\/posts\/94265\/revisions"}],"predecessor-version":[{"id":94267,"href":"https:\/\/www.noticiasradioreflejos.com.ar\/2021\/wp-json\/wp\/v2\/posts\/94265\/revisions\/94267"}],"wp:attachment":[{"href":"https:\/\/www.noticiasradioreflejos.com.ar\/2021\/wp-json\/wp\/v2\/media?parent=94265"}],"wp:term":[{"taxonomy":"category","embeddable":true,"href":"https:\/\/www.noticiasradioreflejos.com.ar\/2021\/wp-json\/wp\/v2\/categories?post=94265"},{"taxonomy":"post_tag","embeddable":true,"href":"https:\/\/www.noticiasradioreflejos.com.ar\/2021\/wp-json\/wp\/v2\/tags?post=94265"}],"curies":[{"name":"wp","href":"https:\/\/api.w.org\/{rel}","templated":true}]}}