{"id":94252,"date":"2023-10-23T00:08:44","date_gmt":"2023-10-23T00:08:44","guid":{"rendered":"https:\/\/www.noticiasradioreflejos.com.ar\/2021\/?p=94252"},"modified":"2023-10-23T00:08:44","modified_gmt":"2023-10-23T00:08:44","slug":"en-la-provincia-de-buenos-aires-voto-el-729-por-ciento-del-padron","status":"publish","type":"post","link":"https:\/\/www.noticiasradioreflejos.com.ar\/2021\/en-la-provincia-de-buenos-aires-voto-el-729-por-ciento-del-padron\/","title":{"rendered":"En la provincia de Buenos Aires vot\u00f3 el 72,9 por ciento del padr\u00f3n"},"content":{"rendered":"<p>El 72,9 por ciento del padr\u00f3n de la provincia de Buenos Aires vot\u00f3 en las elecciones de hoy, que se desarrollaron con tranquilidad y sin contratiempos, seg\u00fan datos de la Justicia electoral.<!--more--><\/p>\n<p>En el principal distrito electoral del pa\u00eds, con 13.110.768 electores habilitados para votar, el comicio cerr\u00f3 a las 18 sin inconvenientes registrados en los 135 municipios bonaerenses.<\/p>\n<p>Desde el Juzgado Federal de La Plata con competencia electoral N\u00b01, a cargo de Alejo Ramos Padilla se precis\u00f3 a T\u00e9lam que vot\u00f3 el 72,9% del padr\u00f3n, que re\u00fane a unos 13.110.768 bonaerenses habilitados para votar, sin que se registraran incidentes ni demoras en la constituci\u00f3n de las mesas y agregaron que fue una jornada \u00absin contratiempos\u00bb.<\/p>\n<p>El gobernador bonaerense y candidato a la reelecci\u00f3n por Uni\u00f3n por la Patria (UxP), Axel Kicillof, sufrag\u00f3 a las 9.30 en la Escuela Superior de Sanidad \u00abFloreal Ferrera\u00bb, ubicada en calle 4 entre 51 y 53, de la ciudad de La Plata, hasta donde lleg\u00f3 acompa\u00f1ado por su esposa Soledad Quereilhac.<\/p>\n<p>\u00abMi primer mensaje es que se avoquen todos a decidir a trav\u00e9s de las urnas, es important\u00edsimo votar por uno. En lo personal siempre es una alegr\u00eda, lo hago con optimismo, sobre todo cuando habla el pueblo. Hay que votar con amor y felicidad, m\u00e1s all\u00e1 de los mensajes de odio\u00bb, expres\u00f3 tras votar.<\/p>\n<p>Pidi\u00f3 a los votantes que concurran a votar \u00abcon felicidad y amor, abrazando a los dem\u00e1s y pensando a los dem\u00e1s\u00bb.<\/p>\n<p>Por su parte, el candidato a gobernador de la provincia de Buenos Aires de Juntos por el Cambio (JXC), N\u00e9stor Grindetti, consider\u00f3, tras votar en la mesa 911 de la escuela EP N\u00b028\/ES N\u00b041 de de Lan\u00fas Oeste, que \u00abesta elecci\u00f3n va a ser m\u00e1s sencilla que la anterior\u00bb debido a que \u00abhay muchas menos boletas\u00bb que en las primarias abiertas, simult\u00e1neas y obligatorias (PASO).<\/p>\n<p>El candidato a gobernador por el Frente de Izquierda Unidad (FIT-U), Rub\u00e9n \u00abPollo\u00bb Sobrero, quien sufrag\u00f3 en el Instituto Coraz\u00f3n Eucar\u00edstico de Jes\u00fas de Haedo felicit\u00f3 \u00aba toda nuestra militancia por la gran campa\u00f1a que hizo contra todos los aparatos patronales, a las y los trabajadores, a la juventud que nos acompa\u00f1\u00f3, a las mujeres y disidencias, sabiendo que el apoyo que logremos ser\u00e1 para enfrentar el mayor ajuste que preparan de la mano del FMI\u00bb.<\/p>\n<p>La candidata a gobernadora por la provincia de Buenos Aires de La Libertad Avanza, Carolina P\u00edparo, expres\u00f3 que \u00abestamos confiados, con gran expectativa y esperando que la gente vaya a votar y decida libremente que es lo que quiere\u00bb y enfatiz\u00f3 que \u00abes importante poder elegir y lo tenemos que aprovechar\u00bb.<\/p>\n<p>P\u00edparo, quien emiti\u00f3 su voto al mediod\u00eda en la mesa 31 de la Escuela 10 de La Plata, se pronunci\u00f3 para que estas sean las \u00ab\u00faltimas elecciones con boleta de papel\u00bb y que en los pr\u00f3ximos comicios haya \u00abboleta electr\u00f3nica\u00bb, dado que \u00abhay muchas denuncias de boletas rotas o falta de boletas en todo el pa\u00eds\u00bb.<\/p>\n<p>Los representantes de Uni\u00f3n por la Patria (UxP) de La Plata denunciaron esta ma\u00f1ana la existencia de una serie de irregularidades reiteradas, dando forma a lo que seg\u00fan dicen \u00abse tratar\u00eda de una situaci\u00f3n sistem\u00e1tica organizada por algunos de los espacios pol\u00edticos que compiten en la categor\u00eda a intendente de la ciudad\u00bb.<\/p>\n<p>Seg\u00fan un comunicado, se ha verificado la existencia de boletas de UxP con siete cuerpos y no ocho como son originalmente, a las que se les ha cortado y extra\u00eddo la categor\u00eda de intendente, que en el caso de La Plata lleva como candidato a Julio Alak, actual ministro de Justicia y Derechos Humanos bonaerense.<\/p>\n<p>Tambi\u00e9n denunciaron que en las mesas de extranjeros se pudo observar que se est\u00e1n colocando boletas de ese espacio pol\u00edtico en las que se presentan los tres cuerpos correspondientes a las categor\u00edas de elecci\u00f3n nacional, que no cuentan para los ciudadanos de otras nacionalidades, dado que ellos solo pueden emitir sufragio v\u00e1lido para las categor\u00edas provinciales y locales.<\/p>\n<p>Por su parte, el presidente de la UCR, Pablo Nicoletti, denunci\u00f3 una pr\u00e1ctica sistem\u00e1tica de rotura de las boletas de Juntos por el Cambio en la categor\u00eda de intendente.<\/p>\n<p>\u00abCuando ingreses al cuarto oscuro prest\u00e1 atenci\u00f3n que la boleta de Juntos contenga todas las n\u00f3minas de Patricia Bullrich como presidente a Julio Garro como intendente\u00bb, pidi\u00f3 a trav\u00e9s de sus redes sociales.<\/p>\n<p>\u00abAdulterar boletas del cuarto oscuro es una trampa de la vieja pol\u00edtica\u00bb, sentenci\u00f3 el presidente del Comit\u00e9 de la Uni\u00f3n C\u00edvica Radical en La Plata.<\/p>\n<p>Unos 13.110.768 bonaerenses estuvieron habilitados para participar en los comicios, en los que se eligi\u00f3 para presidente, gobernador, legisladores nacionales, diputados y senadores provinciales.<\/p>\n<p>La atenci\u00f3n de m\u00e1s de un tercio del padr\u00f3n nacional est\u00e1 puesta en la elecci\u00f3n de gobernador para la provincia de Buenos Aires, en la que Kicillof procura alcanzar un nuevo mandato al frente de la provincia en la que la instancia del balotaje no rige.<\/p>\n<p>En los comicios bonaerenses se eligi\u00f3, adem\u00e1s de gobernador y vice, 35 diputados nacionales y tres senadores; un parlamentario del Mercosur; 135 intendentes; 46 diputados; 23 senadores bonaerenses; 1.097 concejales; y 401 consejeros escolares.<\/p><\/div>\n<p><!--more--><\/p>\n","protected":false},"excerpt":{"rendered":"<p>El 72,9 por ciento del padr\u00f3n de la provincia de Buenos Aires vot\u00f3 en las elecciones de hoy, que se desarrollaron con tranquilidad y sin contratiempos, seg\u00fan datos de la Justicia electoral.<\/p>\n","protected":false},"author":3,"featured_media":0,"comment_status":"closed","ping_status":"closed","sticky":false,"template":"","format":"standard","meta":{"footnotes":""},"categories":[24],"tags":[],"class_list":["post-94252","post","type-post","status-publish","format-standard","hentry","category-politica"],"yoast_head":"<!-- This site is optimized with the Yoast SEO plugin v25.9 - https:\/\/yoast.com\/wordpress\/plugins\/seo\/ -->\n<title>En la provincia de Buenos Aires vot\u00f3 el 72,9 por ciento del padr\u00f3n - Noticias Radio Reflejos<\/title>\n<meta name=\"robots\" content=\"index, follow, max-snippet:-1, max-image-preview:large, max-video-preview:-1\" \/>\n<link rel=\"canonical\" href=\"https:\/\/www.noticiasradioreflejos.com.ar\/2021\/en-la-provincia-de-buenos-aires-voto-el-729-por-ciento-del-padron\/\" \/>\n<meta property=\"og:locale\" content=\"es_ES\" \/>\n<meta property=\"og:type\" content=\"article\" \/>\n<meta property=\"og:title\" content=\"En la provincia de Buenos Aires vot\u00f3 el 72,9 por ciento del padr\u00f3n - Noticias Radio Reflejos\" \/>\n<meta property=\"og:description\" content=\"El 72,9 por ciento del padr\u00f3n de la provincia de Buenos Aires vot\u00f3 en las elecciones de hoy, que se desarrollaron con tranquilidad y sin contratiempos, seg\u00fan datos de la Justicia electoral.\" \/>\n<meta property=\"og:url\" content=\"https:\/\/www.noticiasradioreflejos.com.ar\/2021\/en-la-provincia-de-buenos-aires-voto-el-729-por-ciento-del-padron\/\" \/>\n<meta property=\"og:site_name\" content=\"Noticias Radio Reflejos\" \/>\n<meta property=\"article:published_time\" content=\"2023-10-23T00:08:44+00:00\" \/>\n<meta property=\"og:image\" content=\"https:\/\/www.noticiasradioreflejos.com.ar\/2021\/wp-content\/uploads\/2021\/07\/logosol300x200.png\" \/>\n\t<meta property=\"og:image:width\" content=\"300\" \/>\n\t<meta property=\"og:image:height\" content=\"200\" \/>\n\t<meta property=\"og:image:type\" content=\"image\/png\" \/>\n<meta name=\"author\" content=\"Arnaldo Botto\" \/>\n<meta name=\"twitter:card\" content=\"summary_large_image\" \/>\n<script type=\"application\/ld+json\" class=\"yoast-schema-graph\">{\"@context\":\"https:\/\/schema.org\",\"@graph\":[{\"@type\":\"WebPage\",\"@id\":\"https:\/\/www.noticiasradioreflejos.com.ar\/2021\/en-la-provincia-de-buenos-aires-voto-el-729-por-ciento-del-padron\/\",\"url\":\"https:\/\/www.noticiasradioreflejos.com.ar\/2021\/en-la-provincia-de-buenos-aires-voto-el-729-por-ciento-del-padron\/\",\"name\":\"En la provincia de Buenos Aires vot\u00f3 el 72,9 por ciento del padr\u00f3n - Noticias Radio Reflejos\",\"isPartOf\":{\"@id\":\"https:\/\/www.noticiasradioreflejos.com.ar\/2021\/#website\"},\"datePublished\":\"2023-10-23T00:08:44+00:00\",\"author\":{\"@id\":\"https:\/\/www.noticiasradioreflejos.com.ar\/2021\/#\/schema\/person\/ad82545263dcc5ec0996818884fd5fb1\"},\"breadcrumb\":{\"@id\":\"https:\/\/www.noticiasradioreflejos.com.ar\/2021\/en-la-provincia-de-buenos-aires-voto-el-729-por-ciento-del-padron\/#breadcrumb\"},\"inLanguage\":\"es\",\"potentialAction\":[{\"@type\":\"ReadAction\",\"target\":[\"https:\/\/www.noticiasradioreflejos.com.ar\/2021\/en-la-provincia-de-buenos-aires-voto-el-729-por-ciento-del-padron\/\"]}]},{\"@type\":\"BreadcrumbList\",\"@id\":\"https:\/\/www.noticiasradioreflejos.com.ar\/2021\/en-la-provincia-de-buenos-aires-voto-el-729-por-ciento-del-padron\/#breadcrumb\",\"itemListElement\":[{\"@type\":\"ListItem\",\"position\":1,\"name\":\"Portada\",\"item\":\"https:\/\/www.noticiasradioreflejos.com.ar\/2021\/\"},{\"@type\":\"ListItem\",\"position\":2,\"name\":\"En la provincia de Buenos Aires vot\u00f3 el 72,9 por ciento del padr\u00f3n\"}]},{\"@type\":\"WebSite\",\"@id\":\"https:\/\/www.noticiasradioreflejos.com.ar\/2021\/#website\",\"url\":\"https:\/\/www.noticiasradioreflejos.com.ar\/2021\/\",\"name\":\"Noticias Radio Reflejos\",\"description\":\"Las noticias de mi comarca\",\"potentialAction\":[{\"@type\":\"SearchAction\",\"target\":{\"@type\":\"EntryPoint\",\"urlTemplate\":\"https:\/\/www.noticiasradioreflejos.com.ar\/2021\/?s={search_term_string}\"},\"query-input\":{\"@type\":\"PropertyValueSpecification\",\"valueRequired\":true,\"valueName\":\"search_term_string\"}}],\"inLanguage\":\"es\"},{\"@type\":\"Person\",\"@id\":\"https:\/\/www.noticiasradioreflejos.com.ar\/2021\/#\/schema\/person\/ad82545263dcc5ec0996818884fd5fb1\",\"name\":\"Arnaldo Botto\",\"image\":{\"@type\":\"ImageObject\",\"inLanguage\":\"es\",\"@id\":\"https:\/\/www.noticiasradioreflejos.com.ar\/2021\/#\/schema\/person\/image\/\",\"url\":\"https:\/\/secure.gravatar.com\/avatar\/55cb5e37c1efa326397366e6974cb338056df65cb50e7d64d1cf314e87504837?s=96&d=mm&r=g\",\"contentUrl\":\"https:\/\/secure.gravatar.com\/avatar\/55cb5e37c1efa326397366e6974cb338056df65cb50e7d64d1cf314e87504837?s=96&d=mm&r=g\",\"caption\":\"Arnaldo Botto\"},\"url\":\"https:\/\/www.noticiasradioreflejos.com.ar\/2021\/author\/arnaldo\/\"}]}<\/script>\n<!-- \/ Yoast SEO plugin. -->","yoast_head_json":{"title":"En la provincia de Buenos Aires vot\u00f3 el 72,9 por ciento del padr\u00f3n - Noticias Radio Reflejos","robots":{"index":"index","follow":"follow","max-snippet":"max-snippet:-1","max-image-preview":"max-image-preview:large","max-video-preview":"max-video-preview:-1"},"canonical":"https:\/\/www.noticiasradioreflejos.com.ar\/2021\/en-la-provincia-de-buenos-aires-voto-el-729-por-ciento-del-padron\/","og_locale":"es_ES","og_type":"article","og_title":"En la provincia de Buenos Aires vot\u00f3 el 72,9 por ciento del padr\u00f3n - Noticias Radio Reflejos","og_description":"El 72,9 por ciento del padr\u00f3n de la provincia de Buenos Aires vot\u00f3 en las elecciones de hoy, que se desarrollaron con tranquilidad y sin contratiempos, seg\u00fan datos de la Justicia electoral.","og_url":"https:\/\/www.noticiasradioreflejos.com.ar\/2021\/en-la-provincia-de-buenos-aires-voto-el-729-por-ciento-del-padron\/","og_site_name":"Noticias Radio Reflejos","article_published_time":"2023-10-23T00:08:44+00:00","og_image":[{"width":300,"height":200,"url":"https:\/\/www.noticiasradioreflejos.com.ar\/2021\/wp-content\/uploads\/2021\/07\/logosol300x200.png","type":"image\/png"}],"author":"Arnaldo Botto","twitter_card":"summary_large_image","schema":{"@context":"https:\/\/schema.org","@graph":[{"@type":"WebPage","@id":"https:\/\/www.noticiasradioreflejos.com.ar\/2021\/en-la-provincia-de-buenos-aires-voto-el-729-por-ciento-del-padron\/","url":"https:\/\/www.noticiasradioreflejos.com.ar\/2021\/en-la-provincia-de-buenos-aires-voto-el-729-por-ciento-del-padron\/","name":"En la provincia de Buenos Aires vot\u00f3 el 72,9 por ciento del padr\u00f3n - Noticias Radio Reflejos","isPartOf":{"@id":"https:\/\/www.noticiasradioreflejos.com.ar\/2021\/#website"},"datePublished":"2023-10-23T00:08:44+00:00","author":{"@id":"https:\/\/www.noticiasradioreflejos.com.ar\/2021\/#\/schema\/person\/ad82545263dcc5ec0996818884fd5fb1"},"breadcrumb":{"@id":"https:\/\/www.noticiasradioreflejos.com.ar\/2021\/en-la-provincia-de-buenos-aires-voto-el-729-por-ciento-del-padron\/#breadcrumb"},"inLanguage":"es","potentialAction":[{"@type":"ReadAction","target":["https:\/\/www.noticiasradioreflejos.com.ar\/2021\/en-la-provincia-de-buenos-aires-voto-el-729-por-ciento-del-padron\/"]}]},{"@type":"BreadcrumbList","@id":"https:\/\/www.noticiasradioreflejos.com.ar\/2021\/en-la-provincia-de-buenos-aires-voto-el-729-por-ciento-del-padron\/#breadcrumb","itemListElement":[{"@type":"ListItem","position":1,"name":"Portada","item":"https:\/\/www.noticiasradioreflejos.com.ar\/2021\/"},{"@type":"ListItem","position":2,"name":"En la provincia de Buenos Aires vot\u00f3 el 72,9 por ciento del padr\u00f3n"}]},{"@type":"WebSite","@id":"https:\/\/www.noticiasradioreflejos.com.ar\/2021\/#website","url":"https:\/\/www.noticiasradioreflejos.com.ar\/2021\/","name":"Noticias Radio Reflejos","description":"Las noticias de mi comarca","potentialAction":[{"@type":"SearchAction","target":{"@type":"EntryPoint","urlTemplate":"https:\/\/www.noticiasradioreflejos.com.ar\/2021\/?s={search_term_string}"},"query-input":{"@type":"PropertyValueSpecification","valueRequired":true,"valueName":"search_term_string"}}],"inLanguage":"es"},{"@type":"Person","@id":"https:\/\/www.noticiasradioreflejos.com.ar\/2021\/#\/schema\/person\/ad82545263dcc5ec0996818884fd5fb1","name":"Arnaldo Botto","image":{"@type":"ImageObject","inLanguage":"es","@id":"https:\/\/www.noticiasradioreflejos.com.ar\/2021\/#\/schema\/person\/image\/","url":"https:\/\/secure.gravatar.com\/avatar\/55cb5e37c1efa326397366e6974cb338056df65cb50e7d64d1cf314e87504837?s=96&d=mm&r=g","contentUrl":"https:\/\/secure.gravatar.com\/avatar\/55cb5e37c1efa326397366e6974cb338056df65cb50e7d64d1cf314e87504837?s=96&d=mm&r=g","caption":"Arnaldo Botto"},"url":"https:\/\/www.noticiasradioreflejos.com.ar\/2021\/author\/arnaldo\/"}]}},"_links":{"self":[{"href":"https:\/\/www.noticiasradioreflejos.com.ar\/2021\/wp-json\/wp\/v2\/posts\/94252","targetHints":{"allow":["GET"]}}],"collection":[{"href":"https:\/\/www.noticiasradioreflejos.com.ar\/2021\/wp-json\/wp\/v2\/posts"}],"about":[{"href":"https:\/\/www.noticiasradioreflejos.com.ar\/2021\/wp-json\/wp\/v2\/types\/post"}],"author":[{"embeddable":true,"href":"https:\/\/www.noticiasradioreflejos.com.ar\/2021\/wp-json\/wp\/v2\/users\/3"}],"replies":[{"embeddable":true,"href":"https:\/\/www.noticiasradioreflejos.com.ar\/2021\/wp-json\/wp\/v2\/comments?post=94252"}],"version-history":[{"count":1,"href":"https:\/\/www.noticiasradioreflejos.com.ar\/2021\/wp-json\/wp\/v2\/posts\/94252\/revisions"}],"predecessor-version":[{"id":94257,"href":"https:\/\/www.noticiasradioreflejos.com.ar\/2021\/wp-json\/wp\/v2\/posts\/94252\/revisions\/94257"}],"wp:attachment":[{"href":"https:\/\/www.noticiasradioreflejos.com.ar\/2021\/wp-json\/wp\/v2\/media?parent=94252"}],"wp:term":[{"taxonomy":"category","embeddable":true,"href":"https:\/\/www.noticiasradioreflejos.com.ar\/2021\/wp-json\/wp\/v2\/categories?post=94252"},{"taxonomy":"post_tag","embeddable":true,"href":"https:\/\/www.noticiasradioreflejos.com.ar\/2021\/wp-json\/wp\/v2\/tags?post=94252"}],"curies":[{"name":"wp","href":"https:\/\/api.w.org\/{rel}","templated":true}]}}