{"id":94241,"date":"2023-10-22T22:02:46","date_gmt":"2023-10-22T22:02:46","guid":{"rendered":"https:\/\/www.noticiasradioreflejos.com.ar\/2021\/?p=94241"},"modified":"2023-10-22T22:02:46","modified_gmt":"2023-10-22T22:02:46","slug":"del-productor-al-consumidor-los-precios-de-los-agroalimentos-se-multiplicaron-por-37-veces-en-septiembre","status":"publish","type":"post","link":"https:\/\/www.noticiasradioreflejos.com.ar\/2021\/del-productor-al-consumidor-los-precios-de-los-agroalimentos-se-multiplicaron-por-37-veces-en-septiembre\/","title":{"rendered":"Del productor al consumidor, los precios de los agroalimentos se multiplicaron por 3,7 veces en septiembre"},"content":{"rendered":"<p align=\"justify\"><span lang=\"ES-AR\">Seg\u00fan el \u00cdndice de Precios en Origen y Destino (IPOD) elaborado por el sector de Econom\u00edas Regionales de la Confederaci\u00f3n Argentina de la Mediana Empresa (CAME), en septiembre los precios de los agroalimentos se multiplicaron por 3,7 veces del campo (origen) a la g\u00f3ndola (destino). Es decir, el consumidor pag\u00f3 $ 3,7 por cada $ 1 que recibi\u00f3 el productor<!--more--><\/span><\/p>\n<p><span lang=\"ES-AR\">En promedio, la participaci\u00f3n del productor explic\u00f3 el 23,6% de los precios de venta final. La mayor participaci\u00f3n la tuvieron los productores de\u00a0<b>frutilla<\/b>\u00a0(52,5%), mientras que la menor fue para los de\u00a0<b>lim\u00f3n<\/b> (8,6%).<\/span><\/p>\n<p>&nbsp;<\/p>\n<p align=\"center\"><img loading=\"lazy\" decoding=\"async\" class=\"CToWUd a6T\" tabindex=\"0\" src=\"https:\/\/ci6.googleusercontent.com\/proxy\/29JyFfgPSQr9BVYBsRI6wlV7W3UOUYB7kDHfpN42xP4WB1GQub5MviDAfULxLwA9LKZUGojg8lfftcmx-F8hNv1H6tRHI35vmARBU-mBI5htPQ4Z2z1eUKs6uWXfH9ZWSaPoRAeoIQ2BVp3inNaTyVRNuwSbobkBnJDkqjPSBrhfXVXkYNudtkTVVzg4d-UCg84D3Q=s0-d-e1-ft#https:\/\/mailprensa.came.org.ar\/data\/1899c60d3e88c767f20949a98d5003460b14bf85\/media_files\/514\/original\/image-20231022162045-2.png\" width=\"1487\" height=\"837\" data-bit=\"iit\" \/><\/p>\n<p>&nbsp;<\/p>\n<p align=\"center\"><b><span lang=\"ES-AR\">La brecha en los productos frutihort\u00edcolas y en los ganaderos<\/span><\/b><\/p>\n<p>&nbsp;<\/p>\n<p align=\"justify\"><b><span lang=\"ES-AR\">IPOD frutihort\u00edcola:<\/span><\/b>\u00a0<span lang=\"ES-AR\">del campo a la g\u00f3ndola, los precios de las 19 frutas y hortalizas que integran la canasta IPOD se multiplicaron por 5,1 veces en septiembre.<\/span><\/p>\n<p><b><span lang=\"ES-AR\">IPOD ganadero:<\/span><\/b>\u00a0<span lang=\"ES-AR\">por los cinco productos y subproductos ganaderos que componen la canasta IPOD el consumidor abon\u00f3 3,2 veces m\u00e1s de lo que recibi\u00f3 el productor.<\/span><\/p>\n<p align=\"center\">\n<p align=\"center\"><b><span lang=\"ES-AR\">Mayores y menores brechas IPOD de septiembre<\/span><\/b><\/p>\n<ol>\n<li><b><span lang=\"ES-AR\">Productos con mayores brechas IPOD mensuales.<\/span><\/b><\/li>\n<\/ol>\n<p><span lang=\"ES-AR\">El\u00a0<b>lim\u00f3n<\/b>\u00a0(11,6 veces), la\u00a0<b>zanahoria<\/b>\u00a0(8,8), la\u00a0<b>manzana roja<\/b>\u00a0(7,8), el\u00a0<b>zapallito<\/b>\u00a0(7,8) y la\u00a0<b>cebolla\u00a0<\/b>(7,2 veces) fueron los cinco productos que presentaron mayor diferencia entre los precios de origen y destino.<\/span><\/p>\n<div align=\"justify\">\n<p><span lang=\"ES-AR\">Por sexto mes consecutivo el\u00a0<b>lim\u00f3n<\/b>\u00a0fue el agroalimento con mayor brecha entre el productor y el consumidor. Sus precios aumentaron 17% en destino \u2013por readecuaci\u00f3n que acompa\u00f1a a la inflaci\u00f3n\u2013, mientras que en origen tuvieron una suba del 10,5%, debido a la cercan\u00eda con la finalizaci\u00f3n de la zafra (menor volumen), no llegando a acompa\u00f1ar la variaci\u00f3n de precios generales registrada en el mes.<\/span><\/p>\n<p><span lang=\"ES-AR\">Con respecto a la\u00a0<b>zanahoria<\/b>, sus precios subieron tanto al productor (5,3%) como al consumidor (10,2%). La\u00a0<b>manzana roja\u00a0<\/b>\u2013por suba de costos en las c\u00e1maras de fr\u00edo\u2013<b>\u00a0<\/b>y la<b>\u00a0cebolla\u00a0<\/b><a name=\"m_-6925230272724695460__Hlk148688661\"><\/a>\u2013por falta de convalidaci\u00f3n de precio por parte del consumidor\u2013 tambi\u00e9n mostraron un incremento en los precios de origen (5% y 4,6%) y destino (18,4% y 5%), respectivamente.<\/span><\/p>\n<p><span lang=\"ES-AR\">Otro fue el caso del\u00a0<b>zapallito<\/b>, donde se observ\u00f3 una suba mensual del 3,1% en origen, mientras que en g\u00f3ndola tuvo una disminuci\u00f3n del 3,6%.<\/span><\/p>\n<\/div>\n<p>&nbsp;<\/p>\n<div align=\"center\"><img loading=\"lazy\" decoding=\"async\" class=\"CToWUd a6T\" tabindex=\"0\" src=\"https:\/\/ci4.googleusercontent.com\/proxy\/qB9IDyrld8TZBTOiycCD7BOXDV2DqOAuswbKFNaizOZPMaDquJ_rxYHHn7BaSw497QJ0BtYb-HOP_60V6Ai0qd3U6vIwgYywV0PzkecSb0o8uO8sv4j8exb81pcyN5Dyr2Aa2NXCCglgx_Y9jFht7Khw1-P9rn5YBOoR-S4Pz85NypnlsKvibC3jtj3K4S5V5xT9fQ=s0-d-e1-ft#https:\/\/mailprensa.came.org.ar\/data\/1899c60d3e88c767f20949a98d5003460b14bf85\/media_files\/511\/original\/image-20231022162045-3.png\" width=\"1525\" height=\"858\" data-bit=\"iit\" \/><\/div>\n<p>&nbsp;<\/p>\n<ol start=\"2\">\n<li><b><span lang=\"ES-AR\">Productos con menores brechas IPOD mensuales.<\/span><\/b><\/li>\n<\/ol>\n<div align=\"justify\">\n<p><span lang=\"ES-AR\">Entre los productos que presentaron menor diferencia entre el precio que recibi\u00f3 el productor y el que pag\u00f3 el consumidor se encuentran dos de origen animal y tres frutihort\u00edcolas.<\/span><\/p>\n<p><span lang=\"ES-AR\">En el caso de los\u00a0<b>huevos<\/b>\u00a0(2 veces) y el\u00a0<b>pollo\u00a0<\/b>(2,4), que por lo general tienen sistemas de producci\u00f3n integrados, todos los actores de sus respectivas cadenas de valor son parte del riesgo del negocio. Mientras que el\u00a0<b>pollo<\/b>\u00a0aument\u00f3 14,1% al productor y 3,7% al consumidor, los\u00a0<b>huevos<\/b>\u00a0registraron una suba del 4,5% en origen, mientras que en destino se observ\u00f3 una ca\u00edda del 3,6%. Ambos productos sufrieron los efectos de las distintas medidas econ\u00f3micas (d\u00f3lar ma\u00edz, entre otras), que incrementaron los costos de producci\u00f3n. Sin embargo, el reacomodamiento de precios en g\u00f3ndola ya se hab\u00eda visualizado en meses anteriores.<\/span><\/p>\n<p><span lang=\"ES-AR\">Por su parte, la\u00a0<b>papa\u00a0<\/b>y la<b>\u00a0calabaza<\/b>, ambas con una brecha campo-g\u00f3ndola de 2,9 veces, tuvieron el mismo comportamiento en destino: sus precios subieron 2,2% y 5%, respectivamente. Distinto fue lo que sucedi\u00f3 en origen, ya que la\u00a0<b>papa<\/b>\u00a0disminuy\u00f3 0,2% y la\u00a0<b>calabaza<\/b>\u00a0aument\u00f3 2,7%.<\/span><\/p>\n<p><span lang=\"ES-AR\">Para finalizar, la\u00a0<b>frutilla\u00a0<\/b>(1,9 veces), cuyos precios disminuyeron tanto en origen (24,3%) como en destino (13,5%), fue la \u00fanica fruta que se ubic\u00f3 entre los productos con menores brechas IPOD del mes de septiembre. Seg\u00fan los productores, la baja en el precio se debe al incremento de oferta proveniente de la provincia de Buenos Aires (plena temporada).<\/span><\/p>\n<\/div>\n<p>&nbsp;<\/p>\n<div align=\"center\"><img loading=\"lazy\" decoding=\"async\" class=\"CToWUd a6T\" tabindex=\"0\" src=\"https:\/\/ci4.googleusercontent.com\/proxy\/0aDgfnmaqmYJPPQQr54_mchn7piJT2lrf3lz-JiCBIjz1HePEWLMnoIuRucxGKtIA-G-BwiQqRXprjuT0rTLO5YyVrVcXQvdpDM23YlF9FTI3auxKqHAaVyyYPUMQQiWZeUBCySNc_QkfYb1x400u8YCIID6msrvcjR-KHmI7zaJ7JsG0w7ZUI1PWw6D2kQgEC3HQA=s0-d-e1-ft#https:\/\/mailprensa.came.org.ar\/data\/1899c60d3e88c767f20949a98d5003460b14bf85\/media_files\/512\/original\/image-20231022162045-4.png\" width=\"1498\" height=\"843\" data-bit=\"iit\" \/><\/div>\n<p>&nbsp;<\/p>\n<div align=\"center\"><img loading=\"lazy\" decoding=\"async\" class=\"CToWUd a6T\" tabindex=\"0\" src=\"https:\/\/ci5.googleusercontent.com\/proxy\/JJJsAKt3dGyPuuqg3nh4LfxPvbewAsIB0N4IPnHlYJ6gHxr92bejc56v5xrvc5pebypuGwFMgj4xLfJu7nN1vd8KoOGf3rhdBNrb1SLd1gU5w2rW4kqyZjgaJIN-tKhfcHt0Tw6RzQE_N-0facK-gcKfoEGbcb-BHcucDDms0xKLQhlcA4G37zXAxoF8aWrCQzKmJg=s0-d-e1-ft#https:\/\/mailprensa.came.org.ar\/data\/1899c60d3e88c767f20949a98d5003460b14bf85\/media_files\/513\/original\/image-20231022162045-5.png\" width=\"1129\" height=\"1047\" data-bit=\"iit\" \/><\/div>\n<p>&nbsp;<\/p>\n<ul>\n<li><span lang=\"ES-AR\">Informe t\u00e9cnico\u00a0y metodolog\u00eda,\u00a0clic\u00a0<\/span><a href=\"https:\/\/mailprensa.came.org.ar\/c\/w3px7j\/e4puqeay\/yxypdx7dave\" target=\"_blank\" rel=\"noopener\" data-saferedirecturl=\"https:\/\/www.google.com\/url?q=https:\/\/mailprensa.came.org.ar\/c\/w3px7j\/e4puqeay\/yxypdx7dave&amp;source=gmail&amp;ust=1698097434767000&amp;usg=AOvVaw3YJ61wMwCtloYrVUhVTUq9\">aqu\u00ed<\/a><span lang=\"ES-AR\">.<\/span><\/li>\n<li><span lang=\"ES-AR\">Tabla con la brecha IPOD de los 24 agroalimentos,\u00a0clic\u00a0<\/span><a href=\"https:\/\/mailprensa.came.org.ar\/c\/w3px7j\/e4puqeay\/nbybmqhd9qg\" target=\"_blank\" rel=\"noopener\" data-saferedirecturl=\"https:\/\/www.google.com\/url?q=https:\/\/mailprensa.came.org.ar\/c\/w3px7j\/e4puqeay\/nbybmqhd9qg&amp;source=gmail&amp;ust=1698097434767000&amp;usg=AOvVaw1ZyqRtQkSdZJ5cvuaWfJ3n\">aqu\u00ed<\/a><span lang=\"ES-AR\">.<\/span><\/li>\n<li><span lang=\"ES-AR\">Cuadro mayores brechas,\u00a0clic\u00a0<\/span><a href=\"https:\/\/mailprensa.came.org.ar\/c\/w3px7j\/e4puqeay\/_yn_ymje9jc\" target=\"_blank\" rel=\"noopener\" data-saferedirecturl=\"https:\/\/www.google.com\/url?q=https:\/\/mailprensa.came.org.ar\/c\/w3px7j\/e4puqeay\/_yn_ymje9jc&amp;source=gmail&amp;ust=1698097434767000&amp;usg=AOvVaw2nhnjl3vJiHTaEcHJzxgUl\">aqu\u00ed<\/a><span lang=\"ES-AR\">.<\/span><\/li>\n<li><span lang=\"ES-AR\">Cuadro menores brechas,\u00a0clic\u00a0<\/span><a href=\"https:\/\/mailprensa.came.org.ar\/c\/w3px7j\/e4puqeay\/gacz1ja5pce\" target=\"_blank\" rel=\"noopener\" data-saferedirecturl=\"https:\/\/www.google.com\/url?q=https:\/\/mailprensa.came.org.ar\/c\/w3px7j\/e4puqeay\/gacz1ja5pce&amp;source=gmail&amp;ust=1698097434767000&amp;usg=AOvVaw0QB8EtgNhyDAAIU9uIk6qE\">aqu\u00ed<\/a><span lang=\"ES-AR\">.<\/span><\/li>\n<li><span lang=\"ES-AR\">Participaci\u00f3n del productor,\u00a0clic\u00a0<\/span><a href=\"https:\/\/mailprensa.came.org.ar\/c\/w3px7j\/e4puqeay\/ppukoim14xm\" target=\"_blank\" rel=\"noopener\" data-saferedirecturl=\"https:\/\/www.google.com\/url?q=https:\/\/mailprensa.came.org.ar\/c\/w3px7j\/e4puqeay\/ppukoim14xm&amp;source=gmail&amp;ust=1698097434767000&amp;usg=AOvVaw0Y99DDqxRdP4PYKOePfMLp\">aqu\u00ed<\/a><span lang=\"ES-AR\">.<\/span><\/li>\n<\/ul>\n","protected":false},"excerpt":{"rendered":"<p>Seg\u00fan el \u00cdndice de Precios en Origen y Destino (IPOD) elaborado por el sector de Econom\u00edas Regionales de la Confederaci\u00f3n Argentina de la Mediana Empresa (CAME), en septiembre los precios de los agroalimentos se multiplicaron por 3,7 veces del campo (origen) a la g\u00f3ndola (destino). Es decir, el consumidor pag\u00f3 $ 3,7 por cada $ [&hellip;]<\/p>\n","protected":false},"author":3,"featured_media":0,"comment_status":"closed","ping_status":"closed","sticky":false,"template":"","format":"standard","meta":{"footnotes":""},"categories":[36],"tags":[],"class_list":["post-94241","post","type-post","status-publish","format-standard","hentry","category-economia"],"yoast_head":"<!-- This site is optimized with the Yoast SEO plugin v25.9 - https:\/\/yoast.com\/wordpress\/plugins\/seo\/ -->\n<title>Del productor al consumidor, los precios de los agroalimentos se multiplicaron por 3,7 veces en septiembre - Noticias Radio Reflejos<\/title>\n<meta name=\"robots\" content=\"index, follow, max-snippet:-1, max-image-preview:large, max-video-preview:-1\" \/>\n<link rel=\"canonical\" href=\"https:\/\/www.noticiasradioreflejos.com.ar\/2021\/del-productor-al-consumidor-los-precios-de-los-agroalimentos-se-multiplicaron-por-37-veces-en-septiembre\/\" \/>\n<meta property=\"og:locale\" content=\"es_ES\" \/>\n<meta property=\"og:type\" content=\"article\" \/>\n<meta property=\"og:title\" content=\"Del productor al consumidor, los precios de los agroalimentos se multiplicaron por 3,7 veces en septiembre - Noticias Radio Reflejos\" \/>\n<meta property=\"og:description\" content=\"Seg\u00fan el \u00cdndice de Precios en Origen y Destino (IPOD) elaborado por el sector de Econom\u00edas Regionales de la Confederaci\u00f3n Argentina de la Mediana Empresa (CAME), en septiembre los precios de los agroalimentos se multiplicaron por 3,7 veces del campo (origen) a la g\u00f3ndola (destino). Es decir, el consumidor pag\u00f3 $ 3,7 por cada $ [&hellip;]\" \/>\n<meta property=\"og:url\" content=\"https:\/\/www.noticiasradioreflejos.com.ar\/2021\/del-productor-al-consumidor-los-precios-de-los-agroalimentos-se-multiplicaron-por-37-veces-en-septiembre\/\" \/>\n<meta property=\"og:site_name\" content=\"Noticias Radio Reflejos\" \/>\n<meta property=\"article:published_time\" content=\"2023-10-22T22:02:46+00:00\" \/>\n<meta property=\"og:image\" content=\"https:\/\/ci6.googleusercontent.com\/proxy\/29JyFfgPSQr9BVYBsRI6wlV7W3UOUYB7kDHfpN42xP4WB1GQub5MviDAfULxLwA9LKZUGojg8lfftcmx-F8hNv1H6tRHI35vmARBU-mBI5htPQ4Z2z1eUKs6uWXfH9ZWSaPoRAeoIQ2BVp3inNaTyVRNuwSbobkBnJDkqjPSBrhfXVXkYNudtkTVVzg4d-UCg84D3Q=s0-d-e1-ft#https:\/\/mailprensa.came.org.ar\/data\/1899c60d3e88c767f20949a98d5003460b14bf85\/media_files\/514\/original\/image-20231022162045-2.png\" \/>\n<meta name=\"author\" content=\"Arnaldo Botto\" \/>\n<meta name=\"twitter:card\" content=\"summary_large_image\" \/>\n<script type=\"application\/ld+json\" class=\"yoast-schema-graph\">{\"@context\":\"https:\/\/schema.org\",\"@graph\":[{\"@type\":\"WebPage\",\"@id\":\"https:\/\/www.noticiasradioreflejos.com.ar\/2021\/del-productor-al-consumidor-los-precios-de-los-agroalimentos-se-multiplicaron-por-37-veces-en-septiembre\/\",\"url\":\"https:\/\/www.noticiasradioreflejos.com.ar\/2021\/del-productor-al-consumidor-los-precios-de-los-agroalimentos-se-multiplicaron-por-37-veces-en-septiembre\/\",\"name\":\"Del productor al consumidor, los precios de los agroalimentos se multiplicaron por 3,7 veces en septiembre - Noticias Radio Reflejos\",\"isPartOf\":{\"@id\":\"https:\/\/www.noticiasradioreflejos.com.ar\/2021\/#website\"},\"primaryImageOfPage\":{\"@id\":\"https:\/\/www.noticiasradioreflejos.com.ar\/2021\/del-productor-al-consumidor-los-precios-de-los-agroalimentos-se-multiplicaron-por-37-veces-en-septiembre\/#primaryimage\"},\"image\":{\"@id\":\"https:\/\/www.noticiasradioreflejos.com.ar\/2021\/del-productor-al-consumidor-los-precios-de-los-agroalimentos-se-multiplicaron-por-37-veces-en-septiembre\/#primaryimage\"},\"thumbnailUrl\":\"https:\/\/ci6.googleusercontent.com\/proxy\/29JyFfgPSQr9BVYBsRI6wlV7W3UOUYB7kDHfpN42xP4WB1GQub5MviDAfULxLwA9LKZUGojg8lfftcmx-F8hNv1H6tRHI35vmARBU-mBI5htPQ4Z2z1eUKs6uWXfH9ZWSaPoRAeoIQ2BVp3inNaTyVRNuwSbobkBnJDkqjPSBrhfXVXkYNudtkTVVzg4d-UCg84D3Q=s0-d-e1-ft#https:\/\/mailprensa.came.org.ar\/data\/1899c60d3e88c767f20949a98d5003460b14bf85\/media_files\/514\/original\/image-20231022162045-2.png\",\"datePublished\":\"2023-10-22T22:02:46+00:00\",\"author\":{\"@id\":\"https:\/\/www.noticiasradioreflejos.com.ar\/2021\/#\/schema\/person\/ad82545263dcc5ec0996818884fd5fb1\"},\"breadcrumb\":{\"@id\":\"https:\/\/www.noticiasradioreflejos.com.ar\/2021\/del-productor-al-consumidor-los-precios-de-los-agroalimentos-se-multiplicaron-por-37-veces-en-septiembre\/#breadcrumb\"},\"inLanguage\":\"es\",\"potentialAction\":[{\"@type\":\"ReadAction\",\"target\":[\"https:\/\/www.noticiasradioreflejos.com.ar\/2021\/del-productor-al-consumidor-los-precios-de-los-agroalimentos-se-multiplicaron-por-37-veces-en-septiembre\/\"]}]},{\"@type\":\"ImageObject\",\"inLanguage\":\"es\",\"@id\":\"https:\/\/www.noticiasradioreflejos.com.ar\/2021\/del-productor-al-consumidor-los-precios-de-los-agroalimentos-se-multiplicaron-por-37-veces-en-septiembre\/#primaryimage\",\"url\":\"https:\/\/ci6.googleusercontent.com\/proxy\/29JyFfgPSQr9BVYBsRI6wlV7W3UOUYB7kDHfpN42xP4WB1GQub5MviDAfULxLwA9LKZUGojg8lfftcmx-F8hNv1H6tRHI35vmARBU-mBI5htPQ4Z2z1eUKs6uWXfH9ZWSaPoRAeoIQ2BVp3inNaTyVRNuwSbobkBnJDkqjPSBrhfXVXkYNudtkTVVzg4d-UCg84D3Q=s0-d-e1-ft#https:\/\/mailprensa.came.org.ar\/data\/1899c60d3e88c767f20949a98d5003460b14bf85\/media_files\/514\/original\/image-20231022162045-2.png\",\"contentUrl\":\"https:\/\/ci6.googleusercontent.com\/proxy\/29JyFfgPSQr9BVYBsRI6wlV7W3UOUYB7kDHfpN42xP4WB1GQub5MviDAfULxLwA9LKZUGojg8lfftcmx-F8hNv1H6tRHI35vmARBU-mBI5htPQ4Z2z1eUKs6uWXfH9ZWSaPoRAeoIQ2BVp3inNaTyVRNuwSbobkBnJDkqjPSBrhfXVXkYNudtkTVVzg4d-UCg84D3Q=s0-d-e1-ft#https:\/\/mailprensa.came.org.ar\/data\/1899c60d3e88c767f20949a98d5003460b14bf85\/media_files\/514\/original\/image-20231022162045-2.png\"},{\"@type\":\"BreadcrumbList\",\"@id\":\"https:\/\/www.noticiasradioreflejos.com.ar\/2021\/del-productor-al-consumidor-los-precios-de-los-agroalimentos-se-multiplicaron-por-37-veces-en-septiembre\/#breadcrumb\",\"itemListElement\":[{\"@type\":\"ListItem\",\"position\":1,\"name\":\"Portada\",\"item\":\"https:\/\/www.noticiasradioreflejos.com.ar\/2021\/\"},{\"@type\":\"ListItem\",\"position\":2,\"name\":\"Del productor al consumidor, los precios de los agroalimentos se multiplicaron por 3,7 veces en septiembre\"}]},{\"@type\":\"WebSite\",\"@id\":\"https:\/\/www.noticiasradioreflejos.com.ar\/2021\/#website\",\"url\":\"https:\/\/www.noticiasradioreflejos.com.ar\/2021\/\",\"name\":\"Noticias Radio Reflejos\",\"description\":\"Las noticias de mi comarca\",\"potentialAction\":[{\"@type\":\"SearchAction\",\"target\":{\"@type\":\"EntryPoint\",\"urlTemplate\":\"https:\/\/www.noticiasradioreflejos.com.ar\/2021\/?s={search_term_string}\"},\"query-input\":{\"@type\":\"PropertyValueSpecification\",\"valueRequired\":true,\"valueName\":\"search_term_string\"}}],\"inLanguage\":\"es\"},{\"@type\":\"Person\",\"@id\":\"https:\/\/www.noticiasradioreflejos.com.ar\/2021\/#\/schema\/person\/ad82545263dcc5ec0996818884fd5fb1\",\"name\":\"Arnaldo Botto\",\"image\":{\"@type\":\"ImageObject\",\"inLanguage\":\"es\",\"@id\":\"https:\/\/www.noticiasradioreflejos.com.ar\/2021\/#\/schema\/person\/image\/\",\"url\":\"https:\/\/secure.gravatar.com\/avatar\/55cb5e37c1efa326397366e6974cb338056df65cb50e7d64d1cf314e87504837?s=96&d=mm&r=g\",\"contentUrl\":\"https:\/\/secure.gravatar.com\/avatar\/55cb5e37c1efa326397366e6974cb338056df65cb50e7d64d1cf314e87504837?s=96&d=mm&r=g\",\"caption\":\"Arnaldo Botto\"},\"url\":\"https:\/\/www.noticiasradioreflejos.com.ar\/2021\/author\/arnaldo\/\"}]}<\/script>\n<!-- \/ Yoast SEO plugin. -->","yoast_head_json":{"title":"Del productor al consumidor, los precios de los agroalimentos se multiplicaron por 3,7 veces en septiembre - Noticias Radio Reflejos","robots":{"index":"index","follow":"follow","max-snippet":"max-snippet:-1","max-image-preview":"max-image-preview:large","max-video-preview":"max-video-preview:-1"},"canonical":"https:\/\/www.noticiasradioreflejos.com.ar\/2021\/del-productor-al-consumidor-los-precios-de-los-agroalimentos-se-multiplicaron-por-37-veces-en-septiembre\/","og_locale":"es_ES","og_type":"article","og_title":"Del productor al consumidor, los precios de los agroalimentos se multiplicaron por 3,7 veces en septiembre - Noticias Radio Reflejos","og_description":"Seg\u00fan el \u00cdndice de Precios en Origen y Destino (IPOD) elaborado por el sector de Econom\u00edas Regionales de la Confederaci\u00f3n Argentina de la Mediana Empresa (CAME), en septiembre los precios de los agroalimentos se multiplicaron por 3,7 veces del campo (origen) a la g\u00f3ndola (destino). Es decir, el consumidor pag\u00f3 $ 3,7 por cada $ [&hellip;]","og_url":"https:\/\/www.noticiasradioreflejos.com.ar\/2021\/del-productor-al-consumidor-los-precios-de-los-agroalimentos-se-multiplicaron-por-37-veces-en-septiembre\/","og_site_name":"Noticias Radio Reflejos","article_published_time":"2023-10-22T22:02:46+00:00","og_image":[{"url":"https:\/\/ci6.googleusercontent.com\/proxy\/29JyFfgPSQr9BVYBsRI6wlV7W3UOUYB7kDHfpN42xP4WB1GQub5MviDAfULxLwA9LKZUGojg8lfftcmx-F8hNv1H6tRHI35vmARBU-mBI5htPQ4Z2z1eUKs6uWXfH9ZWSaPoRAeoIQ2BVp3inNaTyVRNuwSbobkBnJDkqjPSBrhfXVXkYNudtkTVVzg4d-UCg84D3Q=s0-d-e1-ft#https:\/\/mailprensa.came.org.ar\/data\/1899c60d3e88c767f20949a98d5003460b14bf85\/media_files\/514\/original\/image-20231022162045-2.png","type":"","width":"","height":""}],"author":"Arnaldo Botto","twitter_card":"summary_large_image","schema":{"@context":"https:\/\/schema.org","@graph":[{"@type":"WebPage","@id":"https:\/\/www.noticiasradioreflejos.com.ar\/2021\/del-productor-al-consumidor-los-precios-de-los-agroalimentos-se-multiplicaron-por-37-veces-en-septiembre\/","url":"https:\/\/www.noticiasradioreflejos.com.ar\/2021\/del-productor-al-consumidor-los-precios-de-los-agroalimentos-se-multiplicaron-por-37-veces-en-septiembre\/","name":"Del productor al consumidor, los precios de los agroalimentos se multiplicaron por 3,7 veces en septiembre - Noticias Radio Reflejos","isPartOf":{"@id":"https:\/\/www.noticiasradioreflejos.com.ar\/2021\/#website"},"primaryImageOfPage":{"@id":"https:\/\/www.noticiasradioreflejos.com.ar\/2021\/del-productor-al-consumidor-los-precios-de-los-agroalimentos-se-multiplicaron-por-37-veces-en-septiembre\/#primaryimage"},"image":{"@id":"https:\/\/www.noticiasradioreflejos.com.ar\/2021\/del-productor-al-consumidor-los-precios-de-los-agroalimentos-se-multiplicaron-por-37-veces-en-septiembre\/#primaryimage"},"thumbnailUrl":"https:\/\/ci6.googleusercontent.com\/proxy\/29JyFfgPSQr9BVYBsRI6wlV7W3UOUYB7kDHfpN42xP4WB1GQub5MviDAfULxLwA9LKZUGojg8lfftcmx-F8hNv1H6tRHI35vmARBU-mBI5htPQ4Z2z1eUKs6uWXfH9ZWSaPoRAeoIQ2BVp3inNaTyVRNuwSbobkBnJDkqjPSBrhfXVXkYNudtkTVVzg4d-UCg84D3Q=s0-d-e1-ft#https:\/\/mailprensa.came.org.ar\/data\/1899c60d3e88c767f20949a98d5003460b14bf85\/media_files\/514\/original\/image-20231022162045-2.png","datePublished":"2023-10-22T22:02:46+00:00","author":{"@id":"https:\/\/www.noticiasradioreflejos.com.ar\/2021\/#\/schema\/person\/ad82545263dcc5ec0996818884fd5fb1"},"breadcrumb":{"@id":"https:\/\/www.noticiasradioreflejos.com.ar\/2021\/del-productor-al-consumidor-los-precios-de-los-agroalimentos-se-multiplicaron-por-37-veces-en-septiembre\/#breadcrumb"},"inLanguage":"es","potentialAction":[{"@type":"ReadAction","target":["https:\/\/www.noticiasradioreflejos.com.ar\/2021\/del-productor-al-consumidor-los-precios-de-los-agroalimentos-se-multiplicaron-por-37-veces-en-septiembre\/"]}]},{"@type":"ImageObject","inLanguage":"es","@id":"https:\/\/www.noticiasradioreflejos.com.ar\/2021\/del-productor-al-consumidor-los-precios-de-los-agroalimentos-se-multiplicaron-por-37-veces-en-septiembre\/#primaryimage","url":"https:\/\/ci6.googleusercontent.com\/proxy\/29JyFfgPSQr9BVYBsRI6wlV7W3UOUYB7kDHfpN42xP4WB1GQub5MviDAfULxLwA9LKZUGojg8lfftcmx-F8hNv1H6tRHI35vmARBU-mBI5htPQ4Z2z1eUKs6uWXfH9ZWSaPoRAeoIQ2BVp3inNaTyVRNuwSbobkBnJDkqjPSBrhfXVXkYNudtkTVVzg4d-UCg84D3Q=s0-d-e1-ft#https:\/\/mailprensa.came.org.ar\/data\/1899c60d3e88c767f20949a98d5003460b14bf85\/media_files\/514\/original\/image-20231022162045-2.png","contentUrl":"https:\/\/ci6.googleusercontent.com\/proxy\/29JyFfgPSQr9BVYBsRI6wlV7W3UOUYB7kDHfpN42xP4WB1GQub5MviDAfULxLwA9LKZUGojg8lfftcmx-F8hNv1H6tRHI35vmARBU-mBI5htPQ4Z2z1eUKs6uWXfH9ZWSaPoRAeoIQ2BVp3inNaTyVRNuwSbobkBnJDkqjPSBrhfXVXkYNudtkTVVzg4d-UCg84D3Q=s0-d-e1-ft#https:\/\/mailprensa.came.org.ar\/data\/1899c60d3e88c767f20949a98d5003460b14bf85\/media_files\/514\/original\/image-20231022162045-2.png"},{"@type":"BreadcrumbList","@id":"https:\/\/www.noticiasradioreflejos.com.ar\/2021\/del-productor-al-consumidor-los-precios-de-los-agroalimentos-se-multiplicaron-por-37-veces-en-septiembre\/#breadcrumb","itemListElement":[{"@type":"ListItem","position":1,"name":"Portada","item":"https:\/\/www.noticiasradioreflejos.com.ar\/2021\/"},{"@type":"ListItem","position":2,"name":"Del productor al consumidor, los precios de los agroalimentos se multiplicaron por 3,7 veces en septiembre"}]},{"@type":"WebSite","@id":"https:\/\/www.noticiasradioreflejos.com.ar\/2021\/#website","url":"https:\/\/www.noticiasradioreflejos.com.ar\/2021\/","name":"Noticias Radio Reflejos","description":"Las noticias de mi comarca","potentialAction":[{"@type":"SearchAction","target":{"@type":"EntryPoint","urlTemplate":"https:\/\/www.noticiasradioreflejos.com.ar\/2021\/?s={search_term_string}"},"query-input":{"@type":"PropertyValueSpecification","valueRequired":true,"valueName":"search_term_string"}}],"inLanguage":"es"},{"@type":"Person","@id":"https:\/\/www.noticiasradioreflejos.com.ar\/2021\/#\/schema\/person\/ad82545263dcc5ec0996818884fd5fb1","name":"Arnaldo Botto","image":{"@type":"ImageObject","inLanguage":"es","@id":"https:\/\/www.noticiasradioreflejos.com.ar\/2021\/#\/schema\/person\/image\/","url":"https:\/\/secure.gravatar.com\/avatar\/55cb5e37c1efa326397366e6974cb338056df65cb50e7d64d1cf314e87504837?s=96&d=mm&r=g","contentUrl":"https:\/\/secure.gravatar.com\/avatar\/55cb5e37c1efa326397366e6974cb338056df65cb50e7d64d1cf314e87504837?s=96&d=mm&r=g","caption":"Arnaldo Botto"},"url":"https:\/\/www.noticiasradioreflejos.com.ar\/2021\/author\/arnaldo\/"}]}},"_links":{"self":[{"href":"https:\/\/www.noticiasradioreflejos.com.ar\/2021\/wp-json\/wp\/v2\/posts\/94241","targetHints":{"allow":["GET"]}}],"collection":[{"href":"https:\/\/www.noticiasradioreflejos.com.ar\/2021\/wp-json\/wp\/v2\/posts"}],"about":[{"href":"https:\/\/www.noticiasradioreflejos.com.ar\/2021\/wp-json\/wp\/v2\/types\/post"}],"author":[{"embeddable":true,"href":"https:\/\/www.noticiasradioreflejos.com.ar\/2021\/wp-json\/wp\/v2\/users\/3"}],"replies":[{"embeddable":true,"href":"https:\/\/www.noticiasradioreflejos.com.ar\/2021\/wp-json\/wp\/v2\/comments?post=94241"}],"version-history":[{"count":1,"href":"https:\/\/www.noticiasradioreflejos.com.ar\/2021\/wp-json\/wp\/v2\/posts\/94241\/revisions"}],"predecessor-version":[{"id":94243,"href":"https:\/\/www.noticiasradioreflejos.com.ar\/2021\/wp-json\/wp\/v2\/posts\/94241\/revisions\/94243"}],"wp:attachment":[{"href":"https:\/\/www.noticiasradioreflejos.com.ar\/2021\/wp-json\/wp\/v2\/media?parent=94241"}],"wp:term":[{"taxonomy":"category","embeddable":true,"href":"https:\/\/www.noticiasradioreflejos.com.ar\/2021\/wp-json\/wp\/v2\/categories?post=94241"},{"taxonomy":"post_tag","embeddable":true,"href":"https:\/\/www.noticiasradioreflejos.com.ar\/2021\/wp-json\/wp\/v2\/tags?post=94241"}],"curies":[{"name":"wp","href":"https:\/\/api.w.org\/{rel}","templated":true}]}}