{"id":94238,"date":"2023-10-22T21:54:29","date_gmt":"2023-10-22T21:54:29","guid":{"rendered":"https:\/\/www.noticiasradioreflejos.com.ar\/2021\/?p=94238"},"modified":"2023-10-22T21:54:29","modified_gmt":"2023-10-22T21:54:29","slug":"cerraron-los-comicios-con-el-voto-de-al-menos-el-74-por-ciento-de-los-empadronados","status":"publish","type":"post","link":"https:\/\/www.noticiasradioreflejos.com.ar\/2021\/cerraron-los-comicios-con-el-voto-de-al-menos-el-74-por-ciento-de-los-empadronados\/","title":{"rendered":"Cerraron los comicios con el voto de al menos el 74 por ciento de los empadronados"},"content":{"rendered":"<p>Las elecciones generales para presidente, diputados y senadores nacionales cerraron hoy a las 18 con normalidad en todo el pa\u00eds, y con el voto de al menos el 74 por ciento de los empadronados, inform\u00f3 la C\u00e1mara Nacional Electoral.<!--more--><\/p>\n<p>Los primeros resultados se dar\u00e1n reci\u00e9n a conocer entre las 22 y las 22.30, seg\u00fan se inform\u00f3 oficialmente.<\/p>\n<p>A la hora del cierre de los comicios hab\u00edan votado el 74 por ciento de los ciudadanos habilitados, pero el porcentaje puede variar cuando se sumen los sufragios de quienes estaban dentro de los centros de votaci\u00f3n en ese momento.<\/p>\n<p>Unos 35 millones de argentinos habilitados para votar tuvieron la oportunidad de acudir a las urnas en todo el territorio nacional y en el extranjero para designar al presidente que administrar\u00e1 la Argentina durante los pr\u00f3ximos cuatro a\u00f1os.<\/p>\n<p>No obstante, para que hoy sea elegido el pr\u00f3ximo presidente la f\u00f3rmula m\u00e1s votada debe obtener el 40 por ciento de los votos y una diferencia con el segundo de diez o m\u00e1s puntos, o superar el 45 por ciento de las preferencias.<\/p>\n<p>En caso de que ninguna fuerza logre el objetivo de ganar en primera vuelta, se desarrollar\u00e1 un balotaje el 19 de noviembre entre las dos fuerzas m\u00e1s votadas.<\/p>\n","protected":false},"excerpt":{"rendered":"<p>Las elecciones generales para presidente, diputados y senadores nacionales cerraron hoy a las 18 con normalidad en todo el pa\u00eds, y con el voto de al menos el 74 por ciento de los empadronados, inform\u00f3 la C\u00e1mara Nacional Electoral.<\/p>\n","protected":false},"author":3,"featured_media":0,"comment_status":"closed","ping_status":"closed","sticky":false,"template":"","format":"standard","meta":{"footnotes":""},"categories":[24],"tags":[48],"class_list":["post-94238","post","type-post","status-publish","format-standard","hentry","category-politica","tag-destacada"],"yoast_head":"<!-- This site is optimized with the Yoast SEO plugin v25.9 - https:\/\/yoast.com\/wordpress\/plugins\/seo\/ -->\n<title>Cerraron los comicios con el voto de al menos el 74 por ciento de los empadronados - Noticias Radio Reflejos<\/title>\n<meta name=\"robots\" content=\"index, follow, max-snippet:-1, max-image-preview:large, max-video-preview:-1\" \/>\n<link rel=\"canonical\" href=\"https:\/\/www.noticiasradioreflejos.com.ar\/2021\/cerraron-los-comicios-con-el-voto-de-al-menos-el-74-por-ciento-de-los-empadronados\/\" \/>\n<meta property=\"og:locale\" content=\"es_ES\" \/>\n<meta property=\"og:type\" content=\"article\" \/>\n<meta property=\"og:title\" content=\"Cerraron los comicios con el voto de al menos el 74 por ciento de los empadronados - Noticias Radio Reflejos\" \/>\n<meta property=\"og:description\" content=\"Las elecciones generales para presidente, diputados y senadores nacionales cerraron hoy a las 18 con normalidad en todo el pa\u00eds, y con el voto de al menos el 74 por ciento de los empadronados, inform\u00f3 la C\u00e1mara Nacional Electoral.\" \/>\n<meta property=\"og:url\" content=\"https:\/\/www.noticiasradioreflejos.com.ar\/2021\/cerraron-los-comicios-con-el-voto-de-al-menos-el-74-por-ciento-de-los-empadronados\/\" \/>\n<meta property=\"og:site_name\" content=\"Noticias Radio Reflejos\" \/>\n<meta property=\"article:published_time\" content=\"2023-10-22T21:54:29+00:00\" \/>\n<meta property=\"og:image\" content=\"https:\/\/www.noticiasradioreflejos.com.ar\/2021\/wp-content\/uploads\/2021\/07\/logosol300x200.png\" \/>\n\t<meta property=\"og:image:width\" content=\"300\" \/>\n\t<meta property=\"og:image:height\" content=\"200\" \/>\n\t<meta property=\"og:image:type\" content=\"image\/png\" \/>\n<meta name=\"author\" content=\"Arnaldo Botto\" \/>\n<meta name=\"twitter:card\" content=\"summary_large_image\" \/>\n<script type=\"application\/ld+json\" class=\"yoast-schema-graph\">{\"@context\":\"https:\/\/schema.org\",\"@graph\":[{\"@type\":\"WebPage\",\"@id\":\"https:\/\/www.noticiasradioreflejos.com.ar\/2021\/cerraron-los-comicios-con-el-voto-de-al-menos-el-74-por-ciento-de-los-empadronados\/\",\"url\":\"https:\/\/www.noticiasradioreflejos.com.ar\/2021\/cerraron-los-comicios-con-el-voto-de-al-menos-el-74-por-ciento-de-los-empadronados\/\",\"name\":\"Cerraron los comicios con el voto de al menos el 74 por ciento de los empadronados - Noticias Radio Reflejos\",\"isPartOf\":{\"@id\":\"https:\/\/www.noticiasradioreflejos.com.ar\/2021\/#website\"},\"datePublished\":\"2023-10-22T21:54:29+00:00\",\"author\":{\"@id\":\"https:\/\/www.noticiasradioreflejos.com.ar\/2021\/#\/schema\/person\/ad82545263dcc5ec0996818884fd5fb1\"},\"breadcrumb\":{\"@id\":\"https:\/\/www.noticiasradioreflejos.com.ar\/2021\/cerraron-los-comicios-con-el-voto-de-al-menos-el-74-por-ciento-de-los-empadronados\/#breadcrumb\"},\"inLanguage\":\"es\",\"potentialAction\":[{\"@type\":\"ReadAction\",\"target\":[\"https:\/\/www.noticiasradioreflejos.com.ar\/2021\/cerraron-los-comicios-con-el-voto-de-al-menos-el-74-por-ciento-de-los-empadronados\/\"]}]},{\"@type\":\"BreadcrumbList\",\"@id\":\"https:\/\/www.noticiasradioreflejos.com.ar\/2021\/cerraron-los-comicios-con-el-voto-de-al-menos-el-74-por-ciento-de-los-empadronados\/#breadcrumb\",\"itemListElement\":[{\"@type\":\"ListItem\",\"position\":1,\"name\":\"Portada\",\"item\":\"https:\/\/www.noticiasradioreflejos.com.ar\/2021\/\"},{\"@type\":\"ListItem\",\"position\":2,\"name\":\"Cerraron los comicios con el voto de al menos el 74 por ciento de los empadronados\"}]},{\"@type\":\"WebSite\",\"@id\":\"https:\/\/www.noticiasradioreflejos.com.ar\/2021\/#website\",\"url\":\"https:\/\/www.noticiasradioreflejos.com.ar\/2021\/\",\"name\":\"Noticias Radio Reflejos\",\"description\":\"Las noticias de mi comarca\",\"potentialAction\":[{\"@type\":\"SearchAction\",\"target\":{\"@type\":\"EntryPoint\",\"urlTemplate\":\"https:\/\/www.noticiasradioreflejos.com.ar\/2021\/?s={search_term_string}\"},\"query-input\":{\"@type\":\"PropertyValueSpecification\",\"valueRequired\":true,\"valueName\":\"search_term_string\"}}],\"inLanguage\":\"es\"},{\"@type\":\"Person\",\"@id\":\"https:\/\/www.noticiasradioreflejos.com.ar\/2021\/#\/schema\/person\/ad82545263dcc5ec0996818884fd5fb1\",\"name\":\"Arnaldo Botto\",\"image\":{\"@type\":\"ImageObject\",\"inLanguage\":\"es\",\"@id\":\"https:\/\/www.noticiasradioreflejos.com.ar\/2021\/#\/schema\/person\/image\/\",\"url\":\"https:\/\/secure.gravatar.com\/avatar\/55cb5e37c1efa326397366e6974cb338056df65cb50e7d64d1cf314e87504837?s=96&d=mm&r=g\",\"contentUrl\":\"https:\/\/secure.gravatar.com\/avatar\/55cb5e37c1efa326397366e6974cb338056df65cb50e7d64d1cf314e87504837?s=96&d=mm&r=g\",\"caption\":\"Arnaldo Botto\"},\"url\":\"https:\/\/www.noticiasradioreflejos.com.ar\/2021\/author\/arnaldo\/\"}]}<\/script>\n<!-- \/ Yoast SEO plugin. -->","yoast_head_json":{"title":"Cerraron los comicios con el voto de al menos el 74 por ciento de los empadronados - Noticias Radio Reflejos","robots":{"index":"index","follow":"follow","max-snippet":"max-snippet:-1","max-image-preview":"max-image-preview:large","max-video-preview":"max-video-preview:-1"},"canonical":"https:\/\/www.noticiasradioreflejos.com.ar\/2021\/cerraron-los-comicios-con-el-voto-de-al-menos-el-74-por-ciento-de-los-empadronados\/","og_locale":"es_ES","og_type":"article","og_title":"Cerraron los comicios con el voto de al menos el 74 por ciento de los empadronados - Noticias Radio Reflejos","og_description":"Las elecciones generales para presidente, diputados y senadores nacionales cerraron hoy a las 18 con normalidad en todo el pa\u00eds, y con el voto de al menos el 74 por ciento de los empadronados, inform\u00f3 la C\u00e1mara Nacional Electoral.","og_url":"https:\/\/www.noticiasradioreflejos.com.ar\/2021\/cerraron-los-comicios-con-el-voto-de-al-menos-el-74-por-ciento-de-los-empadronados\/","og_site_name":"Noticias Radio Reflejos","article_published_time":"2023-10-22T21:54:29+00:00","og_image":[{"width":300,"height":200,"url":"https:\/\/www.noticiasradioreflejos.com.ar\/2021\/wp-content\/uploads\/2021\/07\/logosol300x200.png","type":"image\/png"}],"author":"Arnaldo Botto","twitter_card":"summary_large_image","schema":{"@context":"https:\/\/schema.org","@graph":[{"@type":"WebPage","@id":"https:\/\/www.noticiasradioreflejos.com.ar\/2021\/cerraron-los-comicios-con-el-voto-de-al-menos-el-74-por-ciento-de-los-empadronados\/","url":"https:\/\/www.noticiasradioreflejos.com.ar\/2021\/cerraron-los-comicios-con-el-voto-de-al-menos-el-74-por-ciento-de-los-empadronados\/","name":"Cerraron los comicios con el voto de al menos el 74 por ciento de los empadronados - Noticias Radio Reflejos","isPartOf":{"@id":"https:\/\/www.noticiasradioreflejos.com.ar\/2021\/#website"},"datePublished":"2023-10-22T21:54:29+00:00","author":{"@id":"https:\/\/www.noticiasradioreflejos.com.ar\/2021\/#\/schema\/person\/ad82545263dcc5ec0996818884fd5fb1"},"breadcrumb":{"@id":"https:\/\/www.noticiasradioreflejos.com.ar\/2021\/cerraron-los-comicios-con-el-voto-de-al-menos-el-74-por-ciento-de-los-empadronados\/#breadcrumb"},"inLanguage":"es","potentialAction":[{"@type":"ReadAction","target":["https:\/\/www.noticiasradioreflejos.com.ar\/2021\/cerraron-los-comicios-con-el-voto-de-al-menos-el-74-por-ciento-de-los-empadronados\/"]}]},{"@type":"BreadcrumbList","@id":"https:\/\/www.noticiasradioreflejos.com.ar\/2021\/cerraron-los-comicios-con-el-voto-de-al-menos-el-74-por-ciento-de-los-empadronados\/#breadcrumb","itemListElement":[{"@type":"ListItem","position":1,"name":"Portada","item":"https:\/\/www.noticiasradioreflejos.com.ar\/2021\/"},{"@type":"ListItem","position":2,"name":"Cerraron los comicios con el voto de al menos el 74 por ciento de los empadronados"}]},{"@type":"WebSite","@id":"https:\/\/www.noticiasradioreflejos.com.ar\/2021\/#website","url":"https:\/\/www.noticiasradioreflejos.com.ar\/2021\/","name":"Noticias Radio Reflejos","description":"Las noticias de mi comarca","potentialAction":[{"@type":"SearchAction","target":{"@type":"EntryPoint","urlTemplate":"https:\/\/www.noticiasradioreflejos.com.ar\/2021\/?s={search_term_string}"},"query-input":{"@type":"PropertyValueSpecification","valueRequired":true,"valueName":"search_term_string"}}],"inLanguage":"es"},{"@type":"Person","@id":"https:\/\/www.noticiasradioreflejos.com.ar\/2021\/#\/schema\/person\/ad82545263dcc5ec0996818884fd5fb1","name":"Arnaldo Botto","image":{"@type":"ImageObject","inLanguage":"es","@id":"https:\/\/www.noticiasradioreflejos.com.ar\/2021\/#\/schema\/person\/image\/","url":"https:\/\/secure.gravatar.com\/avatar\/55cb5e37c1efa326397366e6974cb338056df65cb50e7d64d1cf314e87504837?s=96&d=mm&r=g","contentUrl":"https:\/\/secure.gravatar.com\/avatar\/55cb5e37c1efa326397366e6974cb338056df65cb50e7d64d1cf314e87504837?s=96&d=mm&r=g","caption":"Arnaldo Botto"},"url":"https:\/\/www.noticiasradioreflejos.com.ar\/2021\/author\/arnaldo\/"}]}},"_links":{"self":[{"href":"https:\/\/www.noticiasradioreflejos.com.ar\/2021\/wp-json\/wp\/v2\/posts\/94238","targetHints":{"allow":["GET"]}}],"collection":[{"href":"https:\/\/www.noticiasradioreflejos.com.ar\/2021\/wp-json\/wp\/v2\/posts"}],"about":[{"href":"https:\/\/www.noticiasradioreflejos.com.ar\/2021\/wp-json\/wp\/v2\/types\/post"}],"author":[{"embeddable":true,"href":"https:\/\/www.noticiasradioreflejos.com.ar\/2021\/wp-json\/wp\/v2\/users\/3"}],"replies":[{"embeddable":true,"href":"https:\/\/www.noticiasradioreflejos.com.ar\/2021\/wp-json\/wp\/v2\/comments?post=94238"}],"version-history":[{"count":1,"href":"https:\/\/www.noticiasradioreflejos.com.ar\/2021\/wp-json\/wp\/v2\/posts\/94238\/revisions"}],"predecessor-version":[{"id":94240,"href":"https:\/\/www.noticiasradioreflejos.com.ar\/2021\/wp-json\/wp\/v2\/posts\/94238\/revisions\/94240"}],"wp:attachment":[{"href":"https:\/\/www.noticiasradioreflejos.com.ar\/2021\/wp-json\/wp\/v2\/media?parent=94238"}],"wp:term":[{"taxonomy":"category","embeddable":true,"href":"https:\/\/www.noticiasradioreflejos.com.ar\/2021\/wp-json\/wp\/v2\/categories?post=94238"},{"taxonomy":"post_tag","embeddable":true,"href":"https:\/\/www.noticiasradioreflejos.com.ar\/2021\/wp-json\/wp\/v2\/tags?post=94238"}],"curies":[{"name":"wp","href":"https:\/\/api.w.org\/{rel}","templated":true}]}}