{"id":94228,"date":"2023-10-22T14:10:53","date_gmt":"2023-10-22T14:10:53","guid":{"rendered":"https:\/\/www.noticiasradioreflejos.com.ar\/2021\/?p=94228"},"modified":"2023-10-22T14:10:53","modified_gmt":"2023-10-22T14:10:53","slug":"rigen-alertas-por-tormentas-para-ocho-provincias","status":"publish","type":"post","link":"https:\/\/www.noticiasradioreflejos.com.ar\/2021\/rigen-alertas-por-tormentas-para-ocho-provincias\/","title":{"rendered":"Rigen alertas por tormentas para ocho provincias"},"content":{"rendered":"<p>El Servicio Meteorol\u00f3gico Nacional (SMN) emiti\u00f3 esta ma\u00f1ana alertas naranjas y amarillas por tormentas fuertes, que pueden estar acompa\u00f1adas por ca\u00edda de granizo y r\u00e1fagas intensas, para zonas de La Rioja, C\u00f3rdoba, Santa Fe, Corrientes, Catamarca, Entre R\u00edos, Neuqu\u00e9n y R\u00edo Negro.<!--more--><\/p>\n<p>Las zonas alcanzadas por alerta de nivel naranja en la provincia de Entre R\u00edos son Col\u00f3n, Gualeguaych\u00fa, Islas del Ibicuy, Tala y Uruguay.<\/p>\n<p>A su vez, la misma alerta rige para el sur de Santa Fe en localidades como Constituci\u00f3n, Iriondo, Rosario y San Lorenzo.<\/p>\n<p>Estas \u00e1reas tendr\u00e1n lluvias y tormentas de intensidad fuerte o localmente severa, se\u00f1al\u00f3 el organismo.<\/p>\n<p>Tambi\u00e9n pueden estar acompa\u00f1adas por ca\u00edda de granizo, r\u00e1fagas intensas, fuerte actividad el\u00e9ctrica y abundante ca\u00edda de agua en cortos per\u00edodos, donde se esperan valores de precipitaci\u00f3n acumulada entre 40 y 90 mil\u00edmetros, pudiendo ser superados de manera local.<\/p>\n<p>Para la provincia de Santa Fe tambi\u00e9n que rige alerta amarilla para las localidades del centro en Belgrano, Castellanos, Las Colonias y San Mart\u00edn, y las del norte, ubicadas en General Obligado, San Javier y Vera.<\/p>\n<p>La misma alerta se replica en las localidades correntinas de La Concepci\u00f3n, Curuz\u00fa Cuati\u00e1, Mercedes, San Roque y Sauce; y riojanas de General Juan Facundo Quiroga, General San Mart\u00edn y Rosario Vera Pe\u00f1aloza<\/p>\n<p>Tambi\u00e9n para la provincia de C\u00f3rdoba en las zonas de Ischil\u00edn, R\u00edo Seco, Sobremonte, Tulumba, Zona baja de Cruz del Eje, Zona baja de Minas, San Justo, R\u00edo Primero, R\u00edo Segundo y Tercero Arriba.<\/p>\n<p>En Catamarca, la alerta amarilla abarca los departamentos de Ambato, Ancasti, Capay\u00e1n, Capital, El Alto, Fray Mamerto Esqui\u00fa, La Paz, Pacl\u00edn, Santa Rosa, Valle Viejo y en la zona serrana de Pom\u00e1n.<\/p>\n<p>En la Patagonia, hay alerta en las localidades rionegrinas de Negro Meseta de Pilcaniyeu, Meseta de \u00d1orquinc\u00f3, Nueve de Julio, Oeste de El Cuy y Veinticinco de Mayo, y en Neuqu\u00e9n en zonas como Confluencia, Este de A\u00f1elo, Este de Pehuenches y Pic\u00fan Leuf\u00fa.<\/p>\n<p>Estas \u00e1reas ser\u00e1n afectadas por lluvias y tormentas aisladas, algunas localmente fuertes, que pueden estar acompa\u00f1adas por r\u00e1fagas, actividad el\u00e9ctrica, ocasional ca\u00edda de granizo y abundante ca\u00edda de agua en cortos per\u00edodos.<\/p>\n<p>Se prev\u00e9n valores de precipitaci\u00f3n acumulada entre 20 y 40 mm, pudiendo ser superados en forma puntual.<\/p>\n<p>El organismo meteorol\u00f3gico recomend\u00f3 a los habitantes de todas las zonas bajo alerta por lluvia que no saquen la basura y retiren objetos que impidan que el agua escurra, que eviten actividades al aire libre y que no se refugien cerca de \u00e1rboles y postes de electricidad que puedan caerse.<\/p>\n<p>Para minimizar el riesgo de ser alcanzado por un rayo, el SMN aconseja evitar permanecer en playas, r\u00edos, lagunas o piletas y estar atento ante la posible ca\u00edda de granizo.<\/p>\n","protected":false},"excerpt":{"rendered":"<p>El Servicio Meteorol\u00f3gico Nacional (SMN) emiti\u00f3 esta ma\u00f1ana alertas naranjas y amarillas por tormentas fuertes, que pueden estar acompa\u00f1adas por ca\u00edda de granizo y r\u00e1fagas intensas, para zonas de La Rioja, C\u00f3rdoba, Santa Fe, Corrientes, Catamarca, Entre R\u00edos, Neuqu\u00e9n y R\u00edo Negro.<\/p>\n","protected":false},"author":3,"featured_media":0,"comment_status":"closed","ping_status":"closed","sticky":false,"template":"","format":"standard","meta":{"footnotes":""},"categories":[46],"tags":[],"class_list":["post-94228","post","type-post","status-publish","format-standard","hentry","category-ciencia-y-tecnologia"],"yoast_head":"<!-- This site is optimized with the Yoast SEO plugin v25.9 - https:\/\/yoast.com\/wordpress\/plugins\/seo\/ -->\n<title>Rigen alertas por tormentas para ocho provincias - Noticias Radio Reflejos<\/title>\n<meta name=\"robots\" content=\"index, follow, max-snippet:-1, max-image-preview:large, max-video-preview:-1\" \/>\n<link rel=\"canonical\" href=\"https:\/\/www.noticiasradioreflejos.com.ar\/2021\/rigen-alertas-por-tormentas-para-ocho-provincias\/\" \/>\n<meta property=\"og:locale\" content=\"es_ES\" \/>\n<meta property=\"og:type\" content=\"article\" \/>\n<meta property=\"og:title\" content=\"Rigen alertas por tormentas para ocho provincias - Noticias Radio Reflejos\" \/>\n<meta property=\"og:description\" content=\"El Servicio Meteorol\u00f3gico Nacional (SMN) emiti\u00f3 esta ma\u00f1ana alertas naranjas y amarillas por tormentas fuertes, que pueden estar acompa\u00f1adas por ca\u00edda de granizo y r\u00e1fagas intensas, para zonas de La Rioja, C\u00f3rdoba, Santa Fe, Corrientes, Catamarca, Entre R\u00edos, Neuqu\u00e9n y R\u00edo Negro.\" \/>\n<meta property=\"og:url\" content=\"https:\/\/www.noticiasradioreflejos.com.ar\/2021\/rigen-alertas-por-tormentas-para-ocho-provincias\/\" \/>\n<meta property=\"og:site_name\" content=\"Noticias Radio Reflejos\" \/>\n<meta property=\"article:published_time\" content=\"2023-10-22T14:10:53+00:00\" \/>\n<meta property=\"og:image\" content=\"https:\/\/www.noticiasradioreflejos.com.ar\/2021\/wp-content\/uploads\/2021\/07\/logosol300x200.png\" \/>\n\t<meta property=\"og:image:width\" content=\"300\" \/>\n\t<meta property=\"og:image:height\" content=\"200\" \/>\n\t<meta property=\"og:image:type\" content=\"image\/png\" \/>\n<meta name=\"author\" content=\"Arnaldo Botto\" \/>\n<meta name=\"twitter:card\" content=\"summary_large_image\" \/>\n<script type=\"application\/ld+json\" class=\"yoast-schema-graph\">{\"@context\":\"https:\/\/schema.org\",\"@graph\":[{\"@type\":\"WebPage\",\"@id\":\"https:\/\/www.noticiasradioreflejos.com.ar\/2021\/rigen-alertas-por-tormentas-para-ocho-provincias\/\",\"url\":\"https:\/\/www.noticiasradioreflejos.com.ar\/2021\/rigen-alertas-por-tormentas-para-ocho-provincias\/\",\"name\":\"Rigen alertas por tormentas para ocho provincias - Noticias Radio Reflejos\",\"isPartOf\":{\"@id\":\"https:\/\/www.noticiasradioreflejos.com.ar\/2021\/#website\"},\"datePublished\":\"2023-10-22T14:10:53+00:00\",\"author\":{\"@id\":\"https:\/\/www.noticiasradioreflejos.com.ar\/2021\/#\/schema\/person\/ad82545263dcc5ec0996818884fd5fb1\"},\"breadcrumb\":{\"@id\":\"https:\/\/www.noticiasradioreflejos.com.ar\/2021\/rigen-alertas-por-tormentas-para-ocho-provincias\/#breadcrumb\"},\"inLanguage\":\"es\",\"potentialAction\":[{\"@type\":\"ReadAction\",\"target\":[\"https:\/\/www.noticiasradioreflejos.com.ar\/2021\/rigen-alertas-por-tormentas-para-ocho-provincias\/\"]}]},{\"@type\":\"BreadcrumbList\",\"@id\":\"https:\/\/www.noticiasradioreflejos.com.ar\/2021\/rigen-alertas-por-tormentas-para-ocho-provincias\/#breadcrumb\",\"itemListElement\":[{\"@type\":\"ListItem\",\"position\":1,\"name\":\"Portada\",\"item\":\"https:\/\/www.noticiasradioreflejos.com.ar\/2021\/\"},{\"@type\":\"ListItem\",\"position\":2,\"name\":\"Rigen alertas por tormentas para ocho provincias\"}]},{\"@type\":\"WebSite\",\"@id\":\"https:\/\/www.noticiasradioreflejos.com.ar\/2021\/#website\",\"url\":\"https:\/\/www.noticiasradioreflejos.com.ar\/2021\/\",\"name\":\"Noticias Radio Reflejos\",\"description\":\"Las noticias de mi comarca\",\"potentialAction\":[{\"@type\":\"SearchAction\",\"target\":{\"@type\":\"EntryPoint\",\"urlTemplate\":\"https:\/\/www.noticiasradioreflejos.com.ar\/2021\/?s={search_term_string}\"},\"query-input\":{\"@type\":\"PropertyValueSpecification\",\"valueRequired\":true,\"valueName\":\"search_term_string\"}}],\"inLanguage\":\"es\"},{\"@type\":\"Person\",\"@id\":\"https:\/\/www.noticiasradioreflejos.com.ar\/2021\/#\/schema\/person\/ad82545263dcc5ec0996818884fd5fb1\",\"name\":\"Arnaldo Botto\",\"image\":{\"@type\":\"ImageObject\",\"inLanguage\":\"es\",\"@id\":\"https:\/\/www.noticiasradioreflejos.com.ar\/2021\/#\/schema\/person\/image\/\",\"url\":\"https:\/\/secure.gravatar.com\/avatar\/55cb5e37c1efa326397366e6974cb338056df65cb50e7d64d1cf314e87504837?s=96&d=mm&r=g\",\"contentUrl\":\"https:\/\/secure.gravatar.com\/avatar\/55cb5e37c1efa326397366e6974cb338056df65cb50e7d64d1cf314e87504837?s=96&d=mm&r=g\",\"caption\":\"Arnaldo Botto\"},\"url\":\"https:\/\/www.noticiasradioreflejos.com.ar\/2021\/author\/arnaldo\/\"}]}<\/script>\n<!-- \/ Yoast SEO plugin. -->","yoast_head_json":{"title":"Rigen alertas por tormentas para ocho provincias - Noticias Radio Reflejos","robots":{"index":"index","follow":"follow","max-snippet":"max-snippet:-1","max-image-preview":"max-image-preview:large","max-video-preview":"max-video-preview:-1"},"canonical":"https:\/\/www.noticiasradioreflejos.com.ar\/2021\/rigen-alertas-por-tormentas-para-ocho-provincias\/","og_locale":"es_ES","og_type":"article","og_title":"Rigen alertas por tormentas para ocho provincias - Noticias Radio Reflejos","og_description":"El Servicio Meteorol\u00f3gico Nacional (SMN) emiti\u00f3 esta ma\u00f1ana alertas naranjas y amarillas por tormentas fuertes, que pueden estar acompa\u00f1adas por ca\u00edda de granizo y r\u00e1fagas intensas, para zonas de La Rioja, C\u00f3rdoba, Santa Fe, Corrientes, Catamarca, Entre R\u00edos, Neuqu\u00e9n y R\u00edo Negro.","og_url":"https:\/\/www.noticiasradioreflejos.com.ar\/2021\/rigen-alertas-por-tormentas-para-ocho-provincias\/","og_site_name":"Noticias Radio Reflejos","article_published_time":"2023-10-22T14:10:53+00:00","og_image":[{"width":300,"height":200,"url":"https:\/\/www.noticiasradioreflejos.com.ar\/2021\/wp-content\/uploads\/2021\/07\/logosol300x200.png","type":"image\/png"}],"author":"Arnaldo Botto","twitter_card":"summary_large_image","schema":{"@context":"https:\/\/schema.org","@graph":[{"@type":"WebPage","@id":"https:\/\/www.noticiasradioreflejos.com.ar\/2021\/rigen-alertas-por-tormentas-para-ocho-provincias\/","url":"https:\/\/www.noticiasradioreflejos.com.ar\/2021\/rigen-alertas-por-tormentas-para-ocho-provincias\/","name":"Rigen alertas por tormentas para ocho provincias - Noticias Radio Reflejos","isPartOf":{"@id":"https:\/\/www.noticiasradioreflejos.com.ar\/2021\/#website"},"datePublished":"2023-10-22T14:10:53+00:00","author":{"@id":"https:\/\/www.noticiasradioreflejos.com.ar\/2021\/#\/schema\/person\/ad82545263dcc5ec0996818884fd5fb1"},"breadcrumb":{"@id":"https:\/\/www.noticiasradioreflejos.com.ar\/2021\/rigen-alertas-por-tormentas-para-ocho-provincias\/#breadcrumb"},"inLanguage":"es","potentialAction":[{"@type":"ReadAction","target":["https:\/\/www.noticiasradioreflejos.com.ar\/2021\/rigen-alertas-por-tormentas-para-ocho-provincias\/"]}]},{"@type":"BreadcrumbList","@id":"https:\/\/www.noticiasradioreflejos.com.ar\/2021\/rigen-alertas-por-tormentas-para-ocho-provincias\/#breadcrumb","itemListElement":[{"@type":"ListItem","position":1,"name":"Portada","item":"https:\/\/www.noticiasradioreflejos.com.ar\/2021\/"},{"@type":"ListItem","position":2,"name":"Rigen alertas por tormentas para ocho provincias"}]},{"@type":"WebSite","@id":"https:\/\/www.noticiasradioreflejos.com.ar\/2021\/#website","url":"https:\/\/www.noticiasradioreflejos.com.ar\/2021\/","name":"Noticias Radio Reflejos","description":"Las noticias de mi comarca","potentialAction":[{"@type":"SearchAction","target":{"@type":"EntryPoint","urlTemplate":"https:\/\/www.noticiasradioreflejos.com.ar\/2021\/?s={search_term_string}"},"query-input":{"@type":"PropertyValueSpecification","valueRequired":true,"valueName":"search_term_string"}}],"inLanguage":"es"},{"@type":"Person","@id":"https:\/\/www.noticiasradioreflejos.com.ar\/2021\/#\/schema\/person\/ad82545263dcc5ec0996818884fd5fb1","name":"Arnaldo Botto","image":{"@type":"ImageObject","inLanguage":"es","@id":"https:\/\/www.noticiasradioreflejos.com.ar\/2021\/#\/schema\/person\/image\/","url":"https:\/\/secure.gravatar.com\/avatar\/55cb5e37c1efa326397366e6974cb338056df65cb50e7d64d1cf314e87504837?s=96&d=mm&r=g","contentUrl":"https:\/\/secure.gravatar.com\/avatar\/55cb5e37c1efa326397366e6974cb338056df65cb50e7d64d1cf314e87504837?s=96&d=mm&r=g","caption":"Arnaldo Botto"},"url":"https:\/\/www.noticiasradioreflejos.com.ar\/2021\/author\/arnaldo\/"}]}},"_links":{"self":[{"href":"https:\/\/www.noticiasradioreflejos.com.ar\/2021\/wp-json\/wp\/v2\/posts\/94228","targetHints":{"allow":["GET"]}}],"collection":[{"href":"https:\/\/www.noticiasradioreflejos.com.ar\/2021\/wp-json\/wp\/v2\/posts"}],"about":[{"href":"https:\/\/www.noticiasradioreflejos.com.ar\/2021\/wp-json\/wp\/v2\/types\/post"}],"author":[{"embeddable":true,"href":"https:\/\/www.noticiasradioreflejos.com.ar\/2021\/wp-json\/wp\/v2\/users\/3"}],"replies":[{"embeddable":true,"href":"https:\/\/www.noticiasradioreflejos.com.ar\/2021\/wp-json\/wp\/v2\/comments?post=94228"}],"version-history":[{"count":1,"href":"https:\/\/www.noticiasradioreflejos.com.ar\/2021\/wp-json\/wp\/v2\/posts\/94228\/revisions"}],"predecessor-version":[{"id":94230,"href":"https:\/\/www.noticiasradioreflejos.com.ar\/2021\/wp-json\/wp\/v2\/posts\/94228\/revisions\/94230"}],"wp:attachment":[{"href":"https:\/\/www.noticiasradioreflejos.com.ar\/2021\/wp-json\/wp\/v2\/media?parent=94228"}],"wp:term":[{"taxonomy":"category","embeddable":true,"href":"https:\/\/www.noticiasradioreflejos.com.ar\/2021\/wp-json\/wp\/v2\/categories?post=94228"},{"taxonomy":"post_tag","embeddable":true,"href":"https:\/\/www.noticiasradioreflejos.com.ar\/2021\/wp-json\/wp\/v2\/tags?post=94228"}],"curies":[{"name":"wp","href":"https:\/\/api.w.org\/{rel}","templated":true}]}}