{"id":94211,"date":"2023-10-22T12:08:01","date_gmt":"2023-10-22T12:08:01","guid":{"rendered":"https:\/\/www.noticiasradioreflejos.com.ar\/2021\/?p=94211"},"modified":"2023-10-22T12:08:01","modified_gmt":"2023-10-22T12:08:01","slug":"15786-ciudadanos-en-condiciones-de-sufragar-en-el-distrito-de-tornquist","status":"publish","type":"post","link":"https:\/\/www.noticiasradioreflejos.com.ar\/2021\/15786-ciudadanos-en-condiciones-de-sufragar-en-el-distrito-de-tornquist\/","title":{"rendered":"15786 ciudadanos en condiciones de sufragar en el distrito de Tornquist"},"content":{"rendered":"<div class=\"adelanto\">\n<p>Este domingo se pondr\u00e1n en juego cargos en el Consejo Escolar, el Concejo Deliberante y la Intendencia. Est\u00e1n en condiciones de votar 15786 ciudadanos en 47 mesas habilitadas en el distrito y 2 de extranjeros.<\/p>\n<\/div>\n<p><!--more--><\/p>\n<div class=\"text\">\n<p>Se votar\u00e1 de 8 a 18. Cuando culmine el acto eleccionario comenzar\u00e1 en Canal 2 CELT TV y en dup0lex con FM 99.5 y otras emisoras que tomar\u00e1n la transmisi\u00f3n, el programa especial esperando los resultados de este domingo.<\/p>\n<p>Competir\u00e1n para Intendente por su tercer mandato, ahora en Uni\u00f3n por la Patria,<strong>\u00a0Sergio Bordoni<\/strong>, por Juntos el Ing.\u00a0<strong>Federico Labarthe\u00a0<\/strong>y por la Libertad Avanza\u00a0<strong>Mario Rodriguez.<\/strong><\/p>\n<p><strong>Concejales que dejan su mandato el 10 de Diciembre de 2023<\/strong><\/p>\n<p><strong>Frente de Todos\u00a0<\/strong><\/p>\n<p>Claudio Irribarren (Sierra de la Ventana)<\/p>\n<p>Roc\u00edo V\u00e1zquez (Saldungaray)<\/p>\n<p>Maria Rosa Romero (Sierra de la Ventana)<\/p>\n<p>&nbsp;<\/p>\n<p><strong>Juntos por el Cambio<\/strong><\/p>\n<p>Beatriz Diaz (Saldungaray)<\/p>\n<p>Sebasti\u00e1n Bassi (Sierra de la Ventana)<\/p>\n<p>Eli Nori (Tornquist)<\/p>\n<p>&nbsp;<\/p>\n<p><b>Contin\u00faan<\/b><strong>\u00a0hasta 10 de Diciembre de 2025<\/strong><\/p>\n<p><strong>Frente de Todos<\/strong><\/p>\n<p>Marcela Gimenez (Tornquist)<\/p>\n<p>Leandro Guerrero (Tornquist)<\/p>\n<p>&nbsp;<\/p>\n<p><strong>Juntos por el cambio<\/strong><\/p>\n<p>Luis Castro (Tornquist)<\/p>\n<p>Sandra Kifer (Sierra de la Ventana)<\/p>\n<p>Juan Cruz Marzialetti (Saldungaray)<\/p>\n<p>&nbsp;<\/p>\n<p><b>Acci\u00f3n<\/b><strong>\u00a0Por Tornquist<\/strong><\/p>\n<p>Viviana Montibeller (Sierra de la Ventana)<\/p>\n<p>&nbsp;<\/p>\n<p><strong>Consejeros Escolares<\/strong><\/p>\n<p>Culminan mandato el 10 de Diciembre de 2023<\/p>\n<p><strong>Juntos<\/strong><\/p>\n<p>Mariela Lencinas (Va por la reelecci\u00f3n)<\/p>\n<p>Gabriel Dorado (Saldungaray)<\/p>\n<p>&nbsp;<\/p>\n<p><strong>Contin\u00faan hasta Diciembre de 2025<\/strong><\/p>\n<p>Gisella Federici (Tornquist)<\/p>\n<p>Fabian Camilleti (Tornquist)<\/p>\n<p>&nbsp;<\/p>\n<p><strong><a href=\"https:\/\/www.padron.gob.ar\/\">AQUI LUGARES DE VOTACION SEGUN\u00a0 APELLIDOS<\/a><\/strong><\/p>\n<p>&nbsp;<\/p>\n<\/div>\n<div><img decoding=\"async\" src=\"https:\/\/www.noticiastornquist.com.ar\/imagen.php?imagen=2023-10\/candi.jpg\" \/><\/p>\n<div><\/div>\n<hr \/>\n<p><img decoding=\"async\" src=\"https:\/\/www.noticiastornquist.com.ar\/imagen.php?imagen=2023-10\/observador176100003.jpg1890.jpg\" \/><\/p>\n<div><\/div>\n<hr \/>\n<div><\/div>\n<\/div>\n","protected":false},"excerpt":{"rendered":"<p>Este domingo se pondr\u00e1n en juego cargos en el Consejo Escolar, el Concejo Deliberante y la Intendencia. Est\u00e1n en condiciones de votar 15786 ciudadanos en 47 mesas habilitadas en el distrito y 2 de extranjeros.<\/p>\n","protected":false},"author":3,"featured_media":94212,"comment_status":"closed","ping_status":"closed","sticky":false,"template":"","format":"standard","meta":{"footnotes":""},"categories":[24],"tags":[48],"class_list":["post-94211","post","type-post","status-publish","format-standard","has-post-thumbnail","hentry","category-politica","tag-destacada"],"yoast_head":"<!-- This site is optimized with the Yoast SEO plugin v25.9 - https:\/\/yoast.com\/wordpress\/plugins\/seo\/ -->\n<title>15786 ciudadanos en condiciones de sufragar en el distrito de Tornquist - Noticias Radio Reflejos<\/title>\n<meta name=\"robots\" content=\"index, follow, max-snippet:-1, max-image-preview:large, max-video-preview:-1\" \/>\n<link rel=\"canonical\" href=\"https:\/\/www.noticiasradioreflejos.com.ar\/2021\/15786-ciudadanos-en-condiciones-de-sufragar-en-el-distrito-de-tornquist\/\" \/>\n<meta property=\"og:locale\" content=\"es_ES\" \/>\n<meta property=\"og:type\" content=\"article\" \/>\n<meta property=\"og:title\" content=\"15786 ciudadanos en condiciones de sufragar en el distrito de Tornquist - Noticias Radio Reflejos\" \/>\n<meta property=\"og:description\" content=\"Este domingo se pondr\u00e1n en juego cargos en el Consejo Escolar, el Concejo Deliberante y la Intendencia. Est\u00e1n en condiciones de votar 15786 ciudadanos en 47 mesas habilitadas en el distrito y 2 de extranjeros.\" \/>\n<meta property=\"og:url\" content=\"https:\/\/www.noticiasradioreflejos.com.ar\/2021\/15786-ciudadanos-en-condiciones-de-sufragar-en-el-distrito-de-tornquist\/\" \/>\n<meta property=\"og:site_name\" content=\"Noticias Radio Reflejos\" \/>\n<meta property=\"article:published_time\" content=\"2023-10-22T12:08:01+00:00\" \/>\n<meta property=\"og:image\" content=\"https:\/\/www.noticiasradioreflejos.com.ar\/2021\/wp-content\/uploads\/2023\/10\/boletas.jpg_1528.jpg\" \/>\n\t<meta property=\"og:image:width\" content=\"1528\" \/>\n\t<meta property=\"og:image:height\" content=\"910\" \/>\n\t<meta property=\"og:image:type\" content=\"image\/jpeg\" \/>\n<meta name=\"author\" content=\"Arnaldo Botto\" \/>\n<meta name=\"twitter:card\" content=\"summary_large_image\" \/>\n<script type=\"application\/ld+json\" class=\"yoast-schema-graph\">{\"@context\":\"https:\/\/schema.org\",\"@graph\":[{\"@type\":\"WebPage\",\"@id\":\"https:\/\/www.noticiasradioreflejos.com.ar\/2021\/15786-ciudadanos-en-condiciones-de-sufragar-en-el-distrito-de-tornquist\/\",\"url\":\"https:\/\/www.noticiasradioreflejos.com.ar\/2021\/15786-ciudadanos-en-condiciones-de-sufragar-en-el-distrito-de-tornquist\/\",\"name\":\"15786 ciudadanos en condiciones de sufragar en el distrito de Tornquist - Noticias Radio Reflejos\",\"isPartOf\":{\"@id\":\"https:\/\/www.noticiasradioreflejos.com.ar\/2021\/#website\"},\"primaryImageOfPage\":{\"@id\":\"https:\/\/www.noticiasradioreflejos.com.ar\/2021\/15786-ciudadanos-en-condiciones-de-sufragar-en-el-distrito-de-tornquist\/#primaryimage\"},\"image\":{\"@id\":\"https:\/\/www.noticiasradioreflejos.com.ar\/2021\/15786-ciudadanos-en-condiciones-de-sufragar-en-el-distrito-de-tornquist\/#primaryimage\"},\"thumbnailUrl\":\"https:\/\/www.noticiasradioreflejos.com.ar\/2021\/wp-content\/uploads\/2023\/10\/boletas.jpg_1528.jpg\",\"datePublished\":\"2023-10-22T12:08:01+00:00\",\"author\":{\"@id\":\"https:\/\/www.noticiasradioreflejos.com.ar\/2021\/#\/schema\/person\/ad82545263dcc5ec0996818884fd5fb1\"},\"breadcrumb\":{\"@id\":\"https:\/\/www.noticiasradioreflejos.com.ar\/2021\/15786-ciudadanos-en-condiciones-de-sufragar-en-el-distrito-de-tornquist\/#breadcrumb\"},\"inLanguage\":\"es\",\"potentialAction\":[{\"@type\":\"ReadAction\",\"target\":[\"https:\/\/www.noticiasradioreflejos.com.ar\/2021\/15786-ciudadanos-en-condiciones-de-sufragar-en-el-distrito-de-tornquist\/\"]}]},{\"@type\":\"ImageObject\",\"inLanguage\":\"es\",\"@id\":\"https:\/\/www.noticiasradioreflejos.com.ar\/2021\/15786-ciudadanos-en-condiciones-de-sufragar-en-el-distrito-de-tornquist\/#primaryimage\",\"url\":\"https:\/\/www.noticiasradioreflejos.com.ar\/2021\/wp-content\/uploads\/2023\/10\/boletas.jpg_1528.jpg\",\"contentUrl\":\"https:\/\/www.noticiasradioreflejos.com.ar\/2021\/wp-content\/uploads\/2023\/10\/boletas.jpg_1528.jpg\",\"width\":1528,\"height\":910},{\"@type\":\"BreadcrumbList\",\"@id\":\"https:\/\/www.noticiasradioreflejos.com.ar\/2021\/15786-ciudadanos-en-condiciones-de-sufragar-en-el-distrito-de-tornquist\/#breadcrumb\",\"itemListElement\":[{\"@type\":\"ListItem\",\"position\":1,\"name\":\"Portada\",\"item\":\"https:\/\/www.noticiasradioreflejos.com.ar\/2021\/\"},{\"@type\":\"ListItem\",\"position\":2,\"name\":\"15786 ciudadanos en condiciones de sufragar en el distrito de Tornquist\"}]},{\"@type\":\"WebSite\",\"@id\":\"https:\/\/www.noticiasradioreflejos.com.ar\/2021\/#website\",\"url\":\"https:\/\/www.noticiasradioreflejos.com.ar\/2021\/\",\"name\":\"Noticias Radio Reflejos\",\"description\":\"Las noticias de mi comarca\",\"potentialAction\":[{\"@type\":\"SearchAction\",\"target\":{\"@type\":\"EntryPoint\",\"urlTemplate\":\"https:\/\/www.noticiasradioreflejos.com.ar\/2021\/?s={search_term_string}\"},\"query-input\":{\"@type\":\"PropertyValueSpecification\",\"valueRequired\":true,\"valueName\":\"search_term_string\"}}],\"inLanguage\":\"es\"},{\"@type\":\"Person\",\"@id\":\"https:\/\/www.noticiasradioreflejos.com.ar\/2021\/#\/schema\/person\/ad82545263dcc5ec0996818884fd5fb1\",\"name\":\"Arnaldo Botto\",\"image\":{\"@type\":\"ImageObject\",\"inLanguage\":\"es\",\"@id\":\"https:\/\/www.noticiasradioreflejos.com.ar\/2021\/#\/schema\/person\/image\/\",\"url\":\"https:\/\/secure.gravatar.com\/avatar\/55cb5e37c1efa326397366e6974cb338056df65cb50e7d64d1cf314e87504837?s=96&d=mm&r=g\",\"contentUrl\":\"https:\/\/secure.gravatar.com\/avatar\/55cb5e37c1efa326397366e6974cb338056df65cb50e7d64d1cf314e87504837?s=96&d=mm&r=g\",\"caption\":\"Arnaldo Botto\"},\"url\":\"https:\/\/www.noticiasradioreflejos.com.ar\/2021\/author\/arnaldo\/\"}]}<\/script>\n<!-- \/ Yoast SEO plugin. -->","yoast_head_json":{"title":"15786 ciudadanos en condiciones de sufragar en el distrito de Tornquist - Noticias Radio Reflejos","robots":{"index":"index","follow":"follow","max-snippet":"max-snippet:-1","max-image-preview":"max-image-preview:large","max-video-preview":"max-video-preview:-1"},"canonical":"https:\/\/www.noticiasradioreflejos.com.ar\/2021\/15786-ciudadanos-en-condiciones-de-sufragar-en-el-distrito-de-tornquist\/","og_locale":"es_ES","og_type":"article","og_title":"15786 ciudadanos en condiciones de sufragar en el distrito de Tornquist - Noticias Radio Reflejos","og_description":"Este domingo se pondr\u00e1n en juego cargos en el Consejo Escolar, el Concejo Deliberante y la Intendencia. Est\u00e1n en condiciones de votar 15786 ciudadanos en 47 mesas habilitadas en el distrito y 2 de extranjeros.","og_url":"https:\/\/www.noticiasradioreflejos.com.ar\/2021\/15786-ciudadanos-en-condiciones-de-sufragar-en-el-distrito-de-tornquist\/","og_site_name":"Noticias Radio Reflejos","article_published_time":"2023-10-22T12:08:01+00:00","og_image":[{"width":1528,"height":910,"url":"https:\/\/www.noticiasradioreflejos.com.ar\/2021\/wp-content\/uploads\/2023\/10\/boletas.jpg_1528.jpg","type":"image\/jpeg"}],"author":"Arnaldo Botto","twitter_card":"summary_large_image","schema":{"@context":"https:\/\/schema.org","@graph":[{"@type":"WebPage","@id":"https:\/\/www.noticiasradioreflejos.com.ar\/2021\/15786-ciudadanos-en-condiciones-de-sufragar-en-el-distrito-de-tornquist\/","url":"https:\/\/www.noticiasradioreflejos.com.ar\/2021\/15786-ciudadanos-en-condiciones-de-sufragar-en-el-distrito-de-tornquist\/","name":"15786 ciudadanos en condiciones de sufragar en el distrito de Tornquist - Noticias Radio Reflejos","isPartOf":{"@id":"https:\/\/www.noticiasradioreflejos.com.ar\/2021\/#website"},"primaryImageOfPage":{"@id":"https:\/\/www.noticiasradioreflejos.com.ar\/2021\/15786-ciudadanos-en-condiciones-de-sufragar-en-el-distrito-de-tornquist\/#primaryimage"},"image":{"@id":"https:\/\/www.noticiasradioreflejos.com.ar\/2021\/15786-ciudadanos-en-condiciones-de-sufragar-en-el-distrito-de-tornquist\/#primaryimage"},"thumbnailUrl":"https:\/\/www.noticiasradioreflejos.com.ar\/2021\/wp-content\/uploads\/2023\/10\/boletas.jpg_1528.jpg","datePublished":"2023-10-22T12:08:01+00:00","author":{"@id":"https:\/\/www.noticiasradioreflejos.com.ar\/2021\/#\/schema\/person\/ad82545263dcc5ec0996818884fd5fb1"},"breadcrumb":{"@id":"https:\/\/www.noticiasradioreflejos.com.ar\/2021\/15786-ciudadanos-en-condiciones-de-sufragar-en-el-distrito-de-tornquist\/#breadcrumb"},"inLanguage":"es","potentialAction":[{"@type":"ReadAction","target":["https:\/\/www.noticiasradioreflejos.com.ar\/2021\/15786-ciudadanos-en-condiciones-de-sufragar-en-el-distrito-de-tornquist\/"]}]},{"@type":"ImageObject","inLanguage":"es","@id":"https:\/\/www.noticiasradioreflejos.com.ar\/2021\/15786-ciudadanos-en-condiciones-de-sufragar-en-el-distrito-de-tornquist\/#primaryimage","url":"https:\/\/www.noticiasradioreflejos.com.ar\/2021\/wp-content\/uploads\/2023\/10\/boletas.jpg_1528.jpg","contentUrl":"https:\/\/www.noticiasradioreflejos.com.ar\/2021\/wp-content\/uploads\/2023\/10\/boletas.jpg_1528.jpg","width":1528,"height":910},{"@type":"BreadcrumbList","@id":"https:\/\/www.noticiasradioreflejos.com.ar\/2021\/15786-ciudadanos-en-condiciones-de-sufragar-en-el-distrito-de-tornquist\/#breadcrumb","itemListElement":[{"@type":"ListItem","position":1,"name":"Portada","item":"https:\/\/www.noticiasradioreflejos.com.ar\/2021\/"},{"@type":"ListItem","position":2,"name":"15786 ciudadanos en condiciones de sufragar en el distrito de Tornquist"}]},{"@type":"WebSite","@id":"https:\/\/www.noticiasradioreflejos.com.ar\/2021\/#website","url":"https:\/\/www.noticiasradioreflejos.com.ar\/2021\/","name":"Noticias Radio Reflejos","description":"Las noticias de mi comarca","potentialAction":[{"@type":"SearchAction","target":{"@type":"EntryPoint","urlTemplate":"https:\/\/www.noticiasradioreflejos.com.ar\/2021\/?s={search_term_string}"},"query-input":{"@type":"PropertyValueSpecification","valueRequired":true,"valueName":"search_term_string"}}],"inLanguage":"es"},{"@type":"Person","@id":"https:\/\/www.noticiasradioreflejos.com.ar\/2021\/#\/schema\/person\/ad82545263dcc5ec0996818884fd5fb1","name":"Arnaldo Botto","image":{"@type":"ImageObject","inLanguage":"es","@id":"https:\/\/www.noticiasradioreflejos.com.ar\/2021\/#\/schema\/person\/image\/","url":"https:\/\/secure.gravatar.com\/avatar\/55cb5e37c1efa326397366e6974cb338056df65cb50e7d64d1cf314e87504837?s=96&d=mm&r=g","contentUrl":"https:\/\/secure.gravatar.com\/avatar\/55cb5e37c1efa326397366e6974cb338056df65cb50e7d64d1cf314e87504837?s=96&d=mm&r=g","caption":"Arnaldo Botto"},"url":"https:\/\/www.noticiasradioreflejos.com.ar\/2021\/author\/arnaldo\/"}]}},"_links":{"self":[{"href":"https:\/\/www.noticiasradioreflejos.com.ar\/2021\/wp-json\/wp\/v2\/posts\/94211","targetHints":{"allow":["GET"]}}],"collection":[{"href":"https:\/\/www.noticiasradioreflejos.com.ar\/2021\/wp-json\/wp\/v2\/posts"}],"about":[{"href":"https:\/\/www.noticiasradioreflejos.com.ar\/2021\/wp-json\/wp\/v2\/types\/post"}],"author":[{"embeddable":true,"href":"https:\/\/www.noticiasradioreflejos.com.ar\/2021\/wp-json\/wp\/v2\/users\/3"}],"replies":[{"embeddable":true,"href":"https:\/\/www.noticiasradioreflejos.com.ar\/2021\/wp-json\/wp\/v2\/comments?post=94211"}],"version-history":[{"count":1,"href":"https:\/\/www.noticiasradioreflejos.com.ar\/2021\/wp-json\/wp\/v2\/posts\/94211\/revisions"}],"predecessor-version":[{"id":94213,"href":"https:\/\/www.noticiasradioreflejos.com.ar\/2021\/wp-json\/wp\/v2\/posts\/94211\/revisions\/94213"}],"wp:featuredmedia":[{"embeddable":true,"href":"https:\/\/www.noticiasradioreflejos.com.ar\/2021\/wp-json\/wp\/v2\/media\/94212"}],"wp:attachment":[{"href":"https:\/\/www.noticiasradioreflejos.com.ar\/2021\/wp-json\/wp\/v2\/media?parent=94211"}],"wp:term":[{"taxonomy":"category","embeddable":true,"href":"https:\/\/www.noticiasradioreflejos.com.ar\/2021\/wp-json\/wp\/v2\/categories?post=94211"},{"taxonomy":"post_tag","embeddable":true,"href":"https:\/\/www.noticiasradioreflejos.com.ar\/2021\/wp-json\/wp\/v2\/tags?post=94211"}],"curies":[{"name":"wp","href":"https:\/\/api.w.org\/{rel}","templated":true}]}}