{"id":94204,"date":"2023-10-22T11:57:54","date_gmt":"2023-10-22T11:57:54","guid":{"rendered":"https:\/\/www.noticiasradioreflejos.com.ar\/2021\/?p=94204"},"modified":"2023-10-22T11:58:23","modified_gmt":"2023-10-22T11:58:23","slug":"94204-2","status":"publish","type":"post","link":"https:\/\/www.noticiasradioreflejos.com.ar\/2021\/94204-2\/","title":{"rendered":"Preocupaci\u00f3n por falta de entrega de medicamentos en droguer\u00edas"},"content":{"rendered":"<p>Tal como lo vienen advirtiendo diferentes entidades representantes del sector, la Federaci\u00f3n Argentina de C\u00e1maras de Farmacias (FACAF) manifest\u00f3 que existe una \u201cprofunda preocupaci\u00f3n\u201d por los inconvenientes que atraviesan los farmac\u00e9uticos para dispensar medicamentos con normalidad, ya que hay faltantes en las g\u00f3ndolas y droguer\u00edas que no est\u00e1n abasteciendo a las farmacias\u201d, aseguraron desde la entidad que nuclea a m\u00e1s de cinco mil asociados de farmacias en todo el pa\u00eds.<!--more--><br \/>\nA su vez explicaron que hay laboratorios \u201centeros en falta\u201d y que las farmacias est\u00e1n complicadas para mantener sus stocks y atender con normalidad las necesidades de la poblaci\u00f3n.<\/p>\n<p>\u201cComo parte del sistema de salud, nuestro compromiso es con el paciente y por eso sugerimos a nuestros asociados que traten de dispensar con diferentes marcas que mantengan la misma droga y respetando el tratamiento indicado, como una medida alternativa al desabastecimiento\u201d dijeron desde FACAF.<\/p>\n<p>Finalmente sostienen que \u201cse tratar\u00eda de alg\u00fan tipo de especulaci\u00f3n por el congelamiento de precios vigente desde las PASO. En las \u00faltimas semanas hemos visto que las droguer\u00edas han puesto los productos en faltante, cuando los laboratorios dicen que los medicamentos les son entregados\u201d.<\/p>\n","protected":false},"excerpt":{"rendered":"<p>Tal como lo vienen advirtiendo diferentes entidades representantes del sector, la Federaci\u00f3n Argentina de C\u00e1maras de Farmacias (FACAF) manifest\u00f3 que existe una \u201cprofunda preocupaci\u00f3n\u201d por los inconvenientes que atraviesan los farmac\u00e9uticos para dispensar medicamentos con normalidad, ya que hay faltantes en las g\u00f3ndolas y droguer\u00edas que no est\u00e1n abasteciendo a las farmacias\u201d, aseguraron desde la [&hellip;]<\/p>\n","protected":false},"author":3,"featured_media":94205,"comment_status":"closed","ping_status":"closed","sticky":false,"template":"","format":"standard","meta":{"footnotes":""},"categories":[36,24,30],"tags":[],"class_list":["post-94204","post","type-post","status-publish","format-standard","has-post-thumbnail","hentry","category-economia","category-politica","category-salud"],"yoast_head":"<!-- This site is optimized with the Yoast SEO plugin v25.9 - https:\/\/yoast.com\/wordpress\/plugins\/seo\/ -->\n<title>Preocupaci\u00f3n por falta de entrega de medicamentos en droguer\u00edas - Noticias Radio Reflejos<\/title>\n<meta name=\"robots\" content=\"index, follow, max-snippet:-1, max-image-preview:large, max-video-preview:-1\" \/>\n<link rel=\"canonical\" href=\"https:\/\/www.noticiasradioreflejos.com.ar\/2021\/94204-2\/\" \/>\n<meta property=\"og:locale\" content=\"es_ES\" \/>\n<meta property=\"og:type\" content=\"article\" \/>\n<meta property=\"og:title\" content=\"Preocupaci\u00f3n por falta de entrega de medicamentos en droguer\u00edas - Noticias Radio Reflejos\" \/>\n<meta property=\"og:description\" content=\"Tal como lo vienen advirtiendo diferentes entidades representantes del sector, la Federaci\u00f3n Argentina de C\u00e1maras de Farmacias (FACAF) manifest\u00f3 que existe una \u201cprofunda preocupaci\u00f3n\u201d por los inconvenientes que atraviesan los farmac\u00e9uticos para dispensar medicamentos con normalidad, ya que hay faltantes en las g\u00f3ndolas y droguer\u00edas que no est\u00e1n abasteciendo a las farmacias\u201d, aseguraron desde la [&hellip;]\" \/>\n<meta property=\"og:url\" content=\"https:\/\/www.noticiasradioreflejos.com.ar\/2021\/94204-2\/\" \/>\n<meta property=\"og:site_name\" content=\"Noticias Radio Reflejos\" \/>\n<meta property=\"article:published_time\" content=\"2023-10-22T11:57:54+00:00\" \/>\n<meta property=\"article:modified_time\" content=\"2023-10-22T11:58:23+00:00\" \/>\n<meta property=\"og:image\" content=\"https:\/\/www.noticiasradioreflejos.com.ar\/2021\/wp-content\/uploads\/2023\/10\/FACAF-falta-medicamentos.jpeg\" \/>\n\t<meta property=\"og:image:width\" content=\"1600\" \/>\n\t<meta property=\"og:image:height\" content=\"1200\" \/>\n\t<meta property=\"og:image:type\" content=\"image\/jpeg\" \/>\n<meta name=\"author\" content=\"Arnaldo Botto\" \/>\n<meta name=\"twitter:card\" content=\"summary_large_image\" \/>\n<script type=\"application\/ld+json\" class=\"yoast-schema-graph\">{\"@context\":\"https:\/\/schema.org\",\"@graph\":[{\"@type\":\"WebPage\",\"@id\":\"https:\/\/www.noticiasradioreflejos.com.ar\/2021\/94204-2\/\",\"url\":\"https:\/\/www.noticiasradioreflejos.com.ar\/2021\/94204-2\/\",\"name\":\"Preocupaci\u00f3n por falta de entrega de medicamentos en droguer\u00edas - Noticias Radio Reflejos\",\"isPartOf\":{\"@id\":\"https:\/\/www.noticiasradioreflejos.com.ar\/2021\/#website\"},\"primaryImageOfPage\":{\"@id\":\"https:\/\/www.noticiasradioreflejos.com.ar\/2021\/94204-2\/#primaryimage\"},\"image\":{\"@id\":\"https:\/\/www.noticiasradioreflejos.com.ar\/2021\/94204-2\/#primaryimage\"},\"thumbnailUrl\":\"https:\/\/www.noticiasradioreflejos.com.ar\/2021\/wp-content\/uploads\/2023\/10\/FACAF-falta-medicamentos.jpeg\",\"datePublished\":\"2023-10-22T11:57:54+00:00\",\"dateModified\":\"2023-10-22T11:58:23+00:00\",\"author\":{\"@id\":\"https:\/\/www.noticiasradioreflejos.com.ar\/2021\/#\/schema\/person\/ad82545263dcc5ec0996818884fd5fb1\"},\"breadcrumb\":{\"@id\":\"https:\/\/www.noticiasradioreflejos.com.ar\/2021\/94204-2\/#breadcrumb\"},\"inLanguage\":\"es\",\"potentialAction\":[{\"@type\":\"ReadAction\",\"target\":[\"https:\/\/www.noticiasradioreflejos.com.ar\/2021\/94204-2\/\"]}]},{\"@type\":\"ImageObject\",\"inLanguage\":\"es\",\"@id\":\"https:\/\/www.noticiasradioreflejos.com.ar\/2021\/94204-2\/#primaryimage\",\"url\":\"https:\/\/www.noticiasradioreflejos.com.ar\/2021\/wp-content\/uploads\/2023\/10\/FACAF-falta-medicamentos.jpeg\",\"contentUrl\":\"https:\/\/www.noticiasradioreflejos.com.ar\/2021\/wp-content\/uploads\/2023\/10\/FACAF-falta-medicamentos.jpeg\",\"width\":1600,\"height\":1200},{\"@type\":\"BreadcrumbList\",\"@id\":\"https:\/\/www.noticiasradioreflejos.com.ar\/2021\/94204-2\/#breadcrumb\",\"itemListElement\":[{\"@type\":\"ListItem\",\"position\":1,\"name\":\"Portada\",\"item\":\"https:\/\/www.noticiasradioreflejos.com.ar\/2021\/\"},{\"@type\":\"ListItem\",\"position\":2,\"name\":\"Preocupaci\u00f3n por falta de entrega de medicamentos en droguer\u00edas\"}]},{\"@type\":\"WebSite\",\"@id\":\"https:\/\/www.noticiasradioreflejos.com.ar\/2021\/#website\",\"url\":\"https:\/\/www.noticiasradioreflejos.com.ar\/2021\/\",\"name\":\"Noticias Radio Reflejos\",\"description\":\"Las noticias de mi comarca\",\"potentialAction\":[{\"@type\":\"SearchAction\",\"target\":{\"@type\":\"EntryPoint\",\"urlTemplate\":\"https:\/\/www.noticiasradioreflejos.com.ar\/2021\/?s={search_term_string}\"},\"query-input\":{\"@type\":\"PropertyValueSpecification\",\"valueRequired\":true,\"valueName\":\"search_term_string\"}}],\"inLanguage\":\"es\"},{\"@type\":\"Person\",\"@id\":\"https:\/\/www.noticiasradioreflejos.com.ar\/2021\/#\/schema\/person\/ad82545263dcc5ec0996818884fd5fb1\",\"name\":\"Arnaldo Botto\",\"image\":{\"@type\":\"ImageObject\",\"inLanguage\":\"es\",\"@id\":\"https:\/\/www.noticiasradioreflejos.com.ar\/2021\/#\/schema\/person\/image\/\",\"url\":\"https:\/\/secure.gravatar.com\/avatar\/55cb5e37c1efa326397366e6974cb338056df65cb50e7d64d1cf314e87504837?s=96&d=mm&r=g\",\"contentUrl\":\"https:\/\/secure.gravatar.com\/avatar\/55cb5e37c1efa326397366e6974cb338056df65cb50e7d64d1cf314e87504837?s=96&d=mm&r=g\",\"caption\":\"Arnaldo Botto\"},\"url\":\"https:\/\/www.noticiasradioreflejos.com.ar\/2021\/author\/arnaldo\/\"}]}<\/script>\n<!-- \/ Yoast SEO plugin. -->","yoast_head_json":{"title":"Preocupaci\u00f3n por falta de entrega de medicamentos en droguer\u00edas - Noticias Radio Reflejos","robots":{"index":"index","follow":"follow","max-snippet":"max-snippet:-1","max-image-preview":"max-image-preview:large","max-video-preview":"max-video-preview:-1"},"canonical":"https:\/\/www.noticiasradioreflejos.com.ar\/2021\/94204-2\/","og_locale":"es_ES","og_type":"article","og_title":"Preocupaci\u00f3n por falta de entrega de medicamentos en droguer\u00edas - Noticias Radio Reflejos","og_description":"Tal como lo vienen advirtiendo diferentes entidades representantes del sector, la Federaci\u00f3n Argentina de C\u00e1maras de Farmacias (FACAF) manifest\u00f3 que existe una \u201cprofunda preocupaci\u00f3n\u201d por los inconvenientes que atraviesan los farmac\u00e9uticos para dispensar medicamentos con normalidad, ya que hay faltantes en las g\u00f3ndolas y droguer\u00edas que no est\u00e1n abasteciendo a las farmacias\u201d, aseguraron desde la [&hellip;]","og_url":"https:\/\/www.noticiasradioreflejos.com.ar\/2021\/94204-2\/","og_site_name":"Noticias Radio Reflejos","article_published_time":"2023-10-22T11:57:54+00:00","article_modified_time":"2023-10-22T11:58:23+00:00","og_image":[{"width":1600,"height":1200,"url":"https:\/\/www.noticiasradioreflejos.com.ar\/2021\/wp-content\/uploads\/2023\/10\/FACAF-falta-medicamentos.jpeg","type":"image\/jpeg"}],"author":"Arnaldo Botto","twitter_card":"summary_large_image","schema":{"@context":"https:\/\/schema.org","@graph":[{"@type":"WebPage","@id":"https:\/\/www.noticiasradioreflejos.com.ar\/2021\/94204-2\/","url":"https:\/\/www.noticiasradioreflejos.com.ar\/2021\/94204-2\/","name":"Preocupaci\u00f3n por falta de entrega de medicamentos en droguer\u00edas - Noticias Radio Reflejos","isPartOf":{"@id":"https:\/\/www.noticiasradioreflejos.com.ar\/2021\/#website"},"primaryImageOfPage":{"@id":"https:\/\/www.noticiasradioreflejos.com.ar\/2021\/94204-2\/#primaryimage"},"image":{"@id":"https:\/\/www.noticiasradioreflejos.com.ar\/2021\/94204-2\/#primaryimage"},"thumbnailUrl":"https:\/\/www.noticiasradioreflejos.com.ar\/2021\/wp-content\/uploads\/2023\/10\/FACAF-falta-medicamentos.jpeg","datePublished":"2023-10-22T11:57:54+00:00","dateModified":"2023-10-22T11:58:23+00:00","author":{"@id":"https:\/\/www.noticiasradioreflejos.com.ar\/2021\/#\/schema\/person\/ad82545263dcc5ec0996818884fd5fb1"},"breadcrumb":{"@id":"https:\/\/www.noticiasradioreflejos.com.ar\/2021\/94204-2\/#breadcrumb"},"inLanguage":"es","potentialAction":[{"@type":"ReadAction","target":["https:\/\/www.noticiasradioreflejos.com.ar\/2021\/94204-2\/"]}]},{"@type":"ImageObject","inLanguage":"es","@id":"https:\/\/www.noticiasradioreflejos.com.ar\/2021\/94204-2\/#primaryimage","url":"https:\/\/www.noticiasradioreflejos.com.ar\/2021\/wp-content\/uploads\/2023\/10\/FACAF-falta-medicamentos.jpeg","contentUrl":"https:\/\/www.noticiasradioreflejos.com.ar\/2021\/wp-content\/uploads\/2023\/10\/FACAF-falta-medicamentos.jpeg","width":1600,"height":1200},{"@type":"BreadcrumbList","@id":"https:\/\/www.noticiasradioreflejos.com.ar\/2021\/94204-2\/#breadcrumb","itemListElement":[{"@type":"ListItem","position":1,"name":"Portada","item":"https:\/\/www.noticiasradioreflejos.com.ar\/2021\/"},{"@type":"ListItem","position":2,"name":"Preocupaci\u00f3n por falta de entrega de medicamentos en droguer\u00edas"}]},{"@type":"WebSite","@id":"https:\/\/www.noticiasradioreflejos.com.ar\/2021\/#website","url":"https:\/\/www.noticiasradioreflejos.com.ar\/2021\/","name":"Noticias Radio Reflejos","description":"Las noticias de mi comarca","potentialAction":[{"@type":"SearchAction","target":{"@type":"EntryPoint","urlTemplate":"https:\/\/www.noticiasradioreflejos.com.ar\/2021\/?s={search_term_string}"},"query-input":{"@type":"PropertyValueSpecification","valueRequired":true,"valueName":"search_term_string"}}],"inLanguage":"es"},{"@type":"Person","@id":"https:\/\/www.noticiasradioreflejos.com.ar\/2021\/#\/schema\/person\/ad82545263dcc5ec0996818884fd5fb1","name":"Arnaldo Botto","image":{"@type":"ImageObject","inLanguage":"es","@id":"https:\/\/www.noticiasradioreflejos.com.ar\/2021\/#\/schema\/person\/image\/","url":"https:\/\/secure.gravatar.com\/avatar\/55cb5e37c1efa326397366e6974cb338056df65cb50e7d64d1cf314e87504837?s=96&d=mm&r=g","contentUrl":"https:\/\/secure.gravatar.com\/avatar\/55cb5e37c1efa326397366e6974cb338056df65cb50e7d64d1cf314e87504837?s=96&d=mm&r=g","caption":"Arnaldo Botto"},"url":"https:\/\/www.noticiasradioreflejos.com.ar\/2021\/author\/arnaldo\/"}]}},"_links":{"self":[{"href":"https:\/\/www.noticiasradioreflejos.com.ar\/2021\/wp-json\/wp\/v2\/posts\/94204","targetHints":{"allow":["GET"]}}],"collection":[{"href":"https:\/\/www.noticiasradioreflejos.com.ar\/2021\/wp-json\/wp\/v2\/posts"}],"about":[{"href":"https:\/\/www.noticiasradioreflejos.com.ar\/2021\/wp-json\/wp\/v2\/types\/post"}],"author":[{"embeddable":true,"href":"https:\/\/www.noticiasradioreflejos.com.ar\/2021\/wp-json\/wp\/v2\/users\/3"}],"replies":[{"embeddable":true,"href":"https:\/\/www.noticiasradioreflejos.com.ar\/2021\/wp-json\/wp\/v2\/comments?post=94204"}],"version-history":[{"count":2,"href":"https:\/\/www.noticiasradioreflejos.com.ar\/2021\/wp-json\/wp\/v2\/posts\/94204\/revisions"}],"predecessor-version":[{"id":94207,"href":"https:\/\/www.noticiasradioreflejos.com.ar\/2021\/wp-json\/wp\/v2\/posts\/94204\/revisions\/94207"}],"wp:featuredmedia":[{"embeddable":true,"href":"https:\/\/www.noticiasradioreflejos.com.ar\/2021\/wp-json\/wp\/v2\/media\/94205"}],"wp:attachment":[{"href":"https:\/\/www.noticiasradioreflejos.com.ar\/2021\/wp-json\/wp\/v2\/media?parent=94204"}],"wp:term":[{"taxonomy":"category","embeddable":true,"href":"https:\/\/www.noticiasradioreflejos.com.ar\/2021\/wp-json\/wp\/v2\/categories?post=94204"},{"taxonomy":"post_tag","embeddable":true,"href":"https:\/\/www.noticiasradioreflejos.com.ar\/2021\/wp-json\/wp\/v2\/tags?post=94204"}],"curies":[{"name":"wp","href":"https:\/\/api.w.org\/{rel}","templated":true}]}}